{"id":22412,"date":"2015-05-16T15:48:35","date_gmt":"2015-05-16T13:48:35","guid":{"rendered":"http:\/\/pix.house\/?p=22412"},"modified":"2015-08-02T11:59:14","modified_gmt":"2015-08-02T09:59:14","slug":"nocmuzeow","status":"publish","type":"post","link":"https:\/\/pix.house\/en\/nocmuzeow\/","title":{"rendered":"NOC MUZE\u00d3W"},"content":{"rendered":"<div class=\"wpb-content-wrapper\"><div class=\"vc_row wpb_row section vc_row-fluid\" style=' text-align:left;'><div class=\"full_section_inner clearfix\"><div class=\"wpb_column vc_column_container vc_col-sm-12\"><div class=\"vc_column-inner\"><div class=\"wpb_wrapper\">\n\t<div class=\"wpb_text_column wpb_content_element\">\n\t\t<div class=\"wpb_wrapper\">\n\t\t\t<p><strong>Wystawa plenerowa \u201eTransformacja \u2013 START\u201d<\/strong><\/p>\n<p>16 maja 2015 na dziedzi\u0144cu <strong>Urz\u0119du Miasta Poznania,<\/strong> podczas pozna\u0144skiej edycji <strong>Nocy Muze\u00f3w,<\/strong> odby\u0142a si\u0119 plenerowa wystawa <strong>\u201eTransformacja \u2013 START\u201d.<\/strong><\/p>\n<p>Animatorzy miejsca dla fotografii PIX.HOUSE zaprezentowali wybrane zdj\u0119cia ze wsp\u00f3lnej inauguracyjnej wystawy, kt\u00f3ra odby\u0142a si\u0119 13 marca w niewyremontowanej przestrzeni galerii.<\/p>\n<p>Odby\u0142y si\u0119 r\u00f3wnie\u017c spotkania z autorami miejsca dla fotografii PIX.HOUSE, po\u0142\u0105czone z oprowadzaniem po ekspozycji na dziedzi\u0144cu UM i pokazem wszystkich 639 fotografii , kt\u00f3re wp\u0142yn\u0119\u0142y na pierwsz\u0105 wystaw\u0119.<\/p>\n<p>Fotografowie zrzeszeni w Zwi\u0105zku Polskich Artyst\u00f3w Fotografik\u00f3w prezentowali projekty fotograficzne nad kt\u00f3rymi pracuj\u0105\u0328. Widzowie mieli okazj\u0119, aby podyskutowa\u0107 o fotografii z Mariuszem Foreckim (fotoreporta\u017c), Adrianem Wykrota\u0328 (fotodokument, edycja zdj\u0119\u0107\u0301), Zbigniewem Wielgoszem (techniki szlachetne), Andrzejem Doboszem (ksi\u0105\u017cki fotograficzne) i innymi fotografami ZPAF.<\/p>\n\n\t\t<\/div> \n\t<\/div> <\/div><\/div><\/div><\/div><\/div><div     class=\"vc_row wpb_row section vc_row-fluid\" style=' text-align:left;'><div class=\"full_section_inner clearfix\"><div class=\"wpb_column vc_column_container vc_col-sm-12\"><div class=\"vc_column-inner\"><div class=\"wpb_wrapper\">\n\t<div class=\"wpb_text_column wpb_content_element\">\n\t\t<div class=\"wpb_wrapper\">\n\t\t\t\n\t\t<\/div> \n\t<\/div> <\/div><\/div><\/div><\/div><\/div><div     class=\"vc_row wpb_row section vc_row-fluid\" style=' text-align:left;'><div class=\"full_section_inner clearfix\"><div class=\"wpb_column vc_column_container vc_col-sm-12\"><div class=\"vc_column-inner\"><div class=\"wpb_wrapper\">\n\t<div class=\"wpb_text_column wpb_content_element\">\n\t\t<div class=\"wpb_wrapper\">\n\t\t\t\n\t\t<\/div> \n\t<\/div> <div class=\"separator  normal center\" style=\"border-color: #ffffff;margin-top:5px;margin-bottom:20px\"><\/div>\n<\/div><\/div><\/div><div class=\"wpb_column vc_column_container vc_col-sm-12\"><div class=\"vc_column-inner\"><div class=\"wpb_wrapper\"><div class='qode_image_gallery_no_space  highlight_active'><div class='qode_image_gallery_holder' style='height: 450px;'><ul><li><div style=\"height: 450px; width:675px;\"><img decoding=\"async\" src=\"https:\/\/pix.house\/wp-content\/uploads\/2015\/08\/DSC_0029-1.jpg\" alt=\"\" \/><\/div><\/li><li><div style=\"height: 450px; width:800px;\"><img decoding=\"async\" src=\"https:\/\/pix.house\/wp-content\/uploads\/2015\/08\/IMG_20150512_124716-5.jpg\" alt=\"\" \/><\/div><\/li><li><div style=\"height: 450px; width:675px;\"><img decoding=\"async\" src=\"https:\/\/pix.house\/wp-content\/uploads\/2015\/08\/DSC_0072-13.jpg\" alt=\"\" \/><\/div><\/li><li><div style=\"height: 450px; width:800px;\"><img decoding=\"async\" src=\"https:\/\/pix.house\/wp-content\/uploads\/2015\/08\/IMG_20150512_125018-9.jpg\" alt=\"\" \/><\/div><\/li><li><div style=\"height: 450px; width:675px;\"><img decoding=\"async\" src=\"https:\/\/pix.house\/wp-content\/uploads\/2015\/08\/DSC_0040-6.jpg\" alt=\"\" \/><\/div><\/li><\/ul><\/div><div class=\"controls\"><a class=\"prev-slide\" href=\"#\"><span class=\"arrow_carrot-left\"><\/span><\/a><a class=\"next-slide\" href=\"#\"><span class=\"arrow_carrot-right\"><\/span><\/a><\/div><\/div><\/div><\/div><\/div><\/div><\/div>\n<\/div>","protected":false},"excerpt":{"rendered":"Wystawa plenerowa \u201eTransformacja \u2013 START\u201d 16 maja 2015 na dziedzi\u0144cu Urz\u0119du Miasta Poznania, podczas pozna\u0144skiej edycji Nocy Muze\u00f3w, odby\u0142a si\u0119 plenerowa wystawa \u201eTransformacja \u2013 START\u201d. Animatorzy miejsca dla fotografii PIX.HOUSE zaprezentowali wybrane zdj\u0119cia ze wsp\u00f3lnej inauguracyjnej wystawy, kt\u00f3ra odby\u0142a si\u0119 13 marca w niewyremontowanej przestrzeni...","protected":false},"author":387,"featured_media":22354,"comment_status":"open","ping_status":"open","sticky":false,"template":"","format":"standard","meta":{"_monsterinsights_skip_tracking":false,"_monsterinsights_sitenote_active":false,"_monsterinsights_sitenote_note":"","_monsterinsights_sitenote_category":0,"footnotes":""},"categories":[47],"tags":[],"class_list":["post-22412","post","type-post","status-publish","format-standard","has-post-thumbnail","hentry","category-wystawy"],"_links":{"self":[{"href":"https:\/\/pix.house\/en\/wp-json\/wp\/v2\/posts\/22412","targetHints":{"allow":["GET"]}}],"collection":[{"href":"https:\/\/pix.house\/en\/wp-json\/wp\/v2\/posts"}],"about":[{"href":"https:\/\/pix.house\/en\/wp-json\/wp\/v2\/types\/post"}],"author":[{"embeddable":true,"href":"https:\/\/pix.house\/en\/wp-json\/wp\/v2\/users\/387"}],"replies":[{"embeddable":true,"href":"https:\/\/pix.house\/en\/wp-json\/wp\/v2\/comments?post=22412"}],"version-history":[{"count":0,"href":"https:\/\/pix.house\/en\/wp-json\/wp\/v2\/posts\/22412\/revisions"}],"wp:featuredmedia":[{"embeddable":true,"href":"https:\/\/pix.house\/en\/wp-json\/wp\/v2\/media\/22354"}],"wp:attachment":[{"href":"https:\/\/pix.house\/en\/wp-json\/wp\/v2\/media?parent=22412"}],"wp:term":[{"taxonomy":"category","embeddable":true,"href":"https:\/\/pix.house\/en\/wp-json\/wp\/v2\/categories?post=22412"},{"taxonomy":"post_tag","embeddable":true,"href":"https:\/\/pix.house\/en\/wp-json\/wp\/v2\/tags?post=22412"}],"curies":[{"name":"wp","href":"https:\/\/api.w.org\/{rel}","templated":true}]}}