{"id":22828,"date":"2015-08-24T09:41:09","date_gmt":"2015-08-24T07:41:09","guid":{"rendered":"http:\/\/pix.house\/?p=22828"},"modified":"2015-08-25T17:02:18","modified_gmt":"2015-08-25T15:02:18","slug":"wielkopolskateraz","status":"publish","type":"post","link":"https:\/\/pix.house\/en\/wielkopolskateraz\/","title":{"rendered":"WIELKOPOLSKA\/TERAZ"},"content":{"rendered":"<div class=\"wpb-content-wrapper\"><div class=\"vc_row wpb_row section vc_row-fluid \" style=' text-align:left;'><div class=\" full_section_inner clearfix\"><div class=\"wpb_column vc_column_container vc_col-sm-12\"><div class=\"vc_column-inner\"><div class=\"wpb_wrapper\">\n\t<div class=\"wpb_text_column wpb_content_element \">\n\t\t<div class=\"wpb_wrapper\">\n\t\t\t<p><strong>TERMIN WYSTAWY:<\/strong>\u00a023.08 &#8211; 18.09 2015 r.<\/p>\n<p><strong>MIEJSCE:<\/strong> PIX.HOUSE &#8211; G\u0141OGOWSKA 35a Pozna\u0144<\/p>\n<p><strong>GODZINY OTWARCIA:<\/strong> wtorek &#8211; pi\u0105tek: 16.00 &#8211; 20.00<br \/>\nsobota &#8211; niedziela: 13.13 &#8211; 19.00<br \/>\nponiedzia\u0142ek: nieczynne<\/p>\n\n\t\t<\/div> \n\t<\/div> <div class=\"separator  normal center  \" style=\"border-color: #ffffff;border-width:1px;margin-bottom:40px\"><\/div>\n<\/div><\/div><\/div><\/div><\/div><div     class=\"vc_row wpb_row section vc_row-fluid \" style=' text-align:left;'><div class=\" full_section_inner clearfix\"><div class=\"wpb_column vc_column_container vc_col-sm-12\"><div class=\"vc_column-inner\"><div class=\"wpb_wrapper\">\n\t<div class=\"wpb_text_column wpb_content_element \">\n\t\t<div class=\"wpb_wrapper\">\n\t\t\t<p>Wielkopolska\/Teraz (<a href=\"http:\/\/wielkopolskateraz.pl\/\" target=\"_blank\">http:\/\/wielkopolskateraz.pl\/<\/a>) to projekt realizowany w ramach Zwi\u0105zku Polskich Artyst\u00f3w Fotografik\u00f3w Okr\u0119g Wielkopolski przez czw\u00f3rk\u0119 fotograf\u00f3w: <strong>Micha\u0142a Adamskiego, Andrzeja Dobosza, Mariusza Foreckiego i Adriana Wykrot\u0119<\/strong>, kt\u00f3rzy postawili sobie za cel dokumentowanie codziennego \u017cycia regionu w kt\u00f3rym mieszkaj\u0105 i pracuj\u0105.<\/p>\n<p>&nbsp;<\/p>\n<p><strong>Wielkopolska? Teraz?<\/strong><\/p>\n<p>Teren z lekka pofa\u0142dowany. Wystarcz\u0105 dwie godziny, \u017ceby przejecha\u0107 now\u0105 autostrad\u0105 ca\u0142\u0105 Wielkopolsk\u0119 z zachodu na wsch\u00f3d, abo trzy, by dosta\u0107 si\u0119 z po\u0142udnia na p\u00f3\u0142noc. Drogi niez\u0142e. Oznakowanie dobre. \u017badnych niespodzianek. Nuda.<\/p>\n<p>Post\u00f3j w miasteczku. Idziemy\u00a0na rynek b\u0105d\u017a pod sklep, z lud\u017ami\u00a0porozmawia\u0107. I \u017cycie nabiera barw codzienno\u015bci, bogactwa osoboow\u015bci, przesz\u0142o\u015bci, przyzwyczaje\u0144, wizji dobrobytu, pora\u017cek, zrealizowanych, ewentualnie niezrealizowanych potrzeb.<br \/>\nWesele we wsi\u00a0Bardo jest tak samo wa\u017cne, jak Juwenalia w Poznaniu, jaroci\u0144ski festiwal rockowy \u2013 jak biesiada dudziarska w Zb\u0105szyniu. We wsp\u00f3\u0142czesnej \u015bwiadomo\u015bci na tutejszych terenach gdzie\u015b g\u0142\u0119boko tkwi\u0105 pocz\u0105tki pa\u0144stwa polskiego, sztywny gorset pruskiego zaboru oraz przymusowa germanizacja. Na wygl\u0105d i jako\u015b\u0107 tego kawa\u0142ka Polski wp\u0142yn\u0105\u0142 r\u00f3wnie mocno \u00f3w pruski porz\u0105dek, ale te\u017c polski pozytywizm. Zadbane ogr\u00f3dki przed domami, g\u0119sto rosn\u0105ce zbo\u017ca na polach to echo wielkopolskich ziemian, przygotowane\u00a0przez Wy\u017csz\u0105 Szko\u0142\u0119 Rolnicz\u0105 w \u017babikowie, kt\u00f3r\u0105 za\u0142o\u017cy\u0142 \u00a0arystokrata August Cieszkowski. Do dzi\u015b czytelne stare, a dobre rozwi\u0105zania urbanistyczne lub rozk\u0142ad pomieszcze\u0144 w dawnych obej\u015bciach i kamienicach, wynikaj\u0105 z pruskich przepis\u00f3w budowlanych.<br \/>\nCa\u0142a Wielkopolska przesi\u0105kni\u0119ta jest wymieszan\u0105 tradycj\u0105 rozmaitych narod\u00f3w i kultur, jakie przewin\u0119\u0142y si\u0119 przez nasz region w ci\u0105gu wiek\u00f3w. 25 lat od przemian systemowych kraju przywdzia\u0142a now\u0105, europejsk\u0105 sk\u00f3r\u0119. Efekt? Zobacz jak wygl\u0105da Wielkopolska. Teraz.<\/p>\n\n\t\t<\/div> \n\t<\/div> <div class=\"separator  normal center  \" style=\"border-color: #ffffff;border-width:1px;margin-bottom:40px\"><\/div>\n<\/div><\/div><\/div><\/div><\/div><div     class=\"vc_row wpb_row section vc_row-fluid \" style=' text-align:left;'><div class=\" full_section_inner clearfix\"><div class=\"wpb_column vc_column_container vc_col-sm-12\"><div class=\"vc_column-inner\"><div class=\"wpb_wrapper\"><div class='qode_image_gallery_no_space dark highlight_active'><div class='qode_image_gallery_holder' style='height: 400px;'><ul><li><div style=\"height: 400px; width:534px;\"><a class=\"prettyphoto\" rel=\"prettyPhoto[rel-307412424]\" href=\"https:\/\/pix.house\/wp-content\/uploads\/2015\/08\/3610_wielkopolska_spotkaniewyborczeMurGosl_01102014.jpg\"><img decoding=\"async\" src=\"https:\/\/pix.house\/wp-content\/uploads\/2015\/08\/3610_wielkopolska_spotkaniewyborczeMurGosl_01102014.jpg\" alt=\"\" \/><\/a><\/div><\/li><li><div style=\"height: 400px; width:600px;\"><a class=\"prettyphoto\" rel=\"prettyPhoto[rel-307412424]\" href=\"https:\/\/pix.house\/wp-content\/uploads\/2015\/08\/DSC_0122.jpg\"><img decoding=\"async\" src=\"https:\/\/pix.house\/wp-content\/uploads\/2015\/08\/DSC_0122.jpg\" alt=\"\" \/><\/a><\/div><\/li><li><div style=\"height: 400px; width:600px;\"><a class=\"prettyphoto\" rel=\"prettyPhoto[rel-307412424]\" href=\"https:\/\/pix.house\/wp-content\/uploads\/2015\/08\/wykrota_ney-9.jpg\"><img decoding=\"async\" src=\"https:\/\/pix.house\/wp-content\/uploads\/2015\/08\/wykrota_ney-9.jpg\" alt=\"\" \/><\/a><\/div><\/li><li><div style=\"height: 400px; width:600px;\"><a class=\"prettyphoto\" rel=\"prettyPhoto[rel-307412424]\" href=\"https:\/\/pix.house\/wp-content\/uploads\/2015\/08\/DSC_0176.jpg\"><img decoding=\"async\" src=\"https:\/\/pix.house\/wp-content\/uploads\/2015\/08\/DSC_0176.jpg\" alt=\"\" \/><\/a><\/div><\/li><li><div style=\"height: 400px; width:603px;\"><a class=\"prettyphoto\" rel=\"prettyPhoto[rel-307412424]\" href=\"https:\/\/pix.house\/wp-content\/uploads\/2015\/08\/dobosz_wlkp_teraz05m.jpg\"><img decoding=\"async\" src=\"https:\/\/pix.house\/wp-content\/uploads\/2015\/08\/dobosz_wlkp_teraz05m.jpg\" alt=\"\" \/><\/a><\/div><\/li><li><div style=\"height: 400px; width:600px;\"><a class=\"prettyphoto\" rel=\"prettyPhoto[rel-307412424]\" href=\"https:\/\/pix.house\/wp-content\/uploads\/2015\/08\/DSC_0147.jpg\"><img decoding=\"async\" src=\"https:\/\/pix.house\/wp-content\/uploads\/2015\/08\/DSC_0147.jpg\" alt=\"\" \/><\/a><\/div><\/li><li><div style=\"height: 400px; width:600px;\"><a class=\"prettyphoto\" rel=\"prettyPhoto[rel-307412424]\" href=\"https:\/\/pix.house\/wp-content\/uploads\/2015\/08\/Scan-130720-0005-112.jpg\"><img decoding=\"async\" src=\"https:\/\/pix.house\/wp-content\/uploads\/2015\/08\/Scan-130720-0005-112.jpg\" alt=\"\" \/><\/a><\/div><\/li><li><div style=\"height: 400px; width:600px;\"><a class=\"prettyphoto\" rel=\"prettyPhoto[rel-307412424]\" href=\"https:\/\/pix.house\/wp-content\/uploads\/2015\/08\/DSC_0137.jpg\"><img decoding=\"async\" src=\"https:\/\/pix.house\/wp-content\/uploads\/2015\/08\/DSC_0137.jpg\" alt=\"\" \/><\/a><\/div><\/li><\/ul><\/div><div class=\"controls\"><a class=\"prev-slide\" href=\"#\"><span class=\"arrow_carrot-left\"><\/span><\/a><a class=\"next-slide\" href=\"#\"><span class=\"arrow_carrot-right\"><\/span><\/a><\/div><\/div><div class=\"separator  normal center  \" style=\"border-color: #ffffff;border-width:1px;margin-bottom:40px\"><\/div>\n<\/div><\/div><\/div><\/div><\/div><div     class=\"vc_row wpb_row section vc_row-fluid \" style=' text-align:left;'><div class=\" full_section_inner clearfix\"><div class=\"wpb_column vc_column_container vc_col-sm-12\"><div class=\"vc_column-inner\"><div class=\"wpb_wrapper\"><div class=\"separator  normal center  \" style=\"border-color: #ffffff;border-width:1px;margin-bottom:40px\"><\/div>\n\n\t<div class=\"wpb_text_column wpb_content_element \">\n\t\t<div class=\"wpb_wrapper\">\n\t\t\t<p>Projekt <strong>Wielkopolska\/Teraz<\/strong> realizowany jest dzi\u0119ki wsparciu:<\/p>\n\n\t\t<\/div> \n\t<\/div> <div class=\"separator  normal center  \" style=\"border-color: #ffffff;border-width:1px;margin-bottom:40px\"><\/div>\n\n\t<div class=\"wpb_single_image wpb_content_element vc_align_left\">\n\t\t<div class=\"wpb_wrapper\">\n\t\t\t\n\t\t\t<div class=\"vc_single_image-wrapper   vc_box_border_grey\"><img loading=\"lazy\" decoding=\"async\" width=\"300\" height=\"79\" src=\"https:\/\/pix.house\/wp-content\/uploads\/2015\/08\/umww-300x79.jpg\" class=\"vc_single_image-img attachment-medium\" alt=\"\" title=\"umww\" srcset=\"https:\/\/pix.house\/wp-content\/uploads\/2015\/08\/umww-300x79.jpg 300w, https:\/\/pix.house\/wp-content\/uploads\/2015\/08\/umww-800x210.jpg 800w, https:\/\/pix.house\/wp-content\/uploads\/2015\/08\/umww-768x201.jpg 768w, https:\/\/pix.house\/wp-content\/uploads\/2015\/08\/umww-1280x336.jpg 1280w, https:\/\/pix.house\/wp-content\/uploads\/2015\/08\/umww-600x157.jpg 600w, https:\/\/pix.house\/wp-content\/uploads\/2015\/08\/umww-700x183.jpg 700w, https:\/\/pix.house\/wp-content\/uploads\/2015\/08\/umww-1100x288.jpg 1100w, https:\/\/pix.house\/wp-content\/uploads\/2015\/08\/umww.jpg 1671w\" sizes=\"auto, (max-width: 300px) 100vw, 300px\" \/><\/div>\n\t\t<\/div>\n\t<\/div>\n<div class=\"separator  normal center  \" style=\"border-color: #ffffff;border-width:1px;margin-bottom:40px\"><\/div>\n\n\t<div class=\"wpb_text_column wpb_content_element \">\n\t\t<div class=\"wpb_wrapper\">\n\t\t\t<p>Partnerzy:<\/p>\n\n\t\t<\/div> \n\t<\/div> \n\t<div class=\"wpb_single_image wpb_content_element vc_align_center\">\n\t\t<div class=\"wpb_wrapper\">\n\t\t\t\n\t\t\t<div class=\"vc_single_image-wrapper   vc_box_border_grey\"><img loading=\"lazy\" decoding=\"async\" width=\"1560\" height=\"400\" src=\"https:\/\/pix.house\/wp-content\/uploads\/2015\/07\/partnerzy.jpg\" class=\"vc_single_image-img attachment-full\" alt=\"\" title=\"partnerzy\" srcset=\"https:\/\/pix.house\/wp-content\/uploads\/2015\/07\/partnerzy.jpg 1560w, https:\/\/pix.house\/wp-content\/uploads\/2015\/07\/partnerzy-800x205.jpg 800w, https:\/\/pix.house\/wp-content\/uploads\/2015\/07\/partnerzy-300x77.jpg 300w, https:\/\/pix.house\/wp-content\/uploads\/2015\/07\/partnerzy-768x197.jpg 768w, https:\/\/pix.house\/wp-content\/uploads\/2015\/07\/partnerzy-1280x328.jpg 1280w, https:\/\/pix.house\/wp-content\/uploads\/2015\/07\/partnerzy-600x154.jpg 600w, https:\/\/pix.house\/wp-content\/uploads\/2015\/07\/partnerzy-700x179.jpg 700w, https:\/\/pix.house\/wp-content\/uploads\/2015\/07\/partnerzy-1100x282.jpg 1100w\" sizes=\"auto, (max-width: 1560px) 100vw, 1560px\" \/><\/div>\n\t\t<\/div>\n\t<\/div>\n<\/div><\/div><\/div><\/div><\/div>\n<\/div>","protected":false},"excerpt":{"rendered":"TERMIN WYSTAWY:\u00a023.08 - 18.09 2015 r. MIEJSCE: PIX.HOUSE - G\u0141OGOWSKA 35a Pozna\u0144 GODZINY OTWARCIA: wtorek - pi\u0105tek: 16.00 - 20.00 sobota - niedziela: 13.13 - 19.00 poniedzia\u0142ek: nieczynne Wielkopolska\/Teraz (http:\/\/wielkopolskateraz.pl\/) to projekt realizowany w ramach Zwi\u0105zku Polskich Artyst\u00f3w Fotografik\u00f3w Okr\u0119g Wielkopolski przez czw\u00f3rk\u0119 fotograf\u00f3w: Micha\u0142a...","protected":false},"author":387,"featured_media":22850,"comment_status":"open","ping_status":"open","sticky":false,"template":"","format":"standard","meta":{"_monsterinsights_skip_tracking":false,"_monsterinsights_sitenote_active":false,"_monsterinsights_sitenote_note":"","_monsterinsights_sitenote_category":0,"footnotes":""},"categories":[47],"tags":[],"class_list":["post-22828","post","type-post","status-publish","format-standard","has-post-thumbnail","hentry","category-wystawy"],"_links":{"self":[{"href":"https:\/\/pix.house\/en\/wp-json\/wp\/v2\/posts\/22828","targetHints":{"allow":["GET"]}}],"collection":[{"href":"https:\/\/pix.house\/en\/wp-json\/wp\/v2\/posts"}],"about":[{"href":"https:\/\/pix.house\/en\/wp-json\/wp\/v2\/types\/post"}],"author":[{"embeddable":true,"href":"https:\/\/pix.house\/en\/wp-json\/wp\/v2\/users\/387"}],"replies":[{"embeddable":true,"href":"https:\/\/pix.house\/en\/wp-json\/wp\/v2\/comments?post=22828"}],"version-history":[{"count":0,"href":"https:\/\/pix.house\/en\/wp-json\/wp\/v2\/posts\/22828\/revisions"}],"wp:featuredmedia":[{"embeddable":true,"href":"https:\/\/pix.house\/en\/wp-json\/wp\/v2\/media\/22850"}],"wp:attachment":[{"href":"https:\/\/pix.house\/en\/wp-json\/wp\/v2\/media?parent=22828"}],"wp:term":[{"taxonomy":"category","embeddable":true,"href":"https:\/\/pix.house\/en\/wp-json\/wp\/v2\/categories?post=22828"},{"taxonomy":"post_tag","embeddable":true,"href":"https:\/\/pix.house\/en\/wp-json\/wp\/v2\/tags?post=22828"}],"curies":[{"name":"wp","href":"https:\/\/api.w.org\/{rel}","templated":true}]}}