{"id":23052,"date":"2015-11-13T12:52:45","date_gmt":"2015-11-13T11:52:45","guid":{"rendered":"http:\/\/pix.house\/?p=23052"},"modified":"2017-04-21T15:59:32","modified_gmt":"2017-04-21T13:59:32","slug":"michal-adamski-nie-moge-przebrnac-przez-chaos","status":"publish","type":"post","link":"https:\/\/pix.house\/en\/michal-adamski-nie-moge-przebrnac-przez-chaos\/","title":{"rendered":"Nie mog\u0119 przebrn\u0105\u0107 przez chaos"},"content":{"rendered":"<div class=\"wpb-content-wrapper\"><div class=\"vc_row wpb_row section vc_row-fluid \" style=' text-align:left;'><div class=\" full_section_inner clearfix\"><div class=\"wpb_column vc_column_container vc_col-sm-12\"><div class=\"vc_column-inner\"><div class=\"wpb_wrapper\">\n\t<div class=\"wpb_text_column wpb_content_element \">\n\t\t<div class=\"wpb_wrapper\">\n\t\t\t<p><strong>TERMIN WYSTAWY:<\/strong>\u00a018.11 &#8211; 04.12.2015 r.<\/p>\n<p><strong>MIEJSCE:<\/strong> PIX.HOUSE &#8211; G\u0141OGOWSKA 35a Pozna\u0144<\/p>\n<p><strong>GODZINA OTWARCIA:<\/strong><\/p>\n<p>wernisa\u017c, premiera ksi\u0105\u017cki i spotkanie z Micha\u0142em Adamskim oraz kuratorem wystawy Filipem \u0106wikiem\u00a0<strong>18.11 &#8211; godzina 18:00<\/strong><\/p>\n<p><strong>Godziny otwarcia galerii:\u00a0<\/strong><\/p>\n<p>wtorek &#8211; niedziela: 17.00 &#8211; 19.00<br \/>\nponiedzia\u0142ek: nieczynne<\/p>\n\n\t\t<\/div> \n\t<\/div> <div class=\"separator  normal   \" style=\"border-color: #ffffff;border-width:1px;margin-bottom:40px\"><\/div>\n<\/div><\/div><\/div><div class=\"wpb_column vc_column_container vc_col-sm-12\"><div class=\"vc_column-inner\"><div class=\"wpb_wrapper\">\n\t<div class=\"wpb_single_image wpb_content_element vc_align_center\">\n\t\t<div class=\"wpb_wrapper\">\n\t\t\t\n\t\t\t<div class=\"vc_single_image-wrapper   vc_box_border_grey\"><img loading=\"lazy\" decoding=\"async\" width=\"1060\" height=\"706\" src=\"https:\/\/pix.house\/wp-content\/uploads\/2015\/11\/chaosbookAdamski_071-1280x853.jpg\" class=\"vc_single_image-img attachment-large\" alt=\"\" title=\"Fotoreporta\u017c, portret mamy na warsztaty Napo.\" srcset=\"https:\/\/pix.house\/wp-content\/uploads\/2015\/11\/chaosbookAdamski_071-1280x853.jpg 1280w, https:\/\/pix.house\/wp-content\/uploads\/2015\/11\/chaosbookAdamski_071-800x533.jpg 800w, https:\/\/pix.house\/wp-content\/uploads\/2015\/11\/chaosbookAdamski_071-300x200.jpg 300w, https:\/\/pix.house\/wp-content\/uploads\/2015\/11\/chaosbookAdamski_071-768x512.jpg 768w, https:\/\/pix.house\/wp-content\/uploads\/2015\/11\/chaosbookAdamski_071-600x400.jpg 600w, https:\/\/pix.house\/wp-content\/uploads\/2015\/11\/chaosbookAdamski_071-700x467.jpg 700w, https:\/\/pix.house\/wp-content\/uploads\/2015\/11\/chaosbookAdamski_071-1100x733.jpg 1100w, https:\/\/pix.house\/wp-content\/uploads\/2015\/11\/chaosbookAdamski_071.jpg 1400w\" sizes=\"auto, (max-width: 1060px) 100vw, 1060px\" \/><\/div>\n\t\t<\/div>\n\t<\/div>\n<div class=\"separator  normal   \" style=\"border-color: #ffffff;border-width:1px;margin-bottom:40px\"><\/div>\n<\/div><\/div><\/div><\/div><\/div><div     class=\"vc_row wpb_row section vc_row-fluid \" style=' text-align:left;'><div class=\" full_section_inner clearfix\"><div class=\"wpb_column vc_column_container vc_col-sm-12\"><div class=\"vc_column-inner\"><div class=\"wpb_wrapper\">\n\t<div class=\"wpb_text_column wpb_content_element \">\n\t\t<div class=\"wpb_wrapper\">\n\t\t\t<p><em><strong>\u00a0\u201eJeden rok,<\/strong><\/em><\/p>\n<p><em><strong>jedno miejsce,<\/strong><\/em><\/p>\n<p><em><strong>dwie \u015bmierci\u201d<\/strong><\/em><\/p>\n<p>&nbsp;<\/p>\n<p><strong>\u201eNie mog\u0119 przebrn\u0105\u0107 przez chaos\u201d<\/strong> to zapis zmagania si\u0119 autora ze \u015bmierci\u0105 rodzic\u00f3w.<\/p>\n<p>Oboje odeszli w tym samym roku, w tym samym szpitalu, po kilku miesi\u0105cach sp\u0119dzonych w\u00a0\u0142\u00f3\u017cku. Micha\u0142 Adamski towarzyszy\u0142 im do ostatniego oddechu. Zdj\u0119cia powstawa\u0142y w\u00a0przerwach pomi\u0119dzy opiek\u0105 a urywanymi rozmowami. Ci\u0119\u017cko rozmawia si\u0119 z kim\u015b wiedz\u0105c,\u00a0\u017ce ten kto\u015b umiera, dlatego fotografia sta\u0142a si\u0119 jego tarcz\u0105, kt\u00f3ra pozwoli\u0142a przetrwa\u0107 ten\u00a0trudny czas. Spok\u00f3j, kt\u00f3ry nastaje po ostatnim po\u017cegnaniu, jest tylko pozorny.<\/p>\n<p>\u201eTo by\u0142 dla mnie ci\u0119\u017cki rok. Przygl\u0105da\u0142em si\u0119 powolnemu umieraniu moich rodzic\u00f3w.\u00a0Pomimo ich podesz\u0142ego wieku nie by\u0142em przygotowany na ich \u015bmier\u0107. Nie by\u0142o mi \u0142atwo\u00a0wej\u015b\u0107 do pustego domu, gdzie uderzy\u0142a mnie przygniataj\u0105ca cisza i rzeczy, kt\u00f3re sta\u0142y, jakby\u00a0rodzice wyszli na chwil\u0119. Fotografowa\u0142em mam\u0119 zanim trafi\u0142a do szpitala, ale dopiero gdy\u00a0u\u015bwiadomi\u0142em sobie, \u017ce odchodzi, poczu\u0142em, jak to jest wa\u017cne. Potrzebowa\u0142em tych\u00a0fotografii, \u017ceby nie zwariowa\u0107, \u017ceby m\u00f3c na chwil\u0119 zebra\u0107 my\u015bli. Chcia\u0142em zamkn\u0105\u0107 te\u00a0zdj\u0119cia w formie albumu, aby moc zako\u0144czy\u0107 ten etap \u017cycia. Praca przy tej ksi\u0105\u017cce pozwoli\u0142a\u00a0mi si\u0119 oswoi\u0107 ze \u015bmierci\u0105 rodzic\u00f3w\u201d \u2013 Micha\u0142 Adamski.<\/p>\n<p>&nbsp;<\/p>\n<p><strong>Micha\u0142 Adamski<\/strong> \u2013 urodzony w 1976 r. w Poznaniu. Cz\u0142onek Zwi\u0105zku Polskich Artyst\u00f3w\u00a0Fotografik\u00f3w. Uczestnik programu Napo Mentor agencji Napo Images. Wsp\u00f3\u0142pracuje\u00a0z\u00a0Galeri\u0105 Pix.house. Zajmuje si\u0119 realizacj\u0105 temat\u00f3w spo\u0142ecznych i dokumentalnych, w\u00a0kt\u00f3rych wa\u017cny jest cz\u0142owiek i jego \u017cycie we wsp\u00f3\u0142czesnym \u015bwiecie. Stypendysta Marsza\u0142ka\u00a0Wojew\u00f3dztwa Wielkopolskiego. Laureat konkurs\u00f3w fotograficznych, m.in. \u00a0International\u00a0Photography Award, PRIX DE LA PHOTOGRAPHIE PARIS (PX3), Grand Press Photo,\u00a0Wielkopolska Press Photo.<\/p>\n<p>&nbsp;<\/p>\n<p><strong>Informacja o ksi\u0105\u017cce:<\/strong><\/p>\n<p>48 stron<\/p>\n<p>21 zdj\u0119\u0107<\/p>\n<p>wymiary: 136 x 196 mm<\/p>\n<p>ok\u0142adka: twarda<\/p>\n<p>nak\u0142ad: 500 egzemplarzy<\/p>\n<p>wydawca: Micha\u0142 Adamski<\/p>\n<p>ISBN 978-83-941298-0-4<\/p>\n<p>Tekst: Micha\u0142 Adamski<\/p>\n<p>Edycja zdj\u0119\u0107 : Filip \u0106wik, Monika Szewczyk-Wittek, Micha\u0142 Adamski<\/p>\n<p>Projekt graficzny: Kasia Kubicka<\/p>\n<p>Data publikacji: maj 2015 r.<\/p>\n\n\t\t<\/div> \n\t<\/div> <div class=\"separator  normal   \" style=\"border-color: #ffffff;border-width:1px;margin-bottom:40px\"><\/div>\n<\/div><\/div><\/div><\/div><\/div><div     class=\"vc_row wpb_row section vc_row-fluid \" style=' text-align:left;'><div class=\" full_section_inner clearfix\"><div class=\"wpb_column vc_column_container vc_col-sm-12\"><div class=\"vc_column-inner\"><div class=\"wpb_wrapper\"><div class='qode_image_gallery_no_space dark highlight_active'><div class='qode_image_gallery_holder' style='height: 400px;'><ul><li><div style=\"height: 400px; width:320px;\"><a class=\"prettyphoto\" rel=\"prettyPhoto[rel-601522453]\" href=\"https:\/\/pix.house\/wp-content\/uploads\/2015\/11\/001_chaos_book.jpg\"><img decoding=\"async\" src=\"https:\/\/pix.house\/wp-content\/uploads\/2015\/11\/001_chaos_book.jpg\" alt=\"\" \/><\/a><\/div><\/li><li><div style=\"height: 400px; width:601px;\"><a class=\"prettyphoto\" rel=\"prettyPhoto[rel-601522453]\" href=\"https:\/\/pix.house\/wp-content\/uploads\/2015\/11\/chaosbookAdamski_071.jpg\"><img decoding=\"async\" src=\"https:\/\/pix.house\/wp-content\/uploads\/2015\/11\/chaosbookAdamski_071.jpg\" alt=\"\" \/><\/a><\/div><\/li><li><div style=\"height: 400px; width:601px;\"><a class=\"prettyphoto\" rel=\"prettyPhoto[rel-601522453]\" href=\"https:\/\/pix.house\/wp-content\/uploads\/2015\/11\/chaosbookAdamski_08.jpg\"><img decoding=\"async\" src=\"https:\/\/pix.house\/wp-content\/uploads\/2015\/11\/chaosbookAdamski_08.jpg\" alt=\"\" \/><\/a><\/div><\/li><li><div style=\"height: 400px; width:267px;\"><a class=\"prettyphoto\" rel=\"prettyPhoto[rel-601522453]\" href=\"https:\/\/pix.house\/wp-content\/uploads\/2015\/11\/chaosbookAdamski_09.jpg\"><img decoding=\"async\" src=\"https:\/\/pix.house\/wp-content\/uploads\/2015\/11\/chaosbookAdamski_09.jpg\" alt=\"\" \/><\/a><\/div><\/li><li><div style=\"height: 400px; width:267px;\"><a class=\"prettyphoto\" rel=\"prettyPhoto[rel-601522453]\" href=\"https:\/\/pix.house\/wp-content\/uploads\/2015\/11\/chaosbookAdamski_10.jpg\"><img decoding=\"async\" src=\"https:\/\/pix.house\/wp-content\/uploads\/2015\/11\/chaosbookAdamski_10.jpg\" alt=\"\" \/><\/a><\/div><\/li><li><div style=\"height: 400px; width:600px;\"><a class=\"prettyphoto\" rel=\"prettyPhoto[rel-601522453]\" href=\"https:\/\/pix.house\/wp-content\/uploads\/2015\/11\/chaosbookAdamski_11.jpg\"><img decoding=\"async\" src=\"https:\/\/pix.house\/wp-content\/uploads\/2015\/11\/chaosbookAdamski_11.jpg\" alt=\"\" \/><\/a><\/div><\/li><li><div style=\"height: 400px; width:500px;\"><a class=\"prettyphoto\" rel=\"prettyPhoto[rel-601522453]\" href=\"https:\/\/pix.house\/wp-content\/uploads\/2015\/11\/chaosbookAdamski_12.jpg\"><img decoding=\"async\" src=\"https:\/\/pix.house\/wp-content\/uploads\/2015\/11\/chaosbookAdamski_12.jpg\" alt=\"\" \/><\/a><\/div><\/li><li><div style=\"height: 400px; width:500px;\"><a class=\"prettyphoto\" rel=\"prettyPhoto[rel-601522453]\" href=\"https:\/\/pix.house\/wp-content\/uploads\/2015\/11\/chaosbookAdamski_13.jpg\"><img decoding=\"async\" src=\"https:\/\/pix.house\/wp-content\/uploads\/2015\/11\/chaosbookAdamski_13.jpg\" alt=\"\" \/><\/a><\/div><\/li><li><div style=\"height: 400px; width:534px;\"><a class=\"prettyphoto\" rel=\"prettyPhoto[rel-601522453]\" href=\"https:\/\/pix.house\/wp-content\/uploads\/2015\/11\/x.jpg\"><img decoding=\"async\" src=\"https:\/\/pix.house\/wp-content\/uploads\/2015\/11\/x.jpg\" alt=\"\" \/><\/a><\/div><\/li><\/ul><\/div><div class=\"controls\"><a class=\"prev-slide\" href=\"#\"><span class=\"arrow_carrot-left\"><\/span><\/a><a class=\"next-slide\" href=\"#\"><span class=\"arrow_carrot-right\"><\/span><\/a><\/div><\/div><div class=\"separator  normal   \" style=\"border-color: #ffffff;border-width:1px;margin-bottom:40px\"><\/div>\n<\/div><\/div><\/div><\/div><\/div><div     class=\"vc_row wpb_row section vc_row-fluid \" style=' text-align:left;'><div class=\" full_section_inner clearfix\"><div class=\"wpb_column vc_column_container vc_col-sm-12\"><div class=\"vc_column-inner\"><div class=\"wpb_wrapper\">\n\t<div class=\"wpb_text_column wpb_content_element \">\n\t\t<div class=\"wpb_wrapper\">\n\t\t\t<p>Partnerzy:<\/p>\n\n\t\t<\/div> \n\t<\/div> \n\t<div class=\"wpb_single_image wpb_content_element vc_align_center\">\n\t\t<div class=\"wpb_wrapper\">\n\t\t\t\n\t\t\t<div class=\"vc_single_image-wrapper   vc_box_border_grey\"><img loading=\"lazy\" decoding=\"async\" width=\"1560\" height=\"400\" src=\"https:\/\/pix.house\/wp-content\/uploads\/2015\/07\/partnerzy.jpg\" class=\"vc_single_image-img attachment-full\" alt=\"\" title=\"partnerzy\" srcset=\"https:\/\/pix.house\/wp-content\/uploads\/2015\/07\/partnerzy.jpg 1560w, https:\/\/pix.house\/wp-content\/uploads\/2015\/07\/partnerzy-800x205.jpg 800w, https:\/\/pix.house\/wp-content\/uploads\/2015\/07\/partnerzy-300x77.jpg 300w, https:\/\/pix.house\/wp-content\/uploads\/2015\/07\/partnerzy-768x197.jpg 768w, https:\/\/pix.house\/wp-content\/uploads\/2015\/07\/partnerzy-1280x328.jpg 1280w, https:\/\/pix.house\/wp-content\/uploads\/2015\/07\/partnerzy-600x154.jpg 600w, https:\/\/pix.house\/wp-content\/uploads\/2015\/07\/partnerzy-700x179.jpg 700w, https:\/\/pix.house\/wp-content\/uploads\/2015\/07\/partnerzy-1100x282.jpg 1100w\" sizes=\"auto, (max-width: 1560px) 100vw, 1560px\" \/><\/div>\n\t\t<\/div>\n\t<\/div>\n<\/div><\/div><\/div><\/div><\/div>\n<\/div>","protected":false},"excerpt":{"rendered":"TERMIN WYSTAWY:\u00a018.11 - 04.12.2015 r. MIEJSCE: PIX.HOUSE - G\u0141OGOWSKA 35a Pozna\u0144 GODZINA OTWARCIA: wernisa\u017c, premiera ksi\u0105\u017cki i spotkanie z Micha\u0142em Adamskim oraz kuratorem wystawy Filipem \u0106wikiem\u00a018.11 - godzina 18:00 Godziny otwarcia galerii:\u00a0 wtorek - niedziela: 17.00 - 19.00 poniedzia\u0142ek: nieczynne \u00a0\u201eJeden rok, jedno miejsce, dwie...","protected":false},"author":387,"featured_media":23053,"comment_status":"open","ping_status":"open","sticky":false,"template":"","format":"standard","meta":{"_monsterinsights_skip_tracking":false,"_monsterinsights_sitenote_active":false,"_monsterinsights_sitenote_note":"","_monsterinsights_sitenote_category":0,"footnotes":""},"categories":[47],"tags":[],"class_list":["post-23052","post","type-post","status-publish","format-standard","has-post-thumbnail","hentry","category-wystawy"],"_links":{"self":[{"href":"https:\/\/pix.house\/en\/wp-json\/wp\/v2\/posts\/23052","targetHints":{"allow":["GET"]}}],"collection":[{"href":"https:\/\/pix.house\/en\/wp-json\/wp\/v2\/posts"}],"about":[{"href":"https:\/\/pix.house\/en\/wp-json\/wp\/v2\/types\/post"}],"author":[{"embeddable":true,"href":"https:\/\/pix.house\/en\/wp-json\/wp\/v2\/users\/387"}],"replies":[{"embeddable":true,"href":"https:\/\/pix.house\/en\/wp-json\/wp\/v2\/comments?post=23052"}],"version-history":[{"count":0,"href":"https:\/\/pix.house\/en\/wp-json\/wp\/v2\/posts\/23052\/revisions"}],"wp:featuredmedia":[{"embeddable":true,"href":"https:\/\/pix.house\/en\/wp-json\/wp\/v2\/media\/23053"}],"wp:attachment":[{"href":"https:\/\/pix.house\/en\/wp-json\/wp\/v2\/media?parent=23052"}],"wp:term":[{"taxonomy":"category","embeddable":true,"href":"https:\/\/pix.house\/en\/wp-json\/wp\/v2\/categories?post=23052"},{"taxonomy":"post_tag","embeddable":true,"href":"https:\/\/pix.house\/en\/wp-json\/wp\/v2\/tags?post=23052"}],"curies":[{"name":"wp","href":"https:\/\/api.w.org\/{rel}","templated":true}]}}