{"id":23203,"date":"2016-03-07T09:24:18","date_gmt":"2016-03-07T08:24:18","guid":{"rendered":"http:\/\/pix.house\/?p=23203"},"modified":"2017-04-21T16:01:29","modified_gmt":"2017-04-21T14:01:29","slug":"wielkopolska-teraz-promocja-ksiazki-wystawa-wielkopolska-1910-1955","status":"publish","type":"post","link":"https:\/\/pix.house\/en\/wielkopolska-teraz-promocja-ksiazki-wystawa-wielkopolska-1910-1955\/","title":{"rendered":"Wielkopolska \/ Teraz | ksi\u0105\u017cka"},"content":{"rendered":"<div class=\"wpb-content-wrapper\"><div class=\"vc_row wpb_row section vc_row-fluid \" style=' text-align:left;'><div class=\" full_section_inner clearfix\"><div class=\"wpb_column vc_column_container vc_col-sm-12\"><div class=\"vc_column-inner\"><div class=\"wpb_wrapper\">\n\t<div class=\"wpb_text_column wpb_content_element \">\n\t\t<div class=\"wpb_wrapper\">\n\t\t\t<p><strong>TERMIN WYSTAWY:<\/strong>\u00a010.03 &#8211; 23.03.2016 r.<\/p>\n<p>wernisa\u017c:\u00a0<strong>10.03 &#8211; godzina 18:30<\/strong><\/p>\n<p><strong>MIEJSCE:<\/strong> PIX.HOUSE &#8211; G\u0141OGOWSKA 35a Pozna\u0144<\/p>\n<p><strong>Godziny otwarcia\u00a0PIX.HOUSE:\u00a0<\/strong><\/p>\n<p>Galeria czynna od <strong>wtorku do soboty<\/strong> od 16:00 do 20:00, w <strong>niedziel\u0119<\/strong> od 14.00 do 16.00.<\/p>\n<p>Grupy zorganizowane mog\u0119 umawia\u0107 si\u0119 indywidualnie &#8211; zapraszamy do kontaktu.<\/p>\n\n\t\t<\/div> \n\t<\/div> <div class=\"separator  normal   \" style=\"border-color: #ffffff;border-width:1px;margin-bottom:40px\"><\/div>\n<\/div><\/div><\/div><div class=\"wpb_column vc_column_container vc_col-sm-12\"><div class=\"vc_column-inner\"><div class=\"wpb_wrapper\">\n\t<div class=\"wpb_single_image wpb_content_element vc_align_center\">\n\t\t<div class=\"wpb_wrapper\">\n\t\t\t\n\t\t\t<div class=\"vc_single_image-wrapper   vc_box_border_grey\"><img loading=\"lazy\" decoding=\"async\" width=\"1060\" height=\"636\" src=\"https:\/\/pix.house\/wp-content\/uploads\/2016\/02\/DSC6906-5a-1-1280x768.jpg\" class=\"vc_single_image-img attachment-large\" alt=\"\" title=\"_DSC6906-5a\" srcset=\"https:\/\/pix.house\/wp-content\/uploads\/2016\/02\/DSC6906-5a-1-1280x768.jpg 1280w, https:\/\/pix.house\/wp-content\/uploads\/2016\/02\/DSC6906-5a-1-800x480.jpg 800w, https:\/\/pix.house\/wp-content\/uploads\/2016\/02\/DSC6906-5a-1-300x180.jpg 300w, https:\/\/pix.house\/wp-content\/uploads\/2016\/02\/DSC6906-5a-1-768x461.jpg 768w, https:\/\/pix.house\/wp-content\/uploads\/2016\/02\/DSC6906-5a-1-600x360.jpg 600w, https:\/\/pix.house\/wp-content\/uploads\/2016\/02\/DSC6906-5a-1-700x420.jpg 700w, https:\/\/pix.house\/wp-content\/uploads\/2016\/02\/DSC6906-5a-1-1100x660.jpg 1100w, https:\/\/pix.house\/wp-content\/uploads\/2016\/02\/DSC6906-5a-1.jpg 2000w\" sizes=\"auto, (max-width: 1060px) 100vw, 1060px\" \/><\/div>\n\t\t<\/div>\n\t<\/div>\n<div class=\"separator  normal   \" style=\"border-color: #ffffff;border-width:1px;margin-bottom:40px\"><\/div>\n<\/div><\/div><\/div><\/div><\/div><div     class=\"vc_row wpb_row section vc_row-fluid \" style=' text-align:left;'><div class=\" full_section_inner clearfix\"><div class=\"wpb_column vc_column_container vc_col-sm-12\"><div class=\"vc_column-inner\"><div class=\"wpb_wrapper\">\n\t<div class=\"wpb_text_column wpb_content_element \">\n\t\t<div class=\"wpb_wrapper\">\n\t\t\t<p>Serdecznie zapraszamy na promocj\u0119 naszej pierwszej ksi\u0105\u017cki:<\/p>\n<p><strong><a href=\"https:\/\/www.facebook.com\/wielkopolskateraz\/\" data-hovercard=\"\/ajax\/hovercard\/page.php?id=797914616896738&amp;extragetparams=%7B%22directed_target_id%22%3A516046058567018%7D\">Wielkopolska Teraz<\/a><\/strong>, wydanej przez Zwi\u0105zek Polskich Artyst\u00f3w Fotografik\u00f3w OW pod sztandarem <a href=\"https:\/\/www.facebook.com\/pixhousepoznan\/\" data-hovercard=\"\/ajax\/hovercard\/page.php?id=1575072206072815&amp;extragetparams=%7B%22directed_target_id%22%3A516046058567018%7D\">Pix.house<\/a>.<\/p>\n<p><strong>Plan wydarzenia:<\/strong><br \/>\n&#8211; otwarcie wystawy: &#8222;Archiwum Spo\u0142eczne &#8211; Wielkopolska&#8221; &#8211; archiwalne zdj\u0119cia przedstawiaj\u0105ce codzienne \u017cycie w Wielkopolsce w latach 1910-1955<br \/>\n&#8211; promocja ksi\u0105\u017cki i spotkanie z autorami<br \/>\n&#8211; spotkanie z Jaros\u0142awem Klupsiem (Katedra Fotografii UA w Poznaniu), kt\u00f3ry opowie o dawnych technikach fotograficznych<\/p>\n<p>UWAGA! W\u015br\u00f3d przyby\u0142ych go\u015bci rozlosujemy 5 egzemplarzy ksi\u0105\u017cki.<\/p>\n<p>Wst\u0119p wolny!<\/p>\n\n\t\t<\/div> \n\t<\/div> <div class=\"separator  normal   \" style=\"border-color: #ffffff;border-width:1px;margin-bottom:40px\"><\/div>\n<\/div><\/div><\/div><\/div><\/div><div     class=\"vc_row wpb_row section vc_row-fluid \" style=' text-align:left;'><div class=\" full_section_inner clearfix\"><div class=\"wpb_column vc_column_container vc_col-sm-12\"><div class=\"vc_column-inner\"><div class=\"wpb_wrapper\"><div class='qode_image_gallery_no_space dark highlight_active'><div class='qode_image_gallery_holder' style='height: 400px;'><ul><li><div style=\"height: 400px; width:565px;\"><a class=\"prettyphoto\" rel=\"prettyPhoto[rel-2138229056]\" href=\"https:\/\/pix.house\/wp-content\/uploads\/2016\/03\/okolo1920_Parzeczewo_robotnicy.jpg\"><img decoding=\"async\" src=\"https:\/\/pix.house\/wp-content\/uploads\/2016\/03\/okolo1920_Parzeczewo_robotnicy.jpg\" alt=\"\" \/><\/a><\/div><\/li><li><div style=\"height: 400px; width:624px;\"><a class=\"prettyphoto\" rel=\"prettyPhoto[rel-2138229056]\" href=\"https:\/\/pix.house\/wp-content\/uploads\/2016\/03\/Poznan_H.Cegielski_1921.jpg\"><img decoding=\"async\" src=\"https:\/\/pix.house\/wp-content\/uploads\/2016\/03\/Poznan_H.Cegielski_1921.jpg\" alt=\"\" \/><\/a><\/div><\/li><li><div style=\"height: 400px; width:572px;\"><a class=\"prettyphoto\" rel=\"prettyPhoto[rel-2138229056]\" href=\"https:\/\/pix.house\/wp-content\/uploads\/2016\/03\/Mosina_okolo-1910_cegielnia_Perkiewicza.jpg\"><img decoding=\"async\" src=\"https:\/\/pix.house\/wp-content\/uploads\/2016\/03\/Mosina_okolo-1910_cegielnia_Perkiewicza.jpg\" alt=\"\" \/><\/a><\/div><\/li><li><div style=\"height: 400px; width:582px;\"><a class=\"prettyphoto\" rel=\"prettyPhoto[rel-2138229056]\" href=\"https:\/\/pix.house\/wp-content\/uploads\/2016\/03\/okolo1930_okolice_Pleszewa_budowa_stodoly.jpg\"><img decoding=\"async\" src=\"https:\/\/pix.house\/wp-content\/uploads\/2016\/03\/okolo1930_okolice_Pleszewa_budowa_stodoly.jpg\" alt=\"\" \/><\/a><\/div><\/li><li><div style=\"height: 400px; width:600px;\"><a class=\"prettyphoto\" rel=\"prettyPhoto[rel-2138229056]\" href=\"https:\/\/pix.house\/wp-content\/uploads\/2016\/03\/drukowanie_wlkp1.jpg\"><img decoding=\"async\" src=\"https:\/\/pix.house\/wp-content\/uploads\/2016\/03\/drukowanie_wlkp1.jpg\" alt=\"\" \/><\/a><\/div><\/li><li><div style=\"height: 400px; width:600px;\"><a class=\"prettyphoto\" rel=\"prettyPhoto[rel-2138229056]\" href=\"https:\/\/pix.house\/wp-content\/uploads\/2016\/03\/drukowanie_wlkp3.jpg\"><img decoding=\"async\" src=\"https:\/\/pix.house\/wp-content\/uploads\/2016\/03\/drukowanie_wlkp3.jpg\" alt=\"\" \/><\/a><\/div><\/li><li><div style=\"height: 400px; width:600px;\"><a class=\"prettyphoto\" rel=\"prettyPhoto[rel-2138229056]\" href=\"https:\/\/pix.house\/wp-content\/uploads\/2016\/03\/drukowanie_wlkp7.jpg\"><img decoding=\"async\" src=\"https:\/\/pix.house\/wp-content\/uploads\/2016\/03\/drukowanie_wlkp7.jpg\" alt=\"\" \/><\/a><\/div><\/li><li><div style=\"height: 400px; width:600px;\"><a class=\"prettyphoto\" rel=\"prettyPhoto[rel-2138229056]\" href=\"https:\/\/pix.house\/wp-content\/uploads\/2016\/03\/wlkp_teraz_2.jpg\"><img decoding=\"async\" src=\"https:\/\/pix.house\/wp-content\/uploads\/2016\/03\/wlkp_teraz_2.jpg\" alt=\"\" \/><\/a><\/div><\/li><li><div style=\"height: 400px; width:600px;\"><a class=\"prettyphoto\" rel=\"prettyPhoto[rel-2138229056]\" href=\"https:\/\/pix.house\/wp-content\/uploads\/2016\/03\/wlkp_teraz_3.jpg\"><img decoding=\"async\" src=\"https:\/\/pix.house\/wp-content\/uploads\/2016\/03\/wlkp_teraz_3.jpg\" alt=\"\" \/><\/a><\/div><\/li><li><div style=\"height: 400px; width:571px;\"><a class=\"prettyphoto\" rel=\"prettyPhoto[rel-2138229056]\" href=\"https:\/\/pix.house\/wp-content\/uploads\/2016\/03\/wlkp_teraz_1.jpg\"><img decoding=\"async\" src=\"https:\/\/pix.house\/wp-content\/uploads\/2016\/03\/wlkp_teraz_1.jpg\" alt=\"\" \/><\/a><\/div><\/li><\/ul><\/div><div class=\"controls\"><a class=\"prev-slide\" href=\"#\"><span class=\"arrow_carrot-left\"><\/span><\/a><a class=\"next-slide\" href=\"#\"><span class=\"arrow_carrot-right\"><\/span><\/a><\/div><\/div><div class=\"separator  normal   \" style=\"border-color: #ffffff;border-width:1px;margin-bottom:40px\"><\/div>\n<\/div><\/div><\/div><\/div><\/div><div     class=\"vc_row wpb_row section vc_row-fluid \" style=' text-align:left;'><div class=\" full_section_inner clearfix\"><div class=\"wpb_column vc_column_container vc_col-sm-12\"><div class=\"vc_column-inner\"><div class=\"wpb_wrapper\">\n\t<div class=\"wpb_text_column wpb_content_element \">\n\t\t<div class=\"wpb_wrapper\">\n\t\t\t<p>Partnerzy:<\/p>\n\n\t\t<\/div> \n\t<\/div> \n\t<div class=\"wpb_single_image wpb_content_element vc_align_center\">\n\t\t<div class=\"wpb_wrapper\">\n\t\t\t\n\t\t\t<div class=\"vc_single_image-wrapper   vc_box_border_grey\"><img loading=\"lazy\" decoding=\"async\" width=\"1560\" height=\"400\" src=\"https:\/\/pix.house\/wp-content\/uploads\/2015\/07\/partnerzy.jpg\" class=\"vc_single_image-img attachment-full\" alt=\"\" title=\"partnerzy\" srcset=\"https:\/\/pix.house\/wp-content\/uploads\/2015\/07\/partnerzy.jpg 1560w, https:\/\/pix.house\/wp-content\/uploads\/2015\/07\/partnerzy-800x205.jpg 800w, https:\/\/pix.house\/wp-content\/uploads\/2015\/07\/partnerzy-300x77.jpg 300w, https:\/\/pix.house\/wp-content\/uploads\/2015\/07\/partnerzy-768x197.jpg 768w, https:\/\/pix.house\/wp-content\/uploads\/2015\/07\/partnerzy-1280x328.jpg 1280w, https:\/\/pix.house\/wp-content\/uploads\/2015\/07\/partnerzy-600x154.jpg 600w, https:\/\/pix.house\/wp-content\/uploads\/2015\/07\/partnerzy-700x179.jpg 700w, https:\/\/pix.house\/wp-content\/uploads\/2015\/07\/partnerzy-1100x282.jpg 1100w\" sizes=\"auto, (max-width: 1560px) 100vw, 1560px\" \/><\/div>\n\t\t<\/div>\n\t<\/div>\n<\/div><\/div><\/div><\/div><\/div>\n<\/div>","protected":false},"excerpt":{"rendered":"TERMIN WYSTAWY:\u00a010.03 - 23.03.2016 r. wernisa\u017c:\u00a010.03 - godzina 18:30 MIEJSCE: PIX.HOUSE - G\u0141OGOWSKA 35a Pozna\u0144 Godziny otwarcia\u00a0PIX.HOUSE:\u00a0 Galeria czynna od wtorku do soboty od 16:00 do 20:00, w niedziel\u0119 od 14.00 do 16.00. Grupy zorganizowane mog\u0119 umawia\u0107 si\u0119 indywidualnie - zapraszamy do kontaktu. Serdecznie zapraszamy...","protected":false},"author":387,"featured_media":23212,"comment_status":"open","ping_status":"open","sticky":false,"template":"","format":"standard","meta":{"_monsterinsights_skip_tracking":false,"_monsterinsights_sitenote_active":false,"_monsterinsights_sitenote_note":"","_monsterinsights_sitenote_category":0,"footnotes":""},"categories":[47],"tags":[],"class_list":["post-23203","post","type-post","status-publish","format-standard","has-post-thumbnail","hentry","category-wystawy"],"_links":{"self":[{"href":"https:\/\/pix.house\/en\/wp-json\/wp\/v2\/posts\/23203","targetHints":{"allow":["GET"]}}],"collection":[{"href":"https:\/\/pix.house\/en\/wp-json\/wp\/v2\/posts"}],"about":[{"href":"https:\/\/pix.house\/en\/wp-json\/wp\/v2\/types\/post"}],"author":[{"embeddable":true,"href":"https:\/\/pix.house\/en\/wp-json\/wp\/v2\/users\/387"}],"replies":[{"embeddable":true,"href":"https:\/\/pix.house\/en\/wp-json\/wp\/v2\/comments?post=23203"}],"version-history":[{"count":0,"href":"https:\/\/pix.house\/en\/wp-json\/wp\/v2\/posts\/23203\/revisions"}],"wp:featuredmedia":[{"embeddable":true,"href":"https:\/\/pix.house\/en\/wp-json\/wp\/v2\/media\/23212"}],"wp:attachment":[{"href":"https:\/\/pix.house\/en\/wp-json\/wp\/v2\/media?parent=23203"}],"wp:term":[{"taxonomy":"category","embeddable":true,"href":"https:\/\/pix.house\/en\/wp-json\/wp\/v2\/categories?post=23203"},{"taxonomy":"post_tag","embeddable":true,"href":"https:\/\/pix.house\/en\/wp-json\/wp\/v2\/tags?post=23203"}],"curies":[{"name":"wp","href":"https:\/\/api.w.org\/{rel}","templated":true}]}}