{"id":23372,"date":"2016-05-22T20:43:15","date_gmt":"2016-05-22T18:43:15","guid":{"rendered":"http:\/\/pix.house\/?p=23372"},"modified":"2017-04-21T15:58:15","modified_gmt":"2017-04-21T13:58:15","slug":"filip-cwik-12-twarzyfaces-wystawa-ksiazka","status":"publish","type":"post","link":"https:\/\/pix.house\/en\/filip-cwik-12-twarzyfaces-wystawa-ksiazka\/","title":{"rendered":"12 twarzy\/faces | Filip \u0106wik"},"content":{"rendered":"<div class=\"wpb-content-wrapper\"><div class=\"vc_row wpb_row section vc_row-fluid \" style=' text-align:left;'><div class=\" full_section_inner clearfix\"><div class=\"wpb_column vc_column_container vc_col-sm-12\"><div class=\"vc_column-inner\"><div class=\"wpb_wrapper\">\n\t<div class=\"wpb_text_column wpb_content_element \">\n\t\t<div class=\"wpb_wrapper\">\n\t\t\t<p><strong>TERMIN WYSTAWY:<\/strong>\u00a002.06 \u2013 19.06.2016 r.<\/p>\n<p>wernisa\u017c i spotkanie z autorem: <strong>02.06 (czwartek) \u2013 godzina 18:30<\/strong><\/p>\n<p><strong>MIEJSCE:<\/strong> PIX.HOUSE &#8211; G\u0141OGOWSKA 35a Pozna\u0144<\/p>\n<p><strong>WST\u0118P WOLNY<\/strong><\/p>\n<p><strong>Godziny otwarcia\u00a0PIX.HOUSE:\u00a0<\/strong><\/p>\n<p>Galeria czynna od <strong>wtorku do soboty<\/strong> od 16:00 do 20:00, w <strong>niedziel\u0119<\/strong> od 14.00 do 16.00.<\/p>\n<p>Grupy zorganizowane mog\u0105 umawia\u0107 si\u0119 indywidualnie &#8211; zapraszamy do kontaktu.<\/p>\n\n\t\t<\/div> \n\t<\/div> <div class=\"separator  normal   \" style=\"border-color: #ffffff;border-width:1px;margin-bottom:40px\"><\/div>\n<\/div><\/div><\/div><div class=\"wpb_column vc_column_container vc_col-sm-12\"><div class=\"vc_column-inner\"><div class=\"wpb_wrapper\">\n\t<div class=\"wpb_single_image wpb_content_element vc_align_center\">\n\t\t<div class=\"wpb_wrapper\">\n\t\t\t\n\t\t\t<div class=\"vc_single_image-wrapper   vc_box_border_grey\"><img loading=\"lazy\" decoding=\"async\" width=\"854\" height=\"1200\" src=\"https:\/\/pix.house\/wp-content\/uploads\/2016\/05\/PIX-HOUSE-CWIK_print_ok-kopia.jpg\" class=\"vc_single_image-img attachment-large\" alt=\"\" title=\"PIX-HOUSE-CWIK_print_ok kopia\" srcset=\"https:\/\/pix.house\/wp-content\/uploads\/2016\/05\/PIX-HOUSE-CWIK_print_ok-kopia.jpg 854w, https:\/\/pix.house\/wp-content\/uploads\/2016\/05\/PIX-HOUSE-CWIK_print_ok-kopia-800x1124.jpg 800w, https:\/\/pix.house\/wp-content\/uploads\/2016\/05\/PIX-HOUSE-CWIK_print_ok-kopia-214x300.jpg 214w, https:\/\/pix.house\/wp-content\/uploads\/2016\/05\/PIX-HOUSE-CWIK_print_ok-kopia-768x1079.jpg 768w, https:\/\/pix.house\/wp-content\/uploads\/2016\/05\/PIX-HOUSE-CWIK_print_ok-kopia-600x843.jpg 600w, https:\/\/pix.house\/wp-content\/uploads\/2016\/05\/PIX-HOUSE-CWIK_print_ok-kopia-700x984.jpg 700w, https:\/\/pix.house\/wp-content\/uploads\/2016\/05\/PIX-HOUSE-CWIK_print_ok-kopia-300x422.jpg 300w\" sizes=\"auto, (max-width: 854px) 100vw, 854px\" \/><\/div>\n\t\t<\/div>\n\t<\/div>\n<div class=\"separator  normal   \" style=\"border-color: #ffffff;border-width:1px;margin-bottom:40px\"><\/div>\n<\/div><\/div><\/div><\/div><\/div><div     class=\"vc_row wpb_row section vc_row-fluid \" style=' text-align:left;'><div class=\" full_section_inner clearfix\"><div class=\"wpb_column vc_column_container vc_col-sm-12\"><div class=\"vc_column-inner\"><div class=\"wpb_wrapper\">\n\t<div class=\"wpb_text_column wpb_content_element \">\n\t\t<div class=\"wpb_wrapper\">\n\t\t\t<p>Wed\u0142ug Emmanuela Levinasa, twarz nigdy nie mo\u017ce zosta\u0107 w pe\u0142ni scharakteryzowana, nigdy w pe\u0142ni przedstawiona. Jest czym\u015b niesko\u0144czonym, nieokre\u015blonym elementem, kt\u00f3ry burzy jedno\u015b\u0107 i spok\u00f3j naszego \u015bwiata. Tym samym wzywa nas do rozmowy, do zwr\u00f3cenia uwagi, do spotkania twarz\u0105 w twarz.<\/p>\n<p>&#8222;<strong>12 Twarzy<\/strong>&#8221; to historie okrutnych i nieludzkich prze\u017cy\u0107, zarejestrowanych na dwa sposoby. Spisanych na karcie papieru i utrwalonej na fotograficznej kliszy wielkoformatowej. Syryjscy uchod\u017acy przebywaj\u0105cy w tureckich obozach nie zawsze s\u0105 sk\u0142onni do m\u00f3wienia, lecz ich postawa, wyraz twarzy i wyrysowane na niej emocje nie wymagaj\u0105 komentarza i wi\u0119kszych wyja\u015bnie\u0144. W twarzy, niczym w zwierciadle, odbijaj\u0105 si\u0119 strach, l\u0119k, bezsilno\u015b\u0107, rezygnacja, wyparcie, z\u0142o\u015b\u0107, ale te\u017c duma i szacunek. Emocje, znane tylko tym, kt\u00f3rzy spojrzeli wojnie w twarz.<\/p>\n<p>Zdj\u0119cia zosta\u0142y wykonane na prze\u0142omie sierpnia i wrze\u015bnia 2012 w Islahiye w Turcji, w obozie dla uchod\u017ac\u00f3w przy granicy z Syri\u0105.<\/p>\n\n\t\t<\/div> \n\t<\/div> <div class=\"separator  normal   \" style=\"border-color: #ffffff;border-width:1px;margin-bottom:40px\"><\/div>\n<\/div><\/div><\/div><\/div><\/div><div     class=\"vc_row wpb_row section vc_row-fluid \" style=' text-align:left;'><div class=\" full_section_inner clearfix\"><div class=\"wpb_column vc_column_container vc_col-sm-12\"><div class=\"vc_column-inner\"><div class=\"wpb_wrapper\"><div class='qode_image_gallery_no_space dark highlight_active'><div class='qode_image_gallery_holder' style='height: 400px;'><ul><li><div style=\"height: 400px; width:318px;\"><a class=\"prettyphoto\" rel=\"prettyPhoto[rel-191988632]\" href=\"https:\/\/pix.house\/wp-content\/uploads\/2016\/05\/5-1.jpg\"><img decoding=\"async\" src=\"https:\/\/pix.house\/wp-content\/uploads\/2016\/05\/5-1.jpg\" alt=\"\" \/><\/a><\/div><\/li><li><div style=\"height: 400px; width:305px;\"><a class=\"prettyphoto\" rel=\"prettyPhoto[rel-191988632]\" href=\"https:\/\/pix.house\/wp-content\/uploads\/2016\/05\/1a.jpg\"><img decoding=\"async\" src=\"https:\/\/pix.house\/wp-content\/uploads\/2016\/05\/1a.jpg\" alt=\"\" \/><\/a><\/div><\/li><li><div style=\"height: 400px; width:302px;\"><a class=\"prettyphoto\" rel=\"prettyPhoto[rel-191988632]\" href=\"https:\/\/pix.house\/wp-content\/uploads\/2016\/05\/3-1.jpg\"><img decoding=\"async\" src=\"https:\/\/pix.house\/wp-content\/uploads\/2016\/05\/3-1.jpg\" alt=\"\" \/><\/a><\/div><\/li><li><div style=\"height: 400px; width:307px;\"><a class=\"prettyphoto\" rel=\"prettyPhoto[rel-191988632]\" href=\"https:\/\/pix.house\/wp-content\/uploads\/2016\/05\/2-1.jpg\"><img decoding=\"async\" src=\"https:\/\/pix.house\/wp-content\/uploads\/2016\/05\/2-1.jpg\" alt=\"\" \/><\/a><\/div><\/li><li><div style=\"height: 400px; width:298px;\"><a class=\"prettyphoto\" rel=\"prettyPhoto[rel-191988632]\" href=\"https:\/\/pix.house\/wp-content\/uploads\/2016\/05\/1-1.jpg\"><img decoding=\"async\" src=\"https:\/\/pix.house\/wp-content\/uploads\/2016\/05\/1-1.jpg\" alt=\"\" \/><\/a><\/div><\/li><li><div style=\"height: 400px; width:571px;\"><a class=\"prettyphoto\" rel=\"prettyPhoto[rel-191988632]\" href=\"https:\/\/pix.house\/wp-content\/uploads\/2016\/05\/6-1.jpg\"><img decoding=\"async\" src=\"https:\/\/pix.house\/wp-content\/uploads\/2016\/05\/6-1.jpg\" alt=\"\" \/><\/a><\/div><\/li><\/ul><\/div><div class=\"controls\"><a class=\"prev-slide\" href=\"#\"><span class=\"arrow_carrot-left\"><\/span><\/a><a class=\"next-slide\" href=\"#\"><span class=\"arrow_carrot-right\"><\/span><\/a><\/div><\/div><div class=\"separator  normal   \" style=\"border-color: #ffffff;border-width:1px;margin-bottom:40px\"><\/div>\n\n\t<div class=\"wpb_video_widget wpb_content_element vc_clearfix   vc_video-aspect-ratio-169 vc_video-el-width-100 vc_video-align-left\" >\n\t\t<div class=\"wpb_wrapper\">\n\t\t\t\n\t\t\t<div class=\"wpb_video_wrapper\"><iframe loading=\"lazy\" title=\"12 Faces by Filip Cwik (album demo)\" src=\"https:\/\/player.vimeo.com\/video\/65974493?dnt=1&amp;app_id=122963\" width=\"500\" height=\"281\" frameborder=\"0\" allow=\"autoplay; fullscreen; picture-in-picture; clipboard-write\"><\/iframe><\/div>\n\t\t<\/div>\n\t<\/div>\n<div class=\"separator  normal   \" style=\"border-color: #ffffff;border-width:1px;margin-bottom:40px\"><\/div>\n\n\t<div class=\"wpb_text_column wpb_content_element \">\n\t\t<div class=\"wpb_wrapper\">\n\t\t\t<p><strong>Filip \u0106wik<\/strong> &#8211; studiowa\u0142 kulturoznawstwo na Uniwersytecie im. Adama Mickiewicza w Poznaniu. Wsp\u00f3\u0142za\u0142o\u017cyciel agencji Napo Images i Fundacji Napo. Laureat wielu konkurs\u00f3w fotograficznych mi.n. World Press Photo (2011), Sony World Photography Awards (2011), Grand Press Photo (2013, 2011,2009,2005), Konkurs Fotografii Prasowej (2007,2006,2002), BZ WBK Press Foto (2006). Publikuje w takich tytu\u0142ach jak \u201eLe Monde\u201c, \u201eDas Magazine\u201c , \u201eInternational Herald Tribune&#8221;, &#8222;Newsweek&#8221;, &#8221; L\u2019Espresso&#8221;, &#8221; Days Japan&#8221;, &#8222;Guardian&#8221;, &#8222;The Times&#8221; . W latach 2001-2013 zwi\u0105zany z tygodnikiem Newsweek Polska\u201c. Stypendysta Ministra Kultury i Dziedzictwa Narodowego (2012). W latach 2010-2012 prowadzi\u0142 zaj\u0119cia z fotografii prasowej w Instytucie Dziennikarstwa Uniwersytetu Warszawskiego. Od wielu lat wsp\u00f3\u0142pracuje z takimi fotografami jak Karolina Jonderko, Adam Lach czy Micha\u0142 Adamski przy edycji ksi\u0105\u017cek, jednocze\u015bnie tworz\u0105c wystawy tych projekt\u00f3w. W 2013 wyda\u0142 sw\u00f3j pierwszy album fotograficzny \u201e12 twarzy\/faces\u201c.<\/p>\n<p>&nbsp;<\/p>\n<p><strong>Wystawy indywidualne:<\/strong><\/p>\n<p>2016 &#8211; &#8222;inside\/outside&#8221; &#8211; Galeria Ostro\u0142\u0119ka OCK \/ Ostro\u0142\u0119ka<\/p>\n<p>2015 &#8211; &#8222;To wszystko mi\u0142o\u015b\u0107&#8221; &#8211; Galeria Trafostacja Sztuki \/ Szczecin<\/p>\n<p>2014 &#8211; &#8222;inside\/outside&#8221; &#8211; Galeria Rynek \/ Olsztyn<\/p>\n<p>2013 &#8211;\u00a0&#8222;12 twarzy \/ faces&#8221; &#8211; Galeria Ostro\u0142\u0119ka OCK \/ Ostro\u0142\u0119ka<\/p>\n<p>2013 &#8211; &#8222;12 twarzy \/ faces&#8221; &#8211; Galeria Ratusz \/ \u015awidnica<\/p>\n<p>2013 &#8211; &#8222;12 twarzy \/ faces&#8221; &#8211; Galeria Pauza \/ Krak\u00f3w<\/p>\n<p>2012 &#8211; &#8222;12 twarzy \/ faces&#8221; &#8211; OFF \/ Opole<\/p>\n<p>2011 &#8211; &#8222;inside \/ outside&#8221; &#8211; Galeria Apteka Sztuki \/ Warszawa<\/p>\n<p>2002 &#8211; &#8222;Afganistan &#8211; czas pr\u00f3by&#8221; &#8211; Instytut Wzornictwa \/ Warszawa<\/p>\n<p>&nbsp;<\/p>\n<p><strong>Wystawy zbiorowe:<\/strong><\/p>\n<p>2011 &#8211; &#8222;National Mourning&#8221; &#8211; wystawa pokonkursowa World Press Photo<br \/>\n2011 &#8211; &#8222;15 Mi\u0119dzynarodowy Konkurs Chopinowski&#8221; &#8211; Ostro\u0142\u0119ka &#8211; Festiwal Fotografii<br \/>\n2011 &#8211; &#8222;Flood Walls&#8221; Embankment Galleries of Somerset House \/ Sony World Photography Awards &#8211; Londyn, Wielka Brytania<br \/>\n2011 &#8211; &#8222;Mapping the Flaneur&#8221; &#8211; Newcastle Arts Centre &#8211; Newcastle, Wielka Brytania<br \/>\n2011 &#8211; &#8222;Mapping the Flaneur&#8221; &#8211; International Photography Festival FORMAT &#8211; Derby, Wielka Brytania<br \/>\n2010 &#8211; &#8222;Wieczni harcerze&#8221; &#8211; Pozna\u0144 &#8211; III Festiwal Fotodokumentu<br \/>\n2009 &#8211; &#8222;Ton\u0105cy przemys\u0142&#8221; &#8211; wystawa pokonkursowa GPP<br \/>\n2009 &#8211; &#8222;Wieczni harcerze&#8221; &#8211; wystawa pokonkursowa GPP<br \/>\n2007 &#8211; &#8222;Ostatnie dni premiera&#8221; &#8211; wystawa pokonkursowa KFP<br \/>\n2006 &#8211; &#8222;XV MKP im. Fryderyka Chopina&#8221; &#8211; wystawa pokonkursowa BZWBK Press Photo<br \/>\n2002 &#8211; &#8222;Kampania Leszka Millera&#8221; &#8211; wystawa pokonkursowa KFP<\/p>\n\n\t\t<\/div> \n\t<\/div> <div class=\"separator  normal   \" style=\"border-color: #ffffff;border-width:1px;margin-bottom:40px\"><\/div>\n<\/div><\/div><\/div><\/div><\/div><div     class=\"vc_row wpb_row section vc_row-fluid \" style=' text-align:left;'><div class=\" full_section_inner clearfix\"><div class=\"wpb_column vc_column_container vc_col-sm-12\"><div class=\"vc_column-inner\"><div class=\"wpb_wrapper\">\n\t<div class=\"wpb_text_column wpb_content_element \">\n\t\t<div class=\"wpb_wrapper\">\n\t\t\t<p>Partnerzy:<\/p>\n\n\t\t<\/div> \n\t<\/div> \n\t<div class=\"wpb_single_image wpb_content_element vc_align_center\">\n\t\t<div class=\"wpb_wrapper\">\n\t\t\t\n\t\t\t<div class=\"vc_single_image-wrapper   vc_box_border_grey\"><img loading=\"lazy\" decoding=\"async\" width=\"1560\" height=\"400\" src=\"https:\/\/pix.house\/wp-content\/uploads\/2015\/07\/partnerzy.jpg\" class=\"vc_single_image-img attachment-full\" alt=\"\" title=\"partnerzy\" srcset=\"https:\/\/pix.house\/wp-content\/uploads\/2015\/07\/partnerzy.jpg 1560w, https:\/\/pix.house\/wp-content\/uploads\/2015\/07\/partnerzy-800x205.jpg 800w, https:\/\/pix.house\/wp-content\/uploads\/2015\/07\/partnerzy-300x77.jpg 300w, https:\/\/pix.house\/wp-content\/uploads\/2015\/07\/partnerzy-768x197.jpg 768w, https:\/\/pix.house\/wp-content\/uploads\/2015\/07\/partnerzy-1280x328.jpg 1280w, https:\/\/pix.house\/wp-content\/uploads\/2015\/07\/partnerzy-600x154.jpg 600w, https:\/\/pix.house\/wp-content\/uploads\/2015\/07\/partnerzy-700x179.jpg 700w, https:\/\/pix.house\/wp-content\/uploads\/2015\/07\/partnerzy-1100x282.jpg 1100w\" sizes=\"auto, (max-width: 1560px) 100vw, 1560px\" \/><\/div>\n\t\t<\/div>\n\t<\/div>\n<\/div><\/div><\/div><\/div><\/div>\n<\/div>","protected":false},"excerpt":{"rendered":"TERMIN WYSTAWY:\u00a002.06 \u2013 19.06.2016 r. wernisa\u017c i spotkanie z autorem: 02.06 (czwartek) \u2013 godzina 18:30 MIEJSCE: PIX.HOUSE - G\u0141OGOWSKA 35a Pozna\u0144 WST\u0118P WOLNY Godziny otwarcia\u00a0PIX.HOUSE:\u00a0 Galeria czynna od wtorku do soboty od 16:00 do 20:00, w niedziel\u0119 od 14.00 do 16.00. Grupy zorganizowane mog\u0105 umawia\u0107...","protected":false},"author":387,"featured_media":24526,"comment_status":"open","ping_status":"open","sticky":false,"template":"","format":"standard","meta":{"_monsterinsights_skip_tracking":false,"_monsterinsights_sitenote_active":false,"_monsterinsights_sitenote_note":"","_monsterinsights_sitenote_category":0,"footnotes":""},"categories":[47],"tags":[],"class_list":["post-23372","post","type-post","status-publish","format-standard","has-post-thumbnail","hentry","category-wystawy"],"_links":{"self":[{"href":"https:\/\/pix.house\/en\/wp-json\/wp\/v2\/posts\/23372","targetHints":{"allow":["GET"]}}],"collection":[{"href":"https:\/\/pix.house\/en\/wp-json\/wp\/v2\/posts"}],"about":[{"href":"https:\/\/pix.house\/en\/wp-json\/wp\/v2\/types\/post"}],"author":[{"embeddable":true,"href":"https:\/\/pix.house\/en\/wp-json\/wp\/v2\/users\/387"}],"replies":[{"embeddable":true,"href":"https:\/\/pix.house\/en\/wp-json\/wp\/v2\/comments?post=23372"}],"version-history":[{"count":0,"href":"https:\/\/pix.house\/en\/wp-json\/wp\/v2\/posts\/23372\/revisions"}],"wp:featuredmedia":[{"embeddable":true,"href":"https:\/\/pix.house\/en\/wp-json\/wp\/v2\/media\/24526"}],"wp:attachment":[{"href":"https:\/\/pix.house\/en\/wp-json\/wp\/v2\/media?parent=23372"}],"wp:term":[{"taxonomy":"category","embeddable":true,"href":"https:\/\/pix.house\/en\/wp-json\/wp\/v2\/categories?post=23372"},{"taxonomy":"post_tag","embeddable":true,"href":"https:\/\/pix.house\/en\/wp-json\/wp\/v2\/tags?post=23372"}],"curies":[{"name":"wp","href":"https:\/\/api.w.org\/{rel}","templated":true}]}}