{"id":24072,"date":"2016-12-07T09:33:31","date_gmt":"2016-12-07T08:33:31","guid":{"rendered":"http:\/\/pix.house\/?p=24072"},"modified":"2017-04-21T15:45:46","modified_gmt":"2017-04-21T13:45:46","slug":"dobre-zycie-pawel-piotrowski-wystawa-talent-roku-pix-house","status":"publish","type":"post","link":"https:\/\/pix.house\/en\/dobre-zycie-pawel-piotrowski-wystawa-talent-roku-pix-house\/","title":{"rendered":"Dobre \u017cycie | Pawe\u0142 Piotrowski"},"content":{"rendered":"<div class=\"wpb-content-wrapper\"><div class=\"vc_row wpb_row section vc_row-fluid \" style=' text-align:left;'><div class=\" full_section_inner clearfix\"><div class=\"wpb_column vc_column_container vc_col-sm-12\"><div class=\"vc_column-inner\"><div class=\"wpb_wrapper\">\n\t<div class=\"wpb_text_column wpb_content_element \">\n\t\t<div class=\"wpb_wrapper\">\n\t\t\t<p><strong>TERMIN WYSTAWY:<\/strong>\u00a015.12 \u2013 15.01.2017 r.<\/p>\n<p>spotkanie z autorem:<\/p>\n<p><strong>15.12 (czwartek) \u2013 godzina 18:00 &#8211; wernisa\u017c<\/strong><\/p>\n<p><strong>16.12 (pi\u0105tek) &#8211; godzina 18.00 &#8211; oprowadzenie kuratorskie\u00a0<\/strong><\/p>\n<p><strong>MIEJSCE:<\/strong> PIX.HOUSE &#8211; G\u0141OGOWSKA 35a Pozna\u0144<\/p>\n<p><strong>WST\u0118P WOLNY<\/strong><\/p>\n\n\t\t<\/div> \n\t<\/div> <div class=\"separator  normal   \" style=\"border-color: #ffffff;border-width:1px;margin-bottom:40px\"><\/div>\n<\/div><\/div><\/div><div class=\"wpb_column vc_column_container vc_col-sm-12\"><div class=\"vc_column-inner\"><div class=\"wpb_wrapper\">\n\t<div class=\"wpb_single_image wpb_content_element vc_align_center\">\n\t\t<div class=\"wpb_wrapper\">\n\t\t\t\n\t\t\t<div class=\"vc_single_image-wrapper   vc_box_border_grey\"><\/div>\n\t\t<\/div>\n\t<\/div>\n<div class=\"separator  normal   \" style=\"border-color: #ffffff;border-width:1px;margin-bottom:40px\"><\/div>\n<\/div><\/div><\/div><\/div><\/div><div     class=\"vc_row wpb_row section vc_row-fluid \" style=' text-align:left;'><div class=\" full_section_inner clearfix\"><div class=\"wpb_column vc_column_container vc_col-sm-12\"><div class=\"vc_column-inner\"><div class=\"wpb_wrapper\">\n\t<div class=\"wpb_text_column wpb_content_element \">\n\t\t<div class=\"wpb_wrapper\">\n\t\t\t<p style=\"text-align: justify;\">Serdecznie zapraszamy na wystaw\u0119 zwyci\u0119zcy konkursu <strong>TALENT ROKU<\/strong> pix.house <strong>Paw\u0142a Piotrowskiego<\/strong>.<\/p>\n<h3><span style=\"color: #ffffff;\">.<\/span><\/h3>\n<h3><strong>Dobre \u017cycie.\u00a0<\/strong><\/h3>\n<p>Gmina Dobroszyce to\u00a0niewielka gmina wiejska po\u0142o\u017cona w\u00a0wojew\u00f3dztwie dolno\u015bl\u0105skim, jej has\u0142em promocyjnym jest: \u201eDobroszyce \u2013 Dobre \u017cycie\u201d. Chyba ka\u017cdy z nas ma w sobie sk\u0142onno\u015b\u0107 do\u00a0idealizowania miejsca, w kt\u00f3rym si\u0119 urodzi\u0142 i z kt\u00f3rym wi\u0105\u017c\u0105 si\u0119 jego pierwsze, dzieci\u0119ce wspomnienia. Wtedy czas p\u0142yn\u0105\u0142 wolniej, wszystko wydawa\u0142o si\u0119 takie \u201eczyste\u201d, proste i\u00a0kolorowe. Te\u00a0wspomnienia \u017cyj\u0105 we\u00a0mnie i w mojej pami\u0119ci. S\u0105 niezwykle barwne, dlatego postanowi\u0142em rejestrowa\u0107 z pozoru b\u0142ahe chwile, wydarzenia, najdrobniejsze zmiany, kt\u00f3re tutaj zachodz\u0105 i kt\u00f3rych jestem naocznym \u015bwiadkiem.<\/p>\n<p>Dobre \u017cycie to esej o codzienno\u015bci\u00a0ludzi, kt\u00f3rzy tworz\u0105 to\u00a0miejsce i wsp\u00f3lnocie, do\u00a0kt\u00f3rej mam bardzo osobisty stosunek. To tak\u017ce zmieniaj\u0105cy si\u0119 obraz polskiej wsi &#8211; w ca\u0142ym kraju s\u0105 setki gmin podobnych do\u00a0tej. Dlatego uwa\u017cam, \u017ce ten projekt niesie za sob\u0105 uniwersalny przekaz, ukazuj\u0105cy odchodz\u0105cy spos\u00f3b \u017cycia wiejskiej spo\u0142eczno\u015bci. Spok\u00f3j, kt\u00f3ry j\u0105 cechuje jest coraz rzadziej spotykany na \u015bwiecie. <em><strong>Ja\u00a0dokumentuj\u0119 te resztki naturalnego dla cz\u0142owieka tempa.<\/strong><\/em><\/p>\n<p>2007 \u2013 2016\u00a0Dobroszyce.<\/p>\n\n\t\t<\/div> \n\t<\/div> <div class=\"separator  normal   \" style=\"border-color: #ffffff;border-width:1px;margin-bottom:40px\"><\/div>\n<\/div><\/div><\/div><\/div><\/div><div     class=\"vc_row wpb_row section vc_row-fluid \" style=' text-align:left;'><div class=\" full_section_inner clearfix\"><div class=\"wpb_column vc_column_container vc_col-sm-12\"><div class=\"vc_column-inner\"><div class=\"wpb_wrapper\"><div class='qode_image_gallery_no_space dark highlight_active'><div class='qode_image_gallery_holder' style='height: 400px;'><ul><li><div style=\"height: 400px; width:600px;\"><a class=\"prettyphoto\" rel=\"prettyPhoto[rel-446024059]\" href=\"https:\/\/pix.house\/wp-content\/uploads\/2016\/12\/2013-SC41013-58-24.jpg\"><img decoding=\"async\" src=\"https:\/\/pix.house\/wp-content\/uploads\/2016\/12\/2013-SC41013-58-24.jpg\" alt=\"\" \/><\/a><\/div><\/li><li><div style=\"height: 400px; width:600px;\"><a class=\"prettyphoto\" rel=\"prettyPhoto[rel-446024059]\" href=\"https:\/\/pix.house\/wp-content\/uploads\/2016\/12\/20160911-20160911_182156-50.jpg\"><img decoding=\"async\" src=\"https:\/\/pix.house\/wp-content\/uploads\/2016\/12\/20160911-20160911_182156-50.jpg\" alt=\"\" \/><\/a><\/div><\/li><li><div style=\"height: 400px; width:600px;\"><a class=\"prettyphoto\" rel=\"prettyPhoto[rel-446024059]\" href=\"https:\/\/pix.house\/wp-content\/uploads\/2016\/12\/20130223-IMG_6953-21.jpg\"><img decoding=\"async\" src=\"https:\/\/pix.house\/wp-content\/uploads\/2016\/12\/20130223-IMG_6953-21.jpg\" alt=\"\" \/><\/a><\/div><\/li><li><div style=\"height: 400px; width:600px;\"><a class=\"prettyphoto\" rel=\"prettyPhoto[rel-446024059]\" href=\"https:\/\/pix.house\/wp-content\/uploads\/2016\/12\/20150530-IMG_0984-43.jpg\"><img decoding=\"async\" src=\"https:\/\/pix.house\/wp-content\/uploads\/2016\/12\/20150530-IMG_0984-43.jpg\" alt=\"\" \/><\/a><\/div><\/li><li><div style=\"height: 400px; width:600px;\"><a class=\"prettyphoto\" rel=\"prettyPhoto[rel-446024059]\" href=\"https:\/\/pix.house\/wp-content\/uploads\/2016\/12\/2013-SC41003-43-27-1.jpg\"><img decoding=\"async\" src=\"https:\/\/pix.house\/wp-content\/uploads\/2016\/12\/2013-SC41003-43-27-1.jpg\" alt=\"\" \/><\/a><\/div><\/li><li><div style=\"height: 400px; width:600px;\"><a class=\"prettyphoto\" rel=\"prettyPhoto[rel-446024059]\" href=\"https:\/\/pix.house\/wp-content\/uploads\/2016\/12\/duze_20120401-IMG_0772-13.jpg\"><img decoding=\"async\" src=\"https:\/\/pix.house\/wp-content\/uploads\/2016\/12\/duze_20120401-IMG_0772-13.jpg\" alt=\"\" \/><\/a><\/div><\/li><li><div style=\"height: 400px; width:600px;\"><a class=\"prettyphoto\" rel=\"prettyPhoto[rel-446024059]\" href=\"https:\/\/pix.house\/wp-content\/uploads\/2016\/12\/duze_20120705-IMG_5254-15.jpg\"><img decoding=\"async\" src=\"https:\/\/pix.house\/wp-content\/uploads\/2016\/12\/duze_20120705-IMG_5254-15.jpg\" alt=\"\" \/><\/a><\/div><\/li><li><div style=\"height: 400px; width:600px;\"><a class=\"prettyphoto\" rel=\"prettyPhoto[rel-446024059]\" href=\"https:\/\/pix.house\/wp-content\/uploads\/2016\/12\/duze_20120708-IMG_5278-16.jpg\"><img decoding=\"async\" src=\"https:\/\/pix.house\/wp-content\/uploads\/2016\/12\/duze_20120708-IMG_5278-16.jpg\" alt=\"\" \/><\/a><\/div><\/li><\/ul><\/div><div class=\"controls\"><a class=\"prev-slide\" href=\"#\"><span class=\"arrow_carrot-left\"><\/span><\/a><a class=\"next-slide\" href=\"#\"><span class=\"arrow_carrot-right\"><\/span><\/a><\/div><\/div><div class=\"separator  normal   \" style=\"border-color: #ffffff;border-width:1px;margin-bottom:40px\"><\/div>\n<\/div><\/div><\/div><\/div><\/div><div     class=\"vc_row wpb_row section vc_row-fluid \" style=' text-align:left;'><div class=\" full_section_inner clearfix\"><div class=\"wpb_column vc_column_container vc_col-sm-12\"><div class=\"vc_column-inner\"><div class=\"wpb_wrapper\">\n\t<div class=\"wpb_text_column wpb_content_element \">\n\t\t<div class=\"wpb_wrapper\">\n\t\t\t<p><strong>Pawe\u0142 Piotrowski<\/strong> urodzi\u0142 si\u0119 w 1986 roku w Ole\u015bnicy. W 2011 roku uko\u0144czy\u0142 studia magisterskie na Wydziale Grafiki i\u00a0Sztuki Medi\u00f3wna Akademii Sztuk Pi\u0119knych we Wroc\u0142awiu<br \/>\no specjalno\u015bci Projektowanie graficzne. Inspiracji szuka w\u00a0\u017cyciu codziennym i tym, co\u00a0go\u00a0otacza. Jest freelancerem, zajmuje si\u0119 g\u0142\u00f3wnie fotografi\u0105 reporta\u017cow\u0105, dokumentaln\u0105, uliczn\u0105 i portretow\u0105 oraz grafik\u0105 u\u017cytkow\u0105. Wsp\u00f3\u0142pracuje z Dolno\u015bl\u0105sk\u0105 Szko\u0142\u0105 Wy\u017csz\u0105 oraz Regionalnym O\u015brodkiem Edukacji we Wroc\u0142awiu, gdzie dzieli si\u0119 swoim do\u015bwiadczeniem ze\u00a0studentami. Jest laureatem licznych konkurs\u00f3w m.in. &#8222;Z\u0142oty Talent Roku 2016&#8221; Galerii PIX.HOUSE, Grand Prix w Viva! Photo Awards 2016, Miami Street Photography Festival 2016, Brussels Street Photography Festival 2016, Leica Street Photo 2013, International Photography Awards 2012, Galeria Plakatu AMS 2011. W\u00a02012 roku mia\u0142 jedyn\u0105 do tej pory indywidualn\u0105 wystaw\u0119 zatytu\u0142owan\u0105 &#8222;11&#8221; w O\u015brodku Dzia\u0142a\u0144 Artystycznych Firlej we\u00a0Wroc\u0142awiu. Jego fotografie mo\u017cna by\u0142o zobaczy\u0107 na licznych grupowych wystawach m.in. w Muzeum Historii w Miami, Centrum Sztuki Wsp\u00f3\u0142czesnej Zamek Ujazdowski w Warszawie, Galerie Ravenstein w Brukseli, Abbaye de Neum\u00fcnster w Luksemburgu podczas Festiwalu Filmowego Cin East, Club der Polnischen Versager w ramach 5. Europejskiego Miesi\u0105ca Fotografii w Berlinie oraz w Leica Gallery<br \/>\nw Warszawie.<\/p>\n<p>Strona internetowa: <a href=\"http:\/\/www.piotrowskipawel.pl\/\" data-saferedirecturl=\"https:\/\/www.google.com\/url?hl=pl&amp;q=http:\/\/www.piotrowskipawel.pl&amp;source=gmail&amp;ust=1481182142740000&amp;usg=AFQjCNHAIGCNu9Mlwcfzm1mulDGmC_qSRw\">www.piotrowskipawel.pl<\/a><\/p>\n\n\t\t<\/div> \n\t<\/div> <div class=\"separator  normal   \" style=\"border-color: #ffffff;border-width:1px;margin-bottom:40px\"><\/div>\n<div class=\"separator  normal   \" style=\"border-color: #ffffff;border-width:1px;margin-bottom:40px\"><\/div>\n<\/div><\/div><\/div><\/div><\/div><div     class=\"vc_row wpb_row section vc_row-fluid \" style=' text-align:left;'><div class=\" full_section_inner clearfix\"><div class=\"wpb_column vc_column_container vc_col-sm-12\"><div class=\"vc_column-inner\"><div class=\"wpb_wrapper\">\n\t<div class=\"wpb_text_column wpb_content_element \">\n\t\t<div class=\"wpb_wrapper\">\n\t\t\t<p>Partnerzy PIX.HOUSE:<\/p>\n\n\t\t<\/div> \n\t<\/div> \n\t<div class=\"wpb_single_image wpb_content_element vc_align_center\">\n\t\t<div class=\"wpb_wrapper\">\n\t\t\t\n\t\t\t<div class=\"vc_single_image-wrapper   vc_box_border_grey\"><img loading=\"lazy\" decoding=\"async\" width=\"1560\" height=\"400\" src=\"https:\/\/pix.house\/wp-content\/uploads\/2015\/07\/partnerzy.jpg\" class=\"vc_single_image-img attachment-full\" alt=\"\" title=\"partnerzy\" srcset=\"https:\/\/pix.house\/wp-content\/uploads\/2015\/07\/partnerzy.jpg 1560w, https:\/\/pix.house\/wp-content\/uploads\/2015\/07\/partnerzy-800x205.jpg 800w, https:\/\/pix.house\/wp-content\/uploads\/2015\/07\/partnerzy-300x77.jpg 300w, https:\/\/pix.house\/wp-content\/uploads\/2015\/07\/partnerzy-768x197.jpg 768w, https:\/\/pix.house\/wp-content\/uploads\/2015\/07\/partnerzy-1280x328.jpg 1280w, https:\/\/pix.house\/wp-content\/uploads\/2015\/07\/partnerzy-600x154.jpg 600w, https:\/\/pix.house\/wp-content\/uploads\/2015\/07\/partnerzy-700x179.jpg 700w, https:\/\/pix.house\/wp-content\/uploads\/2015\/07\/partnerzy-1100x282.jpg 1100w\" sizes=\"auto, (max-width: 1560px) 100vw, 1560px\" \/><\/div>\n\t\t<\/div>\n\t<\/div>\n<\/div><\/div><\/div><\/div><\/div>\n<\/div>","protected":false},"excerpt":{"rendered":"TERMIN WYSTAWY:\u00a015.12 \u2013 15.01.2017 r. spotkanie z autorem: 15.12 (czwartek) \u2013 godzina 18:00 - wernisa\u017c 16.12 (pi\u0105tek) - godzina 18.00 - oprowadzenie kuratorskie\u00a0 MIEJSCE: PIX.HOUSE - G\u0141OGOWSKA 35a Pozna\u0144 WST\u0118P WOLNY Serdecznie zapraszamy na wystaw\u0119 zwyci\u0119zcy konkursu TALENT ROKU pix.house Paw\u0142a Piotrowskiego. . Dobre \u017cycie.\u00a0...","protected":false},"author":387,"featured_media":23965,"comment_status":"open","ping_status":"open","sticky":false,"template":"","format":"standard","meta":{"_monsterinsights_skip_tracking":false,"_monsterinsights_sitenote_active":false,"_monsterinsights_sitenote_note":"","_monsterinsights_sitenote_category":0,"footnotes":""},"categories":[47],"tags":[],"class_list":["post-24072","post","type-post","status-publish","format-standard","has-post-thumbnail","hentry","category-wystawy"],"_links":{"self":[{"href":"https:\/\/pix.house\/en\/wp-json\/wp\/v2\/posts\/24072","targetHints":{"allow":["GET"]}}],"collection":[{"href":"https:\/\/pix.house\/en\/wp-json\/wp\/v2\/posts"}],"about":[{"href":"https:\/\/pix.house\/en\/wp-json\/wp\/v2\/types\/post"}],"author":[{"embeddable":true,"href":"https:\/\/pix.house\/en\/wp-json\/wp\/v2\/users\/387"}],"replies":[{"embeddable":true,"href":"https:\/\/pix.house\/en\/wp-json\/wp\/v2\/comments?post=24072"}],"version-history":[{"count":0,"href":"https:\/\/pix.house\/en\/wp-json\/wp\/v2\/posts\/24072\/revisions"}],"wp:featuredmedia":[{"embeddable":true,"href":"https:\/\/pix.house\/en\/wp-json\/wp\/v2\/media\/23965"}],"wp:attachment":[{"href":"https:\/\/pix.house\/en\/wp-json\/wp\/v2\/media?parent=24072"}],"wp:term":[{"taxonomy":"category","embeddable":true,"href":"https:\/\/pix.house\/en\/wp-json\/wp\/v2\/categories?post=24072"},{"taxonomy":"post_tag","embeddable":true,"href":"https:\/\/pix.house\/en\/wp-json\/wp\/v2\/tags?post=24072"}],"curies":[{"name":"wp","href":"https:\/\/api.w.org\/{rel}","templated":true}]}}