{"id":24161,"date":"2017-01-30T19:13:25","date_gmt":"2017-01-30T18:13:25","guid":{"rendered":"http:\/\/pix.house\/?p=24161"},"modified":"2017-04-21T15:45:37","modified_gmt":"2017-04-21T13:45:37","slug":"linia-ognia-mariusz-forecki-jakub-ochnio","status":"publish","type":"post","link":"https:\/\/pix.house\/en\/linia-ognia-mariusz-forecki-jakub-ochnio\/","title":{"rendered":"Linia ognia | Forecki, Ochnio"},"content":{"rendered":"<div class=\"wpb-content-wrapper\"><div class=\"vc_row wpb_row section vc_row-fluid \" style=' text-align:left;'><div class=\" full_section_inner clearfix\"><div class=\"wpb_column vc_column_container vc_col-sm-12\"><div class=\"vc_column-inner\"><div class=\"wpb_wrapper\">\n\t<div class=\"wpb_text_column wpb_content_element \">\n\t\t<div class=\"wpb_wrapper\">\n\t\t\t<p><strong>TERMIN WYSTAWY:<\/strong>\u00a016.02 \u2013 16.03.2017 r.<\/p>\n<p><strong>Wystaw\u0119 mo\u017cna ogl\u0105da\u0107\u00a0od 17 lutego do 19 marca, od wtorku do soboty w godzinach 16:00-20:00, w niedziel\u0119 w godzinach 14:00 &#8211; 16:00. W poniedzia\u0142ki\u00a0wystawa jest zamkni\u0119ta.<\/strong><\/p>\n<p><strong>MIEJSCE:<\/strong> PIX.HOUSE &#8211; G\u0141OGOWSKA 35a Pozna\u0144<\/p>\n<p><strong>WST\u0118P WOLNY<\/strong><\/p>\n\n\t\t<\/div> \n\t<\/div> <div class=\"separator  normal   \" style=\"border-color: #ffffff;border-width:1px;margin-bottom:40px\"><\/div>\n<\/div><\/div><\/div><div class=\"wpb_column vc_column_container vc_col-sm-12\"><div class=\"vc_column-inner\"><div class=\"wpb_wrapper\">\n\t<div class=\"wpb_single_image wpb_content_element vc_align_center\">\n\t\t<div class=\"wpb_wrapper\">\n\t\t\t\n\t\t\t<div class=\"vc_single_image-wrapper   vc_box_border_grey\"><img loading=\"lazy\" decoding=\"async\" width=\"1060\" height=\"706\" src=\"https:\/\/pix.house\/wp-content\/uploads\/2017\/01\/Forecki_czlowiek_w_ciemnych_okularach-5-1280x853.jpg\" class=\"vc_single_image-img attachment-large\" alt=\"\" title=\"Forecki_czlowiek_w_ciemnych_okularach (5)\" srcset=\"https:\/\/pix.house\/wp-content\/uploads\/2017\/01\/Forecki_czlowiek_w_ciemnych_okularach-5-1280x853.jpg 1280w, https:\/\/pix.house\/wp-content\/uploads\/2017\/01\/Forecki_czlowiek_w_ciemnych_okularach-5-800x533.jpg 800w, https:\/\/pix.house\/wp-content\/uploads\/2017\/01\/Forecki_czlowiek_w_ciemnych_okularach-5-300x200.jpg 300w, https:\/\/pix.house\/wp-content\/uploads\/2017\/01\/Forecki_czlowiek_w_ciemnych_okularach-5-768x512.jpg 768w, https:\/\/pix.house\/wp-content\/uploads\/2017\/01\/Forecki_czlowiek_w_ciemnych_okularach-5-600x400.jpg 600w, https:\/\/pix.house\/wp-content\/uploads\/2017\/01\/Forecki_czlowiek_w_ciemnych_okularach-5-700x467.jpg 700w, https:\/\/pix.house\/wp-content\/uploads\/2017\/01\/Forecki_czlowiek_w_ciemnych_okularach-5-1100x733.jpg 1100w, https:\/\/pix.house\/wp-content\/uploads\/2017\/01\/Forecki_czlowiek_w_ciemnych_okularach-5.jpg 2048w\" sizes=\"auto, (max-width: 1060px) 100vw, 1060px\" \/><\/div>\n\t\t<\/div>\n\t<\/div>\n<div class=\"separator  normal   \" style=\"border-color: #ffffff;border-width:1px;margin-bottom:40px\"><\/div>\n<\/div><\/div><\/div><\/div><\/div><div     class=\"vc_row wpb_row section vc_row-fluid \" style=' text-align:left;'><div class=\" full_section_inner clearfix\"><div class=\"wpb_column vc_column_container vc_col-sm-12\"><div class=\"vc_column-inner\"><div class=\"wpb_wrapper\">\n\t<div class=\"wpb_text_column wpb_content_element \">\n\t\t<div class=\"wpb_wrapper\">\n\t\t\t<p lang=\"zxx\">Wystawa &#8222;<strong>Linia ognia<\/strong>&#8221; to historia opowiedziana przez dw\u00f3ch fotograf\u00f3w &#8211; dokumentalist\u00f3w \u2013 Mariusza Foreckiego i Jakuba Ochnio. Obaj odwiedzili naszych wschodnich s\u0105siad\u00f3w (Ukrain\u0119 i Rosj\u0119), zastali jednak zgo\u0142a odmienn\u0105 rzeczywisto\u015b\u0107.<\/p>\n<p lang=\"zxx\"><b>Cz\u0142owiek w ciemnych okularach <\/b>to<b> <\/b>opowie\u015b\u0107 Mariusza Foreckiego o rosyjskim spo\u0142ecze\u0144stwie, kt\u00f3re w\u0142adza stara si\u0119 zjednoczy\u0107 wok\u00f3\u0142 pami\u0119ci o II Wojnie \u015awiatowej (Wielkiej Wojnie Ojczy\u017anianej), zwyci\u0119stwie nad Napoleonem w 1812 roku czy wyp\u0119dzeniu Polak\u00f3w z Kremla w 1612 roku. Ca\u0142y system znak\u00f3w, odniesie\u0144 do historii, wok\u00f3\u0142 kt\u00f3rych buduje si\u0119 jedno\u015b\u0107 Rosjan, jest firmowany twarz\u0105 urz\u0119duj\u0105cego prezydenta. W sklepach mo\u017cna znale\u017a\u0107 niewyobra\u017caln\u0105 liczb\u0119 poczt\u00f3wek, magnes\u00f3w na lod\u00f3wk\u0119, plastikowych ok\u0142adek do dokument\u00f3w, kieliszk\u00f3w do w\u00f3dki, czy etui do iPhon\u00f3w z jego podobizn\u0105. S\u0105 te\u017c sklepy, a nawet samoobs\u0142ugowe automaty z koszulkami (zwane futbolkami), kt\u00f3rych projekty tworz\u0105 znani rosyjscy arty\u015bci. Znajdziemy w\u015br\u00f3d nich futbolki z podobizn\u0105 prezydenta na nied\u017awiedziu, z karabinem w r\u0119ce, w mundurze wojskowym, na drzewie, na rowerze, jako superman, hokeista, sportowiec, instruktor judo, Dziadek Mr\u00f3z. Fotografie s\u0105 fragmentem wi\u0119kszego projektu, kt\u00f3ry zosta\u0142 zamkni\u0119ty w 2016 roku ksi\u0105\u017ck\u0105.<\/p>\n<p lang=\"zxx\"><b>(nie)normalna rzeczywisto\u015b\u0107 <\/b>Jakuba Ochnio to opowie\u015b\u0107 o Ukrainie ogarni\u0119tej wojn\u0105. Jest to prawdopodobnie ostatni konwencjonalny konflikt starego kontynentu. Ci\u0105gnie si\u0119 od 2014 roku i obejmuje granice obwod\u00f3w Donieckiego i \u0141uga\u0144skiego. Pocz\u0105tkowo nazywana przez stron\u0119 ukrai\u0144sk\u0105 operacj\u0105 antyterrorystyczn\u0105, przerodzi\u0142a si\u0119 w wojn\u0119 pozycyjn\u0105. T\u0142em konfliktu jest walka o j\u0119zyk. Wykluczenie rosyjskiego jako j\u0119zyka urz\u0119dowego przez rz\u0105d Arsenija Jaceniuka doprowadzi\u0142o do zmarginalizowania i cz\u0119\u015bciowego wykluczenia spo\u0142eczno\u015bci po\u0142udniowo-wschodnich obwod\u00f3w.<\/p>\n\n\t\t<\/div> \n\t<\/div> <div class=\"separator  normal   \" style=\"border-color: #ffffff;border-width:1px;margin-bottom:40px\"><\/div>\n<\/div><\/div><\/div><\/div><\/div><div     class=\"vc_row wpb_row section vc_row-fluid \" style=' text-align:left;'><div class=\" full_section_inner clearfix\"><div class=\"wpb_column vc_column_container vc_col-sm-12\"><div class=\"vc_column-inner\"><div class=\"wpb_wrapper\"><div class='qode_image_gallery_no_space dark highlight_active'><div class='qode_image_gallery_holder' style='height: 533px;'><ul><li><div style=\"height: 533px; width:800px;\"><a class=\"prettyphoto\" rel=\"prettyPhoto[rel-1030127645]\" href=\"https:\/\/pix.house\/wp-content\/uploads\/2017\/01\/LINIA_OGNIA_wystawa_Forecki_01-kopia.jpg\"><img decoding=\"async\" src=\"https:\/\/pix.house\/wp-content\/uploads\/2017\/01\/LINIA_OGNIA_wystawa_Forecki_01-kopia.jpg\" alt=\"\" \/><\/a><\/div><\/li><li><div style=\"height: 533px; width:800px;\"><a class=\"prettyphoto\" rel=\"prettyPhoto[rel-1030127645]\" href=\"https:\/\/pix.house\/wp-content\/uploads\/2017\/01\/LINIA_OGNIA_wystawa_Forecki_02-kopia.jpg\"><img decoding=\"async\" src=\"https:\/\/pix.house\/wp-content\/uploads\/2017\/01\/LINIA_OGNIA_wystawa_Forecki_02-kopia.jpg\" alt=\"\" \/><\/a><\/div><\/li><li><div style=\"height: 533px; width:800px;\"><a class=\"prettyphoto\" rel=\"prettyPhoto[rel-1030127645]\" href=\"https:\/\/pix.house\/wp-content\/uploads\/2017\/01\/LINIA_OGNIA_wystawa_Forecki_03-kopia.jpg\"><img decoding=\"async\" src=\"https:\/\/pix.house\/wp-content\/uploads\/2017\/01\/LINIA_OGNIA_wystawa_Forecki_03-kopia.jpg\" alt=\"\" \/><\/a><\/div><\/li><li><div style=\"height: 533px; width:800px;\"><a class=\"prettyphoto\" rel=\"prettyPhoto[rel-1030127645]\" href=\"https:\/\/pix.house\/wp-content\/uploads\/2017\/01\/LINIA_OGNIA_wystawa_Ochnio_01-kopia.jpg\"><img decoding=\"async\" src=\"https:\/\/pix.house\/wp-content\/uploads\/2017\/01\/LINIA_OGNIA_wystawa_Ochnio_01-kopia.jpg\" alt=\"\" \/><\/a><\/div><\/li><li><div style=\"height: 533px; width:800px;\"><a class=\"prettyphoto\" rel=\"prettyPhoto[rel-1030127645]\" href=\"https:\/\/pix.house\/wp-content\/uploads\/2017\/01\/LINIA_OGNIA_wystawa_Ochnio_02-kopia.jpg\"><img decoding=\"async\" src=\"https:\/\/pix.house\/wp-content\/uploads\/2017\/01\/LINIA_OGNIA_wystawa_Ochnio_02-kopia.jpg\" alt=\"\" \/><\/a><\/div><\/li><li><div style=\"height: 533px; width:800px;\"><a class=\"prettyphoto\" rel=\"prettyPhoto[rel-1030127645]\" href=\"https:\/\/pix.house\/wp-content\/uploads\/2017\/01\/LINIA_OGNIA_wystawa_Ochnio_03.jpg\"><img decoding=\"async\" src=\"https:\/\/pix.house\/wp-content\/uploads\/2017\/01\/LINIA_OGNIA_wystawa_Ochnio_03.jpg\" alt=\"\" \/><\/a><\/div><\/li><\/ul><\/div><div class=\"controls\"><a class=\"prev-slide\" href=\"#\"><span class=\"arrow_carrot-left\"><\/span><\/a><a class=\"next-slide\" href=\"#\"><span class=\"arrow_carrot-right\"><\/span><\/a><\/div><\/div><div class=\"separator  normal   \" style=\"border-color: #ffffff;border-width:1px;margin-bottom:40px\"><\/div>\n<\/div><\/div><\/div><\/div><\/div><div     class=\"vc_row wpb_row section vc_row-fluid \" style=' text-align:left;'><div class=\" full_section_inner clearfix\"><div class=\"wpb_column vc_column_container vc_col-sm-12\"><div class=\"vc_column-inner\"><div class=\"wpb_wrapper\">\n\t<div class=\"wpb_text_column wpb_content_element \">\n\t\t<div class=\"wpb_wrapper\">\n\t\t\t<p lang=\"zxx\"><strong>Mariusz Forecki\u00a0<\/strong>(1962) fotograf-dokumentalista, cz\u0142onek Zwi\u0105zku Polskich Artyst\u00f3w Fotografik\u00f3w. Autor wielu projekt\u00f3w rejestruj\u0105cych zmiany zachodz\u0105ce w Polsce po 1989 roku, Fotografowa\u0142\u00a0 na terenach by\u0142ego ZSRR (Armenia, Czeczenia, Litwa, Ukraina). Na koncie ma kilkana\u015bcie wystaw fotograficznych o tematyce spo\u0142ecznej. Uczestniczy\u0142 m.in. w holenderskim Noorderlicht Festival, Biennale Fotografii w Pradze, Miesi\u0105cu Fotografii w Bratys\u0142awie, Biennale Fotografii w Poznaniu, festiwalu KAUNASPHOTO w Kownie. Wsp\u00f3\u0142tw\u00f3rca (z Grzegorzem Dembi\u0144skim) magazynu fotografii dokumentalnej 5klatek, wydawanego w latach 2006-2009.\u00a0Autor ksi\u0105\u017cek: I LOVE POLAND (ZPAF OW,\u00a0Pozna\u0144 2009), POZNA\u0143 \u2013 KULTURA NA KA\u017bD\u0104 POR\u0118 (Wydawnictwo Miejskie, Pozna\u0144 2011), KOLEKCJA WRZESI\u0143SKA 2011 (Wrze\u015bnia 2012), W PRACY (ZPAF OW, Pozna\u0144 2012), CZ\u0141OWIEK W CIEMNYCH OKULARACH (ZPAF OW, PIX.HOUSE, Pozna\u0144 2016). Absolwent Instytutu Tw\u00f3rczej Fotografii Uniwersytetu \u015al\u0105skiego w Opawie (Czechy). Zdobywca wielu nagr\u00f3d w konkursach fotografii prasowej. Laureat Nagrody Artystycznej Miasta Poznania w 2010 roku. Wyr\u00f3\u017cniony przez Zwi\u0105zek Polskich Artyst\u00f3w Fotografik\u00f3w za osi\u0105gni\u0119cia w fotografii dokumentalnej.\u00a0Stypendysta Ministra Kultury i Dziedzictwa Narodowego.\u00a0Jego ostatnia ksi\u0105\u017cka pt.: CZ\u0141OWIEK W CIEMNYCH OKULARACH \u00a0\u00a0zdoby\u0142a nagrod\u0119 na Miesi\u0105cu Fotografii w Bratys\u0142awie w kategorii: fotografia wsp\u00f3\u0142czesna.\u00a0Wyk\u0142adowca we Wroc\u0142awskiej Szkole Fotografii, juror w konkursach fotograficznych.\u00a0Wsp\u00f3\u0142za\u0142o\u017cyciel\u00a0Fundacji PIX.HOUSE.\u00a0Mieszka\u00a0w Poznaniu.<\/p>\n<p lang=\"zxx\"><strong>strona internetowa:<\/strong>\u00a0<a href=\"http:\/\/www.forecki.pl\/\">http:\/\/www.forecki.pl\/<\/a><\/p>\n<p lang=\"zxx\"><strong>Jakub Ochnio<\/strong> (1990) fotograf-dokumentalista. Odznaczony przez Ministra Kultury medalem \u201cZas\u0142u\u017cony dla Kultury Polskiej\u201d. Wielokrotny finalista najwa\u017cniejszych konkurs\u00f3w fotografii prasowej Polski, Litwy i Ukrainy m.in.: Grand Press Photo, BZWBK Press Foto, Life Press Photo oraz The Circle of Life. Otrzyma\u0142 ponad sto krajowych i mi\u0119dzynarodowych nagr\u00f3d. Zdobywca tytu\u0142u Artiste FIAP nadanego przez Mi\u0119dzynarodow\u0105 Federacj\u0119 Sztuki Fotograficznej. W 2014 roku odebra\u0142 Nagrod\u0119 Wojew\u00f3dztwa Podkarpackiego za szczeg\u00f3lne osi\u0105gni\u0119cia w dziedzinie tw\u00f3rczo\u015bci artystycznej.Cz\u0142onek Zwi\u0105zku Polskich Artyst\u00f3w Fotografik\u00f3w, Stowarzyszenia Dziennikarzy Polskich oraz Dolno\u015bl\u0105skiego Stowarzyszenie Artyst\u00f3w Fotografik\u00f3w i Tw\u00f3rc\u00f3w Audiowizualnych. Wsp\u00f3\u0142tw\u00f3rca i prezes Kolektywu Fotograf\u00f3w AFTERIMAGE, cz\u0142onek honorowy i\u00a0przewodnicz\u0105cy Rady Artystycznej Rzeszowskiego Stowarzyszenia Fotograficznego. Wsp\u00f3\u0142pracownik Agencji Fotograf\u00f3w FORUM. Bieg\u0142y s\u0105dowy w dziedzinie fotografii przy SO w Tarnowie.<\/p>\n<p lang=\"zxx\">Dotychczas jego prace by\u0142y publikowane na ponad 200 wystawach w Polsce, Macedonii, Serbii, S\u0142owenii, Turcji, Chorwacji, Litwie, Rosji, Ukrainie, Czarnog\u00f3rze, Argentynie, Francji, Hiszpanii, Egipcie, Czechach i USA.<\/p>\n<p lang=\"zxx\">Zainteresowany cz\u0142owiekiem w uj\u0119ciu dokumentalnym i reporta\u017cowym \u2013 w swojej pracy skupia si\u0119 na fotografii humanistycznej i spo\u0142ecznej. Pracowa\u0142 m.in. jako korespondent wojenny podczas konfliktu na Ukrainie.<\/p>\n<p lang=\"zxx\">Absolwent etnologii (UWr), socjologii (UWr) oraz dziennikarstwa i komunikacji spo\u0142ecznej (WSIiZ). Trzykrotny stypendysta Ministra Nauki i Szkolnictwa Wy\u017cszego. Zdobywca tytu\u0142u najlepszego studenta w Polsce w kategorii nauki humanistyczne (Studencki Nobel 2014).<\/p>\n<p lang=\"zxx\">Autor licznych publikacji naukowych po\u015bwi\u0119conych fotografii. Przynale\u017cy do Polskiego Towarzystwa Semiotycznego i Polskiego Towarzystwa Komunikacji Spo\u0142ecznej. W 2015 nak\u0142adem wydawnictwa Unikat2, ukaza\u0142a si\u0119 ksi\u0105\u017cka jego autorstwa pt. J\u0119zyk komunikowania wizualnego \u2013 semantyka, syntaktyka i\u00a0pragmatyka fotografii.<\/p>\n<p lang=\"zxx\">Pracownik naukowy Wy\u017cszej Szko\u0142y Informatyki i Zarz\u0105dzania w Rzeszowie. Wielokrotnie prowadzi\u0142 wyk\u0142ady i warsztaty z reporta\u017cu, dokumentu, fotoedycji, historii fotografii oraz portretu prasowego (m. in. ze \u015brodk\u00f3w Ministerstwa Kultury oraz Ministerstwa Pracy).<\/p>\n<p lang=\"zxx\"><strong>strona internetowa:\u00a0<\/strong><a href=\"http:\/\/jakubochnio.pl\">http:\/\/jakubochnio.pl<\/a><\/p>\n\n\t\t<\/div> \n\t<\/div> <div class=\"separator  normal   \" style=\"border-color: #ffffff;border-width:1px;margin-bottom:40px\"><\/div>\n\n\t<div class=\"wpb_single_image wpb_content_element vc_align_right\">\n\t\t<div class=\"wpb_wrapper\">\n\t\t\t\n\t\t\t<div class=\"vc_single_image-wrapper   vc_box_border_grey\"><img loading=\"lazy\" decoding=\"async\" width=\"300\" height=\"80\" src=\"https:\/\/pix.house\/wp-content\/uploads\/2017\/01\/16667976_10207976126551532_1817005757_o-300x80.jpg\" class=\"vc_single_image-img attachment-medium\" alt=\"\" title=\"16667976_10207976126551532_1817005757_o\" srcset=\"https:\/\/pix.house\/wp-content\/uploads\/2017\/01\/16667976_10207976126551532_1817005757_o-300x80.jpg 300w, https:\/\/pix.house\/wp-content\/uploads\/2017\/01\/16667976_10207976126551532_1817005757_o-800x213.jpg 800w, https:\/\/pix.house\/wp-content\/uploads\/2017\/01\/16667976_10207976126551532_1817005757_o-768x205.jpg 768w, https:\/\/pix.house\/wp-content\/uploads\/2017\/01\/16667976_10207976126551532_1817005757_o-1280x341.jpg 1280w, https:\/\/pix.house\/wp-content\/uploads\/2017\/01\/16667976_10207976126551532_1817005757_o-600x160.jpg 600w, https:\/\/pix.house\/wp-content\/uploads\/2017\/01\/16667976_10207976126551532_1817005757_o-700x187.jpg 700w, https:\/\/pix.house\/wp-content\/uploads\/2017\/01\/16667976_10207976126551532_1817005757_o-1100x293.jpg 1100w, https:\/\/pix.house\/wp-content\/uploads\/2017\/01\/16667976_10207976126551532_1817005757_o.jpg 1500w\" sizes=\"auto, (max-width: 300px) 100vw, 300px\" \/><\/div>\n\t\t<\/div>\n\t<\/div>\n<div class=\"separator  normal   \" style=\"border-color: #ffffff;border-width:1px;margin-bottom:40px\"><\/div>\n<\/div><\/div><\/div><\/div><\/div><div     class=\"vc_row wpb_row section vc_row-fluid \" style=' text-align:left;'><div class=\" full_section_inner clearfix\"><div class=\"wpb_column vc_column_container vc_col-sm-12\"><div class=\"vc_column-inner\"><div class=\"wpb_wrapper\">\n\t<div class=\"wpb_text_column wpb_content_element \">\n\t\t<div class=\"wpb_wrapper\">\n\t\t\t<p>Partnerzy PIX.HOUSE:<\/p>\n\n\t\t<\/div> \n\t<\/div> \n\t<div class=\"wpb_single_image wpb_content_element vc_align_center\">\n\t\t<div class=\"wpb_wrapper\">\n\t\t\t\n\t\t\t<div class=\"vc_single_image-wrapper   vc_box_border_grey\"><img loading=\"lazy\" decoding=\"async\" width=\"1560\" height=\"400\" src=\"https:\/\/pix.house\/wp-content\/uploads\/2015\/07\/partnerzy.jpg\" class=\"vc_single_image-img attachment-full\" alt=\"\" title=\"partnerzy\" srcset=\"https:\/\/pix.house\/wp-content\/uploads\/2015\/07\/partnerzy.jpg 1560w, https:\/\/pix.house\/wp-content\/uploads\/2015\/07\/partnerzy-800x205.jpg 800w, https:\/\/pix.house\/wp-content\/uploads\/2015\/07\/partnerzy-300x77.jpg 300w, https:\/\/pix.house\/wp-content\/uploads\/2015\/07\/partnerzy-768x197.jpg 768w, https:\/\/pix.house\/wp-content\/uploads\/2015\/07\/partnerzy-1280x328.jpg 1280w, https:\/\/pix.house\/wp-content\/uploads\/2015\/07\/partnerzy-600x154.jpg 600w, https:\/\/pix.house\/wp-content\/uploads\/2015\/07\/partnerzy-700x179.jpg 700w, https:\/\/pix.house\/wp-content\/uploads\/2015\/07\/partnerzy-1100x282.jpg 1100w\" sizes=\"auto, (max-width: 1560px) 100vw, 1560px\" \/><\/div>\n\t\t<\/div>\n\t<\/div>\n<\/div><\/div><\/div><\/div><\/div>\n<\/div>","protected":false},"excerpt":{"rendered":"TERMIN WYSTAWY:\u00a016.02 \u2013 16.03.2017 r. Wystaw\u0119 mo\u017cna ogl\u0105da\u0107\u00a0od 17 lutego do 19 marca, od wtorku do soboty w godzinach 16:00-20:00, w niedziel\u0119 w godzinach 14:00 - 16:00. W poniedzia\u0142ki\u00a0wystawa jest zamkni\u0119ta. MIEJSCE: PIX.HOUSE - G\u0141OGOWSKA 35a Pozna\u0144 WST\u0118P WOLNY Wystawa \"Linia ognia\" to historia opowiedziana...","protected":false},"author":11,"featured_media":24163,"comment_status":"open","ping_status":"open","sticky":false,"template":"","format":"standard","meta":{"_monsterinsights_skip_tracking":false,"_monsterinsights_sitenote_active":false,"_monsterinsights_sitenote_note":"","_monsterinsights_sitenote_category":0,"footnotes":""},"categories":[47],"tags":[],"class_list":["post-24161","post","type-post","status-publish","format-standard","has-post-thumbnail","hentry","category-wystawy"],"_links":{"self":[{"href":"https:\/\/pix.house\/en\/wp-json\/wp\/v2\/posts\/24161","targetHints":{"allow":["GET"]}}],"collection":[{"href":"https:\/\/pix.house\/en\/wp-json\/wp\/v2\/posts"}],"about":[{"href":"https:\/\/pix.house\/en\/wp-json\/wp\/v2\/types\/post"}],"author":[{"embeddable":true,"href":"https:\/\/pix.house\/en\/wp-json\/wp\/v2\/users\/11"}],"replies":[{"embeddable":true,"href":"https:\/\/pix.house\/en\/wp-json\/wp\/v2\/comments?post=24161"}],"version-history":[{"count":0,"href":"https:\/\/pix.house\/en\/wp-json\/wp\/v2\/posts\/24161\/revisions"}],"wp:featuredmedia":[{"embeddable":true,"href":"https:\/\/pix.house\/en\/wp-json\/wp\/v2\/media\/24163"}],"wp:attachment":[{"href":"https:\/\/pix.house\/en\/wp-json\/wp\/v2\/media?parent=24161"}],"wp:term":[{"taxonomy":"category","embeddable":true,"href":"https:\/\/pix.house\/en\/wp-json\/wp\/v2\/categories?post=24161"},{"taxonomy":"post_tag","embeddable":true,"href":"https:\/\/pix.house\/en\/wp-json\/wp\/v2\/tags?post=24161"}],"curies":[{"name":"wp","href":"https:\/\/api.w.org\/{rel}","templated":true}]}}