{"id":24223,"date":"2017-03-28T14:21:36","date_gmt":"2017-03-28T12:21:36","guid":{"rendered":"http:\/\/pix.house\/?p=24223"},"modified":"2017-04-21T15:43:04","modified_gmt":"2017-04-21T13:43:04","slug":"to-co-nie-umiera-nie-zyje-wystawa","status":"publish","type":"post","link":"https:\/\/pix.house\/en\/to-co-nie-umiera-nie-zyje-wystawa\/","title":{"rendered":"To, co nie umiera, nie \u017cyje"},"content":{"rendered":"<div class=\"wpb-content-wrapper\"><div class=\"vc_row wpb_row section vc_row-fluid \" style=' text-align:left;'><div class=\" full_section_inner clearfix\"><div class=\"wpb_column vc_column_container vc_col-sm-12\"><div class=\"vc_column-inner\"><div class=\"wpb_wrapper\">\n\t<div class=\"wpb_text_column wpb_content_element \">\n\t\t<div class=\"wpb_wrapper\">\n\t\t\t<p><strong>TERMIN WYSTAWY:<\/strong>\u00a006.04 \u2013 30.04.2017 r.<\/p>\n<p><strong>Wernisa\u017c (<\/strong>czwartek 06.04.2017 o 18.00<strong>)<\/strong>\u00a0po\u0142\u0105czony ze spotkaniem &#8222;Kolekcjonowanie fotografii&#8221; z <strong>Grzegorzem D\u0105browskim<\/strong>\u00a0oraz dyskusj\u0105 z <strong>Katarzyn\u0105 Stachnik<\/strong> \u2013 psychologiem, ekspertem w dziedzinie prze\u017cywania \u017ca\u0142oby i <strong>S\u0142awomirem Tobisem<\/strong> \u2013 fotografem, kuratorem i arteterapeut\u0105.<\/p>\n<p>Wystaw\u0119 mo\u017cna ogl\u0105da\u0107 od <strong>wtorku do soboty<\/strong> w godzinach 16:00-20:00, w <strong>niedziel\u0119<\/strong> w godzinach 14:00 &#8211; 16:00.<\/p>\n<p>W <strong>poniedzia\u0142ki<\/strong>\u00a0wystawa jest zamkni\u0119ta.<\/p>\n<p><strong>Przerwa \u015bwi\u0105teczna<\/strong> od pi\u0105tku 14.04 do poniedzia\u0142ku 17.04.17<\/p>\n<p><strong>MIEJSCE:<\/strong> PIX.HOUSE &#8211; G\u0141OGOWSKA 35a Pozna\u0144<\/p>\n<p><strong>WST\u0118P WOLNY<\/strong><\/p>\n\n\t\t<\/div> \n\t<\/div> <div class=\"separator  normal   \" style=\"border-color: #ffffff;border-width:1px;margin-bottom:40px\"><\/div>\n<\/div><\/div><\/div><div class=\"wpb_column vc_column_container vc_col-sm-12\"><div class=\"vc_column-inner\"><div class=\"wpb_wrapper\">\n\t<div class=\"wpb_single_image wpb_content_element vc_align_center\">\n\t\t<div class=\"wpb_wrapper\">\n\t\t\t\n\t\t\t<div class=\"vc_single_image-wrapper   vc_box_border_grey\"><img loading=\"lazy\" decoding=\"async\" width=\"950\" height=\"1280\" src=\"https:\/\/pix.house\/wp-content\/uploads\/2017\/03\/Siwicki_Jan_0001-950x1280.jpg\" class=\"vc_single_image-img attachment-large\" alt=\"\" title=\"WIEJSCY FOTOGRAFOWIE Z PODLASIA\" srcset=\"https:\/\/pix.house\/wp-content\/uploads\/2017\/03\/Siwicki_Jan_0001-950x1280.jpg 950w, https:\/\/pix.house\/wp-content\/uploads\/2017\/03\/Siwicki_Jan_0001-800x1078.jpg 800w, https:\/\/pix.house\/wp-content\/uploads\/2017\/03\/Siwicki_Jan_0001-223x300.jpg 223w, https:\/\/pix.house\/wp-content\/uploads\/2017\/03\/Siwicki_Jan_0001-768x1035.jpg 768w, https:\/\/pix.house\/wp-content\/uploads\/2017\/03\/Siwicki_Jan_0001-600x808.jpg 600w, https:\/\/pix.house\/wp-content\/uploads\/2017\/03\/Siwicki_Jan_0001-700x943.jpg 700w, https:\/\/pix.house\/wp-content\/uploads\/2017\/03\/Siwicki_Jan_0001-1100x1482.jpg 1100w, https:\/\/pix.house\/wp-content\/uploads\/2017\/03\/Siwicki_Jan_0001-300x404.jpg 300w, https:\/\/pix.house\/wp-content\/uploads\/2017\/03\/Siwicki_Jan_0001.jpg 1520w\" sizes=\"auto, (max-width: 950px) 100vw, 950px\" \/><\/div>\n\t\t<\/div>\n\t<\/div>\n<div class=\"separator  normal   \" style=\"border-color: #ffffff;border-width:1px;margin-bottom:40px\"><\/div>\n<\/div><\/div><\/div><\/div><\/div><div     class=\"vc_row wpb_row section vc_row-fluid \" style=' text-align:left;'><div class=\" full_section_inner clearfix\"><div class=\"wpb_column vc_column_container vc_col-sm-12\"><div class=\"vc_column-inner\"><div class=\"wpb_wrapper\">\n\t<div class=\"wpb_text_column wpb_content_element \">\n\t\t<div class=\"wpb_wrapper\">\n\t\t\t<p>\u201eZwyczajna\u201d \u015bmier\u0107 jest coraz mniej obecna w kulturze. Ludzie nie umieraj\u0105 w obecno\u015bci rodziny, lecz na oddzia\u0142ach szpitalnych, trumna ze zmar\u0142ym nie stoi ju\u017c trzy dni w domu, lecz bliscy odwiedzaj\u0105 zmar\u0142ego w kaplicy. Wed\u0142ug antropolog kultury, Joanny Tokarskiej-Bakir: \u201eDzisiejsza kultura ze swoim kultem m\u0142odo\u015bci, bodaj nie\u015bmiertelno\u015bci, boi si\u0119 \u015bmierci jak diabe\u0142 \u015bwi\u0119conej wody (&#8230;) \u015awiat, kt\u00f3ry nie wierzy ju\u017c w \u017cadn\u0105 prawd\u0119, kt\u00f3ry ma wszystko za mask\u0119 i poz\u00f3r, przed t\u0105 najbardziej nieuchronn\u0105 z prawd broni si\u0119 jak mo\u017ce\u201d.<\/p>\n<p>Stowarzyszenie Edukacji Kulturalnej WIDOK zaprasza na wystaw\u0119 <strong>\u201eTo, co nie umiera, nie \u017cyje\u201d<\/strong>, na kt\u00f3rej prezentowane b\u0119d\u0105 archiwalne, dot\u0105d nie publikowane fotografie pogrzebowe. Archiwalne, nie tylko dlatego, \u017ce wykonane zosta\u0142y przed, albo zaraz po II wojnie, ale te\u017c dlatego, \u017ce dzi\u015b prawie nikt nie robi ju\u017c zdj\u0119\u0107 zmar\u0142ym ani \u017ca\u0142obnikom.<\/p>\n<p>Wernisa\u017cowi wystawy towarzyszy\u0107 b\u0119dzie spotkanie &#8222;<strong>Kolekcjonowanie fotografii<\/strong>&#8221; z kuratorem\u00a0<strong>Grzegorzem D\u0105browskim<\/strong>.<\/p>\n<p>B\u0119dziemy r\u00f3wnie\u017c dyskutowa\u0107 o problematyce przemijania.<\/p>\n<p>To, co (nie) umiera, nie \u017cyje. Czy aby na pewno? Jak\u0105 rol\u0119 odgrywa fotografia w \u201cprzed\u0142u\u017ceniu\u201d obecno\u015bci tych, kt\u00f3rzy odeszli? Czy pomaga prze\u017cy\u0107 \u017ca\u0142ob\u0119? Czy raczej jest obci\u0105\u017ceniem, przypominaj\u0105cym o stracie? Na te mi\u0119dzy innymi pytania odpowiedzi szuka\u0107 b\u0119d\u0105: <strong>Katarzyna Stachnik<\/strong> \u2013 psycholog, ekspert w dziedzinie prze\u017cywania \u017ca\u0142oby \u00a0oraz <strong>S\u0142awomir Tobis<\/strong> \u2013 fotograf, kurator i arteterapeuta, prowadz\u0105cy spotkanie.<\/p>\n\n\t\t<\/div> \n\t<\/div> <div class=\"separator  normal   \" style=\"border-color: #ffffff;border-width:1px;margin-bottom:40px\"><\/div>\n<\/div><\/div><\/div><\/div><\/div><div     class=\"vc_row wpb_row section vc_row-fluid \" style=' text-align:left;'><div class=\" full_section_inner clearfix\"><div class=\"wpb_column vc_column_container vc_col-sm-12\"><div class=\"vc_column-inner\"><div class=\"wpb_wrapper\"><div class='qode_image_gallery_no_space dark highlight_active'><div class='qode_image_gallery_holder' style='height: 533px;'><ul><li><div style=\"height: 533px; width:354px;\"><a class=\"prettyphoto\" rel=\"prettyPhoto[rel-1500030880]\" href=\"https:\/\/pix.house\/wp-content\/uploads\/2017\/03\/augustis_funeral008n.jpg\"><img decoding=\"async\" src=\"https:\/\/pix.house\/wp-content\/uploads\/2017\/03\/augustis_funeral008n.jpg\" alt=\"\" \/><\/a><\/div><\/li><li><div style=\"height: 533px; width:785px;\"><a class=\"prettyphoto\" rel=\"prettyPhoto[rel-1500030880]\" href=\"https:\/\/pix.house\/wp-content\/uploads\/2017\/03\/augustis_funeral014n.jpg\"><img decoding=\"async\" src=\"https:\/\/pix.house\/wp-content\/uploads\/2017\/03\/augustis_funeral014n.jpg\" alt=\"\" \/><\/a><\/div><\/li><li><div style=\"height: 533px; width:799px;\"><a class=\"prettyphoto\" rel=\"prettyPhoto[rel-1500030880]\" href=\"https:\/\/pix.house\/wp-content\/uploads\/2017\/03\/augustis_funeral051n.jpg\"><img decoding=\"async\" src=\"https:\/\/pix.house\/wp-content\/uploads\/2017\/03\/augustis_funeral051n.jpg\" alt=\"\" \/><\/a><\/div><\/li><li><div style=\"height: 533px; width:808px;\"><a class=\"prettyphoto\" rel=\"prettyPhoto[rel-1500030880]\" href=\"https:\/\/pix.house\/wp-content\/uploads\/2017\/03\/augustis_funeral065n.jpg\"><img decoding=\"async\" src=\"https:\/\/pix.house\/wp-content\/uploads\/2017\/03\/augustis_funeral065n.jpg\" alt=\"\" \/><\/a><\/div><\/li><li><div style=\"height: 533px; width:360px;\"><a class=\"prettyphoto\" rel=\"prettyPhoto[rel-1500030880]\" href=\"https:\/\/pix.house\/wp-content\/uploads\/2017\/03\/augustis_funeral067n.jpg\"><img decoding=\"async\" src=\"https:\/\/pix.house\/wp-content\/uploads\/2017\/03\/augustis_funeral067n.jpg\" alt=\"\" \/><\/a><\/div><\/li><li><div style=\"height: 533px; width:798px;\"><a class=\"prettyphoto\" rel=\"prettyPhoto[rel-1500030880]\" href=\"https:\/\/pix.house\/wp-content\/uploads\/2017\/03\/augustis_funeral099n.jpg\"><img decoding=\"async\" src=\"https:\/\/pix.house\/wp-content\/uploads\/2017\/03\/augustis_funeral099n.jpg\" alt=\"\" \/><\/a><\/div><\/li><li><div style=\"height: 533px; width:797px;\"><a class=\"prettyphoto\" rel=\"prettyPhoto[rel-1500030880]\" href=\"https:\/\/pix.house\/wp-content\/uploads\/2017\/03\/augustis_funeral108n.jpg\"><img decoding=\"async\" src=\"https:\/\/pix.house\/wp-content\/uploads\/2017\/03\/augustis_funeral108n.jpg\" alt=\"\" \/><\/a><\/div><\/li><li><div style=\"height: 533px; width:804px;\"><a class=\"prettyphoto\" rel=\"prettyPhoto[rel-1500030880]\" href=\"https:\/\/pix.house\/wp-content\/uploads\/2017\/03\/augustis_funeral116n.jpg\"><img decoding=\"async\" src=\"https:\/\/pix.house\/wp-content\/uploads\/2017\/03\/augustis_funeral116n.jpg\" alt=\"\" \/><\/a><\/div><\/li><li><div style=\"height: 533px; width:774px;\"><a class=\"prettyphoto\" rel=\"prettyPhoto[rel-1500030880]\" href=\"https:\/\/pix.house\/wp-content\/uploads\/2017\/03\/AUGUSTIS754.jpg\"><img decoding=\"async\" src=\"https:\/\/pix.house\/wp-content\/uploads\/2017\/03\/AUGUSTIS754.jpg\" alt=\"\" \/><\/a><\/div><\/li><li><div style=\"height: 533px; width:396px;\"><a class=\"prettyphoto\" rel=\"prettyPhoto[rel-1500030880]\" href=\"https:\/\/pix.house\/wp-content\/uploads\/2017\/03\/Siwicki_Jan_0001.jpg\"><img decoding=\"async\" src=\"https:\/\/pix.house\/wp-content\/uploads\/2017\/03\/Siwicki_Jan_0001.jpg\" alt=\"\" \/><\/a><\/div><\/li><li><div style=\"height: 533px; width:719px;\"><a class=\"prettyphoto\" rel=\"prettyPhoto[rel-1500030880]\" href=\"https:\/\/pix.house\/wp-content\/uploads\/2017\/03\/Siwicki_Jan_0079.jpg\"><img decoding=\"async\" src=\"https:\/\/pix.house\/wp-content\/uploads\/2017\/03\/Siwicki_Jan_0079.jpg\" alt=\"\" \/><\/a><\/div><\/li><li><div style=\"height: 533px; width:719px;\"><a class=\"prettyphoto\" rel=\"prettyPhoto[rel-1500030880]\" href=\"https:\/\/pix.house\/wp-content\/uploads\/2017\/03\/Siwicki_Jan_0092.jpg\"><img decoding=\"async\" src=\"https:\/\/pix.house\/wp-content\/uploads\/2017\/03\/Siwicki_Jan_0092.jpg\" alt=\"\" \/><\/a><\/div><\/li><li><div style=\"height: 533px; width:687px;\"><a class=\"prettyphoto\" rel=\"prettyPhoto[rel-1500030880]\" href=\"https:\/\/pix.house\/wp-content\/uploads\/2017\/03\/Siwicki_Jan_0095.jpg\"><img decoding=\"async\" src=\"https:\/\/pix.house\/wp-content\/uploads\/2017\/03\/Siwicki_Jan_0095.jpg\" alt=\"\" \/><\/a><\/div><\/li><li><div style=\"height: 533px; width:700px;\"><a class=\"prettyphoto\" rel=\"prettyPhoto[rel-1500030880]\" href=\"https:\/\/pix.house\/wp-content\/uploads\/2017\/03\/Siwicki_Jan_0101.jpg\"><img decoding=\"async\" src=\"https:\/\/pix.house\/wp-content\/uploads\/2017\/03\/Siwicki_Jan_0101.jpg\" alt=\"\" \/><\/a><\/div><\/li><li><div style=\"height: 533px; width:696px;\"><a class=\"prettyphoto\" rel=\"prettyPhoto[rel-1500030880]\" href=\"https:\/\/pix.house\/wp-content\/uploads\/2017\/03\/Siwicki_Jan_0105.jpg\"><img decoding=\"async\" src=\"https:\/\/pix.house\/wp-content\/uploads\/2017\/03\/Siwicki_Jan_0105.jpg\" alt=\"\" \/><\/a><\/div><\/li><li><div style=\"height: 533px; width:689px;\"><a class=\"prettyphoto\" rel=\"prettyPhoto[rel-1500030880]\" href=\"https:\/\/pix.house\/wp-content\/uploads\/2017\/03\/Siwicki_Jan_0106.jpg\"><img decoding=\"async\" src=\"https:\/\/pix.house\/wp-content\/uploads\/2017\/03\/Siwicki_Jan_0106.jpg\" alt=\"\" \/><\/a><\/div><\/li><li><div style=\"height: 533px; width:682px;\"><a class=\"prettyphoto\" rel=\"prettyPhoto[rel-1500030880]\" href=\"https:\/\/pix.house\/wp-content\/uploads\/2017\/03\/Siwicki_nowe_065.jpg\"><img decoding=\"async\" src=\"https:\/\/pix.house\/wp-content\/uploads\/2017\/03\/Siwicki_nowe_065.jpg\" alt=\"\" \/><\/a><\/div><\/li><li><div style=\"height: 533px; width:700px;\"><a class=\"prettyphoto\" rel=\"prettyPhoto[rel-1500030880]\" href=\"https:\/\/pix.house\/wp-content\/uploads\/2017\/03\/Siwicki_nowe_066.jpg\"><img decoding=\"async\" src=\"https:\/\/pix.house\/wp-content\/uploads\/2017\/03\/Siwicki_nowe_066.jpg\" alt=\"\" \/><\/a><\/div><\/li><\/ul><\/div><div class=\"controls\"><a class=\"prev-slide\" href=\"#\"><span class=\"arrow_carrot-left\"><\/span><\/a><a class=\"next-slide\" href=\"#\"><span class=\"arrow_carrot-right\"><\/span><\/a><\/div><\/div><div class=\"separator  normal   \" style=\"border-color: #ffffff;border-width:1px;margin-bottom:40px\"><\/div>\n<\/div><\/div><\/div><\/div><\/div><div     class=\"vc_row wpb_row section vc_row-fluid \" style=' text-align:left;'><div class=\" full_section_inner clearfix\"><div class=\"wpb_column vc_column_container vc_col-sm-12\"><div class=\"vc_column-inner\"><div class=\"wpb_wrapper\">\n\t<div class=\"wpb_text_column wpb_content_element \">\n\t\t<div class=\"wpb_wrapper\">\n\t\t\t<p>Na wystawie prezentujemy zdj\u0119cia <strong>Boles\u0142awa Augustisa<\/strong>, ci\u0105gle jeszcze odkrywanego, mi\u0119dzywojennego fotografa. Jego kolekcja, licz\u0105ca kilkana\u015bcie tysi\u0119cy klatek, przypadkowo znaleziona 10 lat temu, jest najbogatszym dokumentem fotograficznym Bia\u0142egostoku lat 30.<\/p>\n<p>Boles\u0142aw Augustis prowadzi\u0142 w Bia\u0142ymstoku zak\u0142ad POLONIA FILM. By\u0142 rzemie\u015blnikiem, ale poza fotografowaniem w atelier dla zarobku, wychodzi\u0142 na ulic\u0119 i by\u0142 bacznym obserwatorem miejskiego \u017cycia. Wynajmowano go te\u017c na specjalne sesje, w tym pogrzeby. Zdj\u0119cia kondukt\u00f3w, trumien wyci\u0105ganych przez okno, czy \u017ca\u0142obnik\u00f3w s\u0105 rzetelnym zapisem dokumentalnym okresu dwudziestolecia mi\u0119dzywojennego.<\/p>\n<p>Na ekspozycj\u0119 sk\u0142adaj\u0105 si\u0119 te\u017c zdj\u0119cia <strong>Jana Siwickiego<\/strong>, wiejskiego fotografa z Jaczna. W jego przypadku z kilkudziesi\u0119ciu lat pracy uratowa\u0142o si\u0119 niespe\u0142na 300 szklanych negatyw\u00f3w. Siwicki fotografowa\u0142 \u017cycie swojej wsi, kt\u00f3re toczy\u0142o si\u0119 ko\u0142em wok\u00f3\u0142 narodzin, wesel i pogrzeb\u00f3w. Te ostatnie by\u0142y bodaj najwa\u017cniejsze. Nale\u017ca\u0142o zachowa\u0107 wizerunek kochanego zmar\u0142ego, bo pami\u0119\u0107 jest przecie\u017c zawodna.<\/p>\n<p>Zdj\u0119cia obydwu autor\u00f3w, ogl\u0105dane dzisiaj, pokazuj\u0105 jak bardzo przez niespe\u0142na sto lat zmieni\u0142y si\u0119 nasze obyczaje dotycz\u0105ce odprowadzania zmar\u0142ych. \u015amier\u0107 by\u0142a czym\u015b naturalnym, ludzie, szczeg\u00f3lnie na wsi, byli z ni\u0105 oswojeni. Dlatego nie dziwi np. fotografia, gdzie dzieci przy trumnie u\u015bmiechaj\u0105 si\u0119 b\u0105d\u017a trzymaj\u0105 na niej r\u0119ce. Na grupowych portretach \u017ca\u0142obnicy s\u0105 autentycznie przej\u0119ci, ale te\u017c spokojni i pogodzeni.<\/p>\n<p>Ani Augustis ani Siwicki nie robili pogrzebowych zdj\u0119\u0107 z pobudek artystycznych czy filozoficznych. I st\u0105d, ich autentyczno\u015b\u0107. Pozbawione s\u0105 jakichkolwiek tez. Teraz patrz\u0105c na nie po kilkudziesi\u0119ciu latach mo\u017cna si\u0119 zastanowi\u0107 nad t\u0105 wielk\u0105 kulminacj\u0105, kt\u00f3ra czeka ka\u017cd\u0105 materi\u0119 i j\u0105 piecz\u0119tuje.<\/p>\n<p>Produkcj\u0119 wystawy sfinansowa\u0142 Urz\u0105d Marsza\u0142kowski Wojew\u00f3dztwa Podlaskiego<\/p>\n<p>Wystawa organizowana w ramach Archiwum Spo\u0142ecznego PIX.HOUSE.<\/p>\n\n\t\t<\/div> \n\t<\/div> <div class=\"separator  normal   \" style=\"border-color: #ffffff;border-width:1px;margin-bottom:40px\"><\/div>\n\n\t<div class=\"wpb_single_image wpb_content_element vc_align_center\">\n\t\t<div class=\"wpb_wrapper\">\n\t\t\t\n\t\t\t<div class=\"vc_single_image-wrapper   vc_box_border_grey\"><img loading=\"lazy\" decoding=\"async\" width=\"300\" height=\"80\" src=\"https:\/\/pix.house\/wp-content\/uploads\/2017\/01\/16667976_10207976126551532_1817005757_o-300x80.jpg\" class=\"vc_single_image-img attachment-medium\" alt=\"\" title=\"16667976_10207976126551532_1817005757_o\" srcset=\"https:\/\/pix.house\/wp-content\/uploads\/2017\/01\/16667976_10207976126551532_1817005757_o-300x80.jpg 300w, https:\/\/pix.house\/wp-content\/uploads\/2017\/01\/16667976_10207976126551532_1817005757_o-800x213.jpg 800w, https:\/\/pix.house\/wp-content\/uploads\/2017\/01\/16667976_10207976126551532_1817005757_o-768x205.jpg 768w, https:\/\/pix.house\/wp-content\/uploads\/2017\/01\/16667976_10207976126551532_1817005757_o-1280x341.jpg 1280w, https:\/\/pix.house\/wp-content\/uploads\/2017\/01\/16667976_10207976126551532_1817005757_o-600x160.jpg 600w, https:\/\/pix.house\/wp-content\/uploads\/2017\/01\/16667976_10207976126551532_1817005757_o-700x187.jpg 700w, https:\/\/pix.house\/wp-content\/uploads\/2017\/01\/16667976_10207976126551532_1817005757_o-1100x293.jpg 1100w, https:\/\/pix.house\/wp-content\/uploads\/2017\/01\/16667976_10207976126551532_1817005757_o.jpg 1500w\" sizes=\"auto, (max-width: 300px) 100vw, 300px\" \/><\/div>\n\t\t<\/div>\n\t<\/div>\n<div class=\"separator  normal   \" style=\"border-color: #ffffff;border-width:1px;margin-bottom:40px\"><\/div>\n<\/div><\/div><\/div><\/div><\/div><div     class=\"vc_row wpb_row section vc_row-fluid \" style=' text-align:left;'><div class=\" full_section_inner clearfix\"><div class=\"wpb_column vc_column_container vc_col-sm-12\"><div class=\"vc_column-inner\"><div class=\"wpb_wrapper\">\n\t<div class=\"wpb_text_column wpb_content_element \">\n\t\t<div class=\"wpb_wrapper\">\n\t\t\t<p><strong>Partnerzy PIX.HOUSE:<\/strong><\/p>\n\n\t\t<\/div> \n\t<\/div> \n\t<div class=\"wpb_single_image wpb_content_element vc_align_center\">\n\t\t<div class=\"wpb_wrapper\">\n\t\t\t\n\t\t\t<div class=\"vc_single_image-wrapper   vc_box_border_grey\"><img loading=\"lazy\" decoding=\"async\" width=\"1560\" height=\"400\" src=\"https:\/\/pix.house\/wp-content\/uploads\/2015\/07\/partnerzy.jpg\" class=\"vc_single_image-img attachment-full\" alt=\"\" title=\"partnerzy\" srcset=\"https:\/\/pix.house\/wp-content\/uploads\/2015\/07\/partnerzy.jpg 1560w, https:\/\/pix.house\/wp-content\/uploads\/2015\/07\/partnerzy-800x205.jpg 800w, https:\/\/pix.house\/wp-content\/uploads\/2015\/07\/partnerzy-300x77.jpg 300w, https:\/\/pix.house\/wp-content\/uploads\/2015\/07\/partnerzy-768x197.jpg 768w, https:\/\/pix.house\/wp-content\/uploads\/2015\/07\/partnerzy-1280x328.jpg 1280w, https:\/\/pix.house\/wp-content\/uploads\/2015\/07\/partnerzy-600x154.jpg 600w, https:\/\/pix.house\/wp-content\/uploads\/2015\/07\/partnerzy-700x179.jpg 700w, https:\/\/pix.house\/wp-content\/uploads\/2015\/07\/partnerzy-1100x282.jpg 1100w\" sizes=\"auto, (max-width: 1560px) 100vw, 1560px\" \/><\/div>\n\t\t<\/div>\n\t<\/div>\n\n\t<div class=\"wpb_single_image wpb_content_element vc_align_left  vc_custom_1490703451103\">\n\t\t<div class=\"wpb_wrapper\">\n\t\t\t\n\t\t\t<div class=\"vc_single_image-wrapper   vc_box_border_grey\"><img loading=\"lazy\" decoding=\"async\" width=\"300\" height=\"64\" src=\"https:\/\/pix.house\/wp-content\/uploads\/2017\/03\/kultura_dlugi-300x64.jpg\" class=\"vc_single_image-img attachment-medium\" alt=\"\" title=\"Beznazwy-1\" srcset=\"https:\/\/pix.house\/wp-content\/uploads\/2017\/03\/kultura_dlugi-300x64.jpg 300w, https:\/\/pix.house\/wp-content\/uploads\/2017\/03\/kultura_dlugi-800x172.jpg 800w, https:\/\/pix.house\/wp-content\/uploads\/2017\/03\/kultura_dlugi-768x165.jpg 768w, https:\/\/pix.house\/wp-content\/uploads\/2017\/03\/kultura_dlugi-600x129.jpg 600w, https:\/\/pix.house\/wp-content\/uploads\/2017\/03\/kultura_dlugi-700x150.jpg 700w, https:\/\/pix.house\/wp-content\/uploads\/2017\/03\/kultura_dlugi.jpg 870w\" sizes=\"auto, (max-width: 300px) 100vw, 300px\" \/><\/div>\n\t\t<\/div>\n\t<\/div>\n<\/div><\/div><\/div><\/div><\/div>\n<\/div>","protected":false},"excerpt":{"rendered":"TERMIN WYSTAWY:\u00a006.04 \u2013 30.04.2017 r. Wernisa\u017c (czwartek 06.04.2017 o 18.00)\u00a0po\u0142\u0105czony ze spotkaniem \"Kolekcjonowanie fotografii\" z Grzegorzem D\u0105browskim\u00a0oraz dyskusj\u0105 z Katarzyn\u0105 Stachnik \u2013 psychologiem, ekspertem w dziedzinie prze\u017cywania \u017ca\u0142oby i S\u0142awomirem Tobisem \u2013 fotografem, kuratorem i arteterapeut\u0105. Wystaw\u0119 mo\u017cna ogl\u0105da\u0107 od wtorku do soboty w godzinach...","protected":false},"author":11,"featured_media":24218,"comment_status":"open","ping_status":"open","sticky":false,"template":"","format":"standard","meta":{"_monsterinsights_skip_tracking":false,"_monsterinsights_sitenote_active":false,"_monsterinsights_sitenote_note":"","_monsterinsights_sitenote_category":0,"footnotes":""},"categories":[47],"tags":[],"class_list":["post-24223","post","type-post","status-publish","format-standard","has-post-thumbnail","hentry","category-wystawy"],"_links":{"self":[{"href":"https:\/\/pix.house\/en\/wp-json\/wp\/v2\/posts\/24223","targetHints":{"allow":["GET"]}}],"collection":[{"href":"https:\/\/pix.house\/en\/wp-json\/wp\/v2\/posts"}],"about":[{"href":"https:\/\/pix.house\/en\/wp-json\/wp\/v2\/types\/post"}],"author":[{"embeddable":true,"href":"https:\/\/pix.house\/en\/wp-json\/wp\/v2\/users\/11"}],"replies":[{"embeddable":true,"href":"https:\/\/pix.house\/en\/wp-json\/wp\/v2\/comments?post=24223"}],"version-history":[{"count":0,"href":"https:\/\/pix.house\/en\/wp-json\/wp\/v2\/posts\/24223\/revisions"}],"wp:featuredmedia":[{"embeddable":true,"href":"https:\/\/pix.house\/en\/wp-json\/wp\/v2\/media\/24218"}],"wp:attachment":[{"href":"https:\/\/pix.house\/en\/wp-json\/wp\/v2\/media?parent=24223"}],"wp:term":[{"taxonomy":"category","embeddable":true,"href":"https:\/\/pix.house\/en\/wp-json\/wp\/v2\/categories?post=24223"},{"taxonomy":"post_tag","embeddable":true,"href":"https:\/\/pix.house\/en\/wp-json\/wp\/v2\/tags?post=24223"}],"curies":[{"name":"wp","href":"https:\/\/api.w.org\/{rel}","templated":true}]}}