{"id":25999,"date":"2017-06-04T22:42:11","date_gmt":"2017-06-04T20:42:11","guid":{"rendered":"http:\/\/pix.house\/?p=25999"},"modified":"2017-06-04T22:42:11","modified_gmt":"2017-06-04T20:42:11","slug":"jak-najdalej-losy-belgradzkich-uchodzcow","status":"publish","type":"post","link":"https:\/\/pix.house\/en\/jak-najdalej-losy-belgradzkich-uchodzcow\/","title":{"rendered":"JAK NAJDALEJ &#8211; LOSY BELGRADZKICH UCHOD\u0179C\u00d3W"},"content":{"rendered":"<div class=\"wpb-content-wrapper\"><div class=\"vc_row wpb_row section vc_row-fluid \" style=' padding-bottom:20px; text-align:left;'><div class=\" full_section_inner clearfix\"><div class=\"wpb_column vc_column_container vc_col-sm-12\"><div class=\"vc_column-inner\"><div class=\"wpb_wrapper\">\n\t<div class=\"wpb_text_column wpb_content_element \">\n\t\t<div class=\"wpb_wrapper\">\n\t\t\t<p><strong>TERMIN SPOTKANIA:<\/strong>\u00a010.06 (sobota) godz. 18.00<\/p>\n<p>Prezentacja zdj\u0119\u0107 <strong>J\u0119drzeja Nowickiego<\/strong> po\u0142\u0105czona z dyskusj\u0105.<\/p>\n<p><strong>Go\u015bcie:\u00a0<\/strong><\/p>\n<p class=\"Tre\"><strong>Katarzyna Czarnota<\/strong> &#8211; stowarzyszenie Rozbrat<\/p>\n<p class=\"Tre\"><strong>\u0141ukasz Cynalewski<\/strong> &#8211; Gazeta Wyborcza<\/p>\n<p><strong>MIEJSCE:<\/strong> Pix.House ul. G\u0142ogowska 35a<\/p>\n\n\t\t<\/div> \n\t<\/div> <\/div><\/div><\/div><div class=\"wpb_column vc_column_container vc_col-sm-12\"><div class=\"vc_column-inner\"><div class=\"wpb_wrapper\">\n\t<div class=\"wpb_single_image wpb_content_element vc_align_center\">\n\t\t<div class=\"wpb_wrapper\">\n\t\t\t\n\t\t\t<div class=\"vc_single_image-wrapper   vc_box_border_grey\"><img loading=\"lazy\" decoding=\"async\" width=\"1060\" height=\"707\" src=\"https:\/\/pix.house\/wp-content\/uploads\/2017\/06\/JN5D2264.jpg\" class=\"vc_single_image-img attachment-large\" alt=\"\" title=\"JN5D2264\" srcset=\"https:\/\/pix.house\/wp-content\/uploads\/2017\/06\/JN5D2264.jpg 1200w, https:\/\/pix.house\/wp-content\/uploads\/2017\/06\/JN5D2264-800x533.jpg 800w, https:\/\/pix.house\/wp-content\/uploads\/2017\/06\/JN5D2264-600x400.jpg 600w, https:\/\/pix.house\/wp-content\/uploads\/2017\/06\/JN5D2264-300x200.jpg 300w, https:\/\/pix.house\/wp-content\/uploads\/2017\/06\/JN5D2264-768x512.jpg 768w, https:\/\/pix.house\/wp-content\/uploads\/2017\/06\/JN5D2264-700x467.jpg 700w, https:\/\/pix.house\/wp-content\/uploads\/2017\/06\/JN5D2264-1100x733.jpg 1100w\" sizes=\"auto, (max-width: 1060px) 100vw, 1060px\" \/><\/div>\n\t\t<\/div>\n\t<\/div>\n<\/div><\/div><\/div><\/div><\/div><div     class=\"vc_row wpb_row section vc_row-fluid \" style=' text-align:left;'><div class=\" full_section_inner clearfix\"><div class=\"wpb_column vc_column_container vc_col-sm-12\"><div class=\"vc_column-inner\"><div class=\"wpb_wrapper\">\n\t<div class=\"wpb_text_column wpb_content_element \">\n\t\t<div class=\"wpb_wrapper\">\n\t\t\t<p><strong>JAK NAJDALEJ &#8211; LOSY BELGRADZKICH UCHOD\u0179C\u00d3W | J\u0118DRZEJ NOWICKI\u00a0\u00a0\u00a0\u00a0\u00a0\u00a0<\/strong><\/p>\n<p style=\"text-align: justify;\">\u201eG\u0119sty dym w\u017cera si\u0119 w p\u0142uca, wchodzi w oczy, usta, dra\u017cni w nosie. W \u015brodku ciemno. Siedz\u0105 po kilku, kilkunastu. Omotani w koce, przytuleni, wymarzni\u0119ci po nocy i brudni po dniach. Wi\u0119kszo\u015b\u0107 jeszcze \u015bpi kiedy nad Belgradem wstaje s\u0142o\u0144ce i zaczyna kolejny dzie\u0144 w serbskiej \u201eD\u017cungli\u201d zawieszonej mi\u0119dzy budow\u0105 luksusowego apartamentowca, z kt\u00f3rej mo\u017cna ukra\u015b\u0107 wod\u0119 do mycia a belgradzkim dworcem kolejowym, z kt\u00f3rego mo\u017cna spr\u00f3bowa\u0107 dosta\u0107 si\u0119 do granicy. Przyszli g\u0142\u00f3wnie z Afganistanu i Pakistanu. Id\u0105 do Francji, Niemiec, Austrii, Belgii. Gdzie maj\u0105 znajomych albo rodzin\u0119 tam id\u0105. Ale musieli przystan\u0105\u0107. Zjednoczona Europa zatrzasn\u0119\u0142a drzwi do raju. Uciekaj\u0105 przed Talibanem, przed bied\u0105, przed \u017cyciem, kt\u00f3re w Europie podobno mniej ci\u0105\u017cy. Najm\u0142odszy &#8211; Aziz &#8211; ma 8 lat. Najstarszy Jawedahtan &#8211; 63 &#8211; przyszed\u0142 tu razem z bratem. To ogromne szcz\u0119\u015bcie mie\u0107 tu kogo\u015b z rodziny, bo ten najm\u0142odszy Aziz przyszed\u0142 sam. Nowych braci i ojc\u00f3w znalaz\u0142 ju\u017c na miejscu. W barakach mieszka oko\u0142o 1000 os\u00f3b. Sami m\u0119\u017cczy\u017ani. Kobiety z dzie\u0107mi wybra\u0142y legalne obozy. Stamt\u0105d raczej deportacja ni\u017c szansa przebicia si\u0119 przez granic\u0119, wi\u0119c m\u0119\u017cczy\u017ani koczuj\u0105 tutaj.\u201d *<\/p>\n<p style=\"text-align: justify;\">Baraki, w kt\u00f3rych schronienie przez ostatni rok znalaz\u0142o ponad tysi\u0105c os\u00f3b zosta\u0142y zburzone. W ich miejscu powstan\u0105 luksusowe apartamentowce. To z\u0142o\u017cona i trudna historia ludzi, kt\u00f3rych jak najdalej od siebie chc\u0105 mie\u0107 serbskie w\u0142adze i arabski inwestor. To te\u017c historia ludzi, kt\u00f3rzy chc\u0105 by\u0107 jak najdalej od swoich dom\u00f3w &#8211; z dala od talibskich karabin\u00f3w i afga\u0144skiej biedy. Spotkanie rozpocznie si\u0119 pokazem zdj\u0119\u0107. Po pokazie odb\u0119dzie si\u0119 dyskusja, w kt\u00f3rej o belgradzkich uchod\u017acach porozmawiaj\u0105 \u0141ukasz Cynalewski, Katarzyna Czarnota i J\u0119drzej Nowicki.<\/p>\n<p style=\"text-align: right;\"><em>*Fragment reporta\u017cu dla Gazety Wyborczej, J\u0119drzej Nowicki<\/em><\/p>\n\n\t\t<\/div> \n\t<\/div> <div class=\"separator  normal   \" style=\"border-color: #ffffff;border-width:1px;margin-bottom:40px\"><\/div>\n<\/div><\/div><\/div><\/div><\/div><div     class=\"vc_row wpb_row section vc_row-fluid \" style=' text-align:left;'><div class=\" full_section_inner clearfix\"><div class=\"wpb_column vc_column_container vc_col-sm-12\"><div class=\"vc_column-inner\"><div class=\"wpb_wrapper\"><div class='qode_image_gallery_no_space dark highlight_active'><div class='qode_image_gallery_holder' style='height: 533px;'><ul><li><div style=\"height: 533px; width:800px;\"><a class=\"prettyphoto\" rel=\"prettyPhoto[rel-1795178363]\" href=\"https:\/\/pix.house\/wp-content\/uploads\/2017\/06\/JN5D4692.jpg\"><img decoding=\"async\" src=\"https:\/\/pix.house\/wp-content\/uploads\/2017\/06\/JN5D4692.jpg\" alt=\"\" \/><\/a><\/div><\/li><li><div style=\"height: 533px; width:800px;\"><a class=\"prettyphoto\" rel=\"prettyPhoto[rel-1795178363]\" href=\"https:\/\/pix.house\/wp-content\/uploads\/2017\/06\/JN5D9188.jpg\"><img decoding=\"async\" src=\"https:\/\/pix.house\/wp-content\/uploads\/2017\/06\/JN5D9188.jpg\" alt=\"\" \/><\/a><\/div><\/li><li><div style=\"height: 533px; width:800px;\"><a class=\"prettyphoto\" rel=\"prettyPhoto[rel-1795178363]\" href=\"https:\/\/pix.house\/wp-content\/uploads\/2017\/06\/JN5D0696.jpg\"><img decoding=\"async\" src=\"https:\/\/pix.house\/wp-content\/uploads\/2017\/06\/JN5D0696.jpg\" alt=\"\" \/><\/a><\/div><\/li><li><div style=\"height: 533px; width:800px;\"><a class=\"prettyphoto\" rel=\"prettyPhoto[rel-1795178363]\" href=\"https:\/\/pix.house\/wp-content\/uploads\/2017\/06\/JN5D1480.jpg\"><img decoding=\"async\" src=\"https:\/\/pix.house\/wp-content\/uploads\/2017\/06\/JN5D1480.jpg\" alt=\"\" \/><\/a><\/div><\/li><li><div style=\"height: 533px; width:800px;\"><a class=\"prettyphoto\" rel=\"prettyPhoto[rel-1795178363]\" href=\"https:\/\/pix.house\/wp-content\/uploads\/2017\/06\/JN5D0771.jpg\"><img decoding=\"async\" src=\"https:\/\/pix.house\/wp-content\/uploads\/2017\/06\/JN5D0771.jpg\" alt=\"\" \/><\/a><\/div><\/li><li><div style=\"height: 533px; width:800px;\"><a class=\"prettyphoto\" rel=\"prettyPhoto[rel-1795178363]\" href=\"https:\/\/pix.house\/wp-content\/uploads\/2017\/06\/JN5D1420.jpg\"><img decoding=\"async\" src=\"https:\/\/pix.house\/wp-content\/uploads\/2017\/06\/JN5D1420.jpg\" alt=\"\" \/><\/a><\/div><\/li><li><div style=\"height: 533px; width:800px;\"><a class=\"prettyphoto\" rel=\"prettyPhoto[rel-1795178363]\" href=\"https:\/\/pix.house\/wp-content\/uploads\/2017\/06\/JN5D9350.jpg\"><img decoding=\"async\" src=\"https:\/\/pix.house\/wp-content\/uploads\/2017\/06\/JN5D9350.jpg\" alt=\"\" \/><\/a><\/div><\/li><\/ul><\/div><div class=\"controls\"><a class=\"prev-slide\" href=\"#\"><span class=\"arrow_carrot-left\"><\/span><\/a><a class=\"next-slide\" href=\"#\"><span class=\"arrow_carrot-right\"><\/span><\/a><\/div><\/div><div class=\"separator  normal   \" style=\"border-color: #ffffff;border-width:1px;margin-bottom:40px\"><\/div>\n<\/div><\/div><\/div><\/div><\/div><div     class=\"vc_row wpb_row section vc_row-fluid \" style=' text-align:left;'><div class=\" full_section_inner clearfix\"><div class=\"wpb_column vc_column_container vc_col-sm-12\"><div class=\"vc_column-inner\"><div class=\"wpb_wrapper\">\n\t<div class=\"wpb_text_column wpb_content_element \">\n\t\t<div class=\"wpb_wrapper\">\n\t\t\t<p style=\"text-align: justify;\"><strong>J\u0119drzej Nowicki<\/strong><\/p>\n<p style=\"text-align: justify;\">Ur. 1995, fotoreporter Gazety Wyborczej i student na Wydziale Nauk Spo\u0142ecznych Uniwersytetu im. Adama Mickiewicza. W swojej pracy skupia si\u0119 na problemach wykluczenia spo\u0142ecznego, praw cz\u0142owieka, solidarno\u015bci i niesprawiedliwo\u015bci.<\/p>\n\n\t\t<\/div> \n\t<\/div> <div class=\"separator  normal   \" style=\"border-color: #ffffff;border-width:1px;margin-bottom:40px\"><\/div>\n<\/div><\/div><\/div><\/div><\/div><div     class=\"vc_row wpb_row section vc_row-fluid \" style=' text-align:left;'><div class=\" full_section_inner clearfix\"><div class=\"wpb_column vc_column_container vc_col-sm-12\"><div class=\"vc_column-inner\"><div class=\"wpb_wrapper\">\n\t<div class=\"wpb_text_column wpb_content_element \">\n\t\t<div class=\"wpb_wrapper\">\n\t\t\t<p><strong>Partnerzy PIX.HOUSE:<\/strong><\/p>\n\n\t\t<\/div> \n\t<\/div> \n\t<div class=\"wpb_single_image wpb_content_element vc_align_center\">\n\t\t<div class=\"wpb_wrapper\">\n\t\t\t\n\t\t\t<div class=\"vc_single_image-wrapper   vc_box_border_grey\"><img loading=\"lazy\" decoding=\"async\" width=\"1560\" height=\"400\" src=\"https:\/\/pix.house\/wp-content\/uploads\/2015\/07\/partnerzy.jpg\" class=\"vc_single_image-img attachment-full\" alt=\"\" title=\"partnerzy\" srcset=\"https:\/\/pix.house\/wp-content\/uploads\/2015\/07\/partnerzy.jpg 1560w, https:\/\/pix.house\/wp-content\/uploads\/2015\/07\/partnerzy-800x205.jpg 800w, https:\/\/pix.house\/wp-content\/uploads\/2015\/07\/partnerzy-300x77.jpg 300w, https:\/\/pix.house\/wp-content\/uploads\/2015\/07\/partnerzy-768x197.jpg 768w, https:\/\/pix.house\/wp-content\/uploads\/2015\/07\/partnerzy-1280x328.jpg 1280w, https:\/\/pix.house\/wp-content\/uploads\/2015\/07\/partnerzy-600x154.jpg 600w, https:\/\/pix.house\/wp-content\/uploads\/2015\/07\/partnerzy-700x179.jpg 700w, https:\/\/pix.house\/wp-content\/uploads\/2015\/07\/partnerzy-1100x282.jpg 1100w\" sizes=\"auto, (max-width: 1560px) 100vw, 1560px\" \/><\/div>\n\t\t<\/div>\n\t<\/div>\n\n\t<div class=\"wpb_single_image wpb_content_element vc_align_left  vc_custom_1490703451103\">\n\t\t<div class=\"wpb_wrapper\">\n\t\t\t\n\t\t\t<div class=\"vc_single_image-wrapper   vc_box_border_grey\"><img loading=\"lazy\" decoding=\"async\" width=\"300\" height=\"64\" src=\"https:\/\/pix.house\/wp-content\/uploads\/2017\/03\/kultura_dlugi-300x64.jpg\" class=\"vc_single_image-img attachment-medium\" alt=\"\" title=\"Beznazwy-1\" srcset=\"https:\/\/pix.house\/wp-content\/uploads\/2017\/03\/kultura_dlugi-300x64.jpg 300w, https:\/\/pix.house\/wp-content\/uploads\/2017\/03\/kultura_dlugi-800x172.jpg 800w, https:\/\/pix.house\/wp-content\/uploads\/2017\/03\/kultura_dlugi-768x165.jpg 768w, https:\/\/pix.house\/wp-content\/uploads\/2017\/03\/kultura_dlugi-600x129.jpg 600w, https:\/\/pix.house\/wp-content\/uploads\/2017\/03\/kultura_dlugi-700x150.jpg 700w, https:\/\/pix.house\/wp-content\/uploads\/2017\/03\/kultura_dlugi.jpg 870w\" sizes=\"auto, (max-width: 300px) 100vw, 300px\" \/><\/div>\n\t\t<\/div>\n\t<\/div>\n<\/div><\/div><\/div><\/div><\/div>\n<\/div>","protected":false},"excerpt":{"rendered":"TERMIN SPOTKANIA:\u00a010.06 (sobota) godz. 18.00 Prezentacja zdj\u0119\u0107 J\u0119drzeja Nowickiego po\u0142\u0105czona z dyskusj\u0105. Go\u015bcie:\u00a0 Katarzyna Czarnota - stowarzyszenie Rozbrat \u0141ukasz Cynalewski - Gazeta Wyborcza MIEJSCE: Pix.House ul. G\u0142ogowska 35a JAK NAJDALEJ - LOSY BELGRADZKICH UCHOD\u0179C\u00d3W | J\u0118DRZEJ NOWICKI\u00a0\u00a0\u00a0\u00a0\u00a0\u00a0 \u201eG\u0119sty dym w\u017cera si\u0119 w p\u0142uca, wchodzi w...","protected":false},"author":11,"featured_media":26010,"comment_status":"open","ping_status":"open","sticky":false,"template":"","format":"standard","meta":{"_monsterinsights_skip_tracking":false,"_monsterinsights_sitenote_active":false,"_monsterinsights_sitenote_note":"","_monsterinsights_sitenote_category":0,"footnotes":""},"categories":[47],"tags":[],"class_list":["post-25999","post","type-post","status-publish","format-standard","has-post-thumbnail","hentry","category-wystawy"],"_links":{"self":[{"href":"https:\/\/pix.house\/en\/wp-json\/wp\/v2\/posts\/25999","targetHints":{"allow":["GET"]}}],"collection":[{"href":"https:\/\/pix.house\/en\/wp-json\/wp\/v2\/posts"}],"about":[{"href":"https:\/\/pix.house\/en\/wp-json\/wp\/v2\/types\/post"}],"author":[{"embeddable":true,"href":"https:\/\/pix.house\/en\/wp-json\/wp\/v2\/users\/11"}],"replies":[{"embeddable":true,"href":"https:\/\/pix.house\/en\/wp-json\/wp\/v2\/comments?post=25999"}],"version-history":[{"count":3,"href":"https:\/\/pix.house\/en\/wp-json\/wp\/v2\/posts\/25999\/revisions"}],"predecessor-version":[{"id":26016,"href":"https:\/\/pix.house\/en\/wp-json\/wp\/v2\/posts\/25999\/revisions\/26016"}],"wp:featuredmedia":[{"embeddable":true,"href":"https:\/\/pix.house\/en\/wp-json\/wp\/v2\/media\/26010"}],"wp:attachment":[{"href":"https:\/\/pix.house\/en\/wp-json\/wp\/v2\/media?parent=25999"}],"wp:term":[{"taxonomy":"category","embeddable":true,"href":"https:\/\/pix.house\/en\/wp-json\/wp\/v2\/categories?post=25999"},{"taxonomy":"post_tag","embeddable":true,"href":"https:\/\/pix.house\/en\/wp-json\/wp\/v2\/tags?post=25999"}],"curies":[{"name":"wp","href":"https:\/\/api.w.org\/{rel}","templated":true}]}}