{"id":26580,"date":"2017-08-12T12:07:59","date_gmt":"2017-08-12T10:07:59","guid":{"rendered":"http:\/\/pix.house\/?p=26580"},"modified":"2017-08-22T16:03:59","modified_gmt":"2017-08-22T14:03:59","slug":"pressphoto","status":"publish","type":"post","link":"https:\/\/pix.house\/en\/pressphoto\/","title":{"rendered":"BZ WBK Press Foto 2017"},"content":{"rendered":"<div class=\"wpb-content-wrapper\"><div class=\"vc_row wpb_row section vc_row-fluid \" style=' text-align:left;'><div class=\" full_section_inner clearfix\"><div class=\"wpb_column vc_column_container vc_col-sm-12\"><div class=\"vc_column-inner\"><div class=\"wpb_wrapper\">\n\t<div class=\"wpb_text_column wpb_content_element \">\n\t\t<div class=\"wpb_wrapper\">\n\t\t\t<p><strong>TERMIN WYSTAWY:<\/strong>\u00a025.08 \u2013 06.09.2017 r.<\/p>\n<p><strong>MIEJSCE WYSTAWY:<\/strong> PIX.HOUSE &#8211; UL. G\u0141OGOWSKA 35a Pozna\u0144<\/p>\n<p><strong>Wernisa\u017c:\u00a0<\/strong>pi\u0105tek 25.08.2017 \u00a0godz. 18.00<b>\u00a0<\/b>(Inkubator Kultury Pireus ul. G\u0142ogowska 35, Pozna\u0144)<\/p>\n<p><strong>SPOTKANIE AUTORSKIE Z KAROLIN\u0104 JONDERKO:<\/strong> 25.08 godz. 16.30 \u2013 wst\u0119p wolny (Inkubator Kultury Pireus ul. G\u0142ogowska 35, Pozna\u0144)<\/p>\n<p><strong>WARSZTATY FOTOGRAFICZNE:<\/strong> 25-26.08 \u2013 zapisy: biuro@bzwbkpressfoto.pl (Inkubator Kultury Pireus ul. G\u0142ogowska 35, Pozna\u0144)<\/p>\n<p>Wystaw\u0119 mo\u017cna ogl\u0105da\u0107 od <strong>wtorku do soboty<\/strong> w godzinach 16:00-20:00, w <strong>niedziel\u0119<\/strong> w godzinach 14:00 &#8211; 16:00.<\/p>\n<p>W <strong>poniedzia\u0142ki<\/strong>\u00a0wystawa jest zamkni\u0119ta.<\/p>\n<p><strong>WST\u0118P WOLNY<\/strong><\/p>\n\n\t\t<\/div> \n\t<\/div> <\/div><\/div><\/div><div class=\"wpb_column vc_column_container vc_col-sm-12\"><div class=\"vc_column-inner\"><div class=\"wpb_wrapper\">\n\t<div class=\"wpb_text_column wpb_content_element \">\n\t\t<div class=\"wpb_wrapper\">\n\t\t\t<p><strong>Zdj\u0119cie Roku<\/strong><\/p>\n<p><em>SZYMON BARYLSKI, FREELANCER<\/em><\/p>\n\n\t\t<\/div> \n\t<\/div> \n\t<div class=\"wpb_single_image wpb_content_element vc_align_center\">\n\t\t<div class=\"wpb_wrapper\">\n\t\t\t\n\t\t\t<div class=\"vc_single_image-wrapper   vc_box_border_grey\"><img loading=\"lazy\" decoding=\"async\" width=\"1024\" height=\"683\" src=\"https:\/\/pix.house\/wp-content\/uploads\/2017\/08\/Zdj\u0119cie-Roku.jpg\" class=\"vc_single_image-img attachment-large\" alt=\"\" title=\"Zdj\u0119cie Roku\" srcset=\"https:\/\/pix.house\/wp-content\/uploads\/2017\/08\/Zdj\u0119cie-Roku.jpg 1024w, https:\/\/pix.house\/wp-content\/uploads\/2017\/08\/Zdj\u0119cie-Roku-800x534.jpg 800w, https:\/\/pix.house\/wp-content\/uploads\/2017\/08\/Zdj\u0119cie-Roku-600x400.jpg 600w, https:\/\/pix.house\/wp-content\/uploads\/2017\/08\/Zdj\u0119cie-Roku-300x200.jpg 300w, https:\/\/pix.house\/wp-content\/uploads\/2017\/08\/Zdj\u0119cie-Roku-768x512.jpg 768w, https:\/\/pix.house\/wp-content\/uploads\/2017\/08\/Zdj\u0119cie-Roku-700x467.jpg 700w\" sizes=\"auto, (max-width: 1024px) 100vw, 1024px\" \/><\/div>\n\t\t<\/div>\n\t<\/div>\n\n\t<div class=\"wpb_text_column wpb_content_element \">\n\t\t<div class=\"wpb_wrapper\">\n\t\t\t<p style=\"text-align: justify;\">Ob\u00f3z uchod\u017ac\u00f3w w Idomeni na granicy grecko-macedo\u0144skiej, do kt\u00f3rego przybywaj\u0105 tysi\u0105ce imigrant\u00f3w. Mo\u017cna tam spotka\u0107 ludzi z r\u00f3\u017cnych warstw spo\u0142ecznych. Wszyscy znale\u017ali si\u0119 tutaj, uciekaj\u0105c przed wojn\u0105, \u015bmierci\u0105 i g\u0142odem.<br \/>\nIdomeni (Grecja), 6 marca 2016 r.<\/p>\n\n\t\t<\/div> \n\t<\/div> <\/div><\/div><\/div><\/div><\/div><div     class=\"vc_row wpb_row section vc_row-fluid \" style=' text-align:left;'><div class=\" full_section_inner clearfix\"><div class=\"wpb_column vc_column_container vc_col-sm-12\"><div class=\"vc_column-inner\"><div class=\"wpb_wrapper\">\n\t<div class=\"wpb_text_column wpb_content_element \">\n\t\t<div class=\"wpb_wrapper\">\n\t\t\t<p style=\"text-align: justify;\"><strong>BZWBK PRESS PHOTO 2017 <\/strong>| wystawa najlepszych zdj\u0119\u0107 polskich fotoreporter\u00f3w<\/p>\n<p style=\"text-align: justify;\"><em><strong>149 zdj\u0119\u0107, kt\u00f3rych nie da si\u0119 zapomnie\u0107, spotkanie autorskie z laureatk\u0105 konkursu, dwudniowe warsztaty fotograficzne, dwa aparaty Instax mini 70 do wygrania \u2013 to wszystko w Galerii Pix.House w Poznaniu.<\/strong><\/em><\/p>\n<p style=\"text-align: justify;\">Ju\u017c 25 sierpnia o godz. 18.00 zapraszamy do galerii Pix.House \u00a0na wernisa\u017c otwieraj\u0105cy wystaw\u0119 zdj\u0119\u0107 laureat\u00f3w 13. edycji konkursu BZ WBK Press Foto 2017. Wcze\u015bniej o godz. 16.30 odb\u0119dzie si\u0119 spotkanie autorskie z Karolin\u0105 Jonderko, laureatk\u0105 konkursu, kt\u00f3rej fotoreporta\u017c z tzw. Ma\u0142ej Polski zaj\u0105\u0142 II miejsce w kategorii \u017bycie codzienne.\u00a0 Wst\u0119p na wernisa\u017c jest wolny.<\/p>\n<p style=\"text-align: justify;\">Nagrodzone zdj\u0119cia przypominaj\u0105 nam, co by\u0142o wa\u017cne w Polsce i na \u015bwiecie w ubieg\u0142ym roku. Przywo\u0142uj\u0105 na nowo emocje zwi\u0105zane z takimi wydarzeniami jak m.in. \u015awiatowe Dni M\u0142odzie\u017cy czy Euro 2016, ale przede wszystkim pokazuj\u0105 ludzi w ich codzienno\u015bci, kt\u00f3ra mo\u017ce by\u0107 bardzo odmienna w zale\u017cno\u015bci od cz\u0119\u015bci \u015bwiata.<\/p>\n<p style=\"text-align: justify;\">Laureatem najwa\u017cniejszej nagrody w konkursie za <strong>Zdj\u0119cie Roku<\/strong> jest <strong>Szymon Barylski<\/strong>, freelancer<strong>.<\/strong> Nagrodzone zdj\u0119cie zosta\u0142o wykonane w marcu 2016 r. w obozie uchod\u017ac\u00f3w w Idomeni na granicy grecko-macedo\u0144skiej, do kt\u00f3rego przybywaj\u0105 tysi\u0105ce imigrant\u00f3w z r\u00f3\u017cnych warstw spo\u0142ecznych, uciekaj\u0105c przed wojn\u0105, \u015bmierci\u0105 i g\u0142odem.<\/p>\n<p style=\"text-align: justify;\">&#8211; <em>To zdj\u0119cie, na kt\u00f3re trzeba chwil\u0119 popatrze\u0107. Nie od razu wszystko jest jasne i zrozumia\u0142e. Panuje na nim pozornie chaos i ba\u0142agan. Jednak po chwili wypatrujemy po\u015br\u00f3d tej z\u0142o\u015bci, przepychanek i t\u0142oku skulon\u0105 kobiet\u0119, jej pozbawione nadziei spojrzenie, rezygnacj\u0119 i apati\u0119. Zajmuje tylko niewielki fragment kadru, a jednak jest najwa\u017cniejsza i nasz wzrok nieodparcie trafia w\u0142a\u015bnie na ni\u0105. To bardzo przejmuj\u0105ce zdj\u0119cie \u2013 <\/em>powiedzia\u0142 Piotr Janowski, przewodnicz\u0105cy jury 13. edycji konkursu.<\/p>\n<p style=\"text-align: justify;\">Ca\u0142y fotoreporta\u017c, z kt\u00f3rego pochodzi Zdj\u0119cie Roku, zaj\u0105\u0142 r\u00f3wnie\u017c I miejsce w kategorii Wydarzenia.<\/p>\n<p style=\"text-align: justify;\"><strong>Karolina Jonderko<\/strong> poprowadzi tak\u017ce dwudniowe warsztaty fotograficzne. W ramach warsztat\u00f3w odb\u0119dzie si\u0119 konkurs na najlepsze zdj\u0119cie. Nagroda g\u0142\u00f3wna to aparat Instax mini 70 w filmem. Przewidziane s\u0105 r\u00f3wnie\u017c nagrody dodatkowe.<\/p>\n<p style=\"text-align: justify;\">Organizatorem i mecenasem konkursu jest Bank Zachodni WBK, partnerem technologicznym Fujifilm, a patronami medialnymi: dziennik Rzeczpospolita, TVP Kultura, Polskie Radio PR 1 oraz Interia.<\/p>\n\n\t\t<\/div> \n\t<\/div> <\/div><\/div><\/div><\/div><\/div><div     class=\"vc_row wpb_row section vc_row-fluid \" style=' text-align:left;'><div class=\" full_section_inner clearfix\"><div class=\"wpb_column vc_column_container vc_col-sm-12\"><div class=\"vc_column-inner\"><div class=\"wpb_wrapper\"><div class='qode_image_gallery_no_space dark highlight_active'><div class='qode_image_gallery_holder' style='height: 533px;'><ul><li><div style=\"height: 533px; width:801px;\"><a class=\"prettyphoto\" rel=\"prettyPhoto[rel-1152492538]\" href=\"https:\/\/pix.house\/wp-content\/uploads\/2017\/08\/1.jpg\"><img decoding=\"async\" src=\"https:\/\/pix.house\/wp-content\/uploads\/2017\/08\/1.jpg\" alt=\"\" \/><\/a><\/div><\/li><li><div style=\"height: 533px; width:808px;\"><a class=\"prettyphoto\" rel=\"prettyPhoto[rel-1152492538]\" href=\"https:\/\/pix.house\/wp-content\/uploads\/2017\/08\/2.jpg\"><img decoding=\"async\" src=\"https:\/\/pix.house\/wp-content\/uploads\/2017\/08\/2.jpg\" alt=\"\" \/><\/a><\/div><\/li><li><div style=\"height: 533px; width:801px;\"><a class=\"prettyphoto\" rel=\"prettyPhoto[rel-1152492538]\" href=\"https:\/\/pix.house\/wp-content\/uploads\/2017\/08\/3.jpg\"><img decoding=\"async\" src=\"https:\/\/pix.house\/wp-content\/uploads\/2017\/08\/3.jpg\" alt=\"\" \/><\/a><\/div><\/li><li><div style=\"height: 533px; width:802px;\"><a class=\"prettyphoto\" rel=\"prettyPhoto[rel-1152492538]\" href=\"https:\/\/pix.house\/wp-content\/uploads\/2017\/08\/4.jpg\"><img decoding=\"async\" src=\"https:\/\/pix.house\/wp-content\/uploads\/2017\/08\/4.jpg\" alt=\"\" \/><\/a><\/div><\/li><li><div style=\"height: 533px; width:356px;\"><a class=\"prettyphoto\" rel=\"prettyPhoto[rel-1152492538]\" href=\"https:\/\/pix.house\/wp-content\/uploads\/2017\/08\/5.jpg\"><img decoding=\"async\" src=\"https:\/\/pix.house\/wp-content\/uploads\/2017\/08\/5.jpg\" alt=\"\" \/><\/a><\/div><\/li><li><div style=\"height: 533px; width:801px;\"><a class=\"prettyphoto\" rel=\"prettyPhoto[rel-1152492538]\" href=\"https:\/\/pix.house\/wp-content\/uploads\/2017\/08\/6.jpg\"><img decoding=\"async\" src=\"https:\/\/pix.house\/wp-content\/uploads\/2017\/08\/6.jpg\" alt=\"\" \/><\/a><\/div><\/li><li><div style=\"height: 533px; width:801px;\"><a class=\"prettyphoto\" rel=\"prettyPhoto[rel-1152492538]\" href=\"https:\/\/pix.house\/wp-content\/uploads\/2017\/08\/7.jpg\"><img decoding=\"async\" src=\"https:\/\/pix.house\/wp-content\/uploads\/2017\/08\/7.jpg\" alt=\"\" \/><\/a><\/div><\/li><li><div style=\"height: 533px; width:800px;\"><a class=\"prettyphoto\" rel=\"prettyPhoto[rel-1152492538]\" href=\"https:\/\/pix.house\/wp-content\/uploads\/2017\/08\/8.jpg\"><img decoding=\"async\" src=\"https:\/\/pix.house\/wp-content\/uploads\/2017\/08\/8.jpg\" alt=\"\" \/><\/a><\/div><\/li><li><div style=\"height: 533px; width:800px;\"><a class=\"prettyphoto\" rel=\"prettyPhoto[rel-1152492538]\" href=\"https:\/\/pix.house\/wp-content\/uploads\/2017\/08\/9.jpg\"><img decoding=\"async\" src=\"https:\/\/pix.house\/wp-content\/uploads\/2017\/08\/9.jpg\" alt=\"\" \/><\/a><\/div><\/li><\/ul><\/div><div class=\"controls\"><a class=\"prev-slide\" href=\"#\"><span class=\"arrow_carrot-left\"><\/span><\/a><a class=\"next-slide\" href=\"#\"><span class=\"arrow_carrot-right\"><\/span><\/a><\/div><\/div><\/div><\/div><\/div><\/div><\/div>\n<\/div>","protected":false},"excerpt":{"rendered":"TERMIN WYSTAWY:\u00a025.08 \u2013 06.09.2017 r. MIEJSCE WYSTAWY: PIX.HOUSE - UL. G\u0141OGOWSKA 35a Pozna\u0144 Wernisa\u017c:\u00a0pi\u0105tek 25.08.2017 \u00a0godz. 18.00\u00a0(Inkubator Kultury Pireus ul. G\u0142ogowska 35, Pozna\u0144) SPOTKANIE AUTORSKIE Z KAROLIN\u0104 JONDERKO: 25.08 godz. 16.30 \u2013 wst\u0119p wolny (Inkubator Kultury Pireus ul. G\u0142ogowska 35, Pozna\u0144) WARSZTATY FOTOGRAFICZNE: 25-26.08 \u2013...","protected":false},"author":11,"featured_media":26581,"comment_status":"open","ping_status":"open","sticky":false,"template":"","format":"standard","meta":{"_monsterinsights_skip_tracking":false,"_monsterinsights_sitenote_active":false,"_monsterinsights_sitenote_note":"","_monsterinsights_sitenote_category":0,"footnotes":""},"categories":[47],"tags":[],"class_list":["post-26580","post","type-post","status-publish","format-standard","has-post-thumbnail","hentry","category-wystawy"],"_links":{"self":[{"href":"https:\/\/pix.house\/en\/wp-json\/wp\/v2\/posts\/26580","targetHints":{"allow":["GET"]}}],"collection":[{"href":"https:\/\/pix.house\/en\/wp-json\/wp\/v2\/posts"}],"about":[{"href":"https:\/\/pix.house\/en\/wp-json\/wp\/v2\/types\/post"}],"author":[{"embeddable":true,"href":"https:\/\/pix.house\/en\/wp-json\/wp\/v2\/users\/11"}],"replies":[{"embeddable":true,"href":"https:\/\/pix.house\/en\/wp-json\/wp\/v2\/comments?post=26580"}],"version-history":[{"count":5,"href":"https:\/\/pix.house\/en\/wp-json\/wp\/v2\/posts\/26580\/revisions"}],"predecessor-version":[{"id":26601,"href":"https:\/\/pix.house\/en\/wp-json\/wp\/v2\/posts\/26580\/revisions\/26601"}],"wp:featuredmedia":[{"embeddable":true,"href":"https:\/\/pix.house\/en\/wp-json\/wp\/v2\/media\/26581"}],"wp:attachment":[{"href":"https:\/\/pix.house\/en\/wp-json\/wp\/v2\/media?parent=26580"}],"wp:term":[{"taxonomy":"category","embeddable":true,"href":"https:\/\/pix.house\/en\/wp-json\/wp\/v2\/categories?post=26580"},{"taxonomy":"post_tag","embeddable":true,"href":"https:\/\/pix.house\/en\/wp-json\/wp\/v2\/tags?post=26580"}],"curies":[{"name":"wp","href":"https:\/\/api.w.org\/{rel}","templated":true}]}}