{"id":27094,"date":"2017-10-22T18:23:48","date_gmt":"2017-10-22T16:23:48","guid":{"rendered":"http:\/\/pix.house\/?p=27094"},"modified":"2017-11-28T10:14:22","modified_gmt":"2017-11-28T09:14:22","slug":"sputnik_photos","status":"publish","type":"post","link":"https:\/\/pix.house\/en\/sputnik_photos\/","title":{"rendered":"[Niekompletny] spis rzeczy | Sputnik Photos"},"content":{"rendered":"<div class=\"wpb-content-wrapper\"><div class=\"vc_row wpb_row section vc_row-fluid \" style=' text-align:left;'><div class=\" full_section_inner clearfix\"><div class=\"wpb_column vc_column_container vc_col-sm-12\"><div class=\"vc_column-inner\"><div class=\"wpb_wrapper\">\n\t<div class=\"wpb_text_column wpb_content_element \">\n\t\t<div class=\"wpb_wrapper\">\n\t\t\t<p><strong>TERMIN WYSTAWY:<\/strong>\u00a024.11 \u2013 08.12.2017 r.<\/p>\n<p><strong>MIEJSCE WYSTAWY:<\/strong> PIX.HOUSE &#8211; UL. G\u0141OGOWSKA 35a Pozna\u0144<\/p>\n<p><strong>Wernisa\u017c:\u00a0<\/strong>pi\u0105tek 24.11.2017 \u00a0godz. 17.00<\/p>\n<p>Wystawa w ramach festiwalu ksi\u0105\u017cek fotograficznych <strong>XPRINT<\/strong> &#8212;-&gt; <a href=\"http:\/\/pix.house\/xprint2017\/\" target=\"_blank\" rel=\"noopener\">wi\u0119cej informacji<\/a><\/p>\n<p>Wystaw\u0119 mo\u017cna ogl\u0105da\u0107 od <strong>wtorku do niedzieli<\/strong> w godzinach 17:00-20:00<\/p>\n<p>W <strong>poniedzia\u0142ki<\/strong>\u00a0wystawa jest zamkni\u0119ta.<\/p>\n<p><strong>WST\u0118P WOLNY<\/strong><\/p>\n\n\t\t<\/div> \n\t<\/div> <\/div><\/div><\/div><div class=\"wpb_column vc_column_container vc_col-sm-12\"><div class=\"vc_column-inner\"><div class=\"wpb_wrapper\">\n\t<div class=\"wpb_single_image wpb_content_element vc_align_center\">\n\t\t<div class=\"wpb_wrapper\">\n\t\t\t\n\t\t\t<div class=\"vc_single_image-wrapper   vc_box_border_grey\"><img loading=\"lazy\" decoding=\"async\" width=\"1060\" height=\"537\" src=\"https:\/\/pix.house\/wp-content\/uploads\/2017\/09\/dz0xNDAwJmg9NzEw_src_139320-Stracone-terytoria.-Niekompletny-spis-rzeczy-1280x648.jpg\" class=\"vc_single_image-img attachment-large\" alt=\"\" title=\"dz0xNDAwJmg9NzEw_src_139320-Stracone-terytoria.-Niekompletny-spis-rzeczy\" srcset=\"https:\/\/pix.house\/wp-content\/uploads\/2017\/09\/dz0xNDAwJmg9NzEw_src_139320-Stracone-terytoria.-Niekompletny-spis-rzeczy-1280x648.jpg 1280w, https:\/\/pix.house\/wp-content\/uploads\/2017\/09\/dz0xNDAwJmg9NzEw_src_139320-Stracone-terytoria.-Niekompletny-spis-rzeczy-800x405.jpg 800w, https:\/\/pix.house\/wp-content\/uploads\/2017\/09\/dz0xNDAwJmg9NzEw_src_139320-Stracone-terytoria.-Niekompletny-spis-rzeczy-600x304.jpg 600w, https:\/\/pix.house\/wp-content\/uploads\/2017\/09\/dz0xNDAwJmg9NzEw_src_139320-Stracone-terytoria.-Niekompletny-spis-rzeczy-300x152.jpg 300w, https:\/\/pix.house\/wp-content\/uploads\/2017\/09\/dz0xNDAwJmg9NzEw_src_139320-Stracone-terytoria.-Niekompletny-spis-rzeczy-768x389.jpg 768w, https:\/\/pix.house\/wp-content\/uploads\/2017\/09\/dz0xNDAwJmg9NzEw_src_139320-Stracone-terytoria.-Niekompletny-spis-rzeczy-700x355.jpg 700w, https:\/\/pix.house\/wp-content\/uploads\/2017\/09\/dz0xNDAwJmg9NzEw_src_139320-Stracone-terytoria.-Niekompletny-spis-rzeczy-1100x557.jpg 1100w, https:\/\/pix.house\/wp-content\/uploads\/2017\/09\/dz0xNDAwJmg9NzEw_src_139320-Stracone-terytoria.-Niekompletny-spis-rzeczy-1320x668.jpg 1320w, https:\/\/pix.house\/wp-content\/uploads\/2017\/09\/dz0xNDAwJmg9NzEw_src_139320-Stracone-terytoria.-Niekompletny-spis-rzeczy.jpg 1400w\" sizes=\"auto, (max-width: 1060px) 100vw, 1060px\" \/><\/div>\n\t\t<\/div>\n\t<\/div>\n<\/div><\/div><\/div><\/div><\/div><div     class=\"vc_row wpb_row section vc_row-fluid \" style=' text-align:left;'><div class=\" full_section_inner clearfix\"><div class=\"wpb_column vc_column_container vc_col-sm-12\"><div class=\"vc_column-inner\"><div class=\"wpb_wrapper\">\n\t<div class=\"wpb_text_column wpb_content_element \">\n\t\t<div class=\"wpb_wrapper\">\n\t\t\t<p>kurator wystawy: <strong>Rafa\u0142 Milach<\/strong><\/p>\n<p><strong><i>[Niekompletny] spis rzeczy<\/i><\/strong><span style=\"font-weight: 400;\"> jest jedn\u0105 z wielu narracji, kt\u00f3re zosta\u0142y zrealizowane w ramach projektu <\/span><i><span style=\"font-weight: 400;\">Stracone terytoria <\/span><\/i><span style=\"font-weight: 400;\">przez kolektyw <a href=\"http:\/\/www.sputnikphotos.com\/\" target=\"_blank\" rel=\"noopener\"><strong>Sputnik Photos<\/strong>.<\/a><\/span><span style=\"font-weight: 400;\">\u00a0Ta ksi\u0105\u017cka jest pr\u00f3b\u0105 zdefiniowania zjawisk, wydarze\u0144, proces\u00f3w oraz mierzenia si\u0119 z pami\u0119ci\u0105 po ZSRR, kt\u00f3ry przez ca\u0142e dekady wywiera\u0142 pi\u0119tno tak\u017ce i na naszej rzeczywisto\u015bci.<\/span><\/p>\n<p><span style=\"font-weight: 400;\">Dwudziestu jeden autor\u00f3w \u2013 pisarze, dziennikarze, politolodzy, historycy, arty\u015bci i kuratorzy \u2013 stworzy\u0142o osobisty atlas postradzieckich skojarze\u0144. Dodatkowo dla ka\u017cdego z nich inspiracj\u0105 by\u0142y wybrane fotografie z Archiwum Straconych terytori\u00f3w. Autorzy r\u00f3\u017cni\u0105 si\u0119 niemal wszystkim: pochodzeniem, j\u0119zykiem, stylem literackim i temperamentem. Ka\u017cda z tych os\u00f3b inaczej pami\u0119ta ZSRR i inaczej go do\u015bwiadczy\u0142a. Publikacja ta nie jest przewodnikiem po \u015bwiecie radzieckim, ale m\u00f3wi o wielu wa\u017cnych i aktualnych problemach regionu, kt\u00f3ry ca\u0142y czas ulega przemianom, pr\u00f3buj\u0105c okre\u015bli\u0107 swoj\u0105 pozycj\u0119 i upora\u0107 si\u0119 z pami\u0119ci\u0105 o Imperium, kt\u00f3re rozpad\u0142o si\u0119 dwadzie\u015bcia pi\u0119\u0107 lat temu.<\/span><\/p>\n<p><span style=\"font-weight: 400;\">Materia\u0142em wspomagaj\u0105cym wystaw\u0119 jest ksi\u0105\u017cka fotograficzna <\/span><i><span style=\"font-weight: 400;\">Fruit Garden, <\/span><\/i><span style=\"font-weight: 400;\">kt\u00f3ra powsta\u0142a w ramach projektu <\/span><i><span style=\"font-weight: 400;\">Stracone terytoria.<\/span><\/i><\/p>\n<p style=\"text-align: justify;\"><i><span style=\"font-weight: 400;\">[Niekompletny] spis rzeczy <\/span><\/i><span style=\"font-weight: 400;\">\/ wydawnictwo Sputnik Photos 2016, projekt Ania Na\u0142\u0119cka-Milach, <\/span><span style=\"font-weight: 400;\">teksty: Edwin Bendyk, Andrzej Brzeziecki, Sebastian Cichocki, J\u00f6rg Colberg, Aleksandra Jarosiewicz, V.L. Kadoch Brandt, Daniel Kalder, Wojciech Kucharczyk, Jewhen Mahda, Ma\u0142gorzata Nocu\u0144, Wojciech Nowicki, Stanis\u0142aw Patrijew, Maciej Pisuk, Andrzej Poczobut, Taras Procha\u015bko, Filip Springer, Krzysztof \u015aroda, Ziemowit Szczerek, Andrzej Tobis, Sigurbj\u00f6rg \u00derastard\u00f3ttir, Serhij \u017badan, zdj\u0119cia: Jan Brykczy\u0144ski, Andrei Balco, Andrei Liankevich, Rafa\u0142 Milach, Adam Pa\u0144czuk, Micha\u0142 \u0141uczak, Agnieszka Rayss, nak\u0142ad: 500 + 500 [EN, PL]. <\/span><\/p>\n\n\t\t<\/div> \n\t<\/div> <\/div><\/div><\/div><\/div><\/div>\n<\/div>","protected":false},"excerpt":{"rendered":"TERMIN WYSTAWY:\u00a024.11 \u2013 08.12.2017 r. MIEJSCE WYSTAWY: PIX.HOUSE - UL. G\u0141OGOWSKA 35a Pozna\u0144 Wernisa\u017c:\u00a0pi\u0105tek 24.11.2017 \u00a0godz. 17.00 Wystawa w ramach festiwalu ksi\u0105\u017cek fotograficznych XPRINT ----&gt; wi\u0119cej informacji Wystaw\u0119 mo\u017cna ogl\u0105da\u0107 od wtorku do niedzieli w godzinach 17:00-20:00 W poniedzia\u0142ki\u00a0wystawa jest zamkni\u0119ta. WST\u0118P WOLNY kurator wystawy:...","protected":false},"author":11,"featured_media":27102,"comment_status":"open","ping_status":"open","sticky":false,"template":"","format":"standard","meta":{"_monsterinsights_skip_tracking":false,"_monsterinsights_sitenote_active":false,"_monsterinsights_sitenote_note":"","_monsterinsights_sitenote_category":0,"footnotes":""},"categories":[47],"tags":[],"class_list":["post-27094","post","type-post","status-publish","format-standard","has-post-thumbnail","hentry","category-wystawy"],"_links":{"self":[{"href":"https:\/\/pix.house\/en\/wp-json\/wp\/v2\/posts\/27094","targetHints":{"allow":["GET"]}}],"collection":[{"href":"https:\/\/pix.house\/en\/wp-json\/wp\/v2\/posts"}],"about":[{"href":"https:\/\/pix.house\/en\/wp-json\/wp\/v2\/types\/post"}],"author":[{"embeddable":true,"href":"https:\/\/pix.house\/en\/wp-json\/wp\/v2\/users\/11"}],"replies":[{"embeddable":true,"href":"https:\/\/pix.house\/en\/wp-json\/wp\/v2\/comments?post=27094"}],"version-history":[{"count":4,"href":"https:\/\/pix.house\/en\/wp-json\/wp\/v2\/posts\/27094\/revisions"}],"predecessor-version":[{"id":27202,"href":"https:\/\/pix.house\/en\/wp-json\/wp\/v2\/posts\/27094\/revisions\/27202"}],"wp:featuredmedia":[{"embeddable":true,"href":"https:\/\/pix.house\/en\/wp-json\/wp\/v2\/media\/27102"}],"wp:attachment":[{"href":"https:\/\/pix.house\/en\/wp-json\/wp\/v2\/media?parent=27094"}],"wp:term":[{"taxonomy":"category","embeddable":true,"href":"https:\/\/pix.house\/en\/wp-json\/wp\/v2\/categories?post=27094"},{"taxonomy":"post_tag","embeddable":true,"href":"https:\/\/pix.house\/en\/wp-json\/wp\/v2\/tags?post=27094"}],"curies":[{"name":"wp","href":"https:\/\/api.w.org\/{rel}","templated":true}]}}