{"id":27158,"date":"2017-11-20T14:15:42","date_gmt":"2017-11-20T13:15:42","guid":{"rendered":"http:\/\/pix.house\/?p=27158"},"modified":"2018-01-08T20:08:39","modified_gmt":"2018-01-08T19:08:39","slug":"poznan_cooltura","status":"publish","type":"post","link":"https:\/\/pix.house\/en\/poznan_cooltura\/","title":{"rendered":"Poznaj Pozna\u0144. Cooltura | wystawa"},"content":{"rendered":"<div class=\"wpb-content-wrapper\"><div class=\"vc_row wpb_row section vc_row-fluid\" style=' text-align:left;'><div class=\"full_section_inner clearfix\"><div class=\"wpb_column vc_column_container vc_col-sm-12\"><div class=\"vc_column-inner\"><div class=\"wpb_wrapper\">\n\t<div class=\"wpb_text_column wpb_content_element\">\n\t\t<div class=\"wpb_wrapper\">\n\t\t\t<p><strong>TERMIN WYSTAWY:<\/strong>\u00a023.11.2017 \u2013 10.01.2018 r.<\/p>\n<p><strong>MIEJSCE WYSTAWY: <\/strong>Wolny Dziedziniec Urz\u0119du Miasta Poznania<\/p>\n<p><strong>Wernisa\u017c:\u00a0<\/strong>czwartek 23.11.2017 \u00a0godz. 11.00<\/p>\n<p>&nbsp;<\/p>\n<p><strong>WST\u0118P WOLNY<\/strong><\/p>\n\n\t\t<\/div> \n\t<\/div> <\/div><\/div><\/div><div class=\"wpb_column vc_column_container vc_col-sm-12\"><div class=\"vc_column-inner\"><div class=\"wpb_wrapper\"><div class='qode_image_gallery_no_space light highlight_active'><div class='qode_image_gallery_holder' style='height: 500px;'><ul><li><div style=\"height: 500px; width:750px;\"><img decoding=\"async\" src=\"https:\/\/pix.house\/wp-content\/uploads\/2017\/11\/Agnieszka-Maruszczyk.jpeg\" alt=\"\" \/><\/div><\/li><li><div style=\"height: 500px; width:721px;\"><img decoding=\"async\" src=\"https:\/\/pix.house\/wp-content\/uploads\/2017\/11\/Aleksandra-J\u0119drzejewska.jpg\" alt=\"\" \/><\/div><\/li><li><div style=\"height: 500px; width:751px;\"><img decoding=\"async\" src=\"https:\/\/pix.house\/wp-content\/uploads\/2017\/11\/Barbara-Sinica.jpg\" alt=\"\" \/><\/div><\/li><li><div style=\"height: 500px; width:751px;\"><img decoding=\"async\" src=\"https:\/\/pix.house\/wp-content\/uploads\/2017\/11\/Bartosz-Jankowski.jpg\" alt=\"\" \/><\/div><\/li><li><div style=\"height: 500px; width:750px;\"><img decoding=\"async\" src=\"https:\/\/pix.house\/wp-content\/uploads\/2017\/11\/Damian-Nowicki.jpg\" alt=\"\" \/><\/div><\/li><li><div style=\"height: 500px; width:750px;\"><img decoding=\"async\" src=\"https:\/\/pix.house\/wp-content\/uploads\/2017\/11\/El\u017cbieta-Adamska.jpg\" alt=\"\" \/><\/div><\/li><li><div style=\"height: 500px; width:751px;\"><img decoding=\"async\" src=\"https:\/\/pix.house\/wp-content\/uploads\/2017\/11\/Jacek-Molski.jpg\" alt=\"\" \/><\/div><\/li><li><div style=\"height: 500px; width:750px;\"><img decoding=\"async\" src=\"https:\/\/pix.house\/wp-content\/uploads\/2017\/11\/Jacek-M\u00f3jta.jpeg\" alt=\"\" \/><\/div><\/li><li><div style=\"height: 500px; width:749px;\"><img decoding=\"async\" src=\"https:\/\/pix.house\/wp-content\/uploads\/2017\/11\/Jacek-M\u00f3jta2.jpg\" alt=\"\" \/><\/div><\/li><li><div style=\"height: 500px; width:750px;\"><img decoding=\"async\" src=\"https:\/\/pix.house\/wp-content\/uploads\/2017\/11\/Jacek-M\u00f3jta3.jpg\" alt=\"\" \/><\/div><\/li><li><div style=\"height: 500px; width:334px;\"><img decoding=\"async\" src=\"https:\/\/pix.house\/wp-content\/uploads\/2017\/11\/J\u0119drzej-Franek.jpg\" alt=\"\" \/><\/div><\/li><li><div style=\"height: 500px; width:750px;\"><img decoding=\"async\" src=\"https:\/\/pix.house\/wp-content\/uploads\/2017\/11\/Joanna-Mucha.jpg\" alt=\"\" \/><\/div><\/li><li><div style=\"height: 500px; width:750px;\"><img decoding=\"async\" src=\"https:\/\/pix.house\/wp-content\/uploads\/2017\/11\/Kamil-Figas-scaled.jpg\" alt=\"\" \/><\/div><\/li><li><div style=\"height: 500px; width:751px;\"><img decoding=\"async\" src=\"https:\/\/pix.house\/wp-content\/uploads\/2017\/11\/Karolina-Kiraga.jpg\" alt=\"\" \/><\/div><\/li><li><div style=\"height: 500px; width:751px;\"><img decoding=\"async\" src=\"https:\/\/pix.house\/wp-content\/uploads\/2017\/11\/Katarzyna-Walig\u00f3ra.jpg\" alt=\"\" \/><\/div><\/li><li><div style=\"height: 500px; width:751px;\"><img decoding=\"async\" src=\"https:\/\/pix.house\/wp-content\/uploads\/2017\/11\/\u0141ukasz-Cynalewski-3.jpg\" alt=\"\" \/><\/div><\/li><li><div style=\"height: 500px; width:751px;\"><img decoding=\"async\" src=\"https:\/\/pix.house\/wp-content\/uploads\/2017\/11\/\u0141ukasz-Cynalewski.jpg\" alt=\"\" \/><\/div><\/li><li><div style=\"height: 500px; width:751px;\"><img decoding=\"async\" src=\"https:\/\/pix.house\/wp-content\/uploads\/2017\/11\/\u0141ukasz-Cynalewski2.jpg\" alt=\"\" \/><\/div><\/li><li><div style=\"height: 500px; width:751px;\"><img decoding=\"async\" src=\"https:\/\/pix.house\/wp-content\/uploads\/2017\/11\/\u0141ukasz-G\u00f3rowiec.jpg\" alt=\"\" \/><\/div><\/li><li><div style=\"height: 500px; width:767px;\"><img decoding=\"async\" src=\"https:\/\/pix.house\/wp-content\/uploads\/2017\/11\/Marcin-Bukowski.jpeg\" alt=\"\" \/><\/div><\/li><li><div style=\"height: 500px; width:750px;\"><img decoding=\"async\" src=\"https:\/\/pix.house\/wp-content\/uploads\/2017\/11\/Marek-Lapis.jpg\" alt=\"\" \/><\/div><\/li><li><div style=\"height: 500px; width:750px;\"><img decoding=\"async\" src=\"https:\/\/pix.house\/wp-content\/uploads\/2017\/11\/Marek-Lapis2.jpg\" alt=\"\" \/><\/div><\/li><li><div style=\"height: 500px; width:750px;\"><img decoding=\"async\" src=\"https:\/\/pix.house\/wp-content\/uploads\/2017\/11\/Marek-Lapis3.jpeg\" alt=\"\" \/><\/div><\/li><li><div style=\"height: 500px; width:751px;\"><img decoding=\"async\" src=\"https:\/\/pix.house\/wp-content\/uploads\/2017\/11\/Marek-Zakrzewski.jpg\" alt=\"\" \/><\/div><\/li><li><div style=\"height: 500px; width:304px;\"><img decoding=\"async\" src=\"https:\/\/pix.house\/wp-content\/uploads\/2017\/11\/Miko\u0142aj-\u015awiderski.jpg\" alt=\"\" \/><\/div><\/li><li><div style=\"height: 500px; width:750px;\"><img decoding=\"async\" src=\"https:\/\/pix.house\/wp-content\/uploads\/2017\/11\/Miko\u0142aj-\u015awiderski2.jpg\" alt=\"\" \/><\/div><\/li><li><div style=\"height: 500px; width:583px;\"><img decoding=\"async\" src=\"https:\/\/pix.house\/wp-content\/uploads\/2017\/11\/PAWE\u0141-STASIAK.jpg\" alt=\"\" \/><\/div><\/li><li><div style=\"height: 500px; width:751px;\"><img decoding=\"async\" src=\"https:\/\/pix.house\/wp-content\/uploads\/2017\/11\/Stepan-Rudik.jpeg\" alt=\"\" \/><\/div><\/li><li><div style=\"height: 500px; width:750px;\"><img decoding=\"async\" src=\"https:\/\/pix.house\/wp-content\/uploads\/2017\/11\/Witold-Spisz.jpg\" alt=\"\" \/><\/div><\/li><li><div style=\"height: 500px; width:750px;\"><img decoding=\"async\" src=\"https:\/\/pix.house\/wp-content\/uploads\/2017\/11\/Wojciech-Gaczek.jpg\" alt=\"\" \/><\/div><\/li><\/ul><\/div><div class=\"controls\"><a class=\"prev-slide\" href=\"#\"><span class=\"arrow_carrot-left\"><\/span><\/a><a class=\"next-slide\" href=\"#\"><span class=\"arrow_carrot-right\"><\/span><\/a><\/div><\/div><\/div><\/div><\/div><\/div><\/div><div     class=\"vc_row wpb_row section vc_row-fluid\" style=' text-align:left;'><div class=\"full_section_inner clearfix\"><div class=\"wpb_column vc_column_container vc_col-sm-12\"><div class=\"vc_column-inner\"><div class=\"wpb_wrapper\">\n\t<div class=\"wpb_text_column wpb_content_element\">\n\t\t<div class=\"wpb_wrapper\">\n\t\t\t<h4 style=\"text-align: justify;\"><strong>Jak zmienia si\u0119 \u017cycie kulturalne Poznania?<\/strong><\/h4>\n<p style=\"text-align: justify;\">Serdecznie zapraszamy na <strong>wystaw\u0119 <\/strong>\u00a0pokonkursow\u0105 &#8222;Poznaj Pozna\u0144. Cooltura&#8221;.<\/p>\n<p style=\"text-align: justify;\">Otwarcie po\u0142\u0105czone z og\u0142oszeniem zwyci\u0119zc\u00f3w konkursu odb\u0119dzie si\u0119 na Wolnym Dziedzi\u0144cu Urz\u0119du Miasta Poznania 23.11.2017 o godz. 11.00.<\/p>\n<p style=\"text-align: justify;\">Pozna\u0144scy tw\u00f3rcy oraz animatorzy udowodnili w ostatnich latach, \u017ce kultura i lokalne dzia\u0142ania spo\u0142eczne oparte na wydarzeniach kulturalnych to znacz\u0105cy element kszta\u0142tuj\u0105cy \u017cycie miasta. Dostrzegamy to w du\u017cych przedsi\u0119wzi\u0119ciach takich jak Malta Festival, Biennale Sztuki dla Dziecka, Enea Spring Break Showcase Festival &amp; Conference, Enter Music Festival, konwent Pyrkon czy Short Waves Festival. Obserwujemy te zjawiska r\u00f3wnie\u017c w lokalnych dzia\u0142aniach animuj\u0105cych odbiorc\u00f3w w takich dzielni<span class=\"text_exposed_show\">cach jak \u0141azarz (Otwarta Strefa Kultury), Wilda (Lato na Madalinie), Je\u017cyce (Amarant) i wiele innych.<\/span><\/p>\n<p style=\"text-align: justify;\">Te i inne wydarzenia zas\u0142uguj\u0105 na wizualn\u0105 interpretacj\u0119 i przedstawienie ciekawego zjawiska rozwoju \u017cycia kulturalnego w Poznaniu za pomoc\u0105 fotografii. Tak powsta\u0142a idea konkursu <strong>Poznaj Pozna\u0144. Cooltura<\/strong>.<\/p>\n<p style=\"text-align: justify;\">Na organizowany przez <strong>PIX.HOUSE<\/strong> przy wsparciu <strong>Miasta Pozna\u0144<\/strong> otwarty konkurs wp\u0142yn\u0119\u0142o 426 zdj\u0119\u0107, nades\u0142anych przez 106 autor\u00f3w. Po weryfikacji zgodno\u015bci zdj\u0119\u0107 z regulaminem finalnej ocenie zosta\u0142o poddane 313 zdj\u0119\u0107. Jury w sk\u0142adzie: Grzegorz Dembi\u0144ski (G\u0142os Wielkopolski), Marcin Kostaszuk (UM Pozna\u0144), Mariusz Forecki (PIX.HOUSE), Micha\u0142 Adamski (PIX.HOUSE), Adrian Wykrota (PIX.HOUSE), Anna Molter (PIX.HOUSE) wy\u0142oni\u0142o finalist\u00f3w konkursu.<\/p>\n<p style=\"text-align: justify;\"><strong>S\u0105 nimi:<\/strong><\/p>\n<p style=\"text-align: justify;\">&#8211; Agnieszka Maruszczyk<br \/>\n&#8211; Wojciech Gaczek<br \/>\n&#8211; Marcin Bukowski<br \/>\n&#8211; El\u017cbieta Adamska<br \/>\n&#8211; Joanna Mucha<br \/>\n&#8211; Jacek M\u00f3jta<br \/>\n&#8211; Karolina Kiraga<br \/>\n&#8211; Marek Lapis<br \/>\n&#8211; \u0141ukasz G\u00f3rowiec<br \/>\n&#8211; Aleksandra J\u0119drzejewska<br \/>\n&#8211; Barbara Sinica<br \/>\n&#8211; Bartosz Jankowski<br \/>\n&#8211; Damian Nowicki<br \/>\n&#8211; Jacek Molski<br \/>\n&#8211; J\u0119drzej Franek<br \/>\n&#8211; Kamil Figas<br \/>\n&#8211; Katarzyna Walig\u00f3ra<br \/>\n&#8211; \u0141ukasz Cynalewski<br \/>\n&#8211; Marek Zakrzewski<br \/>\n&#8211; Stepan Rudik<br \/>\n&#8211; Witold Spisz<br \/>\n&#8211; Miko\u0142aj \u015awiderski<br \/>\n&#8211; Pawe\u0142 Stasiak<\/p>\n<p style=\"text-align: justify;\">Nagrod\u0119 g\u0142\u00f3wn\u0105 otrzyma\u0142a <strong>Barbara Sinica<\/strong>. Serdecznie gratulujemy!<\/p>\n<p style=\"text-align: justify;\"><strong>Uzasadnienie werdyktu jury: <\/strong><\/p>\n<p style=\"text-align: justify;\">&#8222;Patrz\u0105c na nagrodzone zdj\u0119cie i maj\u0105c w pami\u0119ci temat niniejszego konkursu, cz\u0142onkowie jury odbyli dyskusj\u0119 znacznie wykraczaj\u0105c\u0105 poza ocen\u0119 samej fotografii. Czy Barbara Sinica uchwyci\u0142a po prostu bardzo ekspresyjny moment koncertu pozna\u0144skiego Ch\u00f3ru Czarownic? Naszym zdaniem pokaza\u0142a co\u015b wi\u0119cej \u2013 moment, w kt\u00f3rym aktywno\u015b\u0107 spo\u0142eczna poznanianek wychodzi z cienia i znajduje swoje by\u0107 mo\u017ce najbardziej ekspresyjne uj\u015bcie w artystycznej formie. Podobnie jak w samym zdj\u0119ciu, nie jest w niej najbardziej istotna formalna doskona\u0142o\u015b\u0107: emocje wywo\u0142uje przede wszystkim przekaz, kt\u00f3rym Ch\u00f3r Czarownic wyra\u017ca rozterki, frustracje i nadzieje kobiet, godz\u0105cych tradycyjne role spo\u0142eczne z wyzwaniami wsp\u00f3\u0142czesno\u015bci. Czarno-bia\u0142a tonacja zdj\u0119cia uwypukla wychodzenie poznanianek z szaro\u015bci, wyostrza buntownicz\u0105 aur\u0119 ich wyst\u0119pu, ale dokumentuje te\u017c swoiste katharsis, kt\u00f3rego doznaj\u0105 zar\u00f3wno wykonawczynie, jak i ich s\u0142uchaczki i s\u0142uchacze. \u015awietnie uchwycona wyrazisto\u015b\u0107 Ch\u00f3ru Czarownic uczyni\u0142a ze zdj\u0119cia Barbary Sinicy doskona\u0142\u0105 odpowied\u017a na pytanie o przysz\u0142o\u015b\u0107 kultury Poznania, kt\u00f3r\u0105 widzimy w obywatelskiej aktywno\u015bci, tw\u00f3rczej wolno\u015bci i kobiecej kreatywno\u015bci.&#8221;<\/p>\n\n\t\t<\/div> \n\t<\/div> <div class=\"separator  normal\" style=\"border-color: #ffffff;border-width:1px\"><\/div>\n<div class='qode_image_gallery_no_space light highlight_active'><div class='qode_image_gallery_holder' style='height: 500px;'><ul><li><div style=\"height: 500px; width:750px;\"><img decoding=\"async\" src=\"https:\/\/pix.house\/wp-content\/uploads\/2017\/12\/poznan_cooltura-17.jpg\" alt=\"\" \/><\/div><\/li><li><div style=\"height: 500px; width:750px;\"><img decoding=\"async\" src=\"https:\/\/pix.house\/wp-content\/uploads\/2017\/12\/poznan_cooltura-2.jpg\" alt=\"\" \/><\/div><\/li><li><div style=\"height: 500px; width:750px;\"><img decoding=\"async\" src=\"https:\/\/pix.house\/wp-content\/uploads\/2017\/12\/poznan_cooltura-3.jpg\" alt=\"\" \/><\/div><\/li><li><div style=\"height: 500px; width:750px;\"><img decoding=\"async\" src=\"https:\/\/pix.house\/wp-content\/uploads\/2017\/12\/poznan_cooltura-4.jpg\" alt=\"\" \/><\/div><\/li><li><div style=\"height: 500px; width:750px;\"><img decoding=\"async\" src=\"https:\/\/pix.house\/wp-content\/uploads\/2017\/12\/poznan_cooltura-6.jpg\" alt=\"\" \/><\/div><\/li><li><div style=\"height: 500px; width:750px;\"><img decoding=\"async\" src=\"https:\/\/pix.house\/wp-content\/uploads\/2017\/12\/poznan_cooltura-7.jpg\" alt=\"\" \/><\/div><\/li><li><div style=\"height: 500px; width:750px;\"><img decoding=\"async\" src=\"https:\/\/pix.house\/wp-content\/uploads\/2017\/12\/poznan_cooltura-5.jpg\" alt=\"\" \/><\/div><\/li><li><div style=\"height: 500px; width:750px;\"><img decoding=\"async\" src=\"https:\/\/pix.house\/wp-content\/uploads\/2017\/12\/poznan_cooltura-8.jpg\" alt=\"\" \/><\/div><\/li><li><div style=\"height: 500px; width:750px;\"><img decoding=\"async\" src=\"https:\/\/pix.house\/wp-content\/uploads\/2017\/12\/poznan_cooltura-9.jpg\" alt=\"\" \/><\/div><\/li><li><div style=\"height: 500px; width:750px;\"><img decoding=\"async\" src=\"https:\/\/pix.house\/wp-content\/uploads\/2017\/12\/poznan_cooltura-10.jpg\" alt=\"\" \/><\/div><\/li><li><div style=\"height: 500px; width:750px;\"><img decoding=\"async\" src=\"https:\/\/pix.house\/wp-content\/uploads\/2017\/12\/poznan_cooltura-11.jpg\" alt=\"\" \/><\/div><\/li><li><div style=\"height: 500px; width:750px;\"><img decoding=\"async\" src=\"https:\/\/pix.house\/wp-content\/uploads\/2017\/12\/poznan_cooltura-14.jpg\" alt=\"\" \/><\/div><\/li><li><div style=\"height: 500px; width:750px;\"><img decoding=\"async\" src=\"https:\/\/pix.house\/wp-content\/uploads\/2017\/12\/poznan_cooltura-15.jpg\" alt=\"\" \/><\/div><\/li><li><div style=\"height: 500px; width:750px;\"><img decoding=\"async\" src=\"https:\/\/pix.house\/wp-content\/uploads\/2017\/12\/poznan_cooltura-16.jpg\" alt=\"\" \/><\/div><\/li><li><div style=\"height: 500px; width:750px;\"><img decoding=\"async\" src=\"https:\/\/pix.house\/wp-content\/uploads\/2017\/12\/poznan_cooltura-12.jpg\" alt=\"\" \/><\/div><\/li><li><div style=\"height: 500px; width:750px;\"><img decoding=\"async\" src=\"https:\/\/pix.house\/wp-content\/uploads\/2017\/12\/poznan_cooltura.jpg\" alt=\"\" \/><\/div><\/li><li><div style=\"height: 500px; width:750px;\"><img decoding=\"async\" src=\"https:\/\/pix.house\/wp-content\/uploads\/2017\/12\/poznan_cooltura-13.jpg\" alt=\"\" \/><\/div><\/li><\/ul><\/div><div class=\"controls\"><a class=\"prev-slide\" href=\"#\"><span class=\"arrow_carrot-left\"><\/span><\/a><a class=\"next-slide\" href=\"#\"><span class=\"arrow_carrot-right\"><\/span><\/a><\/div><\/div><div class=\"separator  normal\" style=\"border-color: #ffffff;border-width:1px\"><\/div>\n<\/div><\/div><\/div><\/div><\/div><div     class=\"vc_row wpb_row section vc_row-fluid\" style=' text-align:left;'><div class=\"full_section_inner clearfix\"><div class=\"wpb_column vc_column_container vc_col-sm-12\"><div class=\"vc_column-inner\"><div class=\"wpb_wrapper\">\n\t<div class=\"wpb_text_column wpb_content_element\">\n\t\t<div class=\"wpb_wrapper\">\n\t\t\t<p>Projekt realizowany dzi\u0119ki wsparciu <strong>Miasta Pozna\u0144<\/strong>.<\/p>\n<p><img loading=\"lazy\" decoding=\"async\" class=\"alignleft wp-image-27074 size-medium\" src=\"http:\/\/pix.house\/wp-content\/uploads\/2017\/09\/LOGO_POZnan_RGB_JPEG-1-300x128.jpg\" alt=\"\" width=\"300\" height=\"128\" \/><\/p>\n\n\t\t<\/div> \n\t<\/div> <\/div><\/div><\/div><\/div><\/div>\n<\/div>","protected":false},"excerpt":{"rendered":"TERMIN WYSTAWY:\u00a023.11.2017 \u2013 10.01.2018 r. MIEJSCE WYSTAWY: Wolny Dziedziniec Urz\u0119du Miasta Poznania Wernisa\u017c:\u00a0czwartek 23.11.2017 \u00a0godz. 11.00 &nbsp; WST\u0118P WOLNY Jak zmienia si\u0119 \u017cycie kulturalne Poznania? Serdecznie zapraszamy na wystaw\u0119 \u00a0pokonkursow\u0105 \"Poznaj Pozna\u0144. Cooltura\". Otwarcie po\u0142\u0105czone z og\u0142oszeniem zwyci\u0119zc\u00f3w konkursu odb\u0119dzie si\u0119 na Wolnym Dziedzi\u0144cu Urz\u0119du...","protected":false},"author":11,"featured_media":27187,"comment_status":"open","ping_status":"open","sticky":false,"template":"","format":"standard","meta":{"_monsterinsights_skip_tracking":false,"_monsterinsights_sitenote_active":false,"_monsterinsights_sitenote_note":"","_monsterinsights_sitenote_category":0,"footnotes":""},"categories":[47],"tags":[],"class_list":["post-27158","post","type-post","status-publish","format-standard","has-post-thumbnail","hentry","category-wystawy"],"_links":{"self":[{"href":"https:\/\/pix.house\/en\/wp-json\/wp\/v2\/posts\/27158","targetHints":{"allow":["GET"]}}],"collection":[{"href":"https:\/\/pix.house\/en\/wp-json\/wp\/v2\/posts"}],"about":[{"href":"https:\/\/pix.house\/en\/wp-json\/wp\/v2\/types\/post"}],"author":[{"embeddable":true,"href":"https:\/\/pix.house\/en\/wp-json\/wp\/v2\/users\/11"}],"replies":[{"embeddable":true,"href":"https:\/\/pix.house\/en\/wp-json\/wp\/v2\/comments?post=27158"}],"version-history":[{"count":7,"href":"https:\/\/pix.house\/en\/wp-json\/wp\/v2\/posts\/27158\/revisions"}],"predecessor-version":[{"id":27807,"href":"https:\/\/pix.house\/en\/wp-json\/wp\/v2\/posts\/27158\/revisions\/27807"}],"wp:featuredmedia":[{"embeddable":true,"href":"https:\/\/pix.house\/en\/wp-json\/wp\/v2\/media\/27187"}],"wp:attachment":[{"href":"https:\/\/pix.house\/en\/wp-json\/wp\/v2\/media?parent=27158"}],"wp:term":[{"taxonomy":"category","embeddable":true,"href":"https:\/\/pix.house\/en\/wp-json\/wp\/v2\/categories?post=27158"},{"taxonomy":"post_tag","embeddable":true,"href":"https:\/\/pix.house\/en\/wp-json\/wp\/v2\/tags?post=27158"}],"curies":[{"name":"wp","href":"https:\/\/api.w.org\/{rel}","templated":true}]}}