{"id":27259,"date":"2017-12-05T20:36:32","date_gmt":"2017-12-05T19:36:32","guid":{"rendered":"http:\/\/pix.house\/?p=27259"},"modified":"2017-12-05T20:36:32","modified_gmt":"2017-12-05T19:36:32","slug":"moj_fyrtel_wystawa","status":"publish","type":"post","link":"https:\/\/pix.house\/en\/moj_fyrtel_wystawa\/","title":{"rendered":"M\u00f3j fyrtel\/Moja przestrze\u0144 | wystawa"},"content":{"rendered":"<div class=\"wpb-content-wrapper\"><div class=\"vc_row wpb_row section vc_row-fluid\" style=' text-align:left;'><div class=\"full_section_inner clearfix\"><div class=\"wpb_column vc_column_container vc_col-sm-12\"><div class=\"vc_column-inner\"><div class=\"wpb_wrapper\">\n\t<div class=\"wpb_text_column wpb_content_element\">\n\t\t<div class=\"wpb_wrapper\">\n\t\t\t<p><strong>TERMIN WYSTAWY:<\/strong> 10.12 \u2013 21.12.2017 r.<\/p>\n<p><strong>MIEJSCE WYSTAWY: <\/strong>PIX.HOUSE \u2013 UL. G\u0141OGOWSKA 35a Pozna\u0144<\/p>\n<p><strong>Wernisa\u017c: <\/strong>niedziela 10.12.2017\u00a0 godz. 17.00<\/p>\n<p>&nbsp;<\/p>\n<p><strong>WST\u0118P WOLNY<\/strong><\/p>\n\n\t\t<\/div> \n\t<\/div> <\/div><\/div><\/div><div class=\"wpb_column vc_column_container vc_col-sm-12\"><div class=\"vc_column-inner\"><div class=\"wpb_wrapper\"><div class='qode_image_gallery_no_space light highlight_active'><div class='qode_image_gallery_holder' style='height: 500px;'><ul><li><div style=\"height: 500px; width:750px;\"><img decoding=\"async\" src=\"https:\/\/pix.house\/wp-content\/uploads\/2017\/12\/Agnieszka_Niemczyk3.jpg\" alt=\"\" \/><\/div><\/li><li><div style=\"height: 500px; width:750px;\"><img decoding=\"async\" src=\"https:\/\/pix.house\/wp-content\/uploads\/2017\/12\/Artur_Kucharczak_2.jpg\" alt=\"\" \/><\/div><\/li><li><div style=\"height: 500px; width:750px;\"><img decoding=\"async\" src=\"https:\/\/pix.house\/wp-content\/uploads\/2017\/12\/artur_kujawski_4.jpg\" alt=\"\" \/><\/div><\/li><li><div style=\"height: 500px; width:750px;\"><img decoding=\"async\" src=\"https:\/\/pix.house\/wp-content\/uploads\/2017\/12\/Damian_Nowicki_4.jpg\" alt=\"\" \/><\/div><\/li><li><div style=\"height: 500px; width:750px;\"><img decoding=\"async\" src=\"https:\/\/pix.house\/wp-content\/uploads\/2017\/12\/Ela_Adamska_-4.jpg\" alt=\"\" \/><\/div><\/li><li><div style=\"height: 500px; width:750px;\"><img decoding=\"async\" src=\"https:\/\/pix.house\/wp-content\/uploads\/2017\/12\/igor_lenski_2.jpg\" alt=\"\" \/><\/div><\/li><li><div style=\"height: 500px; width:750px;\"><img decoding=\"async\" src=\"https:\/\/pix.house\/wp-content\/uploads\/2017\/12\/Joanna_Czarnota-Mielcarek_1.jpg\" alt=\"\" \/><\/div><\/li><li><div style=\"height: 500px; width:667px;\"><img decoding=\"async\" src=\"https:\/\/pix.house\/wp-content\/uploads\/2017\/12\/Katarzyna_Dudzic_2.jpg\" alt=\"\" \/><\/div><\/li><li><div style=\"height: 500px; width:750px;\"><img decoding=\"async\" src=\"https:\/\/pix.house\/wp-content\/uploads\/2017\/12\/Katarzyna_Kubiak_1.jpg\" alt=\"\" \/><\/div><\/li><li><div style=\"height: 500px; width:753px;\"><img decoding=\"async\" src=\"https:\/\/pix.house\/wp-content\/uploads\/2017\/12\/Krzysiek_Grabara_1.jpg\" alt=\"\" \/><\/div><\/li><li><div style=\"height: 500px; width:750px;\"><img decoding=\"async\" src=\"https:\/\/pix.house\/wp-content\/uploads\/2017\/12\/\u0142ukasz_kotecki_3.jpg\" alt=\"\" \/><\/div><\/li><li><div style=\"height: 500px; width:760px;\"><img decoding=\"async\" src=\"https:\/\/pix.house\/wp-content\/uploads\/2017\/12\/\u0141ukasz_Zakrzewski_8.jpg\" alt=\"\" \/><\/div><\/li><li><div style=\"height: 500px; width:750px;\"><img decoding=\"async\" src=\"https:\/\/pix.house\/wp-content\/uploads\/2017\/12\/maciej_podg\u00f3rski_2.jpg\" alt=\"\" \/><\/div><\/li><li><div style=\"height: 500px; width:750px;\"><img decoding=\"async\" src=\"https:\/\/pix.house\/wp-content\/uploads\/2017\/12\/Magdalena_Orylska_1.jpg\" alt=\"\" \/><\/div><\/li><li><div style=\"height: 500px; width:754px;\"><img decoding=\"async\" src=\"https:\/\/pix.house\/wp-content\/uploads\/2017\/12\/Magdalena_Wolk.jpg\" alt=\"\" \/><\/div><\/li><li><div style=\"height: 500px; width:667px;\"><img decoding=\"async\" src=\"https:\/\/pix.house\/wp-content\/uploads\/2017\/12\/Miko\u0142aj_Konkiewicz_2.jpg\" alt=\"\" \/><\/div><\/li><li><div style=\"height: 500px; width:750px;\"><img decoding=\"async\" src=\"https:\/\/pix.house\/wp-content\/uploads\/2017\/12\/Norbert_Oksza_Strzelecki_5.jpg\" alt=\"\" \/><\/div><\/li><li><div style=\"height: 500px; width:621px;\"><img decoding=\"async\" src=\"https:\/\/pix.house\/wp-content\/uploads\/2017\/12\/pawel_hryniewicz_1.jpg\" alt=\"\" \/><\/div><\/li><li><div style=\"height: 500px; width:750px;\"><img decoding=\"async\" src=\"https:\/\/pix.house\/wp-content\/uploads\/2017\/12\/Piotr-Zar\u00f3wny_-0280.jpg\" alt=\"\" \/><\/div><\/li><li><div style=\"height: 500px; width:750px;\"><img decoding=\"async\" src=\"https:\/\/pix.house\/wp-content\/uploads\/2017\/12\/S\u0142awek_Brd\u0119k_3.jpg\" alt=\"\" \/><\/div><\/li><\/ul><\/div><div class=\"controls\"><a class=\"prev-slide\" href=\"#\"><span class=\"arrow_carrot-left\"><\/span><\/a><a class=\"next-slide\" href=\"#\"><span class=\"arrow_carrot-right\"><\/span><\/a><\/div><\/div><\/div><\/div><\/div><\/div><\/div><div     class=\"vc_row wpb_row section vc_row-fluid\" style=' text-align:left;'><div class=\"full_section_inner clearfix\"><div class=\"wpb_column vc_column_container vc_col-sm-12\"><div class=\"vc_column-inner\"><div class=\"wpb_wrapper\">\n\t<div class=\"wpb_text_column wpb_content_element\">\n\t\t<div class=\"wpb_wrapper\">\n\t\t\t<p>Serdecznie zapraszamy na wystaw\u0119 uczestnik\u00f3w warsztat\u00f3w <strong>M\u00f3j fyrtel\/Moja przestrze\u0144<\/strong>.<\/p>\n<p>Na spotkaniach uczestnicy poznawali tajniki pracy nad fotograficznym projektem d\u0142ugoterminowym. Jakie efekty przynios\u0142a pi\u0119ciomiesi\u0119czna praca?<\/p>\n<p>Stworzyli\u015bmy wsp\u00f3lnie dokumentalny obraz naszej przestrzeni. Obraz, kt\u00f3ry po latach b\u0119dzie \u015bwiadectwem zmiany.<\/p>\n<p>&nbsp;<\/p>\n<p><strong>W wystawie bior\u0105 udzia\u0142:<\/strong><\/p>\n<p>Magdalena Orylska, S\u0142awomir Brd\u0119k , Maciej Podg\u00f3rski, Piotr Zar\u00f3wny , Artur Kujawski, Agnieszka Niemczyk, El\u017cbieta Adamska, Krzysztof Grabara, Damian Nowicki, Miko\u0142aj Konkiewicz, Norbert Oksza Strzelecki, \u0141ukasz Kotecki, \u0141ukasz Zakrzewski, Katarzyna Kubiak, Igor Le\u0144ski, Magda Wo\u0142k, Agnieszka Hinc, Joanna Czarnota-Mielcarek, Artur Kucharczak, Pawe\u0142 Hryniewicz, Katarzyna Dudzic<\/p>\n<p>&nbsp;<\/p>\n<p>Wystawa to r\u00f3wnie\u017c czas podsumowania prac na <strong>Archiwum Spo\u0142ecznym Wielkopolska\/Teraz<\/strong>. Do naszych zbior\u00f3w trafi\u0142o 150 archiwalnych fotografii z Poznania i regionu.<\/p>\n<p>&nbsp;<\/p>\n<p><strong>PROWADZENIE WARSZTAT\u00d3W:<\/strong><\/p>\n<p>Adrian Wykrota | http:\/\/adrianwykrota.com<\/p>\n<p>&nbsp;<\/p>\n<p><strong>GO\u015aCIE \/ WSP\u00d3\u0141PROWADZ\u0104CY:<\/strong><\/p>\n<p>&nbsp;<\/p>\n<p>Mariusz Forecki | www.forecki.pl<\/p>\n<p>Micha\u0142 Adamski | www.michaladamski.com.pl<\/p>\n<p>Micha\u0142 Sita | http:\/\/michalsita.com<\/p>\n<p>&nbsp;<\/p>\n<p><em><strong>PROJEKT FINANSOWANY W RAMACH STYPENDIUM ARTYSTYCZNEGO MINISTRA KULTURY I DZIEDZICTWA NARODOWEGO<\/strong><\/em><\/p>\n<p><img loading=\"lazy\" decoding=\"async\" class=\"alignnone size-full wp-image-26075\" src=\"http:\/\/pix.house\/wp-content\/uploads\/2017\/06\/mkidn_01_cmyk-150x150.jpg\" alt=\"\" width=\"150\" height=\"150\" srcset=\"https:\/\/pix.house\/wp-content\/uploads\/2017\/06\/mkidn_01_cmyk-150x150.jpg 150w, https:\/\/pix.house\/wp-content\/uploads\/2017\/06\/mkidn_01_cmyk-150x150-100x100.jpg 100w\" sizes=\"auto, (max-width: 150px) 100vw, 150px\" \/><\/p>\n\n\t\t<\/div> \n\t<\/div> <div class=\"separator  normal\" style=\"border-color: #ffffff;border-width:1px\"><\/div>\n<\/div><\/div><\/div><\/div><\/div>\n<\/div>","protected":false},"excerpt":{"rendered":"TERMIN WYSTAWY: 10.12 \u2013 21.12.2017 r. MIEJSCE WYSTAWY: PIX.HOUSE \u2013 UL. G\u0141OGOWSKA 35a Pozna\u0144 Wernisa\u017c: niedziela 10.12.2017\u00a0 godz. 17.00 &nbsp; WST\u0118P WOLNY Serdecznie zapraszamy na wystaw\u0119 uczestnik\u00f3w warsztat\u00f3w M\u00f3j fyrtel\/Moja przestrze\u0144. Na spotkaniach uczestnicy poznawali tajniki pracy nad fotograficznym projektem d\u0142ugoterminowym. Jakie efekty przynios\u0142a pi\u0119ciomiesi\u0119czna...","protected":false},"author":11,"featured_media":27271,"comment_status":"open","ping_status":"open","sticky":false,"template":"","format":"standard","meta":{"_monsterinsights_skip_tracking":false,"_monsterinsights_sitenote_active":false,"_monsterinsights_sitenote_note":"","_monsterinsights_sitenote_category":0,"footnotes":""},"categories":[47],"tags":[],"class_list":["post-27259","post","type-post","status-publish","format-standard","has-post-thumbnail","hentry","category-wystawy"],"_links":{"self":[{"href":"https:\/\/pix.house\/en\/wp-json\/wp\/v2\/posts\/27259","targetHints":{"allow":["GET"]}}],"collection":[{"href":"https:\/\/pix.house\/en\/wp-json\/wp\/v2\/posts"}],"about":[{"href":"https:\/\/pix.house\/en\/wp-json\/wp\/v2\/types\/post"}],"author":[{"embeddable":true,"href":"https:\/\/pix.house\/en\/wp-json\/wp\/v2\/users\/11"}],"replies":[{"embeddable":true,"href":"https:\/\/pix.house\/en\/wp-json\/wp\/v2\/comments?post=27259"}],"version-history":[{"count":3,"href":"https:\/\/pix.house\/en\/wp-json\/wp\/v2\/posts\/27259\/revisions"}],"predecessor-version":[{"id":32287,"href":"https:\/\/pix.house\/en\/wp-json\/wp\/v2\/posts\/27259\/revisions\/32287"}],"wp:featuredmedia":[{"embeddable":true,"href":"https:\/\/pix.house\/en\/wp-json\/wp\/v2\/media\/27271"}],"wp:attachment":[{"href":"https:\/\/pix.house\/en\/wp-json\/wp\/v2\/media?parent=27259"}],"wp:term":[{"taxonomy":"category","embeddable":true,"href":"https:\/\/pix.house\/en\/wp-json\/wp\/v2\/categories?post=27259"},{"taxonomy":"post_tag","embeddable":true,"href":"https:\/\/pix.house\/en\/wp-json\/wp\/v2\/tags?post=27259"}],"curies":[{"name":"wp","href":"https:\/\/api.w.org\/{rel}","templated":true}]}}