{"id":28062,"date":"2018-02-19T19:09:15","date_gmt":"2018-02-19T18:09:15","guid":{"rendered":"http:\/\/pix.house\/?p=28062"},"modified":"2018-03-14T13:26:43","modified_gmt":"2018-03-14T12:26:43","slug":"iloveyoudad","status":"publish","type":"post","link":"https:\/\/pix.house\/en\/iloveyoudad\/","title":{"rendered":"I love you dad | Karol Grygoruk | wystawa"},"content":{"rendered":"<div class=\"wpb-content-wrapper\"><div class=\"vc_row wpb_row section vc_row-fluid\" style=' text-align:left;'><div class=\"full_section_inner clearfix\"><div class=\"wpb_column vc_column_container vc_col-sm-12\"><div class=\"vc_column-inner\"><div class=\"wpb_wrapper\">\n\t<div class=\"wpb_text_column wpb_content_element\">\n\t\t<div class=\"wpb_wrapper\">\n\t\t\t<p><strong>TERMIN WYSTAWY:<\/strong> 08.03\u2013 05.04.2018 r. | wystawa czynna od wtorku do soboty od 17.00 do 19.00<\/p>\n<p><strong>MIEJSCE WYSTAWY: <\/strong>PIX.HOUSE \u2013 UL. G\u0141OGOWSKA 35a Pozna\u0144<\/p>\n<p><strong>Wernisa\u017c: <\/strong>czwartek 08.03.2018\u00a0 godz. 18.00<\/p>\n<p>&nbsp;<\/p>\n<p><strong>WST\u0118P WOLNY<\/strong><\/p>\n\n\t\t<\/div> \n\t<\/div> <\/div><\/div><\/div><div class=\"wpb_column vc_column_container vc_col-sm-12\"><div class=\"vc_column-inner\"><div class=\"wpb_wrapper\"><div class='qode_image_gallery_no_space light highlight_active'><div class='qode_image_gallery_holder' style='height: 500px;'><ul><li><div style=\"height: 500px; width:664px;\"><img decoding=\"async\" src=\"https:\/\/pix.house\/wp-content\/uploads\/2018\/02\/I-LOVE-YOU-DAD-Karol-Grygoruk-003.jpg\" alt=\"\" \/><\/div><\/li><li><div style=\"height: 500px; width:664px;\"><img decoding=\"async\" src=\"https:\/\/pix.house\/wp-content\/uploads\/2018\/02\/I-LOVE-YOU-DAD-Karol-Grygoruk-005.jpg\" alt=\"\" \/><\/div><\/li><li><div style=\"height: 500px; width:664px;\"><img decoding=\"async\" src=\"https:\/\/pix.house\/wp-content\/uploads\/2018\/02\/I-LOVE-YOU-DAD-Karol-Grygoruk-009.jpg\" alt=\"\" \/><\/div><\/li><li><div style=\"height: 500px; width:664px;\"><img decoding=\"async\" src=\"https:\/\/pix.house\/wp-content\/uploads\/2018\/02\/I-LOVE-YOU-DAD-Karol-Grygoruk-011.jpg\" alt=\"\" \/><\/div><\/li><li><div style=\"height: 500px; width:664px;\"><img decoding=\"async\" src=\"https:\/\/pix.house\/wp-content\/uploads\/2018\/02\/I-LOVE-YOU-DAD-Karol-Grygoruk-017.jpg\" alt=\"\" \/><\/div><\/li><li><div style=\"height: 500px; width:664px;\"><img decoding=\"async\" src=\"https:\/\/pix.house\/wp-content\/uploads\/2018\/02\/I-LOVE-YOU-DAD-Karol-Grygoruk-021.jpg\" alt=\"\" \/><\/div><\/li><li><div style=\"height: 500px; width:664px;\"><img decoding=\"async\" src=\"https:\/\/pix.house\/wp-content\/uploads\/2018\/02\/I-LOVE-YOU-DAD-Karol-Grygoruk-027.jpg\" alt=\"\" \/><\/div><\/li><li><div style=\"height: 500px; width:664px;\"><img decoding=\"async\" src=\"https:\/\/pix.house\/wp-content\/uploads\/2018\/02\/I-LOVE-YOU-DAD-Karol-Grygoruk-029.jpg\" alt=\"\" \/><\/div><\/li><li><div style=\"height: 500px; width:664px;\"><img decoding=\"async\" src=\"https:\/\/pix.house\/wp-content\/uploads\/2018\/02\/I-LOVE-YOU-DAD-Karol-Grygoruk-033.jpg\" alt=\"\" \/><\/div><\/li><li><div style=\"height: 500px; width:664px;\"><img decoding=\"async\" src=\"https:\/\/pix.house\/wp-content\/uploads\/2018\/02\/I-LOVE-YOU-DAD-Karol-Grygoruk-043.jpg\" alt=\"\" \/><\/div><\/li><li><div style=\"height: 500px; width:664px;\"><img decoding=\"async\" src=\"https:\/\/pix.house\/wp-content\/uploads\/2018\/02\/I-LOVE-YOU-DAD-Karol-Grygoruk-045.jpg\" alt=\"\" \/><\/div><\/li><li><div style=\"height: 500px; width:664px;\"><img decoding=\"async\" src=\"https:\/\/pix.house\/wp-content\/uploads\/2018\/02\/I-LOVE-YOU-DAD-Karol-Grygoruk-055.jpg\" alt=\"\" \/><\/div><\/li><li><div style=\"height: 500px; width:664px;\"><img decoding=\"async\" src=\"https:\/\/pix.house\/wp-content\/uploads\/2018\/02\/I-LOVE-YOU-DAD-Karol-Grygoruk-059.jpg\" alt=\"\" \/><\/div><\/li><li><div style=\"height: 500px; width:664px;\"><img decoding=\"async\" src=\"https:\/\/pix.house\/wp-content\/uploads\/2018\/02\/I-LOVE-YOU-DAD-Karol-Grygoruk-067.jpg\" alt=\"\" \/><\/div><\/li><li><div style=\"height: 500px; width:664px;\"><img decoding=\"async\" src=\"https:\/\/pix.house\/wp-content\/uploads\/2018\/02\/I-LOVE-YOU-DAD-Karol-Grygoruk-069.jpg\" alt=\"\" \/><\/div><\/li><li><div style=\"height: 500px; width:664px;\"><img decoding=\"async\" src=\"https:\/\/pix.house\/wp-content\/uploads\/2018\/02\/I-LOVE-YOU-DAD-Karol-Grygoruk-075.jpg\" alt=\"\" \/><\/div><\/li><li><div style=\"height: 500px; width:664px;\"><img decoding=\"async\" src=\"https:\/\/pix.house\/wp-content\/uploads\/2018\/02\/I-LOVE-YOU-DAD-Karol-Grygoruk-093.jpg\" alt=\"\" \/><\/div><\/li><li><div style=\"height: 500px; width:664px;\"><img decoding=\"async\" src=\"https:\/\/pix.house\/wp-content\/uploads\/2018\/02\/I-LOVE-YOU-DAD-Karol-Grygoruk-103.jpg\" alt=\"\" \/><\/div><\/li><li><div style=\"height: 500px; width:664px;\"><img decoding=\"async\" src=\"https:\/\/pix.house\/wp-content\/uploads\/2018\/02\/I-LOVE-YOU-DAD-Karol-Grygoruk-129.jpg\" alt=\"\" \/><\/div><\/li><li><div style=\"height: 500px; width:664px;\"><img decoding=\"async\" src=\"https:\/\/pix.house\/wp-content\/uploads\/2018\/02\/I-LOVE-YOU-DAD-Karol-Grygoruk-139.jpg\" alt=\"\" \/><\/div><\/li><li><div style=\"height: 500px; width:664px;\"><img decoding=\"async\" src=\"https:\/\/pix.house\/wp-content\/uploads\/2018\/02\/I-LOVE-YOU-DAD-Karol-Grygoruk-147.jpg\" alt=\"\" \/><\/div><\/li><li><div style=\"height: 500px; width:664px;\"><img decoding=\"async\" src=\"https:\/\/pix.house\/wp-content\/uploads\/2018\/02\/I-LOVE-YOU-DAD-Karol-Grygoruk-151.jpg\" alt=\"\" \/><\/div><\/li><li><div style=\"height: 500px; width:664px;\"><img decoding=\"async\" src=\"https:\/\/pix.house\/wp-content\/uploads\/2018\/02\/I-LOVE-YOU-DAD-Karol-Grygoruk-157.jpg\" alt=\"\" \/><\/div><\/li><li><div style=\"height: 500px; width:664px;\"><img decoding=\"async\" src=\"https:\/\/pix.house\/wp-content\/uploads\/2018\/02\/I-LOVE-YOU-DAD-Karol-Grygoruk-171.jpg\" alt=\"\" \/><\/div><\/li><li><div style=\"height: 500px; width:664px;\"><img decoding=\"async\" src=\"https:\/\/pix.house\/wp-content\/uploads\/2018\/02\/I-LOVE-YOU-DAD-Karol-Grygoruk-173.jpg\" alt=\"\" \/><\/div><\/li><li><div style=\"height: 500px; width:664px;\"><img decoding=\"async\" src=\"https:\/\/pix.house\/wp-content\/uploads\/2018\/02\/I-LOVE-YOU-DAD-Karol-Grygoruk-191.jpg\" alt=\"\" \/><\/div><\/li><li><div style=\"height: 500px; width:664px;\"><img decoding=\"async\" src=\"https:\/\/pix.house\/wp-content\/uploads\/2018\/02\/I-LOVE-YOU-DAD-Karol-Grygoruk-213.jpg\" alt=\"\" \/><\/div><\/li><li><div style=\"height: 500px; width:664px;\"><img decoding=\"async\" src=\"https:\/\/pix.house\/wp-content\/uploads\/2018\/02\/I-LOVE-YOU-DAD-Karol-Grygoruk-215.jpg\" alt=\"\" \/><\/div><\/li><\/ul><\/div><div class=\"controls\"><a class=\"prev-slide\" href=\"#\"><span class=\"arrow_carrot-left\"><\/span><\/a><a class=\"next-slide\" href=\"#\"><span class=\"arrow_carrot-right\"><\/span><\/a><\/div><\/div><\/div><\/div><\/div><\/div><\/div><div     class=\"vc_row wpb_row section vc_row-fluid\" style=' text-align:left;'><div class=\"full_section_inner clearfix\"><div class=\"wpb_column vc_column_container vc_col-sm-12\"><div class=\"vc_column-inner\"><div class=\"wpb_wrapper\">\n\t<div class=\"wpb_text_column wpb_content_element\">\n\t\t<div class=\"wpb_wrapper\">\n\t\t\t<p style=\"text-align: justify;\"><em>Zadaniem fotografii nie jest poruszanie sumienia, ale poruszanie \u015bwiadomo\u015bci. Zdj\u0119cia nie s\u0105 pro\u015bb\u0105 o \u201epomoc\u201d dla ludzi, kt\u00f3rych przedstawiaj\u0105, ale czym\u015b o wiele trudniejszym; to pro\u015bba by przez kr\u00f3tk\u0105 i intensywn\u0105 chwil\u0119 zda\u0107 sobie spraw\u0119 z ich istnienia, tak realnego i znacz\u0105cego jak nasze w\u0142asne \u2013 s\u0142owa krytyka i kuratora fotografii Hugh\u2019a Edwardsa z 1966 roku mog\u0142yby dotyczy\u0107 generacji fotograf\u00f3w, szczeg\u00f3lnie tych, kt\u00f3rych prace pokazuj\u0105, jak bardzo zaanga\u017cowali si\u0119 w dan\u0105 sytuacj\u0119 i jak siln\u0105 wi\u0119\u017a uda\u0142o im si\u0119 nawi\u0105za\u0107 z tymi, kt\u00f3rych fotografowali. Przywo\u0142a\u0107 tu mo\u017cna ikoniczne i ponadczasowe prace artyst\u00f3w tworz\u0105cych w nurcie dokumentu uczestnicz\u0105cego, takich jak Walker Evans, Robert Frank czy Danny Lyon. <\/em><\/p>\n<p>&nbsp;<\/p>\n<p style=\"text-align: justify;\">W projekcie <strong>I Love You Dad<\/strong>, Karol Grygoruk konsekwentnie pod\u0105\u017ca ich \u015bladami. W 2016 roku, kiedy <strong>Grygoruk<\/strong> rozpoczyna\u0142 prac\u0119 nad projektem, wszystko wskazywa\u0142o na to, \u017ce Tajlandia stoi u progu wielkich zmian. Stan zdrowia Bhumibola Adulyadeja, jednego z najd\u0142u\u017cej rz\u0105dz\u0105cych monarch\u00f3w na \u015bwiecie, wci\u0105\u017c si\u0119 pogarsza\u0142. W kraju pe\u0142nym paradoks\u00f3w, przysz\u0142o\u015b\u0107 stanowi\u0142a niewiadom\u0105. Gdy wsp\u00f3\u0142czesna tajska gospodarka jest jedn\u0105 z najszybciej rozwijaj\u0105cych si\u0119 w Azji Po\u0142udniowo -Wschodniej, a jej pot\u0119ga wzrasta wraz z kolejnymi monumentalnymi centrami handlowymi, biurowcami i luksusowymi resortami. Po drugiej stronie tego pozornie niepohamowanego post\u0119pu znajduj\u0105 si\u0119 ci, kt\u00f3rzy nie mog\u0105 go do\u015bwiadczy\u0107 \u2013 miliony ludzi \u017cyj\u0105cy na granicy ub\u00f3stwa, bez dost\u0119pu do podstawowych praw: do edukacji, r\u00f3wnouprawnienia i wolno\u015bci s\u0142owa. \u0141\u0105czy ich jedno: wszyscy bez wahania deklaruj\u0105 mi\u0142o\u015b\u0107 do Kr\u00f3la. Nie maj\u0105 innego wyj\u015bcia.<br \/>\nZgodnie z artyku\u0142em 112 tajskiego kodeksu karnego, ten kto znies\u0142awia, obra\u017ca lub zagra\u017ca kr\u00f3lowi, kr\u00f3lowej, nast\u0119pcy tronu lub regentowi, podlega karze do pi\u0119tnastu lat wi\u0119zienia. W 2017 roku tajskie prawo l\u00e8se-majest\u00e9, stanowi\u0105ce o obrazie majestatu nale\u017cy do najsurowszych na \u015bwiecie. Z\u0142o\u017cono\u015b\u0107 relacji w\u0142adzy i niejasna koegzystencja r\u00f3\u017cnych obliczy re\u017cimu zdaj\u0105 si\u0119 by\u0107 sprzeczne. Grygoruk zdo\u0142a\u0142 uchwyci\u0107 ten paradoks, ukazuj\u0105c, \u017ce pod powierzchni\u0105 stworzon\u0105 wed\u0142ug paradygmatu w\u0142adzy istnieje \u015bwiat niewidoczny dla oczu zachodnich turyst\u00f3w. Dokumentuj\u0105c g\u0142\u0119bokie spo\u0142eczne rozwarstwienie: mieszka\u0144c\u00f3w slums\u00f3w, ladyboy\u00f3w, prostytutki, a tak\u017ce nastolatk\u00f3w zafascynowanych zachodnia kultur\u0105, Grygoruk, przez swoje fotografie pozwala przyjrze\u0107 si\u0119 niepokoj\u0105cemu wsp\u00f3\u0142istnieniu pos\u0142usze\u0144stwa i oporu.<\/p>\n<p style=\"text-align: justify;\">\u0141a\u0328cza\u0328c dos\u0301wiadczenia fotograficzne i socjologiczna\u0328 wiedze\u0328, autor wypracowa\u0142 je\u0328zyk wizualny, kt\u00f3ry wykracza poza granice obu kultur \u2013 tej, kt\u00f3ra\u0328 dokumentuje jak i tej, z kt\u00f3rej sie\u0328 wywodzi. W tych z pozoru prostych i bezpo\u015brednich fotografiach Grygoruk ukrywa wielowymiarowe znaczenia. Przy uwa\u017cnym spojrzeniu, zar\u00f3wno intymne sytuacje, kt\u00f3re dokumentuje, jak i przedstawione historie, zyskuj\u0105 uniwersalno\u015b\u0107 i staj\u0105 si\u0119 ponadczasowe. Ukazane w projekcie pojedyncze historie pozwalaj\u0105 nam zobaczy\u0107 szersz\u0105 perspektyw\u0119. Przyjrze\u0107 si\u0119 nie tylko sta\u0142ym mechanizmom w\u0142adzy, ale r\u00f3wnie\u017c historii, kt\u00f3ra niezmiennie zatacza ko\u0142o, dziej\u0105c si\u0119 na naszych oczach. By\u0107 mo\u017ce tylko wtedy, gdy zatrzymamy si\u0119 i zdamy sobie spraw\u0119 z istnienia innych, tak realnego i znacz\u0105cego jak nasze w\u0142asne \u2013 jeste\u015bmy w stanie wp\u0142yn\u0105\u0107 na otaczaj\u0105c\u0105 nas rzeczywisto\u015b\u0107.<\/p>\n<p style=\"text-align: right;\">Wiktoria Micha\u0142kiewicz<\/p>\n\n\t\t<\/div> \n\t<\/div> <div class=\"separator  normal\" style=\"border-color: #ffffff;border-width:1px\"><\/div>\n\n\t<div class=\"wpb_single_image wpb_content_element vc_align_center\">\n\t\t<div class=\"wpb_wrapper\">\n\t\t\t\n\t\t\t<div class=\"vc_single_image-wrapper   vc_box_border_grey\"><img loading=\"lazy\" decoding=\"async\" width=\"1500\" height=\"1000\" src=\"https:\/\/pix.house\/wp-content\/uploads\/2018\/02\/ILYD-Book-Promo.jpg\" class=\"vc_single_image-img attachment-full\" alt=\"\" title=\"ILYD - Book Promo\" srcset=\"https:\/\/pix.house\/wp-content\/uploads\/2018\/02\/ILYD-Book-Promo.jpg 1500w, https:\/\/pix.house\/wp-content\/uploads\/2018\/02\/ILYD-Book-Promo-800x533.jpg 800w, https:\/\/pix.house\/wp-content\/uploads\/2018\/02\/ILYD-Book-Promo-300x200.jpg 300w, https:\/\/pix.house\/wp-content\/uploads\/2018\/02\/ILYD-Book-Promo-768x512.jpg 768w, https:\/\/pix.house\/wp-content\/uploads\/2018\/02\/ILYD-Book-Promo-1280x853.jpg 1280w, https:\/\/pix.house\/wp-content\/uploads\/2018\/02\/ILYD-Book-Promo-600x400.jpg 600w, https:\/\/pix.house\/wp-content\/uploads\/2018\/02\/ILYD-Book-Promo-700x467.jpg 700w, https:\/\/pix.house\/wp-content\/uploads\/2018\/02\/ILYD-Book-Promo-1100x733.jpg 1100w, https:\/\/pix.house\/wp-content\/uploads\/2018\/02\/ILYD-Book-Promo-1320x880.jpg 1320w\" sizes=\"auto, (max-width: 1500px) 100vw, 1500px\" \/><\/div>\n\t\t<\/div>\n\t<\/div>\n\n\t<div class=\"wpb_text_column wpb_content_element\">\n\t\t<div class=\"wpb_wrapper\">\n\t\t\t<p style=\"text-align: justify;\"><strong>Karol Grygoruk<\/strong> \u2013 (ur. 1985). Absolwent socjologii i antropologii spo\u0142ecznej na Uniwersytecie Warszawskim, ukon\u0301czy\u0142 wydzia\u0142 fotografii dokumentalnej w Instytucie Fotografii Kreatywnej w Opavie. Wyk\u0142adowca w Akademii Fotografii w Warszawie. Przez wiele lat wspo\u0301\u0142pracowa\u0142 z organizacjami pozarza\u0328dowymi w Polsce i za granica\u0328 m.in Greenpeace oraz Helsi\u0144ska Fundacja Praw Cz\u0142owieka. Specjalizuje sie\u0328 w teoriach kultury wizualnej i wspo\u0301\u0142czesnej fotografii amerykan\u0301skiej. Jego prace by\u0142y pokazywane w ramach wystaw indywidualnych i zbiorowych w takich instytucjach jak MSN w Warszawie, czy Galeria Pauza w Krakowie. By\u0142 dyrektorem artystycznym magazynu VICE Polska, a jego reportaz\u0307e fotograficzne by\u0142y publikowane w mie\u0328dzynarodowych wydaniach magazynu VICE, i-D, Wired, Noisey, a takz\u0307e m.in. w Gazecie Wyborczej i Polityce.<\/p>\n\n\t\t<\/div> \n\t<\/div> <\/div><\/div><\/div><\/div><\/div><div     class=\"vc_row wpb_row section vc_row-fluid\" style=' text-align:left;'><div class=\"full_section_inner clearfix\"><div class=\"wpb_column vc_column_container vc_col-sm-12\"><div class=\"vc_column-inner\"><div class=\"wpb_wrapper\">\n\t<div class=\"wpb_text_column wpb_content_element\">\n\t\t<div class=\"wpb_wrapper\">\n\t\t\t<h4><strong>WYSTAWA PREZENTOWANA DZI\u0118KI WSPARCIU MIASTA:\u00a0<\/strong><\/h4>\n\n\t\t<\/div> \n\t<\/div> \n\t<div class=\"wpb_single_image wpb_content_element vc_align_left\">\n\t\t<div class=\"wpb_wrapper\">\n\t\t\t\n\t\t\t<div class=\"vc_single_image-wrapper   vc_box_border_grey\"><img loading=\"lazy\" decoding=\"async\" width=\"300\" height=\"128\" src=\"https:\/\/pix.house\/wp-content\/uploads\/2017\/09\/LOGO_POZnan_RGB_JPEG-1-300x128.jpg\" class=\"vc_single_image-img attachment-medium\" alt=\"\" title=\"LOGO_POZnan_RGB_JPEG\" srcset=\"https:\/\/pix.house\/wp-content\/uploads\/2017\/09\/LOGO_POZnan_RGB_JPEG-1-300x128.jpg 300w, https:\/\/pix.house\/wp-content\/uploads\/2017\/09\/LOGO_POZnan_RGB_JPEG-1-600x255.jpg 600w, https:\/\/pix.house\/wp-content\/uploads\/2017\/09\/LOGO_POZnan_RGB_JPEG-1-800x340.jpg 800w, https:\/\/pix.house\/wp-content\/uploads\/2017\/09\/LOGO_POZnan_RGB_JPEG-1-768x327.jpg 768w, https:\/\/pix.house\/wp-content\/uploads\/2017\/09\/LOGO_POZnan_RGB_JPEG-1-700x298.jpg 700w, https:\/\/pix.house\/wp-content\/uploads\/2017\/09\/LOGO_POZnan_RGB_JPEG-1-e1572290098989.jpg 180w\" sizes=\"auto, (max-width: 300px) 100vw, 300px\" \/><\/div>\n\t\t<\/div>\n\t<\/div>\n<\/div><\/div><\/div><\/div><\/div>\n<\/div>","protected":false},"excerpt":{"rendered":"TERMIN WYSTAWY: 08.03\u2013 05.04.2018 r. | wystawa czynna od wtorku do soboty od 17.00 do 19.00 MIEJSCE WYSTAWY: PIX.HOUSE \u2013 UL. G\u0141OGOWSKA 35a Pozna\u0144 Wernisa\u017c: czwartek 08.03.2018\u00a0 godz. 18.00 &nbsp; WST\u0118P WOLNY Zadaniem fotografii nie jest poruszanie sumienia, ale poruszanie \u015bwiadomo\u015bci. Zdj\u0119cia nie s\u0105 pro\u015bb\u0105...","protected":false},"author":11,"featured_media":28095,"comment_status":"open","ping_status":"open","sticky":false,"template":"","format":"standard","meta":{"_monsterinsights_skip_tracking":false,"_monsterinsights_sitenote_active":false,"_monsterinsights_sitenote_note":"","_monsterinsights_sitenote_category":0,"footnotes":""},"categories":[47],"tags":[],"class_list":["post-28062","post","type-post","status-publish","format-standard","has-post-thumbnail","hentry","category-wystawy"],"_links":{"self":[{"href":"https:\/\/pix.house\/en\/wp-json\/wp\/v2\/posts\/28062","targetHints":{"allow":["GET"]}}],"collection":[{"href":"https:\/\/pix.house\/en\/wp-json\/wp\/v2\/posts"}],"about":[{"href":"https:\/\/pix.house\/en\/wp-json\/wp\/v2\/types\/post"}],"author":[{"embeddable":true,"href":"https:\/\/pix.house\/en\/wp-json\/wp\/v2\/users\/11"}],"replies":[{"embeddable":true,"href":"https:\/\/pix.house\/en\/wp-json\/wp\/v2\/comments?post=28062"}],"version-history":[{"count":8,"href":"https:\/\/pix.house\/en\/wp-json\/wp\/v2\/posts\/28062\/revisions"}],"predecessor-version":[{"id":28169,"href":"https:\/\/pix.house\/en\/wp-json\/wp\/v2\/posts\/28062\/revisions\/28169"}],"wp:featuredmedia":[{"embeddable":true,"href":"https:\/\/pix.house\/en\/wp-json\/wp\/v2\/media\/28095"}],"wp:attachment":[{"href":"https:\/\/pix.house\/en\/wp-json\/wp\/v2\/media?parent=28062"}],"wp:term":[{"taxonomy":"category","embeddable":true,"href":"https:\/\/pix.house\/en\/wp-json\/wp\/v2\/categories?post=28062"},{"taxonomy":"post_tag","embeddable":true,"href":"https:\/\/pix.house\/en\/wp-json\/wp\/v2\/tags?post=28062"}],"curies":[{"name":"wp","href":"https:\/\/api.w.org\/{rel}","templated":true}]}}