{"id":28184,"date":"2018-04-03T11:29:49","date_gmt":"2018-04-03T09:29:49","guid":{"rendered":"http:\/\/pix.house\/?p=28184"},"modified":"2018-04-03T11:29:49","modified_gmt":"2018-04-03T09:29:49","slug":"push_the_sky","status":"publish","type":"post","link":"https:\/\/pix.house\/en\/push_the_sky\/","title":{"rendered":"Push the Sky Away | Piotr Zbierski | wystawa"},"content":{"rendered":"<div class=\"wpb-content-wrapper\"><div class=\"vc_row wpb_row section vc_row-fluid\" style=' text-align:left;'><div class=\"full_section_inner clearfix\"><div class=\"wpb_column vc_column_container vc_col-sm-12\"><div class=\"vc_column-inner\"><div class=\"wpb_wrapper\">\n\t<div class=\"wpb_text_column wpb_content_element\">\n\t\t<div class=\"wpb_wrapper\">\n\t\t\t<p><strong>TERMIN WYSTAWY:<\/strong> 12.04 \u2013 20.05.2018 | wystawa czynna od wtorku do soboty od 17.00 do 19.00<\/p>\n<p><strong>MIEJSCE WYSTAWY: <\/strong>PIX.HOUSE \u2013 UL. G\u0141OGOWSKA 35a Pozna\u0144<\/p>\n<p><strong>Wernisa\u017c: <\/strong>czwartek 12.04.2018\u00a0 godz. 18.00<\/p>\n<p>&nbsp;<\/p>\n<p><strong>WST\u0118P WOLNY<\/strong><\/p>\n\n\t\t<\/div> \n\t<\/div> <\/div><\/div><\/div><div class=\"wpb_column vc_column_container vc_col-sm-12\"><div class=\"vc_column-inner\"><div class=\"wpb_wrapper\"><div class='qode_image_gallery_no_space light highlight_active'><div class='qode_image_gallery_holder' style='height: 500px;'><ul><li><div style=\"height: 500px; width:500px;\"><img decoding=\"async\" src=\"https:\/\/pix.house\/wp-content\/uploads\/2018\/04\/PUSH_THE_SKY_AWAY_01.jpg\" alt=\"\" \/><\/div><\/li><li><div style=\"height: 500px; width:500px;\"><img decoding=\"async\" src=\"https:\/\/pix.house\/wp-content\/uploads\/2018\/04\/PUSH_THE_SKY_AWAY_02.jpg\" alt=\"\" \/><\/div><\/li><li><div style=\"height: 500px; width:500px;\"><img decoding=\"async\" src=\"https:\/\/pix.house\/wp-content\/uploads\/2018\/04\/PUSH_THE_SKY_AWAY_03.jpg\" alt=\"\" \/><\/div><\/li><li><div style=\"height: 500px; width:500px;\"><img decoding=\"async\" src=\"https:\/\/pix.house\/wp-content\/uploads\/2018\/04\/PUSH_THE_SKY_AWAY_05.jpg\" alt=\"\" \/><\/div><\/li><li><div style=\"height: 500px; width:781px;\"><img decoding=\"async\" src=\"https:\/\/pix.house\/wp-content\/uploads\/2018\/04\/PUSH_THE_SKY_AWAY_08.jpg\" alt=\"\" \/><\/div><\/li><li><div style=\"height: 500px; width:500px;\"><img decoding=\"async\" src=\"https:\/\/pix.house\/wp-content\/uploads\/2018\/04\/PUSH_THE_SKY_AWAY_10.jpg\" alt=\"\" \/><\/div><\/li><li><div style=\"height: 500px; width:500px;\"><img decoding=\"async\" src=\"https:\/\/pix.house\/wp-content\/uploads\/2018\/04\/PUSH_THE_SKY_AWAY_11.jpg\" alt=\"\" \/><\/div><\/li><\/ul><\/div><div class=\"controls\"><a class=\"prev-slide\" href=\"#\"><span class=\"arrow_carrot-left\"><\/span><\/a><a class=\"next-slide\" href=\"#\"><span class=\"arrow_carrot-right\"><\/span><\/a><\/div><\/div><\/div><\/div><\/div><\/div><\/div><div     class=\"vc_row wpb_row section vc_row-fluid\" style=' text-align:left;'><div class=\"full_section_inner clearfix\"><div class=\"wpb_column vc_column_container vc_col-sm-12\"><div class=\"vc_column-inner\"><div class=\"wpb_wrapper\">\n\t<div class=\"wpb_text_column wpb_content_element\">\n\t\t<div class=\"wpb_wrapper\">\n\t\t\t<p lang=\"pl-PL\" style=\"text-align: justify;\" align=\"JUSTIFY\">Od niemal 10 lat Piotr Zbierski konsekwentnie tworzy swoje wizualne opowie\u015bci. Przybieraj\u0105 one form\u0119 rozbudowanych, wielow\u0105tkowych cykli zdj\u0119\u0107 w kt\u00f3rych bada on zar\u00f3wno otaczaj\u0105cy go \u015bwiat jaki i samo medium jakim si\u0119 pos\u0142uguje \u2013 fotografi\u0119. Zdj\u0119cie te wymykaj\u0105 si\u0119 dobrze znanej dokumentalnej konwencji, ich estetyka mo\u017ce przywodzi\u0107 oniryczne skojarzenia, sugerowa\u0107 jaki\u015b rodzaj powidok\u00f3w, szkic\u00f3w. Wyra\u017anie wida\u0107 jednak jakie obszary interesuj\u0105 ich Autora. Kluczowe jest, cz\u0119sto podkre\u015blane przez Zbierskiego, spotkanie z innym cz\u0142owiekiem, ze \u015awiatem, z natur\u0105. Wchodzenie w coraz to nowe obszary, eksplorowanie \u015bwiata emocji, intensywne ich do\u015bwiadczanie sta\u0142o si\u0119 metod\u0105 pracy i warunkiem tworzenia tego rodzaju obraz\u00f3w. Cechuje je niespotykana wra\u017cliwo\u015b\u0107 spojrzenia, specyficzne techniki fotograficzne, kt\u00f3re wybiera oraz poruszana przez niego tematyka. Te trzy elementy sk\u0142adaj\u0105 si\u0119 na oryginalno\u015b\u0107 tw\u00f3rcy. Zbierski u\u017cywa fotografii do tego, aby bada\u0107 stany mentalne, emocje, relacje zachodz\u0105ce mi\u0119dzy natur\u0105 a kultur\u0105, struktury g\u0142\u0119bsze i bardziej ukryte ni\u017ali te do\u015bwiadczane w codziennej i zwyczajowej percepcji. Wszystko to naznaczone jest intymnym kontaktem z fotografowanymi lud\u017ami, przedmiotami, miejscami, przyrod\u0105. Bez umiej\u0119tno\u015bci wej\u015bcia w taki rodzaj relacji fotografie te zapewne nie mog\u0142yby powsta\u0107. Dzi\u0119ki temu otrzymujemy obrazy, kt\u00f3re mog\u0105 zdumiewa\u0107, intrygowa\u0107, obrazy kt\u00f3re wymagaj\u0105 od nas uwagi i percepcyjnego zaanga\u017cowania. Nieoczywisto\u015b\u0107 tych zdj\u0119\u0107 powoduje, \u017ce przywodz\u0105 one skojarzenia z koncepcj\u0105 dzie\u0142a otwartego \u2013 wiele tu trzeba sobie dopowiedzie\u0107, ale i wiele z nich mo\u017cna odczyta\u0107. Kolejne tworzone przez niego cykle: Dream of White Elephants, Love has to be reinvented oraz Stones were lost from the base ukazuj\u0105 drog\u0119, kt\u00f3r\u0105 pod\u0105\u017ca tw\u00f3rca i chocia\u017c zmieniaj\u0105 si\u0119 tematy tych prac, wyra\u017anie wida\u0107 w nich siln\u0105 autorsk\u0105 wizj\u0119. Bez w\u0105tpienia wa\u017cnymi dla fotografa poj\u0119ciami s\u0105 droga i podr\u00f3\u017c, rozumiane na wielu mo\u017cliwych poziomach. On sam intensywnie przemieszcza si\u0119 w poszukiwaniu inspiracji. Odwiedza kolejne kraje w Europie, kilka razy podr\u00f3\u017cowa\u0142 do Indii. Poszukuje miejsc, kt\u00f3re zachowa\u0142y jeszcze jaki\u015b rodzaj pierwotno\u015bci, miejsc, gdzie mo\u017cna do\u015bwiadczy\u0107 magicznej cykliczno\u015bci powtarzanych obrz\u0119d\u00f3w, w kt\u00f3rych przetrwa\u0142y resztki dawnego precywilizacyjnego uniwersum.<\/p>\n<p lang=\"pl-PL\" style=\"text-align: justify;\" align=\"JUSTIFY\">Zbierski wierzy w fotografi\u0119, kt\u00f3ra jest dla niego, jak sam m\u00f3wi, medium do opowiadania o \u201ew\u0142asnych i cudzych ko\u0144cach\u201d. To prawda, fotografia jest sztuk\u0105 nostalgiczn\u0105, cho\u0107 nie tylko o nostalgi\u0119 Zbierskiemu chodzi. W istocie aparat fotograficzny staje si\u0119 dla niego narz\u0119dziem poznawania \u015bwiata a fotografia sposobem odpowiedzi na stawiane sobie pytania. \u201eWyobrazi\u0142em sobie swoj\u0105 prac\u0119 jako histori\u0119 o balansie pomi\u0119dzy sprzecznymi stanami i uczuciami. Fotografia to m\u00f3j spos\u00f3b na komunikacj\u0119, j\u0119zyk w po\u015bredni spos\u00f3b opowiadaj\u0105cy o mnie. Buduj\u0119 historie na pograniczu fantazji, wyobra\u017cenia i rzeczywisto\u015bci, pokazuj\u0119 perspektyw\u0119 odbioru \u017cycia przekszta\u0142conego przez emocje i nostalgi\u0119 lub po prostu: pos\u0142uguj\u0119 si\u0119 sytuacjami z czas\u00f3w wsp\u00f3\u0142czesnych dla odtworzenia \u017cycia \u00bbpierwszych ludzi\u00ab (nie chodzi tu o rozumienie kim byli ludzie, ale czym jest ludzka natura) \u2013 ich fizyczno\u015bci, codziennego funkcjonowania, rytua\u0142\u00f3w oraz praemocji\u201d. Prace zaprezentowane na wystawie i w albumie Push the Sky Away wiele m\u00f3wi\u0105 o Zbierskim, ale przede wszystkim ukazuj\u0105 intryguj\u0105c\u0105 wypraw\u0119 w poszukiwaniu \u017ar\u00f3de\u0142 kultury. Przypominaj\u0105, \u017ce warto wraca\u0107 do fundamentalnych pyta\u0144 o natur\u0119 cz\u0142owieka i jego relacje ze \u015bwiatem. Powstaj\u0105c w nieustannej podr\u00f3\u017cy, same mog\u0105 sta\u0107 si\u0119 punktem wyj\u015bcia, obiektem eksploracji, pretekstem do sprawdzenia innej perspektywy patrzenia na rzeczywisto\u015b\u0107.<\/p>\n<p lang=\"pl-PL\" style=\"text-align: right;\" align=\"JUSTIFY\"><em>Tomasz Ferenc<\/em><\/p>\n\n\t\t<\/div> \n\t<\/div> <div class=\"separator  normal\" style=\"border-color: #ffffff;border-width:1px\"><\/div>\n\n\t<div class=\"wpb_single_image wpb_content_element vc_align_center\">\n\t\t<div class=\"wpb_wrapper\">\n\t\t\t\n\t\t\t<div class=\"vc_single_image-wrapper   vc_box_border_grey\"><img loading=\"lazy\" decoding=\"async\" width=\"1024\" height=\"683\" src=\"https:\/\/pix.house\/wp-content\/uploads\/2018\/01\/zbierski2.jpg\" class=\"vc_single_image-img attachment-full\" alt=\"\" title=\"zbierski2\" srcset=\"https:\/\/pix.house\/wp-content\/uploads\/2018\/01\/zbierski2.jpg 1024w, https:\/\/pix.house\/wp-content\/uploads\/2018\/01\/zbierski2-800x534.jpg 800w, https:\/\/pix.house\/wp-content\/uploads\/2018\/01\/zbierski2-600x400.jpg 600w, https:\/\/pix.house\/wp-content\/uploads\/2018\/01\/zbierski2-300x200.jpg 300w, https:\/\/pix.house\/wp-content\/uploads\/2018\/01\/zbierski2-768x512.jpg 768w, https:\/\/pix.house\/wp-content\/uploads\/2018\/01\/zbierski2-700x467.jpg 700w\" sizes=\"auto, (max-width: 1024px) 100vw, 1024px\" \/><\/div>\n\t\t<\/div>\n\t<\/div>\n\n\t<div class=\"wpb_text_column wpb_content_element\">\n\t\t<div class=\"wpb_wrapper\">\n\t\t\t<p style=\"text-align: justify;\">Wystawie towarzyszy ksi\u0105\u017cka <strong>Push the Sky Away<\/strong>, wydana przez wydawnictwo PWSFTviT. Publikacja zawiera tekst prof. Eleonory Jedli\u0144skiej oraz wiersz Patti Smith, kt\u00f3ry powsta\u0142 specjalnie do tej ksi\u0105\u017cki. Jest to pierwsze tak obszerne wydawnictwo fotografii Piotra Zbierskiego, podsumowuj\u0105ce dotychczasowy dorobek artysty.<\/p>\n\n\t\t<\/div> \n\t<\/div> <div class=\"separator  normal\" style=\"border-color: #ffffff;border-width:1px\"><\/div>\n\n\t<div class=\"wpb_text_column wpb_content_element\">\n\t\t<div class=\"wpb_wrapper\">\n\t\t\t<p style=\"text-align: justify;\"><strong>Piotr Zbierski<\/strong> (ur. 1987) obecnie doktorant PWSFTviT w \u0141odzi. Prezentowa\u0142 swoje prace w galeriach m.in. we Francji, Niemczech, Portugalii, Rosji, jak r\u00f3wnie\u017c w magazynach (Shots Magazine, Archivo Zine, Die Nacht, Gup Magazine). W 2012 roku wygra\u0142 presti\u017cow\u0105 nagrod\u0119 dla Leica Oscar Barnack Newcomer Award za cykl prac Pass by me. Jego prace znajdziemy w kolekcjach Kiyosato Museum of Photographic Arts w Japonii oraz w Mus\u00e9e de l&#8217;\u00c9lys\u00e9e w Szwajcarii. W 2016 roku wyda\u0142 swoj\u0105 pierwsz\u0105 ksi\u0105\u017ck\u0119 pt. Push the sky away &#8211; tryptyk nad kt\u00f3rym pracowa\u0142 w latach 2008-2016. \u017byje i pracuje w \u0141odzi.<\/p>\n\n\t\t<\/div> \n\t<\/div> <\/div><\/div><\/div><\/div><\/div><div     class=\"vc_row wpb_row section vc_row-fluid\" style=' text-align:left;'><div class=\"full_section_inner clearfix\"><div class=\"wpb_column vc_column_container vc_col-sm-12\"><div class=\"vc_column-inner\"><div class=\"wpb_wrapper\">\n\t<div class=\"wpb_text_column wpb_content_element\">\n\t\t<div class=\"wpb_wrapper\">\n\t\t\t<h4><strong>WYSTAWA PREZENTOWANA DZI\u0118KI WSPARCIU MIASTA:\u00a0<\/strong><\/h4>\n\n\t\t<\/div> \n\t<\/div> \n\t<div class=\"wpb_single_image wpb_content_element vc_align_left\">\n\t\t<div class=\"wpb_wrapper\">\n\t\t\t\n\t\t\t<div class=\"vc_single_image-wrapper   vc_box_border_grey\"><img loading=\"lazy\" decoding=\"async\" width=\"300\" height=\"128\" src=\"https:\/\/pix.house\/wp-content\/uploads\/2017\/09\/LOGO_POZnan_RGB_JPEG-1-300x128.jpg\" class=\"vc_single_image-img attachment-medium\" alt=\"\" title=\"LOGO_POZnan_RGB_JPEG\" srcset=\"https:\/\/pix.house\/wp-content\/uploads\/2017\/09\/LOGO_POZnan_RGB_JPEG-1-300x128.jpg 300w, https:\/\/pix.house\/wp-content\/uploads\/2017\/09\/LOGO_POZnan_RGB_JPEG-1-600x255.jpg 600w, https:\/\/pix.house\/wp-content\/uploads\/2017\/09\/LOGO_POZnan_RGB_JPEG-1-800x340.jpg 800w, https:\/\/pix.house\/wp-content\/uploads\/2017\/09\/LOGO_POZnan_RGB_JPEG-1-768x327.jpg 768w, https:\/\/pix.house\/wp-content\/uploads\/2017\/09\/LOGO_POZnan_RGB_JPEG-1-700x298.jpg 700w, https:\/\/pix.house\/wp-content\/uploads\/2017\/09\/LOGO_POZnan_RGB_JPEG-1-e1572290098989.jpg 180w\" sizes=\"auto, (max-width: 300px) 100vw, 300px\" \/><\/div>\n\t\t<\/div>\n\t<\/div>\n<\/div><\/div><\/div><\/div><\/div><div     class=\"vc_row wpb_row section vc_row-fluid\" style=' text-align:left;'><div class=\"full_section_inner clearfix\"><div class=\"wpb_column vc_column_container vc_col-sm-12\"><div class=\"vc_column-inner\"><div class=\"wpb_wrapper\">\n\t<div class=\"wpb_text_column wpb_content_element\">\n\t\t<div class=\"wpb_wrapper\">\n\t\t\t<h4><strong>PARTNERZY WYSTAWY:<\/strong><\/h4>\n\n\t\t<\/div> \n\t<\/div> <\/div><\/div><\/div><\/div><\/div><div     class=\"vc_row wpb_row section vc_row-fluid\" style=' text-align:left;'><div class=\"full_section_inner clearfix\"><div class=\"wpb_column vc_column_container vc_col-sm-12\"><div class=\"vc_column-inner\"><div class=\"wpb_wrapper\">\n\t<div class=\"wpb_single_image wpb_content_element vc_align_left\">\n\t\t<div class=\"wpb_wrapper\">\n\t\t\t\n\t\t\t<div class=\"vc_single_image-wrapper   vc_box_border_grey\"><img loading=\"lazy\" decoding=\"async\" width=\"1060\" height=\"162\" src=\"https:\/\/pix.house\/wp-content\/uploads\/2018\/04\/parnterzy.jpg\" class=\"vc_single_image-img attachment-large\" alt=\"\" title=\"parnterzy\" srcset=\"https:\/\/pix.house\/wp-content\/uploads\/2018\/04\/parnterzy.jpg 1189w, https:\/\/pix.house\/wp-content\/uploads\/2018\/04\/parnterzy-800x122.jpg 800w, https:\/\/pix.house\/wp-content\/uploads\/2018\/04\/parnterzy-300x46.jpg 300w, https:\/\/pix.house\/wp-content\/uploads\/2018\/04\/parnterzy-768x118.jpg 768w, https:\/\/pix.house\/wp-content\/uploads\/2018\/04\/parnterzy-600x92.jpg 600w, https:\/\/pix.house\/wp-content\/uploads\/2018\/04\/parnterzy-700x107.jpg 700w, https:\/\/pix.house\/wp-content\/uploads\/2018\/04\/parnterzy-1100x168.jpg 1100w\" sizes=\"auto, (max-width: 1060px) 100vw, 1060px\" \/><\/div>\n\t\t<\/div>\n\t<\/div>\n<\/div><\/div><\/div><\/div><\/div>\n<\/div>","protected":false},"excerpt":{"rendered":"TERMIN WYSTAWY: 12.04 \u2013 20.05.2018 | wystawa czynna od wtorku do soboty od 17.00 do 19.00 MIEJSCE WYSTAWY: PIX.HOUSE \u2013 UL. G\u0141OGOWSKA 35a Pozna\u0144 Wernisa\u017c: czwartek 12.04.2018\u00a0 godz. 18.00 &nbsp; WST\u0118P WOLNY Od niemal 10 lat Piotr Zbierski konsekwentnie tworzy swoje wizualne opowie\u015bci. Przybieraj\u0105 one...","protected":false},"author":11,"featured_media":28185,"comment_status":"open","ping_status":"open","sticky":false,"template":"","format":"standard","meta":{"_monsterinsights_skip_tracking":false,"_monsterinsights_sitenote_active":false,"_monsterinsights_sitenote_note":"","_monsterinsights_sitenote_category":0,"footnotes":""},"categories":[47],"tags":[],"class_list":["post-28184","post","type-post","status-publish","format-standard","has-post-thumbnail","hentry","category-wystawy"],"_links":{"self":[{"href":"https:\/\/pix.house\/en\/wp-json\/wp\/v2\/posts\/28184","targetHints":{"allow":["GET"]}}],"collection":[{"href":"https:\/\/pix.house\/en\/wp-json\/wp\/v2\/posts"}],"about":[{"href":"https:\/\/pix.house\/en\/wp-json\/wp\/v2\/types\/post"}],"author":[{"embeddable":true,"href":"https:\/\/pix.house\/en\/wp-json\/wp\/v2\/users\/11"}],"replies":[{"embeddable":true,"href":"https:\/\/pix.house\/en\/wp-json\/wp\/v2\/comments?post=28184"}],"version-history":[{"count":6,"href":"https:\/\/pix.house\/en\/wp-json\/wp\/v2\/posts\/28184\/revisions"}],"predecessor-version":[{"id":28202,"href":"https:\/\/pix.house\/en\/wp-json\/wp\/v2\/posts\/28184\/revisions\/28202"}],"wp:featuredmedia":[{"embeddable":true,"href":"https:\/\/pix.house\/en\/wp-json\/wp\/v2\/media\/28185"}],"wp:attachment":[{"href":"https:\/\/pix.house\/en\/wp-json\/wp\/v2\/media?parent=28184"}],"wp:term":[{"taxonomy":"category","embeddable":true,"href":"https:\/\/pix.house\/en\/wp-json\/wp\/v2\/categories?post=28184"},{"taxonomy":"post_tag","embeddable":true,"href":"https:\/\/pix.house\/en\/wp-json\/wp\/v2\/tags?post=28184"}],"curies":[{"name":"wp","href":"https:\/\/api.w.org\/{rel}","templated":true}]}}