{"id":28485,"date":"2018-08-20T13:14:40","date_gmt":"2018-08-20T11:14:40","guid":{"rendered":"http:\/\/pix.house\/?p=28485"},"modified":"2018-08-20T18:44:22","modified_gmt":"2018-08-20T16:44:22","slug":"lapidarium","status":"publish","type":"post","link":"https:\/\/pix.house\/en\/lapidarium\/","title":{"rendered":"Lapidarium | Piotr Borowski | wystawa"},"content":{"rendered":"<div class=\"wpb-content-wrapper\"><div class=\"vc_row wpb_row section vc_row-fluid\" style=' text-align:left;'><div class=\"full_section_inner clearfix\"><div class=\"wpb_column vc_column_container vc_col-sm-12\"><div class=\"vc_column-inner\"><div class=\"wpb_wrapper\">\n\t<div class=\"wpb_text_column wpb_content_element\">\n\t\t<div class=\"wpb_wrapper\">\n\t\t\t<p><strong>TERMIN WYSTAWY:<\/strong> 01.09<\/p>\n<p><strong>MIEJSCE WYSTAWY: <\/strong>PIX.HOUSE \u2013 UL. G\u0141OGOWSKA 35a Pozna\u0144<\/p>\n<p><strong>Wernisa\u017c: <\/strong>sobota 01.09.2018\u00a0 godz. 17.00<\/p>\n<p>&nbsp;<\/p>\n<p><strong>WST\u0118P WOLNY<\/strong><\/p>\n\n\t\t<\/div> \n\t<\/div> <\/div><\/div><\/div><div class=\"wpb_column vc_column_container vc_col-sm-12\"><div class=\"vc_column-inner\"><div class=\"wpb_wrapper\"><div class='qode_image_gallery_no_space light highlight_active'><div class='qode_image_gallery_holder' style='height: 500px;'><ul><li><div style=\"height: 500px; width:751px;\"><img decoding=\"async\" src=\"https:\/\/pix.house\/wp-content\/uploads\/2018\/08\/Lapidarium-1.jpg\" alt=\"\" \/><\/div><\/li><li><div style=\"height: 500px; width:753px;\"><img decoding=\"async\" src=\"https:\/\/pix.house\/wp-content\/uploads\/2018\/08\/Lapidarium-2.jpg\" alt=\"\" \/><\/div><\/li><li><div style=\"height: 500px; width:751px;\"><img decoding=\"async\" src=\"https:\/\/pix.house\/wp-content\/uploads\/2018\/08\/Lapidarium-3.jpg\" alt=\"\" \/><\/div><\/li><li><div style=\"height: 500px; width:750px;\"><img decoding=\"async\" src=\"https:\/\/pix.house\/wp-content\/uploads\/2018\/08\/DSF4775-17-kopia.jpg\" alt=\"\" \/><\/div><\/li><li><div style=\"height: 500px; width:750px;\"><img decoding=\"async\" src=\"https:\/\/pix.house\/wp-content\/uploads\/2018\/08\/DSF4786-18-kopia.jpg\" alt=\"\" \/><\/div><\/li><li><div style=\"height: 500px; width:750px;\"><img decoding=\"async\" src=\"https:\/\/pix.house\/wp-content\/uploads\/2018\/08\/DSF4792-19-kopia.jpg\" alt=\"\" \/><\/div><\/li><li><div style=\"height: 500px; width:750px;\"><img decoding=\"async\" src=\"https:\/\/pix.house\/wp-content\/uploads\/2018\/08\/DSF4795-20.jpg\" alt=\"\" \/><\/div><\/li><\/ul><\/div><div class=\"controls\"><a class=\"prev-slide\" href=\"#\"><span class=\"arrow_carrot-left\"><\/span><\/a><a class=\"next-slide\" href=\"#\"><span class=\"arrow_carrot-right\"><\/span><\/a><\/div><\/div><\/div><\/div><\/div><\/div><\/div><div     class=\"vc_row wpb_row section vc_row-fluid\" style=' text-align:left;'><div class=\"full_section_inner clearfix\"><div class=\"wpb_column vc_column_container vc_col-sm-12\"><div class=\"vc_column-inner\"><div class=\"wpb_wrapper\">\n\t<div class=\"wpb_text_column wpb_content_element\">\n\t\t<div class=\"wpb_wrapper\">\n\t\t\t<p lang=\"pl-PL\" align=\"JUSTIFY\">Serdecznie zapraszamy na wystaw\u0119 i premier\u0119 ksi\u0105\u017cki Piotra Borowskiego &#8222;Lapidarium&#8221;, kt\u00f3ra zapocz\u0105tkuje cykl spotka\u0144 z fotografami z Poznania i Wielkopolski w galerii PIX.HOUSE.<\/p>\n<p lang=\"pl-PL\" style=\"text-align: justify;\" align=\"JUSTIFY\"><strong>Lapidarium<\/strong> \u2013 to z definicji zbi\u00f3r kamieni lub kamiennych nagrobk\u00f3w. Chodzi\u0142o mi jednak bardziej o przymiotnik \u201elapidarny\u201d \u2013 u\u017cy\u0142em tej nazwy na podkre\u015blenie zwi\u0119z\u0142o\u015bci zbioru r\u00f3\u017cnorodnych fotografii, kt\u00f3ry stworzy\u0142em. Pierwsz\u0105 my\u015bl\u0105 podczas tworzenia ksi\u0105\u017cki by\u0142 pomys\u0142 na opowiedzenie jakiej\u015b historii obrazami. Chcia\u0142em z codziennego \u017cycia wy\u0142uska\u0107 fragmenty i posk\u0142ada\u0107 je w interesuj\u0105cy spos\u00f3b. Chcia\u0142em pokaza\u0107 szczeg\u00f3ln\u0105 histori\u0119 ludzk\u0105.<\/p>\n<p lang=\"pl-PL\" style=\"text-align: justify;\" align=\"JUSTIFY\">Jednak zarzuci\u0142em ten pomys\u0142.<\/p>\n<p lang=\"pl-PL\" style=\"text-align: justify;\" align=\"JUSTIFY\">Postanowi\u0142em si\u0119gn\u0105\u0107 do rzeczy nadrz\u0119dnych, bardziej og\u00f3lnych, uniwersalnych.\u00a0 Szuka\u0142em sposobu pokazania zjawisk fundamentalnych, b\u0119d\u0105cych \u017ar\u00f3d\u0142em naszych prze\u017cy\u0107.<\/p>\n<p lang=\"pl-PL\" style=\"text-align: justify;\" align=\"JUSTIFY\">Mam t\u0119 \u015bwiadomo\u015b\u0107, \u017ce fotografie wi\u0119cej m\u00f3wi\u0105 o ich autorze ni\u017c o obiekcie na zdj\u0119ciu wi\u0119c sta\u0142o si\u0119 dla mnie jasne, \u017ce chodzi tu o \u017ar\u00f3d\u0142o moich w\u0142asnych prze\u017cy\u0107. Przez to ksi\u0105\u017cka sta\u0142a si\u0119 osobist\u0105, filozoficzn\u0105 opowie\u015bci\u0105 o prawdach og\u00f3lnych. O \u017cyciu i \u015bmierci, chorobie i b\u00f3lu, o wierze, l\u0119ku, mi\u0142o\u015bci i samotno\u015bci, o dzieci\u0144stwie i staro\u015bci. O relacjach z innymi i ze \u015bwiatem.<\/p>\n<p lang=\"pl-PL\" style=\"text-align: justify;\" align=\"JUSTIFY\">Posun\u0105\u0142em dalej personalizacj\u0119.\u00a0 Do\u0142\u0105czy\u0142em fragmenty ulubionych ksi\u0105\u017cek, zadba\u0142em by by\u0142a skromna w formie i elegancka, dostatecznie kr\u00f3tka i lapidarna by nie znudzi\u0107 i na tyle mocna by mog\u0142a poruszy\u0107.<\/p>\n\n\t\t<\/div> \n\t<\/div> <div class=\"separator  normal\" style=\"border-color: #ffffff;border-width:1px\"><\/div>\n\n\t<div class=\"wpb_single_image wpb_content_element vc_align_center\">\n\t\t<div class=\"wpb_wrapper\">\n\t\t\t\n\t\t\t<div class=\"vc_single_image-wrapper   vc_box_border_grey\"><img loading=\"lazy\" decoding=\"async\" width=\"2000\" height=\"1333\" src=\"https:\/\/pix.house\/wp-content\/uploads\/2018\/08\/Lapidarium-4.jpg\" class=\"vc_single_image-img attachment-full\" alt=\"\" title=\"Lapidarium 4\" srcset=\"https:\/\/pix.house\/wp-content\/uploads\/2018\/08\/Lapidarium-4.jpg 2000w, https:\/\/pix.house\/wp-content\/uploads\/2018\/08\/Lapidarium-4-800x533.jpg 800w, https:\/\/pix.house\/wp-content\/uploads\/2018\/08\/Lapidarium-4-300x200.jpg 300w, https:\/\/pix.house\/wp-content\/uploads\/2018\/08\/Lapidarium-4-768x512.jpg 768w, https:\/\/pix.house\/wp-content\/uploads\/2018\/08\/Lapidarium-4-1280x853.jpg 1280w, https:\/\/pix.house\/wp-content\/uploads\/2018\/08\/Lapidarium-4-600x400.jpg 600w, https:\/\/pix.house\/wp-content\/uploads\/2018\/08\/Lapidarium-4-700x467.jpg 700w, https:\/\/pix.house\/wp-content\/uploads\/2018\/08\/Lapidarium-4-1100x733.jpg 1100w, https:\/\/pix.house\/wp-content\/uploads\/2018\/08\/Lapidarium-4-1320x880.jpg 1320w\" sizes=\"auto, (max-width: 2000px) 100vw, 2000px\" \/><\/div>\n\t\t<\/div>\n\t<\/div>\n<div class=\"separator  normal\" style=\"border-color: #ffffff;border-width:1px\"><\/div>\n\n\t<div class=\"wpb_text_column wpb_content_element\">\n\t\t<div class=\"wpb_wrapper\">\n\t\t\t<p><strong>Piotr Borowski<\/strong>\u00a0&#8211; neurochirurg, fotograf amator, kolarz amator, z natury leniwy, nieco nieskromny, ch\u0119tnie podr\u00f3\u017cuje zw\u0142aszcza z przyjaci\u00f3\u0142mi, ceni sobie poznawanie innych ludzi, wino i dobre jedzenie.<br \/>\nUko\u0144czy\u0142 Warsztaty Mistrzowskie Akademii 5 Klatek Mariusza Foreckiego, r\u00f3\u017cne warsztaty reporta\u017cu i edycji zdj\u0119\u0107 z Antoninem Kratochvilem, Ma\u0107kiem Nabrdalikiem, Tomaszem Tomaszewskim, Kentem Kobersteenem, Ernesto Bazanem, Tomkiem Sikor\u0105, Marcinem Kydry\u0144skim. Absolwent Akademii Fotografii Tomasza Tomaszewskiego.<br \/>\nW latach 2007-2010 uczestniczy\u0142 w kilku lokalnych wystawach fotograficznych. W roku 2011 zdoby\u0142 g\u0142\u00f3wn\u0105 nagrod\u0119 w konkursie Moja Wielkopolska. W 2012 roku jego fotografia wygra\u0142a konkurs na Zdj\u0119cie Roku organizowanym przez WBPiCAK w Poznaniu. W tym samym roku odby\u0142a si\u0119 jego wystawa autorska Po S\u0105siedzku w ramach Wielkopolskiego Festiwalu Fotografii. Rok p\u00f3\u017aniej zosta\u0142 Laureatem\u00a0\u201eWielkopolska Press Photo 2013&#8243; w kategorii \u017bycie codzienne.<\/p>\n\n\t\t<\/div> \n\t<\/div> <\/div><\/div><\/div><\/div><\/div><div     class=\"vc_row wpb_row section vc_row-fluid\" style=' text-align:left;'><div class=\"full_section_inner clearfix\"><div class=\"wpb_column vc_column_container vc_col-sm-12\"><div class=\"vc_column-inner\"><div class=\"wpb_wrapper\">\n\t<div class=\"wpb_text_column wpb_content_element\">\n\t\t<div class=\"wpb_wrapper\">\n\t\t\t<h4><strong>WYSTAWA PREZENTOWANA DZI\u0118KI WSPARCIU MIASTA:\u00a0<\/strong><\/h4>\n\n\t\t<\/div> \n\t<\/div> \n\t<div class=\"wpb_single_image wpb_content_element vc_align_left\">\n\t\t<div class=\"wpb_wrapper\">\n\t\t\t\n\t\t\t<div class=\"vc_single_image-wrapper   vc_box_border_grey\"><img loading=\"lazy\" decoding=\"async\" width=\"300\" height=\"128\" src=\"https:\/\/pix.house\/wp-content\/uploads\/2017\/09\/LOGO_POZnan_RGB_JPEG-1-300x128.jpg\" class=\"vc_single_image-img attachment-medium\" alt=\"\" title=\"LOGO_POZnan_RGB_JPEG\" srcset=\"https:\/\/pix.house\/wp-content\/uploads\/2017\/09\/LOGO_POZnan_RGB_JPEG-1-300x128.jpg 300w, https:\/\/pix.house\/wp-content\/uploads\/2017\/09\/LOGO_POZnan_RGB_JPEG-1-600x255.jpg 600w, https:\/\/pix.house\/wp-content\/uploads\/2017\/09\/LOGO_POZnan_RGB_JPEG-1-800x340.jpg 800w, https:\/\/pix.house\/wp-content\/uploads\/2017\/09\/LOGO_POZnan_RGB_JPEG-1-768x327.jpg 768w, https:\/\/pix.house\/wp-content\/uploads\/2017\/09\/LOGO_POZnan_RGB_JPEG-1-700x298.jpg 700w, https:\/\/pix.house\/wp-content\/uploads\/2017\/09\/LOGO_POZnan_RGB_JPEG-1-e1572290098989.jpg 180w\" sizes=\"auto, (max-width: 300px) 100vw, 300px\" \/><\/div>\n\t\t<\/div>\n\t<\/div>\n<\/div><\/div><\/div><\/div><\/div><div     class=\"vc_row wpb_row section vc_row-fluid\" style=' text-align:left;'><div class=\"full_section_inner clearfix\"><div class=\"wpb_column vc_column_container vc_col-sm-12\"><div class=\"vc_column-inner\"><div class=\"wpb_wrapper\"><\/div><\/div><\/div><\/div><\/div>\n<\/div>","protected":false},"excerpt":{"rendered":"TERMIN WYSTAWY: 01.09 MIEJSCE WYSTAWY: PIX.HOUSE \u2013 UL. G\u0141OGOWSKA 35a Pozna\u0144 Wernisa\u017c: sobota 01.09.2018\u00a0 godz. 17.00 &nbsp; WST\u0118P WOLNY Serdecznie zapraszamy na wystaw\u0119 i premier\u0119 ksi\u0105\u017cki Piotra Borowskiego \"Lapidarium\", kt\u00f3ra zapocz\u0105tkuje cykl spotka\u0144 z fotografami z Poznania i Wielkopolski w galerii PIX.HOUSE. Lapidarium \u2013 to...","protected":false},"author":11,"featured_media":28490,"comment_status":"open","ping_status":"open","sticky":false,"template":"","format":"standard","meta":{"_monsterinsights_skip_tracking":false,"_monsterinsights_sitenote_active":false,"_monsterinsights_sitenote_note":"","_monsterinsights_sitenote_category":0,"footnotes":""},"categories":[47],"tags":[],"class_list":["post-28485","post","type-post","status-publish","format-standard","has-post-thumbnail","hentry","category-wystawy"],"_links":{"self":[{"href":"https:\/\/pix.house\/en\/wp-json\/wp\/v2\/posts\/28485","targetHints":{"allow":["GET"]}}],"collection":[{"href":"https:\/\/pix.house\/en\/wp-json\/wp\/v2\/posts"}],"about":[{"href":"https:\/\/pix.house\/en\/wp-json\/wp\/v2\/types\/post"}],"author":[{"embeddable":true,"href":"https:\/\/pix.house\/en\/wp-json\/wp\/v2\/users\/11"}],"replies":[{"embeddable":true,"href":"https:\/\/pix.house\/en\/wp-json\/wp\/v2\/comments?post=28485"}],"version-history":[{"count":4,"href":"https:\/\/pix.house\/en\/wp-json\/wp\/v2\/posts\/28485\/revisions"}],"predecessor-version":[{"id":28498,"href":"https:\/\/pix.house\/en\/wp-json\/wp\/v2\/posts\/28485\/revisions\/28498"}],"wp:featuredmedia":[{"embeddable":true,"href":"https:\/\/pix.house\/en\/wp-json\/wp\/v2\/media\/28490"}],"wp:attachment":[{"href":"https:\/\/pix.house\/en\/wp-json\/wp\/v2\/media?parent=28485"}],"wp:term":[{"taxonomy":"category","embeddable":true,"href":"https:\/\/pix.house\/en\/wp-json\/wp\/v2\/categories?post=28485"},{"taxonomy":"post_tag","embeddable":true,"href":"https:\/\/pix.house\/en\/wp-json\/wp\/v2\/tags?post=28485"}],"curies":[{"name":"wp","href":"https:\/\/api.w.org\/{rel}","templated":true}]}}