{"id":28805,"date":"2018-11-01T13:12:09","date_gmt":"2018-11-01T12:12:09","guid":{"rendered":"http:\/\/pix.house\/?p=28805"},"modified":"2018-11-01T13:12:09","modified_gmt":"2018-11-01T12:12:09","slug":"saraha","status":"publish","type":"post","link":"https:\/\/pix.house\/en\/saraha\/","title":{"rendered":"Saraha | spotkanie z Maciejem Moskw\u0105"},"content":{"rendered":"<div class=\"wpb-content-wrapper\"><div class=\"vc_row wpb_row section vc_row-fluid\" style=' text-align:left;'><div class=\"full_section_inner clearfix\"><div class=\"wpb_column vc_column_container vc_col-sm-12\"><div class=\"vc_column-inner\"><div class=\"wpb_wrapper\">\n\t<div class=\"wpb_text_column wpb_content_element\">\n\t\t<div class=\"wpb_wrapper\">\n\t\t\t<p><strong>TERMIN: <\/strong>niedziela 04.11.2018; godz. 17:33<\/p>\n<p><strong>MIEJSCE:<\/strong>\u00a0PIX.HOUSE ul. G\u0142ogowska 35, Pozna\u0144<\/p>\n<p><strong>WST\u0118P WOLNY<\/strong><\/p>\n\n\t\t<\/div> \n\t<\/div> <\/div><\/div><\/div><div class=\"wpb_column vc_column_container vc_col-sm-12\"><div class=\"vc_column-inner\"><div class=\"wpb_wrapper\"><div class='qode_image_gallery_no_space light highlight_active'><div class='qode_image_gallery_holder' style='height: 500px;'><ul><li><div style=\"height: 500px; width:667px;\"><img decoding=\"async\" src=\"https:\/\/pix.house\/wp-content\/uploads\/2018\/11\/0.jpg\" alt=\"\" \/><\/div><\/li><li><div style=\"height: 500px; width:1114px;\"><img decoding=\"async\" src=\"https:\/\/pix.house\/wp-content\/uploads\/2018\/11\/00.jpg\" alt=\"\" \/><\/div><\/li><li><div style=\"height: 500px; width:750px;\"><img decoding=\"async\" src=\"https:\/\/pix.house\/wp-content\/uploads\/2018\/11\/Maciej_Moskwa_Saraha-1.jpg\" alt=\"\" \/><\/div><\/li><li><div style=\"height: 500px; width:751px;\"><img decoding=\"async\" src=\"https:\/\/pix.house\/wp-content\/uploads\/2018\/11\/Maciej_Moskwa_Saraha-2.jpg\" alt=\"\" \/><\/div><\/li><li><div style=\"height: 500px; width:750px;\"><img decoding=\"async\" src=\"https:\/\/pix.house\/wp-content\/uploads\/2018\/11\/Maciej_Moskwa_Saraha-3.jpg\" alt=\"\" \/><\/div><\/li><li><div style=\"height: 500px; width:750px;\"><img decoding=\"async\" src=\"https:\/\/pix.house\/wp-content\/uploads\/2018\/11\/Maciej_Moskwa_Saraha-4.jpg\" alt=\"\" \/><\/div><\/li><\/ul><\/div><div class=\"controls\"><a class=\"prev-slide\" href=\"#\"><span class=\"arrow_carrot-left\"><\/span><\/a><a class=\"next-slide\" href=\"#\"><span class=\"arrow_carrot-right\"><\/span><\/a><\/div><\/div><\/div><\/div><\/div><\/div><\/div><div     class=\"vc_row wpb_row section vc_row-fluid\" style=' text-align:left;'><div class=\"full_section_inner clearfix\"><div class=\"wpb_column vc_column_container vc_col-sm-12\"><div class=\"vc_column-inner\"><div class=\"wpb_wrapper\">\n\t<div class=\"wpb_text_column wpb_content_element\">\n\t\t<div class=\"wpb_wrapper\">\n\t\t\t<p>Serdecznie zapraszamy na spotkanie i premier\u0119 ksi\u0105\u017cki Macieja Moskwy &#8222;Saraha&#8221;<\/p>\n<p><strong>Syria, Turcja, W\u0119gry, Serbia, Grecja<\/strong> | 2007 \u2013 2016<\/p>\n<p>Ksi\u0105\u017cka <strong>Macieja Moskwy<\/strong> dokumentuje zapowiedzi, przyczyny i nast\u0119pstwa konfliktu w <strong>Syrii<\/strong>. Fotograf przez <strong>11 lat<\/strong> skupia\u0142 si\u0119 na relacjonowaniu losu Syryjczyk\u00f3w \u2013 od zal\u0105\u017cku wojny, a\u017c po kryzys migracyjny.<\/p>\n<p>W ksi\u0105\u017cce opr\u00f3cz fotografii znalaz\u0142y si\u0119 r\u00f3wnie\u017c wspomnienia Hashema Haj Bakri, do\u015bwiadczenia Macieja spisane w rozmowie z Magdalen\u0105 Rigamonti oraz tekst Rafa\u0142a Grzeni.<\/p>\n<p>W 2011 roku, na fali antyrz\u0105dowych protest\u00f3w, zwanych \u201cArabsk\u0105 Wiosn\u0105\u201d, na syryjskie ulice wyszli ludzie z \u017c\u0105daniami reform w pa\u0144stwie spotka\u0142y si\u0119 z brutaln\u0105 reakcj\u0105 rz\u0105du, za kt\u00f3r\u0105 z kolei posz\u0142a militaryzacja cz\u0119\u015bci protestuj\u0105cych. I tak rewolucja przerodzi\u0142a si\u0119 w wojn\u0119 mi\u0119dzy armi\u0105 rz\u0105dow\u0105, a zrekrutowan\u0105 z rebeliant\u00f3w i dezerter\u00f3w Woln\u0105 Armi\u0119 Syrii, kt\u00f3ra stopniowo przejmowa\u0142a kontrol\u0119 nad znacznymi po\u0142aciami kraju. Szybko w konflikt zaanga\u017cowa\u0142y si\u0119 inne pa\u0144stwa (Rosja, Iran i Chiny po stronie rz\u0105du, USA, Turcja, Arabia Saudyjska oraz Katar po stronie rebelii), czyni\u0105c go bardziej intensywnym, ale i bardziej nierozwi\u0105zywalnym. Trwaj\u0105cy, a potem latami wojenny chaos sta\u0142 si\u0119 pretekstem dla nap\u0142ywu d\u017cihadyst\u00f3w (w tym irackiej Al Kaidy) i z czasem do powstania Pa\u0144stwa Islamskiego. O swoj\u0105 autonomi\u0119 zacz\u0119li r\u00f3wnie\u017c walczy\u0107 Kurdowie.<br \/>\nSyri\u0119 dotkn\u0119\u0142o swego rodzaju \u201erozbicie dzielnicowe\u201d, kraj uleg\u0142 zniszczeniu na wielk\u0105 skal\u0119, setki tysi\u0119cy ludzi ponios\u0142o \u015bmier\u0107, ponad po\u0142owa mieszka\u0144c\u00f3w zosta\u0142a zmuszona do wewn\u0119trznej lub zewn\u0119trznej migracji, a ka\u017cdy Syryjczyk do\u015bwiadczy\u0142 przemocy w jej najbole\u015bniejszej formie.<\/p>\n<p>Jednocze\u015bnie po siedmiu latach, jakie up\u0142yn\u0119\u0142y od pierwszych demonstracji w Syrii, ci\u0119\u017cko o jasn\u0105 odpowied\u017a na pytanie o win\u0119 i racj\u0119 stron w konflikcie, czy te\u017c o jego mo\u017cliwe rozwi\u0105zania. Jakie wobec zaistnia\u0142ej sytuacji powinni\u015bmy zaj\u0105\u0107 stanowisko?<br \/>\nKa\u017cdy, kto przygl\u0105da si\u0119 syryjskiemu konfliktowi zmuszony jest zagra\u0107 przez chwil\u0119 w podw\u00f3rkow\u0105 gr\u0119 saraha, w kt\u00f3r\u0105 bawi\u0105 si\u0119 syryjskie dzieci. Saraha znaczy po arabsku szczero\u015b\u0107, a w grze chodzi o to, by nawzajem zadawa\u0107 sobie takie pytania, kt\u00f3re wymagaj\u0105 trudnej, bo maksymalnie szczerej odpowiedzi.<\/p>\n<p style=\"text-align: right;\">Rafa\u0142 Grzenia<\/p>\n<p>&nbsp;<\/p>\n<p><strong>Projekt wspiera miasto:<\/strong><br \/>\n<img loading=\"lazy\" decoding=\"async\" class=\"alignnone wp-image-27074\" src=\"http:\/\/pix.house\/wp-content\/uploads\/2017\/09\/LOGO_POZnan_RGB_JPEG-1.jpg\" alt=\"\" width=\"214\" height=\"91\" \/><\/p>\n\n\t\t<\/div> \n\t<\/div> <div class=\"separator  normal\" style=\"border-color: #ffffff;border-width:1px\"><\/div>\n<\/div><\/div><\/div><\/div><\/div>\n<\/div>","protected":false},"excerpt":{"rendered":"TERMIN: niedziela 04.11.2018; godz. 17:33 MIEJSCE:\u00a0PIX.HOUSE ul. G\u0142ogowska 35, Pozna\u0144 WST\u0118P WOLNY Serdecznie zapraszamy na spotkanie i premier\u0119 ksi\u0105\u017cki Macieja Moskwy \"Saraha\" Syria, Turcja, W\u0119gry, Serbia, Grecja | 2007 \u2013 2016 Ksi\u0105\u017cka Macieja Moskwy dokumentuje zapowiedzi, przyczyny i nast\u0119pstwa konfliktu w Syrii. Fotograf przez 11...","protected":false},"author":11,"featured_media":28807,"comment_status":"open","ping_status":"open","sticky":false,"template":"","format":"standard","meta":{"_monsterinsights_skip_tracking":false,"_monsterinsights_sitenote_active":false,"_monsterinsights_sitenote_note":"","_monsterinsights_sitenote_category":0,"footnotes":""},"categories":[59],"tags":[],"class_list":["post-28805","post","type-post","status-publish","format-standard","has-post-thumbnail","hentry","category-co-z-ta-fotografia"],"_links":{"self":[{"href":"https:\/\/pix.house\/en\/wp-json\/wp\/v2\/posts\/28805","targetHints":{"allow":["GET"]}}],"collection":[{"href":"https:\/\/pix.house\/en\/wp-json\/wp\/v2\/posts"}],"about":[{"href":"https:\/\/pix.house\/en\/wp-json\/wp\/v2\/types\/post"}],"author":[{"embeddable":true,"href":"https:\/\/pix.house\/en\/wp-json\/wp\/v2\/users\/11"}],"replies":[{"embeddable":true,"href":"https:\/\/pix.house\/en\/wp-json\/wp\/v2\/comments?post=28805"}],"version-history":[{"count":1,"href":"https:\/\/pix.house\/en\/wp-json\/wp\/v2\/posts\/28805\/revisions"}],"predecessor-version":[{"id":28812,"href":"https:\/\/pix.house\/en\/wp-json\/wp\/v2\/posts\/28805\/revisions\/28812"}],"wp:featuredmedia":[{"embeddable":true,"href":"https:\/\/pix.house\/en\/wp-json\/wp\/v2\/media\/28807"}],"wp:attachment":[{"href":"https:\/\/pix.house\/en\/wp-json\/wp\/v2\/media?parent=28805"}],"wp:term":[{"taxonomy":"category","embeddable":true,"href":"https:\/\/pix.house\/en\/wp-json\/wp\/v2\/categories?post=28805"},{"taxonomy":"post_tag","embeddable":true,"href":"https:\/\/pix.house\/en\/wp-json\/wp\/v2\/tags?post=28805"}],"curies":[{"name":"wp","href":"https:\/\/api.w.org\/{rel}","templated":true}]}}