{"id":28908,"date":"2018-12-02T13:34:43","date_gmt":"2018-12-02T12:34:43","guid":{"rendered":"http:\/\/pix.house\/?p=28908"},"modified":"2018-12-04T17:02:41","modified_gmt":"2018-12-04T16:02:41","slug":"lokalnie","status":"publish","type":"post","link":"https:\/\/pix.house\/en\/lokalnie\/","title":{"rendered":"Lokalnie o fotografii &#8211; spotkanie"},"content":{"rendered":"<div class=\"wpb-content-wrapper\"><div class=\"vc_row wpb_row section vc_row-fluid\" style=' text-align:left;'><div class=\"full_section_inner clearfix\"><div class=\"wpb_column vc_column_container vc_col-sm-12\"><div class=\"vc_column-inner\"><div class=\"wpb_wrapper\">\n\t<div class=\"wpb_text_column wpb_content_element\">\n\t\t<div class=\"wpb_wrapper\">\n\t\t\t<p>Serdecznie zapraszamy na pierwsze z cyklu spotka\u0144: &#8222;<strong>Lokalnie o fotografii<\/strong>&#8221;<\/p>\n<p><strong>TERMIN: <\/strong>06.12.2018 | godz. 18.00 | galeria PIX.HOUSE ul. G\u0142ogowska 35 Pozna\u0144<\/p>\n<p>&nbsp;<\/p>\n<p>Razem z <strong>Monik\u0105 Piotrowsk\u0105<\/strong> poznamy posta\u0107 <strong>Tadeusza Cypriana<\/strong> &#8211; jednego z pionier\u00f3w fotografii w Wielkopolsce. Porozmawiamy\u00a0o jego wczesnych zdj\u0119ciach w kontek\u015bcie I wojny \u015bwiatowej na tle europejskiej fotografii z tego okresu.\u00a0Om\u00f3wimy tak\u017ce zagadnienie fotografowania codzienno\u015bci w kontek\u015bcie wieloletniej pracy w prasie <strong>Piotra Jasiczka<\/strong>.<\/p>\n<p>&nbsp;<\/p>\n<p>Go\u015b\u0107mi spotkania b\u0119d\u0105:<\/p>\n<ul>\n<li><strong>Monika Piotrowska<\/strong> &#8211; krytyk i historyk sztuki, kurator wystaw fotograficznych, autorka wielu tekst\u00f3w. W latach 2008-2014 zrealizowa\u0142a ponad trzydzie\u015bci prezentacji fotografii (w tym pi\u0119\u0107 mi\u0119dzynarodowych festiwali) w ramach autorskiego programu Fotodokument. Publikowa\u0142a liczne teksty w prasie polskiej i niemieckiej, w katalogach wystaw, w pismach historyczno-artystycznych; obecnie regularnie wsp\u00f3\u0142pracuje z pozna\u0144skim miesi\u0119cznikiem IKS i kwartalnikiem Kronika Miasta Poznania. Wyda\u0142a \u201ePolish Dream \u2013 wsp\u00f3\u0142czesna Polska w fotografii dokumentalnej\u201d (e-Book, 2014) i \u201eFotograf poeta. Katastrofa humanist\u00f3w\u201d (2016). Od 2008 r. prowadzi Fundacj\u0119 Instytut Fotografii Pro Fotografia.<\/li>\n<li><strong>Piotr Jasiczek<\/strong> &#8211; fotograf i fotoedytor. Od 13 lat zwi\u0105zany z lokaln\u0105 pras\u0105 &#8222;Gazet\u0105 Pozna\u0144sk\u0105&#8221; i &#8222;G\u0142osem Wielkopolskim. Mi\u0142o\u015bnik fotografowania codzienno\u015bci.<\/li>\n<\/ul>\n\n\t\t<\/div> \n\t<\/div> <\/div><\/div><\/div><div class=\"wpb_column vc_column_container vc_col-sm-12\"><div class=\"vc_column-inner\"><div class=\"wpb_wrapper\"><div class='qode_image_gallery_no_space light highlight_active'><div class='qode_image_gallery_holder' style='height: 500px;'><ul><li><div style=\"height: 500px; width:378px;\"><img decoding=\"async\" src=\"https:\/\/pix.house\/wp-content\/uploads\/2018\/12\/030-33.jpg\" alt=\"\" \/><\/div><\/li><li><div style=\"height: 500px; width:734px;\"><img decoding=\"async\" src=\"https:\/\/pix.house\/wp-content\/uploads\/2018\/12\/Cyprian-077-1-30.jpg\" alt=\"\" \/><\/div><\/li><li><div style=\"height: 500px; width:734px;\"><img decoding=\"async\" src=\"https:\/\/pix.house\/wp-content\/uploads\/2018\/12\/Cyprian-081-1-31.jpg\" alt=\"\" \/><\/div><\/li><li><div style=\"height: 500px; width:1000px;\"><img decoding=\"async\" src=\"https:\/\/pix.house\/wp-content\/uploads\/2018\/12\/slajder_TCyprianIWS\u2560\u00fc2-34.jpg\" alt=\"\" \/><\/div><\/li><li><div style=\"height: 500px; width:662px;\"><img decoding=\"async\" src=\"https:\/\/pix.house\/wp-content\/uploads\/2018\/12\/Tadeusz-Cyprian-07_d-30.jpg\" alt=\"\" \/><\/div><\/li><\/ul><\/div><div class=\"controls\"><a class=\"prev-slide\" href=\"#\"><span class=\"arrow_carrot-left\"><\/span><\/a><a class=\"next-slide\" href=\"#\"><span class=\"arrow_carrot-right\"><\/span><\/a><\/div><\/div>\n\t<div class=\"wpb_text_column wpb_content_element\">\n\t\t<div class=\"wpb_wrapper\">\n\t\t\t<p><strong>Tadeusz Cyprian<\/strong> (1898-1979)<\/p>\n<p>W dziedzinie fotografii sta\u0142 si\u0119 \u201ealf\u0105 i omeg\u0105\u201d ju\u017c w ko\u0144cu lat 20. XX w., zar\u00f3wno w Poznaniu, jak i ca\u0142ym kraju. Ujmowa\u0142 fachowym i rzeczowym j\u0119zykiem, gdy m\u00f3wi\u0142 i pisa\u0142, a wyg\u0142asza\u0142 prelekcje i publikowa\u0142 w czasopismach do 1939 r. niezmordowanie. Podobnie jasno wyk\u0142ada\u0142 fotografi\u0119 w podr\u0119cznikach, kt\u00f3rych do 1938 r. wyda\u0142 osiemna\u015bcie. Je\u015bli przypomnie\u0107, \u017ce ju\u017c jedna z pierwszych jego ksi\u0105\u017cek fotograficznych Kr\u00f3tki podr\u0119cznik fotografii ALFA z 1930 r. mia\u0142a 10 edycji i w sumie 120 tys. nak\u0142adu, \u017ce tak\u017ce Fotografia, technika i technologia z 1950 r. mia\u0142a 10 wyda\u0144, to staje si\u0119 jasne, \u017ce w\u0142a\u015bnie Cyprian wykszta\u0142ci\u0142 kilkaset tysi\u0119cy polskich fotoamator\u00f3w. By\u0142 te\u017c drug\u0105 obok Bu\u0142haka najbardziej rozpoznawaln\u0105 postaci\u0105 \u015bwiata fotografii i drugim po nim autorem najcz\u0119\u015bciej wystawiaj\u0105cym swe prace w Polsce i zagranic\u0105. Jego zdj\u0119cia jeszcze w mi\u0119dzywojniu pokazywano w niemal wszystkich pa\u0144stwach zachodniej Europy, a tak\u017ce w USA, Kanadzie, Japonii itd. Na \u015bwiecie uznawano go za reprezentanta ca\u0142ego polskiego \u015brodowiska fotograficznego \u2013 mia\u0142 niezwykle bogate kontakty, ale i doskona\u0142y warsztat, znalaz\u0142 si\u0119 w ameryka\u0144skim Who\u2019s Who in Pictorial Photography ju\u017c w edycji 1927\/28. Od 1942 r. by\u0142 cz\u0142onkiem ekskluzywnego, brytyjskiego Royal Photographic Society, w Mi\u0119dzynarodowej Federacji Sztuki Fotograficznej FIAP zebra\u0142 najwy\u017csze tytu\u0142y.<\/p>\n<p>Cyprian odegra\u0142 jednocze\u015bnie dziejow\u0105 rol\u0119 dla Polski jako prawnik. Zas\u0142yn\u0105\u0142 po II wojnie \u015bwiatowej \u2013 wyst\u0119powa\u0142 jako jeden z czterech polskich oskar\u017cycieli na procesach norymberskich, jego wk\u0142ad w ukaranie zbrodniarzy hitlerowskich, kt\u00f3rzy dzia\u0142ali na naszym terenie, jest nie do przecenienia. Pe\u0142ni\u0142 istotne funkcje w polskim s\u0105downictwie jeszcze w mi\u0119dzywojniu \u2013 w pozna\u0144skim s\u0105dzie okr\u0119gowym, p\u00f3\u017aniej apelacyjnym, od 1938 r. w S\u0105dzie Najwy\u017cszym w Warszawie. W 1950 r. zosta\u0142 profesorem zwyczajnym na Uniwersytecie im. Marie Curie-Sk\u0142odowskiej w Lublinie. W latach 1952-68 by\u0142 profesorem w katedrze prawa karnego pozna\u0144skiego UAM, pracownikiem PAN i przej\u015bciowo Instytutu Zachodniego. Tytu\u0142 profesora zwyczajnego otrzyma\u0142 1 pa\u017adziernika 1956r.<\/p>\n<p>&nbsp;<\/p>\n<p><em>Kontynuacja spotkania, w cz\u0119\u015bci tw\u00f3rczo\u015bci Tadeusza Cypriana, odb\u0119dzie si\u0119 8.12.2018 podczas &#8222;Spotkania z fotografi\u0105&#8221; w\u00a0WBPiCAK . Wyk\u0142ad na ten temat wyg\u0142osi\u00a0Robert Andre i Maciej Szymanowicz. Wi\u0119cej szczeg\u00f3\u0142\u00f3w &#8212;&gt; <a href=\"https:\/\/www.wbp.poznan.pl\/fotografia\/warsztaty-fotograficzne\/spotkanie-z-fotografia\/8.12.2018\/#Spotkanie%20z%20fotografi%C4%85\" target=\"_blank\" rel=\"noopener\">CLICK<\/a><\/em><\/p>\n\n\t\t<\/div> \n\t<\/div> <div class=\"separator  normal\" style=\"border-color: #fcfcfc\"><\/div>\n<div class=\"separator  normal\" style=\"border-color: #fcfcfc\"><\/div>\n<div class='qode_image_gallery_no_space light highlight_active'><div class='qode_image_gallery_holder' style='height: 500px;'><ul><li><div style=\"height: 500px; width:667px;\"><img decoding=\"async\" src=\"https:\/\/pix.house\/wp-content\/uploads\/2018\/12\/19581992726_d0ba2afe49_b.jpg\" alt=\"\" \/><\/div><\/li><li><div style=\"height: 500px; width:774px;\"><img decoding=\"async\" src=\"https:\/\/pix.house\/wp-content\/uploads\/2018\/12\/15003621560_82db093240_b.jpg\" alt=\"\" \/><\/div><\/li><li><div style=\"height: 500px; width:749px;\"><img decoding=\"async\" src=\"https:\/\/pix.house\/wp-content\/uploads\/2018\/12\/35774504133_364f54eb77_b.jpg\" alt=\"\" \/><\/div><\/li><li><div style=\"height: 500px; width:707px;\"><img decoding=\"async\" src=\"https:\/\/pix.house\/wp-content\/uploads\/2018\/12\/15203216501_fb707a5d49_b.jpg\" alt=\"\" \/><\/div><\/li><li><div style=\"height: 500px; width:727px;\"><img decoding=\"async\" src=\"https:\/\/pix.house\/wp-content\/uploads\/2018\/12\/15399903543_d1426490d1_b.jpg\" alt=\"\" \/><\/div><\/li><\/ul><\/div><div class=\"controls\"><a class=\"prev-slide\" href=\"#\"><span class=\"arrow_carrot-left\"><\/span><\/a><a class=\"next-slide\" href=\"#\"><span class=\"arrow_carrot-right\"><\/span><\/a><\/div><\/div>\n\t<div class=\"wpb_text_column wpb_content_element\">\n\t\t<div class=\"wpb_wrapper\">\n\t\t\t<p style=\"text-align: left;\">fot. Piotr Jasiczek<\/p>\n\n\t\t<\/div> \n\t<\/div> <\/div><\/div><\/div><\/div><\/div><div     class=\"vc_row wpb_row section vc_row-fluid\" style=' text-align:left;'><div class=\"full_section_inner clearfix\"><div class=\"wpb_column vc_column_container vc_col-sm-6\"><div class=\"vc_column-inner\"><div class=\"wpb_wrapper\">\n\t<div class=\"wpb_text_column wpb_content_element\">\n\t\t<div class=\"wpb_wrapper\">\n\t\t\t<p><strong>Projekt wspiera miasto:<\/strong><br \/>\n<img loading=\"lazy\" decoding=\"async\" class=\"alignnone wp-image-27074\" src=\"http:\/\/pix.house\/wp-content\/uploads\/2017\/09\/LOGO_POZnan_RGB_JPEG-1.jpg\" alt=\"\" width=\"214\" height=\"91\" \/><\/p>\n\n\t\t<\/div> \n\t<\/div> <div class=\"separator  normal\" style=\"border-color: #ffffff;border-width:1px\"><\/div>\n<\/div><\/div><\/div><div class=\"wpb_column vc_column_container vc_col-sm-6\"><div class=\"vc_column-inner\"><div class=\"wpb_wrapper\">\n\t<div class=\"wpb_text_column wpb_content_element\">\n\t\t<div class=\"wpb_wrapper\">\n\t\t\t<p><strong>Partner spotkania:<\/strong><\/p>\n<p><img loading=\"lazy\" decoding=\"async\" class=\"alignnone wp-image-28914 size-medium\" src=\"http:\/\/pix.house\/wp-content\/uploads\/2018\/12\/wbpicak-logo-300x59.png\" alt=\"\" width=\"300\" height=\"59\" srcset=\"https:\/\/pix.house\/wp-content\/uploads\/2018\/12\/wbpicak-logo-300x59.png 300w, https:\/\/pix.house\/wp-content\/uploads\/2018\/12\/wbpicak-logo.png 309w\" sizes=\"auto, (max-width: 300px) 100vw, 300px\" \/><\/p>\n\n\t\t<\/div> \n\t<\/div> <\/div><\/div><\/div><\/div><\/div>\n<\/div>","protected":false},"excerpt":{"rendered":"Serdecznie zapraszamy na pierwsze z cyklu spotka\u0144: \"Lokalnie o fotografii\" TERMIN: 06.12.2018 | godz. 18.00 | galeria PIX.HOUSE ul. G\u0142ogowska 35 Pozna\u0144 &nbsp; Razem z Monik\u0105 Piotrowsk\u0105 poznamy posta\u0107 Tadeusza Cypriana - jednego z pionier\u00f3w fotografii w Wielkopolsce. Porozmawiamy\u00a0o jego wczesnych zdj\u0119ciach w kontek\u015bcie I...","protected":false},"author":11,"featured_media":28911,"comment_status":"open","ping_status":"open","sticky":false,"template":"","format":"standard","meta":{"_monsterinsights_skip_tracking":false,"_monsterinsights_sitenote_active":false,"_monsterinsights_sitenote_note":"","_monsterinsights_sitenote_category":0,"footnotes":""},"categories":[59],"tags":[],"class_list":["post-28908","post","type-post","status-publish","format-standard","has-post-thumbnail","hentry","category-co-z-ta-fotografia"],"_links":{"self":[{"href":"https:\/\/pix.house\/en\/wp-json\/wp\/v2\/posts\/28908","targetHints":{"allow":["GET"]}}],"collection":[{"href":"https:\/\/pix.house\/en\/wp-json\/wp\/v2\/posts"}],"about":[{"href":"https:\/\/pix.house\/en\/wp-json\/wp\/v2\/types\/post"}],"author":[{"embeddable":true,"href":"https:\/\/pix.house\/en\/wp-json\/wp\/v2\/users\/11"}],"replies":[{"embeddable":true,"href":"https:\/\/pix.house\/en\/wp-json\/wp\/v2\/comments?post=28908"}],"version-history":[{"count":7,"href":"https:\/\/pix.house\/en\/wp-json\/wp\/v2\/posts\/28908\/revisions"}],"predecessor-version":[{"id":28932,"href":"https:\/\/pix.house\/en\/wp-json\/wp\/v2\/posts\/28908\/revisions\/28932"}],"wp:featuredmedia":[{"embeddable":true,"href":"https:\/\/pix.house\/en\/wp-json\/wp\/v2\/media\/28911"}],"wp:attachment":[{"href":"https:\/\/pix.house\/en\/wp-json\/wp\/v2\/media?parent=28908"}],"wp:term":[{"taxonomy":"category","embeddable":true,"href":"https:\/\/pix.house\/en\/wp-json\/wp\/v2\/categories?post=28908"},{"taxonomy":"post_tag","embeddable":true,"href":"https:\/\/pix.house\/en\/wp-json\/wp\/v2\/tags?post=28908"}],"curies":[{"name":"wp","href":"https:\/\/api.w.org\/{rel}","templated":true}]}}