{"id":28934,"date":"2018-12-04T17:24:23","date_gmt":"2018-12-04T16:24:23","guid":{"rendered":"http:\/\/pix.house\/?p=28934"},"modified":"2018-12-04T17:54:59","modified_gmt":"2018-12-04T16:54:59","slug":"ukk","status":"publish","type":"post","link":"https:\/\/pix.house\/en\/ukk\/","title":{"rendered":"Ukrai\u0144skie ksi\u0105\u017cki fotograficzne"},"content":{"rendered":"<div class=\"wpb-content-wrapper\"><div class=\"vc_row wpb_row section vc_row-fluid\" style=' text-align:left;'><div class=\"full_section_inner clearfix\"><div class=\"wpb_column vc_column_container vc_col-sm-12\"><div class=\"vc_column-inner\"><div class=\"wpb_wrapper\">\n\t<div class=\"wpb_text_column wpb_content_element\">\n\t\t<div class=\"wpb_wrapper\">\n\t\t\t<p><strong>TERMIN WYSTAWY:<\/strong> 24.11.2018 \u2013 1.12.2018<\/p>\n<p><strong>MIEJSCE WYSTAWY:\u00a0<\/strong>Rodr\u00edguez Gallery ul. Wodna 13\/4 61-782 Pozna\u0144<\/p>\n<p><strong>Wernisa\u017c:<\/strong>24.11.2018 g. 14:00<\/p>\n<p><strong>WST\u0118P WOLNY<\/strong><\/p>\n\n\t\t<\/div> \n\t<\/div> <\/div><\/div><\/div><div class=\"wpb_column vc_column_container vc_col-sm-12\"><div class=\"vc_column-inner\"><div class=\"wpb_wrapper\"><div class='qode_image_gallery_no_space light highlight_active'><div class='qode_image_gallery_holder' style='height: 500px;'><ul><li><div style=\"height: 500px; width:773px;\"><img decoding=\"async\" src=\"https:\/\/pix.house\/wp-content\/uploads\/2018\/12\/Alina-Sandulyak_Vitaly-Fomenko.-Rules-Of-The-Road.jpg\" alt=\"\" \/><\/div><\/li><li><div style=\"height: 500px; width:714px;\"><img decoding=\"async\" src=\"https:\/\/pix.house\/wp-content\/uploads\/2018\/12\/Alina_Sandulyak_Yevgeniy-Pavlov.-Totally-Photography.jpg\" alt=\"\" \/><\/div><\/li><li><div style=\"height: 500px; width:379px;\"><img decoding=\"async\" src=\"https:\/\/pix.house\/wp-content\/uploads\/2018\/10\/Alina_Sandulyak_Shilo-Group_Finished-Dissertation-scaled.jpg\" alt=\"\" \/><\/div><\/li><\/ul><\/div><div class=\"controls\"><a class=\"prev-slide\" href=\"#\"><span class=\"arrow_carrot-left\"><\/span><\/a><a class=\"next-slide\" href=\"#\"><span class=\"arrow_carrot-right\"><\/span><\/a><\/div><\/div><\/div><\/div><\/div><\/div><\/div><div     class=\"vc_row wpb_row section vc_row-fluid\" style=' text-align:left;'><div class=\"full_section_inner clearfix\"><div class=\"wpb_column vc_column_container vc_col-sm-12\"><div class=\"vc_column-inner\"><div class=\"wpb_wrapper\">\n\t<div class=\"wpb_text_column wpb_content_element\">\n\t\t<div class=\"wpb_wrapper\">\n\t\t\t<p>Pierwsza ukrai\u0144ska fotoksi\u0105\u017cka powsta\u0142a mi\u0119dzy 1984 i 1985 rokiem; w ostatnich latach Zwi\u0105zku Radzieckiego spo\u0142ecze\u0144stwo nadal pozostawa\u0142o pod presj\u0105, przemieszan\u0105 jednak z wyra\u017anym poczuciem absurdu i bezsensu otaczaj\u0105cej rzeczywisto\u015bci, co \u0142\u0105cznie dawa\u0142o si\u0119 odczu\u0107 jako pewien dziwny rodzaj wolno\u015bci. W swojej ksi\u0105\u017cce \u2018<i>Unfinished Dissertation<\/i>\u2019 Boris Mikhailov po\u0142\u0105czy\u0142 fotografie z tekstami komentuj\u0105cymi codzienne \u017cycie Charkowa. Ci\u0105g bardzo osobistych obraz\u00f3w miesza si\u0119 z ponurymi krajobrazami i widokami przestrzeni publicznych, buduj\u0105c komentarz o szerszym spo\u0142ecznym kontek\u015bcie \u2013 wszechogarniaj\u0105cej melancholii.<\/p>\n<p>Kolejna fala fotograficznych ksi\u0105\u017cek pojawi\u0142a si\u0119 po 2013 roku, w reakcji na rewolucj\u0119 i nast\u0119puj\u0105c\u0105 po niej wojn\u0119. W wi\u0119kszo\u015bci by\u0142y to publikacje autor\u00f3w zwi\u0105zanych z charkowsk\u0105 szko\u0142\u0105 fotografii okresu sowieckiego. Jednak i m\u0142odsi fotografowie zacz\u0119li zastanawia\u0107 si\u0119 nad w\u0142asnymi odczuciami, opisywa\u0107 za ich pomoc\u0105 funkcjonowanie we wsp\u00f3\u0142czesnych ukrai\u0144skich warunkach. Jakie s\u0105 te zdj\u0119cia? Jak i dlaczego osobiste historie i do\u015bwiadczenia mog\u0105 przek\u0142ada\u0107 si\u0119 na opis okre\u015blonego czasu i miejsca? Jak medium ksi\u0105\u017cki fotograficznej plasuje si\u0119 w tym kontek\u015bcie?<\/p>\n\n\t\t<\/div> \n\t<\/div> <div class=\"separator  normal\" style=\"border-color: #ffffff;border-width:1px\"><\/div>\n<\/div><\/div><\/div><\/div><\/div><div     class=\"vc_row wpb_row section vc_row-fluid\" style=' text-align:left;'><div class=\"full_section_inner clearfix\"><div class=\"wpb_column vc_column_container vc_col-sm-12\"><div class=\"vc_column-inner\"><div class=\"wpb_wrapper\">\n\t<div class=\"wpb_text_column wpb_content_element\">\n\t\t<div class=\"wpb_wrapper\">\n\t\t\t<h4>WYSTAWA ORGANIZOWANA\u00a0DZI\u0118KI WSPARCIU MIASTA POZNA\u0143 W RAMACH FESTIWALU XPRINT<\/h4>\n\n\t\t<\/div> \n\t<\/div> \n\t<div class=\"wpb_single_image wpb_content_element vc_align_left\">\n\t\t<div class=\"wpb_wrapper\">\n\t\t\t\n\t\t\t<div class=\"vc_single_image-wrapper   vc_box_border_grey\"><img loading=\"lazy\" decoding=\"async\" width=\"300\" height=\"128\" src=\"https:\/\/pix.house\/wp-content\/uploads\/2017\/09\/LOGO_POZnan_RGB_JPEG-1-300x128.jpg\" class=\"vc_single_image-img attachment-medium\" alt=\"\" title=\"LOGO_POZnan_RGB_JPEG\" srcset=\"https:\/\/pix.house\/wp-content\/uploads\/2017\/09\/LOGO_POZnan_RGB_JPEG-1-300x128.jpg 300w, https:\/\/pix.house\/wp-content\/uploads\/2017\/09\/LOGO_POZnan_RGB_JPEG-1-600x255.jpg 600w, https:\/\/pix.house\/wp-content\/uploads\/2017\/09\/LOGO_POZnan_RGB_JPEG-1-800x340.jpg 800w, https:\/\/pix.house\/wp-content\/uploads\/2017\/09\/LOGO_POZnan_RGB_JPEG-1-768x327.jpg 768w, https:\/\/pix.house\/wp-content\/uploads\/2017\/09\/LOGO_POZnan_RGB_JPEG-1-700x298.jpg 700w, https:\/\/pix.house\/wp-content\/uploads\/2017\/09\/LOGO_POZnan_RGB_JPEG-1-e1572290098989.jpg 180w\" sizes=\"auto, (max-width: 300px) 100vw, 300px\" \/><\/div>\n\t\t<\/div>\n\t<\/div>\n<\/div><\/div><\/div><\/div><\/div><div     class=\"vc_row wpb_row section vc_row-fluid\" style=' text-align:left;'><div class=\"full_section_inner clearfix\"><div class=\"wpb_column vc_column_container vc_col-sm-12\"><div class=\"vc_column-inner\"><div class=\"wpb_wrapper\"><\/div><\/div><\/div><\/div><\/div>\n<\/div>","protected":false},"excerpt":{"rendered":"TERMIN WYSTAWY: 24.11.2018 \u2013 1.12.2018 MIEJSCE WYSTAWY:\u00a0Rodr\u00edguez Gallery ul. Wodna 13\/4 61-782 Pozna\u0144 Wernisa\u017c:24.11.2018 g. 14:00 WST\u0118P WOLNY Pierwsza ukrai\u0144ska fotoksi\u0105\u017cka powsta\u0142a mi\u0119dzy 1984 i 1985 rokiem; w ostatnich latach Zwi\u0105zku Radzieckiego spo\u0142ecze\u0144stwo nadal pozostawa\u0142o pod presj\u0105, przemieszan\u0105 jednak z wyra\u017anym poczuciem absurdu i bezsensu...","protected":false},"author":11,"featured_media":28935,"comment_status":"open","ping_status":"open","sticky":false,"template":"","format":"standard","meta":{"_monsterinsights_skip_tracking":false,"_monsterinsights_sitenote_active":false,"_monsterinsights_sitenote_note":"","_monsterinsights_sitenote_category":0,"footnotes":""},"categories":[47],"tags":[],"class_list":["post-28934","post","type-post","status-publish","format-standard","has-post-thumbnail","hentry","category-wystawy"],"_links":{"self":[{"href":"https:\/\/pix.house\/en\/wp-json\/wp\/v2\/posts\/28934","targetHints":{"allow":["GET"]}}],"collection":[{"href":"https:\/\/pix.house\/en\/wp-json\/wp\/v2\/posts"}],"about":[{"href":"https:\/\/pix.house\/en\/wp-json\/wp\/v2\/types\/post"}],"author":[{"embeddable":true,"href":"https:\/\/pix.house\/en\/wp-json\/wp\/v2\/users\/11"}],"replies":[{"embeddable":true,"href":"https:\/\/pix.house\/en\/wp-json\/wp\/v2\/comments?post=28934"}],"version-history":[{"count":2,"href":"https:\/\/pix.house\/en\/wp-json\/wp\/v2\/posts\/28934\/revisions"}],"predecessor-version":[{"id":28956,"href":"https:\/\/pix.house\/en\/wp-json\/wp\/v2\/posts\/28934\/revisions\/28956"}],"wp:featuredmedia":[{"embeddable":true,"href":"https:\/\/pix.house\/en\/wp-json\/wp\/v2\/media\/28935"}],"wp:attachment":[{"href":"https:\/\/pix.house\/en\/wp-json\/wp\/v2\/media?parent=28934"}],"wp:term":[{"taxonomy":"category","embeddable":true,"href":"https:\/\/pix.house\/en\/wp-json\/wp\/v2\/categories?post=28934"},{"taxonomy":"post_tag","embeddable":true,"href":"https:\/\/pix.house\/en\/wp-json\/wp\/v2\/tags?post=28934"}],"curies":[{"name":"wp","href":"https:\/\/api.w.org\/{rel}","templated":true}]}}