{"id":28947,"date":"2018-12-04T17:50:00","date_gmt":"2018-12-04T16:50:00","guid":{"rendered":"http:\/\/pix.house\/?p=28947"},"modified":"2018-12-04T17:50:52","modified_gmt":"2018-12-04T16:50:52","slug":"pisuk","status":"publish","type":"post","link":"https:\/\/pix.house\/en\/pisuk\/","title":{"rendered":"Deceitful Reverence | Igor Pisuk"},"content":{"rendered":"<div class=\"wpb-content-wrapper\"><div class=\"vc_row wpb_row section vc_row-fluid\" style=' text-align:left;'><div class=\"full_section_inner clearfix\"><div class=\"wpb_column vc_column_container vc_col-sm-12\"><div class=\"vc_column-inner\"><div class=\"wpb_wrapper\">\n\t<div class=\"wpb_text_column wpb_content_element\">\n\t\t<div class=\"wpb_wrapper\">\n\t\t\t<p><strong>TERMIN WYSTAWY:<\/strong> 23.11.2018 \u2013 29.12.2018<\/p>\n<p><strong>MIEJSCE WYSTAWY:\u00a0<\/strong>Galeria PIX.HOUSE\u00a0G\u0142ogowska 35a 60-736 Pozna\u0144<\/p>\n<p><strong>wernisa\u017c:\u00a0<\/strong>23.11.2018 g. 18:30<\/p>\n<p><b>wystawa czynna:<\/b>wtorek-sobota 17:00-19:00 oraz w innych terminach po uzgodnieniu<b><\/b><\/p>\n<p><strong>WST\u0118P WOLNY<\/strong><\/p>\n\n\t\t<\/div> \n\t<\/div> <\/div><\/div><\/div><div class=\"wpb_column vc_column_container vc_col-sm-12\"><div class=\"vc_column-inner\"><div class=\"wpb_wrapper\"><div class='qode_image_gallery_no_space light highlight_active'><div class='qode_image_gallery_holder' style='height: 500px;'><ul><li><div style=\"height: 500px; width:375px;\"><img decoding=\"async\" src=\"https:\/\/pix.house\/wp-content\/uploads\/2018\/12\/Igor_Pisuk_Deceitful_Reverence_1-scaled.jpg\" alt=\"\" \/><\/div><\/li><li><div style=\"height: 500px; width:667px;\"><img decoding=\"async\" src=\"https:\/\/pix.house\/wp-content\/uploads\/2018\/12\/Igor_Pisuk_Deceitful_Reverence_2-scaled.jpg\" alt=\"\" \/><\/div><\/li><li><div style=\"height: 500px; width:667px;\"><img decoding=\"async\" src=\"https:\/\/pix.house\/wp-content\/uploads\/2018\/12\/Igor_Pisuk_Deceitful_Reverence_4-scaled.jpg\" alt=\"\" \/><\/div><\/li><li><div style=\"height: 500px; width:375px;\"><img decoding=\"async\" src=\"https:\/\/pix.house\/wp-content\/uploads\/2018\/12\/Igor_Pisuk_Deceitful_Reverence_5-scaled.jpg\" alt=\"\" \/><\/div><\/li><\/ul><\/div><div class=\"controls\"><a class=\"prev-slide\" href=\"#\"><span class=\"arrow_carrot-left\"><\/span><\/a><a class=\"next-slide\" href=\"#\"><span class=\"arrow_carrot-right\"><\/span><\/a><\/div><\/div><\/div><\/div><\/div><\/div><\/div><div     class=\"vc_row wpb_row section vc_row-fluid\" style=' text-align:left;'><div class=\"full_section_inner clearfix\"><div class=\"wpb_column vc_column_container vc_col-sm-12\"><div class=\"vc_column-inner\"><div class=\"wpb_wrapper\">\n\t<div class=\"wpb_text_column wpb_content_element\">\n\t\t<div class=\"wpb_wrapper\">\n\t\t\t<p><i>Pierwsze zdj\u0119cia do cyklu \u201eDeceitful Reverence\u201d wykona\u0142em w \u0141odzi, kr\u00f3tko po zako\u0144czeniu terapii dla os\u00f3b uzale\u017cnionych od alkoholu. Po rzuceniu picia zacz\u0105\u0142em intensywnie fotografowa\u0107. Rejestrowanie w\u0142asnego \u017cycia sta\u0142o si\u0119 substytutem alkoholu.\u00a0<\/i><i>Fotografia pozwala\u0142a mi odda\u0107 chaos w g\u0142owie, nazywa\u0107 r\u00f3\u017cne uczucia i stany, przygl\u0105da\u0107 si\u0119 towarzysz\u0105cej mi samotno\u015bci, wyobcowaniu, mi\u0142o\u015bci, r\u00f3\u017cnego rodzaju l\u0119kom i nadziejom.\u00a0<\/i><i>\u201eDeceitful Reverence\u201d to wizualny zapis wizji, emocji, sennych marze\u0144, koszmar\u00f3w, jak i do\u015bwiadcze\u0144 najprostszych element\u00f3w rzeczywisto\u015bci w spos\u00f3b organiczny, intensywny, na wp\u00f3\u0142 \u00a0magiczny. \u015awiaty odczu\u0107 wewn\u0119trznych mieszaj\u0105 si\u0119 tu z zewn\u0119trznymi, kszta\u0142tuj\u0105cymi i wp\u0142ywaj\u0105cymi na te pierwsze.\u00a0<\/i><i>Traktuj\u0119 ten cykl jako swego rodzaj osobisty poemat, pami\u0119tnik czy terapi\u0119.<\/i><\/p>\n\n\t\t<\/div> \n\t<\/div> <div class=\"separator  normal\" style=\"border-color: #ffffff;border-width:1px\"><\/div>\n<\/div><\/div><\/div><\/div><\/div><div     class=\"vc_row wpb_row section vc_row-fluid\" style=' text-align:left;'><div class=\"full_section_inner clearfix\"><div class=\"wpb_column vc_column_container vc_col-sm-12\"><div class=\"vc_column-inner\"><div class=\"wpb_wrapper\">\n\t<div class=\"wpb_text_column wpb_content_element\">\n\t\t<div class=\"wpb_wrapper\">\n\t\t\t<h4>WYSTAWA ORGANIZOWANA\u00a0DZI\u0118KI WSPARCIU MIASTA POZNA\u0143 W RAMACH FESTIWALU XPRINT<\/h4>\n\n\t\t<\/div> \n\t<\/div> \n\t<div class=\"wpb_single_image wpb_content_element vc_align_left\">\n\t\t<div class=\"wpb_wrapper\">\n\t\t\t\n\t\t\t<div class=\"vc_single_image-wrapper   vc_box_border_grey\"><img loading=\"lazy\" decoding=\"async\" width=\"300\" height=\"128\" src=\"https:\/\/pix.house\/wp-content\/uploads\/2017\/09\/LOGO_POZnan_RGB_JPEG-1-300x128.jpg\" class=\"vc_single_image-img attachment-medium\" alt=\"\" title=\"LOGO_POZnan_RGB_JPEG\" srcset=\"https:\/\/pix.house\/wp-content\/uploads\/2017\/09\/LOGO_POZnan_RGB_JPEG-1-300x128.jpg 300w, https:\/\/pix.house\/wp-content\/uploads\/2017\/09\/LOGO_POZnan_RGB_JPEG-1-600x255.jpg 600w, https:\/\/pix.house\/wp-content\/uploads\/2017\/09\/LOGO_POZnan_RGB_JPEG-1-800x340.jpg 800w, https:\/\/pix.house\/wp-content\/uploads\/2017\/09\/LOGO_POZnan_RGB_JPEG-1-768x327.jpg 768w, https:\/\/pix.house\/wp-content\/uploads\/2017\/09\/LOGO_POZnan_RGB_JPEG-1-700x298.jpg 700w, https:\/\/pix.house\/wp-content\/uploads\/2017\/09\/LOGO_POZnan_RGB_JPEG-1-e1572290098989.jpg 180w\" sizes=\"auto, (max-width: 300px) 100vw, 300px\" \/><\/div>\n\t\t<\/div>\n\t<\/div>\n<\/div><\/div><\/div><\/div><\/div><div     class=\"vc_row wpb_row section vc_row-fluid\" style=' text-align:left;'><div class=\"full_section_inner clearfix\"><div class=\"wpb_column vc_column_container vc_col-sm-12\"><div class=\"vc_column-inner\"><div class=\"wpb_wrapper\"><\/div><\/div><\/div><\/div><\/div>\n<\/div>","protected":false},"excerpt":{"rendered":"TERMIN WYSTAWY: 23.11.2018 \u2013 29.12.2018 MIEJSCE WYSTAWY:\u00a0Galeria PIX.HOUSE\u00a0G\u0142ogowska 35a 60-736 Pozna\u0144 wernisa\u017c:\u00a023.11.2018 g. 18:30 wystawa czynna:wtorek-sobota 17:00-19:00 oraz w innych terminach po uzgodnieniu WST\u0118P WOLNY Pierwsze zdj\u0119cia do cyklu \u201eDeceitful Reverence\u201d wykona\u0142em w \u0141odzi, kr\u00f3tko po zako\u0144czeniu terapii dla os\u00f3b uzale\u017cnionych od alkoholu. Po rzuceniu...","protected":false},"author":11,"featured_media":28948,"comment_status":"open","ping_status":"open","sticky":false,"template":"","format":"standard","meta":{"_monsterinsights_skip_tracking":false,"_monsterinsights_sitenote_active":false,"_monsterinsights_sitenote_note":"","_monsterinsights_sitenote_category":0,"footnotes":""},"categories":[47],"tags":[],"class_list":["post-28947","post","type-post","status-publish","format-standard","has-post-thumbnail","hentry","category-wystawy"],"_links":{"self":[{"href":"https:\/\/pix.house\/en\/wp-json\/wp\/v2\/posts\/28947","targetHints":{"allow":["GET"]}}],"collection":[{"href":"https:\/\/pix.house\/en\/wp-json\/wp\/v2\/posts"}],"about":[{"href":"https:\/\/pix.house\/en\/wp-json\/wp\/v2\/types\/post"}],"author":[{"embeddable":true,"href":"https:\/\/pix.house\/en\/wp-json\/wp\/v2\/users\/11"}],"replies":[{"embeddable":true,"href":"https:\/\/pix.house\/en\/wp-json\/wp\/v2\/comments?post=28947"}],"version-history":[{"count":3,"href":"https:\/\/pix.house\/en\/wp-json\/wp\/v2\/posts\/28947\/revisions"}],"predecessor-version":[{"id":28954,"href":"https:\/\/pix.house\/en\/wp-json\/wp\/v2\/posts\/28947\/revisions\/28954"}],"wp:featuredmedia":[{"embeddable":true,"href":"https:\/\/pix.house\/en\/wp-json\/wp\/v2\/media\/28948"}],"wp:attachment":[{"href":"https:\/\/pix.house\/en\/wp-json\/wp\/v2\/media?parent=28947"}],"wp:term":[{"taxonomy":"category","embeddable":true,"href":"https:\/\/pix.house\/en\/wp-json\/wp\/v2\/categories?post=28947"},{"taxonomy":"post_tag","embeddable":true,"href":"https:\/\/pix.house\/en\/wp-json\/wp\/v2\/tags?post=28947"}],"curies":[{"name":"wp","href":"https:\/\/api.w.org\/{rel}","templated":true}]}}