{"id":28968,"date":"2018-12-10T13:29:08","date_gmt":"2018-12-10T12:29:08","guid":{"rendered":"http:\/\/pix.house\/?p=28968"},"modified":"2018-12-10T13:40:18","modified_gmt":"2018-12-10T12:40:18","slug":"opolsce","status":"publish","type":"post","link":"https:\/\/pix.house\/en\/opolsce\/","title":{"rendered":"Nowe ksi\u0105\u017cki fotograficzne o Polsce"},"content":{"rendered":"<div class=\"wpb-content-wrapper\"><div     class=\"vc_row wpb_row section vc_row-fluid\" style=' text-align:left;'><div class=\"full_section_inner clearfix\"><div class=\"wpb_column vc_column_container vc_col-sm-12\"><div class=\"vc_column-inner\"><div class=\"wpb_wrapper\">\n\t<div class=\"wpb_text_column wpb_content_element\">\n\t\t<div class=\"wpb_wrapper\">\n\t\t\t<p style=\"text-align: justify;\">Mi\u0142o nam poinformowa\u0107, \u017ce w\u0142a\u015bnie ukaza\u0142y si\u0119 nowe ksi\u0105\u017cki wydawnictwa PIX.HOUSE o Polsce.<\/p>\n<h3 style=\"text-align: justify;\"><span style=\"color: #ffffff;\">.<\/span><\/h3>\n<h3 style=\"text-align: justify;\"><strong>NIE&#8212;NOT | Adrian Wykrota<\/strong><\/h3>\n<p style=\"text-align: justify;\">TYM WSZYSTKIM POMI\u0118DZY<\/p>\n<p style=\"text-align: justify;\"><em>fotografie wykonane w Polsce (2014 \u2013 2018)<\/em><\/p>\n<p style=\"text-align: justify;\"><img loading=\"lazy\" decoding=\"async\" class=\"aligncenter size-large wp-image-28896\" src=\"http:\/\/pix.house\/wp-content\/uploads\/2018\/11\/NIE-NOT_Adrian-Wykrota-5-of-22-kopia-1280x854.jpg\" alt=\"\" width=\"1060\" height=\"707\" srcset=\"https:\/\/pix.house\/wp-content\/uploads\/2018\/11\/NIE-NOT_Adrian-Wykrota-5-of-22-kopia-1280x854.jpg 1280w, https:\/\/pix.house\/wp-content\/uploads\/2018\/11\/NIE-NOT_Adrian-Wykrota-5-of-22-kopia-800x534.jpg 800w, https:\/\/pix.house\/wp-content\/uploads\/2018\/11\/NIE-NOT_Adrian-Wykrota-5-of-22-kopia-300x200.jpg 300w, https:\/\/pix.house\/wp-content\/uploads\/2018\/11\/NIE-NOT_Adrian-Wykrota-5-of-22-kopia-768x512.jpg 768w, https:\/\/pix.house\/wp-content\/uploads\/2018\/11\/NIE-NOT_Adrian-Wykrota-5-of-22-kopia-600x400.jpg 600w, https:\/\/pix.house\/wp-content\/uploads\/2018\/11\/NIE-NOT_Adrian-Wykrota-5-of-22-kopia-700x467.jpg 700w, https:\/\/pix.house\/wp-content\/uploads\/2018\/11\/NIE-NOT_Adrian-Wykrota-5-of-22-kopia-1100x734.jpg 1100w, https:\/\/pix.house\/wp-content\/uploads\/2018\/11\/NIE-NOT_Adrian-Wykrota-5-of-22-kopia-1320x880.jpg 1320w, https:\/\/pix.house\/wp-content\/uploads\/2018\/11\/NIE-NOT_Adrian-Wykrota-5-of-22-kopia.jpg 1600w\" sizes=\"auto, (max-width: 1060px) 100vw, 1060px\" \/><img loading=\"lazy\" decoding=\"async\" class=\"aligncenter size-large wp-image-28901\" src=\"http:\/\/pix.house\/wp-content\/uploads\/2018\/11\/NIE-NOT_Adrian-Wykrota-16-of-22-kopia-1280x854.jpg\" alt=\"\" width=\"1060\" height=\"707\" srcset=\"https:\/\/pix.house\/wp-content\/uploads\/2018\/11\/NIE-NOT_Adrian-Wykrota-16-of-22-kopia-1280x854.jpg 1280w, https:\/\/pix.house\/wp-content\/uploads\/2018\/11\/NIE-NOT_Adrian-Wykrota-16-of-22-kopia-800x534.jpg 800w, https:\/\/pix.house\/wp-content\/uploads\/2018\/11\/NIE-NOT_Adrian-Wykrota-16-of-22-kopia-300x200.jpg 300w, https:\/\/pix.house\/wp-content\/uploads\/2018\/11\/NIE-NOT_Adrian-Wykrota-16-of-22-kopia-768x512.jpg 768w, https:\/\/pix.house\/wp-content\/uploads\/2018\/11\/NIE-NOT_Adrian-Wykrota-16-of-22-kopia-600x400.jpg 600w, https:\/\/pix.house\/wp-content\/uploads\/2018\/11\/NIE-NOT_Adrian-Wykrota-16-of-22-kopia-700x467.jpg 700w, https:\/\/pix.house\/wp-content\/uploads\/2018\/11\/NIE-NOT_Adrian-Wykrota-16-of-22-kopia-1100x734.jpg 1100w, https:\/\/pix.house\/wp-content\/uploads\/2018\/11\/NIE-NOT_Adrian-Wykrota-16-of-22-kopia-1320x880.jpg 1320w, https:\/\/pix.house\/wp-content\/uploads\/2018\/11\/NIE-NOT_Adrian-Wykrota-16-of-22-kopia.jpg 1600w\" sizes=\"auto, (max-width: 1060px) 100vw, 1060px\" \/>Czy Polacy podzielili si\u0119 w ostatnich latach, czy te\u017c mo\u017ce nigdy nie stanowili w miar\u0119 jednorodnej grupy, a rosn\u0105ca temperatura politycznych zdarze\u0144 tylko te linie podzia\u0142u uwypukli\u0142a? A mo\u017ce byli po prostu r\u00f3\u017cni, ale zamieszkuj\u0105cy we wzgl\u0119dnej zgodzie to samo podw\u00f3rko zakre\u015blone granicami pa\u0144stwowymi, ze wsp\u00f3lnym zestawem podstawowych symboli? Jakkolwiek by nie by\u0142o, jedno\u015b\u0107 jest mitem usytuowanym w \u201estarych, dobrych czasach\u201d, kt\u00f3re nigdy nie istnia\u0142y. Jako punkt odniesienia do oceny dzisiejszych wydarze\u0144 jest \u00f3w mit ca\u0142kowicie bezu\u017cyteczny.<\/p>\n<p style=\"text-align: justify;\">Nieprawdziwy jest te\u017c obraz Polski p\u0119kni\u0119tej na dwie cz\u0119\u015bci frontem oddzielaj\u0105cym dwie zwalczaj\u0105ce si\u0119 od lat partie. Ta narracja, cho\u0107 atrakcyjna i na poz\u00f3r wiele wyja\u015bnia, zosta\u0142a wymy\u015blona przez polityk\u00f3w na bie\u017c\u0105ce potrzeby. Polaryzacja wygl\u0105da elegancko, ale nie pomo\u017ce zrozumie\u0107 wsp\u00f3\u0142czesnych proces\u00f3w spo\u0142ecznych. Obecne przemiany maj\u0105 charakter bardziej entropiczny. Wewn\u0119trznych p\u0119kni\u0119\u0107, linii niezgody czy wr\u0119cz wojennych front\u00f3w jest bowiem w rzeczywisto\u015bci znacznie wi\u0119cej. Przebiegaj\u0105 one w r\u00f3\u017cnych kierunkach i jest ich coraz wi\u0119cej.<\/p>\n<p style=\"text-align: justify;\">Polska przypomina dzi\u015b archipelag, a linie brzegowe wysp i wysepek kre\u015bl\u0105 politycy, Ko\u015bci\u00f3\u0142 Katolicki, publicy\u015bci, a tak\u017ce sami obywatele. Jak na razie te ma\u0142e l\u0105dy oddalaj\u0105 si\u0119 od siebie i trudno nie czu\u0107 bezradno\u015bci przy pr\u00f3bach odpowiedzi na pytanie, czy ruch przeciwny jest jeszcze mo\u017cliwy? Przy czym nie jest gro\u017ana sama r\u00f3\u017cnorodno\u015b\u0107, ale g\u0142\u0119boko\u015b\u0107 podzia\u0142\u00f3w. Po osi\u0105gni\u0119ciu pewnej emocjonalnej granicy mog\u0105 by\u0107 (ju\u017c s\u0105?) nie do zasypania. Linii, za kt\u00f3r\u0105 ludzie do tej pory po prostu r\u00f3\u017cni staj\u0105 si\u0119 sobie ju\u017c tylko wrodzy.<\/p>\n<p style=\"text-align: justify;\">Co \u0142\u0105czy dzi\u015b Polak\u00f3w pr\u00f3cz rzeczy podstawowych jak miejsce zamieszkania, obywatelstwo, hymn i flaga? Jakie symboliczne warto\u015bci, kt\u00f3re pozwol\u0105 r\u00f3\u017cnym grupom \u017cy\u0107 obok siebie? Jakie pryncypia? Czy uda si\u0119 znale\u017a\u0107 projekt, kt\u00f3ry zgodz\u0105 si\u0119 budowa\u0107 wsp\u00f3lnym si\u0142ami coraz mniej ufaj\u0105cy sobie obywatele? I w ko\u0144cu \u2013 czy jeste\u015bmy jeszcze spo\u0142ecze\u0144stwem, czy ju\u017c tylko zlepkiem r\u00f3\u017cnych grup z\u0142ych emocji i osobistego interesu?<\/p>\n<p style=\"text-align: justify;\">Fotografie Adriana Wykroty nie daj\u0105 odpowiedzi na \u017cadne z postawionych pyta\u0144 \u2013 t\u0119 ci\u0119\u017ck\u0105 prac\u0119 pozostawia ogl\u0105daj\u0105cemu. Autor przygl\u0105da si\u0119 polsko\u015bci jako \u015bwiadek, a nie m\u0119drzec podaj\u0105cy gotowe rozwi\u0105zania na tacy. Nie wchodzi te\u017c w romantyczne buty \u2013 ogl\u0105da Polsk\u0119 bardziej okiem Hrabala ni\u017c Mickiewicza, czy Norwida. Zdj\u0119cia s\u0105 jak widok\u00f3wki z wysp polskiego archipelagu. Te ma\u0142e l\u0105dy ka\u017cdy mo\u017ce u\u0142o\u017cy\u0107 inaczej na w\u0142asnej mapie, fotograf daje tu woln\u0105 r\u0119k\u0119. Za wskaz\u00f3wk\u0119 w sk\u0142adaniu tej uk\u0142adanki mog\u0105 pos\u0142u\u017cy\u0107 tytu\u0142y, kt\u00f3re odwo\u0142uj\u0105 si\u0119 do miejsc (TU) oraz proces\u00f3w, w wyniku kt\u00f3rych powstaj\u0105 podzia\u0142y (TAK, w taki spos\u00f3b). Ca\u0142o\u015b\u0107 spina tytu\u0142owe NIE, kt\u00f3re mo\u017ce wyra\u017ca\u0107 nie tylko krytyczny stosunek autora do rzeczywisto\u015bci, co by\u0142oby zbyt proste, ale odwo\u0142uje si\u0119 tak\u017ce do takich polskich przywar narodowych jak up\u00f3r, negowanie dobrych rozwi\u0105za\u0144, brak wsp\u00f3\u0142pracy, czy brak dba\u0142o\u015bci o relacje.<\/p>\n<p style=\"text-align: right;\">Jerzy Pi\u0105tek<\/p>\n<p>&nbsp;<\/p>\n<p style=\"text-align: justify;\"><strong>Adrian Wykrota<\/strong> \u2013 fotograf, dokumentalista, pomys\u0142odawca i wsp\u00f3\u0142za\u0142o\u017cyciel galerii PIX.HOUSE. Cz\u0142onek ZPAF (Zwi\u0105zku Polskich Artyst\u00f3w Fotografik\u00f3w) i kolektywu UNPOSED. Uko\u0144czy\u0142 kulturoznawstwo \u2013 medioznawstwo i filologi\u0119 angielsk\u0105. Student Instytutu Tw\u00f3rczej Fotografii Uniwersytetu \u015al\u0105skiego w Opawie (Czechy). Stypendysta Ministerstwa Kultury, Marsza\u0142ka Wojew\u00f3dztwa Wielkopolskiego i miasta Pozna\u0144. Uczestnik warsztat\u00f3w agencji Magnum Photos w Birmingham i Belfa\u015bcie. W 2014 roku wybrany jednym z 30 najlepszych na \u015bwiecie fotograf\u00f3w przed 30 przez Magnum Photos. Zwyci\u0119zca i finalista konkurs\u00f3w: IPA, Grand Press Photo, BzWBK Press Photo, Lumix Festival, Leica Street Photo, Fotoreporter Roku. Prezentowa\u0142 swoje prace na wystawach w Polsce i na \u015bwiecie. Mieszka w Poznaniu.<\/p>\n<p style=\"text-align: justify;\"><strong><a href=\"http:\/\/pix.house\/en\/product\/nie\/\" target=\"_blank\" rel=\"noopener\">Ksi\u0105\u017cka dost\u0119pna tutaj &#8212;&gt; KLIK\u00a0<\/a><\/strong><\/p>\n<h3 style=\"text-align: justify;\"><span style=\"color: #ffffff;\">.<\/span><\/h3>\n<h3 style=\"text-align: justify;\"><strong>Seria zin\u00f3w o Polsce wydawnictwa PIX.HOUSE<\/strong><\/h3>\n<p style=\"text-align: justify;\">Nasza dzia\u0142alno\u015b\u0107 wydawnicza skupia si\u0119 na projektach realizowanych przez fotografki i fotograf\u00f3w z Polski. Tak si\u0119 jednak zdarzy\u0142o, \u017ce do tej pory publikowali\u015bmy mi\u0119dzy innymi materia\u0142y o Afganistanie, Syrii i Rosji. Brakowa\u0142o nam opowie\u015bci o Polsce. Tak zrodzi\u0142 si\u0119 pomys\u0142 serii wydawniczej. Rozpoczynamy trzema zinami &#8211; ma\u0142ymi publikacjami ksi\u0105\u017ckowymi. Fotografiami drogi\u2026 ale nie tylko.<\/p>\n<p style=\"text-align: justify;\"><strong><img loading=\"lazy\" decoding=\"async\" class=\"aligncenter size-large wp-image-28889\" src=\"http:\/\/pix.house\/wp-content\/uploads\/2018\/11\/WYKR6188-kopia-1280x854.jpg\" alt=\"\" width=\"1060\" height=\"707\" srcset=\"https:\/\/pix.house\/wp-content\/uploads\/2018\/11\/WYKR6188-kopia-1280x854.jpg 1280w, https:\/\/pix.house\/wp-content\/uploads\/2018\/11\/WYKR6188-kopia-800x534.jpg 800w, https:\/\/pix.house\/wp-content\/uploads\/2018\/11\/WYKR6188-kopia-300x200.jpg 300w, https:\/\/pix.house\/wp-content\/uploads\/2018\/11\/WYKR6188-kopia-768x512.jpg 768w, https:\/\/pix.house\/wp-content\/uploads\/2018\/11\/WYKR6188-kopia-600x400.jpg 600w, https:\/\/pix.house\/wp-content\/uploads\/2018\/11\/WYKR6188-kopia-700x467.jpg 700w, https:\/\/pix.house\/wp-content\/uploads\/2018\/11\/WYKR6188-kopia-1100x734.jpg 1100w, https:\/\/pix.house\/wp-content\/uploads\/2018\/11\/WYKR6188-kopia-1320x880.jpg 1320w, https:\/\/pix.house\/wp-content\/uploads\/2018\/11\/WYKR6188-kopia.jpg 1600w\" sizes=\"auto, (max-width: 1060px) 100vw, 1060px\" \/><img loading=\"lazy\" decoding=\"async\" class=\"aligncenter size-large wp-image-28882\" src=\"http:\/\/pix.house\/wp-content\/uploads\/2018\/11\/WYKR6011-kopia-1280x854.jpg\" alt=\"\" width=\"1060\" height=\"707\" srcset=\"https:\/\/pix.house\/wp-content\/uploads\/2018\/11\/WYKR6011-kopia-1280x854.jpg 1280w, https:\/\/pix.house\/wp-content\/uploads\/2018\/11\/WYKR6011-kopia-800x534.jpg 800w, https:\/\/pix.house\/wp-content\/uploads\/2018\/11\/WYKR6011-kopia-300x200.jpg 300w, https:\/\/pix.house\/wp-content\/uploads\/2018\/11\/WYKR6011-kopia-768x512.jpg 768w, https:\/\/pix.house\/wp-content\/uploads\/2018\/11\/WYKR6011-kopia-600x400.jpg 600w, https:\/\/pix.house\/wp-content\/uploads\/2018\/11\/WYKR6011-kopia-700x467.jpg 700w, https:\/\/pix.house\/wp-content\/uploads\/2018\/11\/WYKR6011-kopia-1100x734.jpg 1100w, https:\/\/pix.house\/wp-content\/uploads\/2018\/11\/WYKR6011-kopia-1320x880.jpg 1320w, https:\/\/pix.house\/wp-content\/uploads\/2018\/11\/WYKR6011-kopia.jpg 1600w\" sizes=\"auto, (max-width: 1060px) 100vw, 1060px\" \/><\/strong><\/p>\n<p style=\"text-align: justify;\"><strong>FRAGMENTY | Maciej Jeziorek<\/strong><\/p>\n<p style=\"text-align: justify;\">Sto czterna\u015bcie dni w podr\u00f3\u017cy. Setki na\u015bwietlonych negatyw\u00f3w, tysi\u0105ce zdj\u0119\u0107, cztery zepsute aparaty, dwa obiektywy, cztery zagubione w\u0119\u017cyki, jeden zniszczony statyw, dwie nowe dziury w torbie, zabazgrany notes i mapa z zaznaczon\u0105 tras\u0105. U\u015brednienie przestrzeni przez geometri\u0119, a potem pr\u00f3ba zmierzenia si\u0119 z rzeczywisto\u015bci\u0105 i przefiltrowania jej przez siebie. Polska na obrze\u017cach \u2013 ci\u0105gle w procesie, niedoko\u0144czona \u2013 ju\u017c nie taka jak dwie dekady temu, ale jeszcze nie taka, jak\u0105 sobie j\u0105 wy\u015bnili\u015bmy. Nigdy nie uda si\u0119 obj\u0105\u0107 ca\u0142o\u015bci. Pozostaj\u0105 tylko fragmenty. Ka\u017cdy mo\u017ce z nich u\u0142o\u017cy\u0107 swoj\u0105 opowie\u015b\u0107. Tekst: Filip Springer<\/p>\n<p style=\"text-align: justify;\"><strong>ODWR\u00d3T | Tomasz Liboska<\/strong><\/p>\n<p style=\"text-align: justify;\">Odwr\u00f3t to w przewa\u017caj\u0105cej mierze wynik ostatnich dw\u00f3ch lat intensywnej, rowerowej eksploracji regionu. Czasem s\u0105 to obrze\u017ca aglomeracji, czasem najbli\u017csze s\u0105siedztwo, a czasem po prostu droga z pracy do domu, kt\u00f3ra zale\u017cnie od humoru wiedzie autora przez Bytom, Chorz\u00f3w, Siemianowice \u015al\u0105skie, Rud\u0119 \u015al\u0105sk\u0105, Katowice, Zabrze, Knur\u00f3w, Mys\u0142owice. Nie ma tu jednak \u017cadnego planu &#8211; Tomasz nie szuka w swoich dzia\u0142aniach regionalnego kontekstu.<\/p>\n<p style=\"text-align: justify;\">&#8222;Zdj\u0119cia powstaj\u0105 tam, gdzie akurat jad\u0119 i gdzie lubi\u0119 si\u0119 zatrzyma\u0107, by spojrze\u0107 za siebie&#8221;.<\/p>\n<p style=\"text-align: justify;\"><strong>NORTH AMERICA | Krzysiek Or\u0142owski<\/strong><\/p>\n<p style=\"text-align: justify;\">North America \u200b\u200bis a documentary project describing a journey of a photographer (Chris Orlovsky) and a reporter (Jersey Friday) through the northern states of the U.S. The photographic story is arranged in a rather classic manner; a road movie is created. The journey begins somewhere in the state of Idaho and ends at the Wisconsin airport. They cover over 2,500 miles&#8230;.<\/p>\n<p style=\"text-align: justify;\">Zaraz, zaraz&#8230; Tekst po angielsku? Ksi\u0105\u017cka o Ameryce w serii o Polsce? To zabawa konwecj\u0105 ameryka\u0144skiej fotografii drogi, zabawa na najwy\u017cszym wizualnym poziomie. To te\u017c pytanie, czy w fotografii \u201cwszystko ju\u017c by\u0142o\u201d od czas\u00f3w Roberta Franka?<\/p>\n<h3 style=\"text-align: justify;\"><span style=\"color: #ffffff;\">.<\/span><\/h3>\n<p style=\"text-align: justify;\"><strong>Autorzy:<\/strong><\/p>\n<p style=\"text-align: justify;\"><strong>Maciej Jeziorek<\/strong> &#8211; urodzony w 1973 w Warszawie. Absolwent studi\u00f3w teologicznych na Papieskim Wydziale Teologicznym w Warszawie i Studium Fotografii w Zespole Szk\u00f3\u0142 Fototechnicznych im. Juri Gagarina w Warszawie. Wsp\u00f3lza\u0142o\u017cyciel agencji Napo Images i Fundacji Napo. Uczestnik Credit Suisse Masterclass for photojournalists from East-Central Europe &#8211; Budapeszt w 2004. Pracowa\u0142 dla \u201eTygodnika Solidarno\u015b\u0107\u201d, dziennik\u00f3w \u201e\u017bycie\u201d, \u201e\u017bycie Warszawy\u201d i \u201ePolska&#8221;. Od roku 2002 wsp\u00f3\u0142pracuje z Polsk\u0105 Agencj\u0105 Fotograf\u00f3w Forum. W 2014 roku zosta\u0142 cz\u0142onkiem Zwi\u0105zku Polskich Artyst\u00f3w Fotografik\u00f3w.<\/p>\n<p style=\"text-align: justify;\"><strong>Tomasz Liboska<\/strong> &#8211; mieszka w Chorzowie na G\u00f3rnym \u015al\u0105sku. Uko\u0144czy\u0142 Antropologi\u0119 Kultury na Uniwersytecie \u015al\u0105skim w Cieszynie oraz Instytut Tw\u00f3rczej Fotografii w Opawie (Czechy). Od ponad 10 lat pracuje nad swoimi projektami na \u015al\u0105sku. W swoich pracach stara si\u0119 odkry\u0107 jak ludzie \u017cyj\u0105 w kulturze. W\u0142a\u015bnie dlatego t\u0142o antropologiczne jest dla niego kluczem. Najwa\u017cniejsze wystawy: podczas Miesi\u0105ca Fotografii w Krakowie, Hereford Photography Festival, New York Photo Festival. Publikowa\u0142 w Newsweeku, Polityce, VICE.<\/p>\n<p style=\"text-align: justify;\"><strong>Krzysiek Or\u0142owski<\/strong> &#8211; rocznik 83, fotograf. Od lat zwi\u0105zany z wroc\u0142awskim stowarzyszeniem Nowinart. Jest absolwentem Wy\u017cszej szko\u0142y fotografii AFA we Wroc\u0142awiu, obecnie studiuje w Instytucie Tw\u00f3rczej Fotografii na Uniwersytecie \u015al\u0105skim w Opawie w Czechach. Mieszka i pracuje we Wroc\u0142awiu. W fotografii interesuje go cz\u0142owiek i jego otoczenie. W pracy tw\u00f3rczej wa\u017cnym punktem jest dla niego to\u017csamo\u015b\u0107, korzenie \u2013 to, sk\u0105d pochodzimy. Sam jest ze Strzegomia. Od 2018 roku wraz z Piotrem Pytlem prowadzi wydawnictwo zinowe 8991 publishing. Wydaj\u0105 ziny fotograficzne.<\/p>\n<p style=\"text-align: justify;\"><strong><a href=\"http:\/\/pix.house\/en\/product\/zestaw_zinow\/\" target=\"_blank\" rel=\"noopener\">Ziny dost\u0119pne tutaj &#8212;&gt; KLIK\u00a0<\/a><\/strong><\/p>\n\n\t\t<\/div> \n\t<\/div> <\/div><\/div><\/div><\/div><\/div>\n<\/div>","protected":false},"excerpt":{"rendered":"Mi\u0142o nam poinformowa\u0107, \u017ce w\u0142a\u015bnie ukaza\u0142y si\u0119 nowe ksi\u0105\u017cki wydawnictwa PIX.HOUSE o Polsce. . NIE---NOT | Adrian Wykrota TYM WSZYSTKIM POMI\u0118DZY fotografie wykonane w Polsce (2014 \u2013 2018) Czy Polacy podzielili si\u0119 w ostatnich latach, czy te\u017c mo\u017ce nigdy nie stanowili w miar\u0119 jednorodnej grupy,...","protected":false},"author":11,"featured_media":28971,"comment_status":"open","ping_status":"open","sticky":false,"template":"","format":"standard","meta":{"_monsterinsights_skip_tracking":false,"_monsterinsights_sitenote_active":false,"_monsterinsights_sitenote_note":"","_monsterinsights_sitenote_category":0,"footnotes":""},"categories":[59],"tags":[],"class_list":["post-28968","post","type-post","status-publish","format-standard","has-post-thumbnail","hentry","category-co-z-ta-fotografia"],"_links":{"self":[{"href":"https:\/\/pix.house\/en\/wp-json\/wp\/v2\/posts\/28968","targetHints":{"allow":["GET"]}}],"collection":[{"href":"https:\/\/pix.house\/en\/wp-json\/wp\/v2\/posts"}],"about":[{"href":"https:\/\/pix.house\/en\/wp-json\/wp\/v2\/types\/post"}],"author":[{"embeddable":true,"href":"https:\/\/pix.house\/en\/wp-json\/wp\/v2\/users\/11"}],"replies":[{"embeddable":true,"href":"https:\/\/pix.house\/en\/wp-json\/wp\/v2\/comments?post=28968"}],"version-history":[{"count":4,"href":"https:\/\/pix.house\/en\/wp-json\/wp\/v2\/posts\/28968\/revisions"}],"predecessor-version":[{"id":28973,"href":"https:\/\/pix.house\/en\/wp-json\/wp\/v2\/posts\/28968\/revisions\/28973"}],"wp:featuredmedia":[{"embeddable":true,"href":"https:\/\/pix.house\/en\/wp-json\/wp\/v2\/media\/28971"}],"wp:attachment":[{"href":"https:\/\/pix.house\/en\/wp-json\/wp\/v2\/media?parent=28968"}],"wp:term":[{"taxonomy":"category","embeddable":true,"href":"https:\/\/pix.house\/en\/wp-json\/wp\/v2\/categories?post=28968"},{"taxonomy":"post_tag","embeddable":true,"href":"https:\/\/pix.house\/en\/wp-json\/wp\/v2\/tags?post=28968"}],"curies":[{"name":"wp","href":"https:\/\/api.w.org\/{rel}","templated":true}]}}