{"id":28985,"date":"2018-12-18T10:54:32","date_gmt":"2018-12-18T09:54:32","guid":{"rendered":"http:\/\/pix.house\/?p=28985"},"modified":"2018-12-18T10:54:32","modified_gmt":"2018-12-18T09:54:32","slug":"lokalnie-2","status":"publish","type":"post","link":"https:\/\/pix.house\/en\/lokalnie-2\/","title":{"rendered":"Talent Roku | Lokalnie o fotografii &#8211; spotkanie"},"content":{"rendered":"<div class=\"wpb-content-wrapper\"><div class=\"vc_row wpb_row section vc_row-fluid\" style=' text-align:left;'><div class=\"full_section_inner clearfix\"><div class=\"wpb_column vc_column_container vc_col-sm-12\"><div class=\"vc_column-inner\"><div class=\"wpb_wrapper\">\n\t<div class=\"wpb_text_column wpb_content_element\">\n\t\t<div class=\"wpb_wrapper\">\n\t\t\t<p>Serdecznie zapraszamy na spotkanie: <strong>Talent Roku | Lokalnie o fotografii<\/strong><\/p>\n<p>&nbsp;<\/p>\n<p><strong>TERMIN: <\/strong>20.12.2018 | godz. 18.00 | galeria PIX.HOUSE ul. G\u0142ogowska 35 Pozna\u0144<\/p>\n<p>&nbsp;<\/p>\n<p>Na spotkaniu poznamy laureat\u00f3w konkursu <strong>Talent Roku<\/strong>! Podczas pokazu slajd\u00f3w nominowani do nagrody zaprezentuj\u0105 swoje projekty i odpowiedz\u0105 na Wasze pytania.<\/p>\n<p>Fotoreporter z Poznania &#8211; <strong>\u0141ukasz Cynalewski<\/strong> opowie o swojej wieloletniej pracy dla prasy oraz o personalnych projektach dokumentalnych i reporterskich.<\/p>\n<p>&nbsp;<\/p>\n<p><strong>Nominowani do tytu\u0142u Talent Roku PIX.HOUSE:<\/strong><\/p>\n<ul>\n<li>Jan Jurczak \u201eW strefie ATO\u201d<\/li>\n<li>Aleksandra \u015amigielska \u201eAll recalls sounded water\u201d<\/li>\n<li>Julia Zabrodzka \u201eFiestas Taurinas\u201d<\/li>\n<li>Jakub Stanek \u201eTrip to Mars\u201d<\/li>\n<li>Joanna Mr\u00f3wka \u201eOgr\u00f3dki dzia\u0142kowe\u201d<\/li>\n<li>Mateusz Kowalik \u201eDo raju jeszcze daleko\u201d<\/li>\n<li>Karolina Wojtas \u201epoci\u0105g do wiedzy\u201d<\/li>\n<\/ul>\n\n\t\t<\/div> \n\t<\/div> <\/div><\/div><\/div><div class=\"wpb_column vc_column_container vc_col-sm-12\"><div class=\"vc_column-inner\"><div class=\"wpb_wrapper\"><div class='qode_image_gallery_no_space light highlight_active'><div class='qode_image_gallery_holder' style='height: 500px;'><ul><li><div style=\"height: 500px; width:404px;\"><img decoding=\"async\" src=\"https:\/\/pix.house\/wp-content\/uploads\/2018\/11\/1.jpg\" alt=\"\" \/><\/div><\/li><li><div style=\"height: 500px; width:334px;\"><img decoding=\"async\" src=\"https:\/\/pix.house\/wp-content\/uploads\/2018\/11\/7.jpg\" alt=\"\" \/><\/div><\/li><li><div style=\"height: 500px; width:625px;\"><img decoding=\"async\" src=\"https:\/\/pix.house\/wp-content\/uploads\/2018\/11\/6.jpg\" alt=\"\" \/><\/div><\/li><li><div style=\"height: 500px; width:750px;\"><img decoding=\"async\" src=\"https:\/\/pix.house\/wp-content\/uploads\/2018\/11\/5.jpg\" alt=\"\" \/><\/div><\/li><li><div style=\"height: 500px; width:750px;\"><img decoding=\"async\" src=\"https:\/\/pix.house\/wp-content\/uploads\/2018\/11\/4.jpg\" alt=\"\" \/><\/div><\/li><li><div style=\"height: 500px; width:338px;\"><img decoding=\"async\" src=\"https:\/\/pix.house\/wp-content\/uploads\/2018\/11\/3.jpg\" alt=\"\" \/><\/div><\/li><li><div style=\"height: 500px; width:400px;\"><img decoding=\"async\" src=\"https:\/\/pix.house\/wp-content\/uploads\/2018\/11\/2.jpg\" alt=\"\" \/><\/div><\/li><\/ul><\/div><div class=\"controls\"><a class=\"prev-slide\" href=\"#\"><span class=\"arrow_carrot-left\"><\/span><\/a><a class=\"next-slide\" href=\"#\"><span class=\"arrow_carrot-right\"><\/span><\/a><\/div><\/div>\n\t<div class=\"wpb_text_column wpb_content_element\">\n\t\t<div class=\"wpb_wrapper\">\n\t\t\t<p>Nominowani do tytu\u0142u Talent Roku PIX.HOUSE<\/p>\n\n\t\t<\/div> \n\t<\/div> <div class=\"separator  normal\" style=\"border-color: #fcfcfc\"><\/div>\n<div class=\"separator  normal\" style=\"border-color: #fcfcfc\"><\/div>\n<div class='qode_image_gallery_no_space light highlight_active'><div class='qode_image_gallery_holder' style='height: 500px;'><ul><li><div style=\"height: 500px; width:751px;\"><img decoding=\"async\" src=\"https:\/\/pix.house\/wp-content\/uploads\/2018\/12\/rugby009.jpg\" alt=\"\" \/><\/div><\/li><li><div style=\"height: 500px; width:800px;\"><img decoding=\"async\" src=\"https:\/\/pix.house\/wp-content\/uploads\/2018\/12\/Karimatki_011-800x500.jpg\" alt=\"\" \/><\/div><\/li><li><div style=\"height: 500px; width:800px;\"><img decoding=\"async\" src=\"https:\/\/pix.house\/wp-content\/uploads\/2018\/12\/pkp015-800x500.jpg\" alt=\"\" \/><\/div><\/li><li><div style=\"height: 500px; width:750px;\"><img decoding=\"async\" src=\"https:\/\/pix.house\/wp-content\/uploads\/2018\/12\/LC_20161122_01.jpg\" alt=\"\" \/><\/div><\/li><li><div style=\"height: 500px; width:800px;\"><img decoding=\"async\" src=\"https:\/\/pix.house\/wp-content\/uploads\/2018\/12\/pkp016-800x500.jpg\" alt=\"\" \/><\/div><\/li><li><div style=\"height: 500px; width:751px;\"><img decoding=\"async\" src=\"https:\/\/pix.house\/wp-content\/uploads\/2018\/12\/rugby002.jpg\" alt=\"\" \/><\/div><\/li><\/ul><\/div><div class=\"controls\"><a class=\"prev-slide\" href=\"#\"><span class=\"arrow_carrot-left\"><\/span><\/a><a class=\"next-slide\" href=\"#\"><span class=\"arrow_carrot-right\"><\/span><\/a><\/div><\/div>\n\t<div class=\"wpb_text_column wpb_content_element\">\n\t\t<div class=\"wpb_wrapper\">\n\t\t\t<p style=\"text-align: left;\"><strong>\u0141ukasz Cynalewski<\/strong> &#8211; szef dzia\u0142u foto Gazety Wyborczej w Poznaniu. Jego zdj\u0119cia publikowa\u0142y mi\u0119dzy innymi \u201ePolityka\u201d, \u201eWprost\u201d, \u201eNewsweek\u201d, \u201eNational Geographic\u201d, a tak\u017ce za granic\u0105 \u201eThe Guardian\u201d i elektroniczne wydanie \u201eWashington Post\u201d. Pasj\u0119 do fotografii ma we krwi, poniewa\u017c jego ojciec \u2013 Brunon Cynalewski by\u0142 znanym pozna\u0144skim fotografikiem i od najm\u0142odszych lat syn asystowa\u0142 mu w pracy. Wykonuje ka\u017cdy typ fotografii od portretu studyjnego po zdj\u0119cia sportowe, jednak jego konikiem jest fotografia uliczna.<br \/>\nNagrody: Laureat wielu nagr\u00f3d fotografii prasowej: Grand Press Photo, BZWBK Press Foto, Journalist Award i innych.<\/p>\n\n\t\t<\/div> \n\t<\/div> <\/div><\/div><\/div><\/div><\/div><div     class=\"vc_row wpb_row section vc_row-fluid\" style=' text-align:left;'><div class=\"full_section_inner clearfix\"><div class=\"wpb_column vc_column_container vc_col-sm-6\"><div class=\"vc_column-inner\"><div class=\"wpb_wrapper\">\n\t<div class=\"wpb_text_column wpb_content_element\">\n\t\t<div class=\"wpb_wrapper\">\n\t\t\t<p><strong>Projekt wspiera miasto:<\/strong><br \/>\n<img loading=\"lazy\" decoding=\"async\" class=\"alignnone wp-image-27074\" src=\"http:\/\/pix.house\/wp-content\/uploads\/2017\/09\/LOGO_POZnan_RGB_JPEG-1.jpg\" alt=\"\" width=\"214\" height=\"91\" \/><\/p>\n\n\t\t<\/div> \n\t<\/div> <div class=\"separator  normal\" style=\"border-color: #ffffff;border-width:1px\"><\/div>\n<\/div><\/div><\/div><div class=\"wpb_column vc_column_container vc_col-sm-6\"><div class=\"vc_column-inner\"><div class=\"wpb_wrapper\"><\/div><\/div><\/div><\/div><\/div>\n<\/div>","protected":false},"excerpt":{"rendered":"Serdecznie zapraszamy na spotkanie: Talent Roku | Lokalnie o fotografii &nbsp; TERMIN: 20.12.2018 | godz. 18.00 | galeria PIX.HOUSE ul. G\u0142ogowska 35 Pozna\u0144 &nbsp; Na spotkaniu poznamy laureat\u00f3w konkursu Talent Roku! Podczas pokazu slajd\u00f3w nominowani do nagrody zaprezentuj\u0105 swoje projekty i odpowiedz\u0105 na Wasze pytania....","protected":false},"author":11,"featured_media":28875,"comment_status":"open","ping_status":"open","sticky":false,"template":"","format":"standard","meta":{"_monsterinsights_skip_tracking":false,"_monsterinsights_sitenote_active":false,"_monsterinsights_sitenote_note":"","_monsterinsights_sitenote_category":0,"footnotes":""},"categories":[59],"tags":[],"class_list":["post-28985","post","type-post","status-publish","format-standard","has-post-thumbnail","hentry","category-co-z-ta-fotografia"],"_links":{"self":[{"href":"https:\/\/pix.house\/en\/wp-json\/wp\/v2\/posts\/28985","targetHints":{"allow":["GET"]}}],"collection":[{"href":"https:\/\/pix.house\/en\/wp-json\/wp\/v2\/posts"}],"about":[{"href":"https:\/\/pix.house\/en\/wp-json\/wp\/v2\/types\/post"}],"author":[{"embeddable":true,"href":"https:\/\/pix.house\/en\/wp-json\/wp\/v2\/users\/11"}],"replies":[{"embeddable":true,"href":"https:\/\/pix.house\/en\/wp-json\/wp\/v2\/comments?post=28985"}],"version-history":[{"count":2,"href":"https:\/\/pix.house\/en\/wp-json\/wp\/v2\/posts\/28985\/revisions"}],"predecessor-version":[{"id":28993,"href":"https:\/\/pix.house\/en\/wp-json\/wp\/v2\/posts\/28985\/revisions\/28993"}],"wp:featuredmedia":[{"embeddable":true,"href":"https:\/\/pix.house\/en\/wp-json\/wp\/v2\/media\/28875"}],"wp:attachment":[{"href":"https:\/\/pix.house\/en\/wp-json\/wp\/v2\/media?parent=28985"}],"wp:term":[{"taxonomy":"category","embeddable":true,"href":"https:\/\/pix.house\/en\/wp-json\/wp\/v2\/categories?post=28985"},{"taxonomy":"post_tag","embeddable":true,"href":"https:\/\/pix.house\/en\/wp-json\/wp\/v2\/tags?post=28985"}],"curies":[{"name":"wp","href":"https:\/\/api.w.org\/{rel}","templated":true}]}}