{"id":28997,"date":"2018-12-22T11:41:05","date_gmt":"2018-12-22T10:41:05","guid":{"rendered":"http:\/\/pix.house\/?p=28997"},"modified":"2018-12-22T11:41:05","modified_gmt":"2018-12-22T10:41:05","slug":"talent_roku_laureaci","status":"publish","type":"post","link":"https:\/\/pix.house\/en\/talent_roku_laureaci\/","title":{"rendered":"Laureaci konkursu Talent Roku"},"content":{"rendered":"<div class=\"wpb-content-wrapper\"><div class=\"vc_row wpb_row section vc_row-fluid\" style=' text-align:left;'><div class=\"full_section_inner clearfix\"><div class=\"wpb_column vc_column_container vc_col-sm-12\"><div class=\"vc_column-inner\"><div class=\"wpb_wrapper\">\n\t<div class=\"wpb_text_column wpb_content_element\">\n\t\t<div class=\"wpb_wrapper\">\n\t\t\t<p>Poznali\u015bmy laureat\u00f3w konkursu\u00a0<strong>Talent Roku!<\/strong><\/p>\n<p>Zwyci\u0119zc\u0105 konkursu zosta\u0142 <strong>Jan Jurczak<\/strong> za projekt &#8222;W strefie ATO&#8221;. Przyznali\u015bmy nagrod\u0119 g\u0142\u00f3wn\u0105 za \u015bwietne fotografie z pogr\u0105\u017conej wojn\u0105 wschodniej Ukrainy ale te\u017c za to, jak mo\u017ce dzia\u0142a\u0107 fotografia dokumentalna &#8211; Jan zorganizowa\u0142 zbi\u00f3rk\u0119 na rzecz swoich bohater\u00f3w. Sprzedaj\u0105c wykonane fotografie pom\u00f3g\u0142 spo\u0142eczno\u015bci mieszkaj\u0105cej w Avdiivce (przedmie\u015bcia Doniecka). Nagrod\u0105 g\u0142\u00f3wn\u0105 jest wystawa w galerii Pix.house w 2019 roku.<\/p>\n\n\t\t<\/div> \n\t<\/div> <\/div><\/div><\/div><div class=\"wpb_column vc_column_container vc_col-sm-12\"><div class=\"vc_column-inner\"><div class=\"wpb_wrapper\"><div class='qode_image_gallery_no_space light highlight_active'><div class='qode_image_gallery_holder' style='height: 500px;'><ul><li><div style=\"height: 500px; width:626px;\"><img decoding=\"async\" src=\"https:\/\/pix.house\/wp-content\/uploads\/2018\/12\/cykl01-scaled.jpg\" alt=\"\" \/><\/div><\/li><li><div style=\"height: 500px; width:625px;\"><img decoding=\"async\" src=\"https:\/\/pix.house\/wp-content\/uploads\/2018\/12\/cykl04-scaled.jpg\" alt=\"\" \/><\/div><\/li><li><div style=\"height: 500px; width:400px;\"><img decoding=\"async\" src=\"https:\/\/pix.house\/wp-content\/uploads\/2018\/12\/cykl05-scaled.jpg\" alt=\"\" \/><\/div><\/li><li><div style=\"height: 500px; width:625px;\"><img decoding=\"async\" src=\"https:\/\/pix.house\/wp-content\/uploads\/2018\/12\/cykl06-scaled.jpg\" alt=\"\" \/><\/div><\/li><li><div style=\"height: 500px; width:400px;\"><img decoding=\"async\" src=\"https:\/\/pix.house\/wp-content\/uploads\/2018\/12\/cykl07-scaled.jpg\" alt=\"\" \/><\/div><\/li><li><div style=\"height: 500px; width:400px;\"><img decoding=\"async\" src=\"https:\/\/pix.house\/wp-content\/uploads\/2018\/12\/cykl10-scaled.jpg\" alt=\"\" \/><\/div><\/li><li><div style=\"height: 500px; width:625px;\"><img decoding=\"async\" src=\"https:\/\/pix.house\/wp-content\/uploads\/2018\/12\/cykl12-scaled.jpg\" alt=\"\" \/><\/div><\/li><li><div style=\"height: 500px; width:625px;\"><img decoding=\"async\" src=\"https:\/\/pix.house\/wp-content\/uploads\/2018\/12\/cykl13-scaled.jpg\" alt=\"\" \/><\/div><\/li><li><div style=\"height: 500px; width:400px;\"><img decoding=\"async\" src=\"https:\/\/pix.house\/wp-content\/uploads\/2018\/12\/cykl16-scaled.jpg\" alt=\"\" \/><\/div><\/li><li><div style=\"height: 500px; width:400px;\"><img decoding=\"async\" src=\"https:\/\/pix.house\/wp-content\/uploads\/2018\/12\/cykl20-scaled.jpg\" alt=\"\" \/><\/div><\/li><li><div style=\"height: 500px; width:626px;\"><img decoding=\"async\" src=\"https:\/\/pix.house\/wp-content\/uploads\/2018\/12\/cykl21.jpg\" alt=\"\" \/><\/div><\/li><\/ul><\/div><div class=\"controls\"><a class=\"prev-slide\" href=\"#\"><span class=\"arrow_carrot-left\"><\/span><\/a><a class=\"next-slide\" href=\"#\"><span class=\"arrow_carrot-right\"><\/span><\/a><\/div><\/div>\n\t<div class=\"wpb_text_column wpb_content_element\">\n\t\t<div class=\"wpb_wrapper\">\n\t\t\t<p><strong>Jan Jurczak &#8222;W strefie ATO&#8221;<\/strong><\/p>\n<p>W strefie ATO, zgodnie z definicj\u0105 w ukrai\u0144skim ustawodawstwie \u00abterytorium operacji antyterrorystycznej\u00bb, mieszka 6 milion\u00f3w ludzi. Sk\u0142ada si\u0119 ona z cz\u0119\u015bci obwod\u00f3w donieckiego i \u0142uga\u0144skiego, kt\u00f3re do\u015bwiadczy\u0142y lub nadal do\u015bwiadczaj\u0105 konfliktu zbrojnego od 2014 r. do teraz.<br \/>\nDwa \u015bwiaty istniej\u0105 obok siebie. Umiej\u0119tno\u015b\u0107 dostosowania si\u0119 do sytuacji \u0142\u0105czy \u017co\u0142nierzy i zwyk\u0142ych ludzi. Jest wiele nudy i stabilno\u015bci w wojnie, na kt\u00f3rej si\u0119 znalaz\u0142em. \u017bycie toczy si\u0119 dalej. Dzieci ta\u0144cz\u0105, kobiety dbaj\u0105 o sw\u00f3j wygl\u0105d, wszyscy jedz\u0105, pij\u0105 i imprezuj\u0105, je\u015bli maj\u0105 pow\u00f3d.<\/p>\n<p>Moje zdj\u0119cia s\u0105 o codzienno\u015bci i nudzie wojny. Kiedy uk\u0142adam je po czasie staram si\u0119 por\u00f3wnywa\u0107 przestrzenie \u017cycia na linii frontu i przestrzenie zaraz obok niego, zamieszka\u0142e przez zwyk\u0142ych ludzi.<\/p>\n\n\t\t<\/div> \n\t<\/div> <div class=\"separator  normal\" style=\"border-color: #fcfcfc\"><\/div>\n\n\t<div class=\"wpb_text_column wpb_content_element\">\n\t\t<div class=\"wpb_wrapper\">\n\t\t\t<p>Wyr\u00f3\u017cnienia za \u015bwietne projekty otrzymali: <strong>Ola \u015amigielska<\/strong> \u201eAll recalls sounded water\u201d, <strong>Julia Zabrodzka<\/strong> &#8222;Fiestas Taurinas&#8221;, <strong>Jakub Stanek<\/strong> &#8222;Trip to Mars&#8221;. Gratulujemy!<\/p>\n<p>Do pokazu zakwalifikowali si\u0119: <strong>Joanna Mr\u00f3wka<\/strong> &#8222;Ogr\u00f3dki dzia\u0142kowe&#8221;, <strong>Mateusz Kowalik<\/strong> &#8222;Do raju jeszcze daleko&#8221;, <strong>Karolina Wojtas<\/strong> &#8222;poci\u0105g do wiedzy&#8221;. Kawa\u0142 dobrej, fotograficznej roboty. R\u00f3wnie\u017c serdecznie gratulujemy.<\/p>\n\n\t\t<\/div> \n\t<\/div> <div class=\"separator  normal\" style=\"border-color: #fcfcfc\"><\/div>\n<div class='qode_image_gallery_no_space light highlight_active'><div class='qode_image_gallery_holder' style='height: 500px;'><ul><li><div style=\"height: 500px; width:338px;\"><img decoding=\"async\" src=\"https:\/\/pix.house\/wp-content\/uploads\/2018\/12\/Smigielska_Aleksandra_All_recalls_sounded_water_01-scaled.jpg\" alt=\"\" \/><\/div><\/li><li><div style=\"height: 500px; width:500px;\"><img decoding=\"async\" src=\"https:\/\/pix.house\/wp-content\/uploads\/2018\/12\/Smigielska_Aleksandra_All_recalls_sounded_water_02-scaled.jpg\" alt=\"\" \/><\/div><\/li><li><div style=\"height: 500px; width:625px;\"><img decoding=\"async\" src=\"https:\/\/pix.house\/wp-content\/uploads\/2018\/12\/Smigielska_Aleksandra_All_recalls_sounded_water_03-scaled.jpg\" alt=\"\" \/><\/div><\/li><li><div style=\"height: 500px; width:500px;\"><img decoding=\"async\" src=\"https:\/\/pix.house\/wp-content\/uploads\/2018\/12\/Smigielska_Aleksandra_All_recalls_sounded_water_04-scaled.jpg\" alt=\"\" \/><\/div><\/li><li><div style=\"height: 500px; width:500px;\"><img decoding=\"async\" src=\"https:\/\/pix.house\/wp-content\/uploads\/2018\/12\/Smigielska_Aleksandra_All_recalls_sounded_water_05-scaled.jpg\" alt=\"\" \/><\/div><\/li><li><div style=\"height: 500px; width:751px;\"><img decoding=\"async\" src=\"https:\/\/pix.house\/wp-content\/uploads\/2018\/12\/Smigielska_Aleksandra_All_recalls_sounded_water_06-scaled.jpg\" alt=\"\" \/><\/div><\/li><li><div style=\"height: 500px; width:500px;\"><img decoding=\"async\" src=\"https:\/\/pix.house\/wp-content\/uploads\/2018\/12\/Smigielska_Aleksandra_All_recalls_sounded_water_07-scaled.jpg\" alt=\"\" \/><\/div><\/li><li><div style=\"height: 500px; width:500px;\"><img decoding=\"async\" src=\"https:\/\/pix.house\/wp-content\/uploads\/2018\/12\/Smigielska_Aleksandra_All_recalls_sounded_water_08-scaled.jpg\" alt=\"\" \/><\/div><\/li><li><div style=\"height: 500px; width:751px;\"><img decoding=\"async\" src=\"https:\/\/pix.house\/wp-content\/uploads\/2018\/12\/Smigielska_Aleksandra_All_recalls_sounded_water_09-scaled.jpg\" alt=\"\" \/><\/div><\/li><li><div style=\"height: 500px; width:500px;\"><img decoding=\"async\" src=\"https:\/\/pix.house\/wp-content\/uploads\/2018\/12\/Smigielska_Aleksandra_All_recalls_sounded_water_10-scaled.jpg\" alt=\"\" \/><\/div><\/li><\/ul><\/div><div class=\"controls\"><a class=\"prev-slide\" href=\"#\"><span class=\"arrow_carrot-left\"><\/span><\/a><a class=\"next-slide\" href=\"#\"><span class=\"arrow_carrot-right\"><\/span><\/a><\/div><\/div>\n\t<div class=\"wpb_text_column wpb_content_element\">\n\t\t<div class=\"wpb_wrapper\">\n\t\t\t<p><strong>Ola \u015amigielska \u201eAll recalls sounded water\u201d<\/strong><\/p>\n<p>\u201e(\u2026)Wi\u0119c pop\u0142y\u0144my raz jeszcze<br \/>\nW t\u0119 dal sin\u0105 bez ko\u0144ca,<br \/>\nAby u\u017cy\u0107 swobody,<br \/>\nWiatru, morza i s\u0142o\u0144ca.\u201d<br \/>\nPod \u017caglami Zawiszy<\/p>\n<p>Gdy mia\u0142am 21 lat chcia\u0142am szybko wyprowadzi\u0107 si\u0119 z domu, by si\u0119 usamodzielni\u0107 i rozpocz\u0105\u0107 doros\u0142e \u017cycie. Wyjecha\u0142am. Pozostawi\u0142am rodzinny dom, wierz\u0105c, \u017ce poradz\u0119 sobie sama na obczy\u017anie. Szybko jednak wr\u00f3ci\u0142am. Dawa\u0142am sobie rad\u0119, ale t\u0119sknota za rodzin\u0105 by\u0142a tak ogromna, \u017ce nie pozwoli\u0142a mi zapu\u015bci\u0107 korzeni w innym miejscu. Po pewnym czasie znowu wyjecha\u0142am. Zrozumia\u0142am, \u017ce musz\u0119 podj\u0105\u0107 dojrza\u0142e decyzje, pracuj\u0105c na w\u0142asny rachunek. \u017byj\u0119 z dala od rodzinnego domu, ale dla rodzic\u00f3w zawsze b\u0119d\u0119 dzieckiem, zawsze b\u0119d\u0105 starali si\u0119 obdarzy\u0107 mnie mi\u0142o\u015bci\u0105 i opiek\u0105 na tyle ogromn\u0105, \u017cebym czu\u0142a si\u0119 bezpiecznie. Zupe\u0142nie jak wtedy, gdy by\u0142am ma\u0142a.<br \/>\nCoraz cz\u0119\u015bciej my\u015bl\u0119 o tym, \u017ce przysz\u0142o\u015b\u0107 mi ich zabierze. Pr\u0119dzej czy p\u00f3\u017aniej nadejdzie ten dzie\u0144, w kt\u00f3rym ojciec nie za\u015bpiewa mi wi\u0119cej piosenki z jego m\u0142odo\u015bci, a z mam\u0105 nie zbior\u0119 jab\u0142ek z jej ukochanego ogr\u00f3dka. Aby ten moment oddali\u0107, wracam cz\u0119sto do starych album\u00f3w. Przek\u0142adam karty przesz\u0142o\u015bci, przypominaj\u0105c sobie nasz wsp\u00f3lny czas. Tak bardzo chcia\u0142abym, \u017ceby zawsze ze mn\u0105 byli&#8230;<br \/>\nPewnego razu siedzia\u0142am z tat\u0105 przy stole, kiedy zacz\u0105\u0142 nuci\u0107 pod nosem piosenk\u0119. Widzia\u0142am, jak\u0105 przyjemno\u015b\u0107 sprawia mu sentymentalna podr\u00f3\u017c do lat m\u0142odo\u015bci. \u2013 To taka stara piosenka harcerska, \u201ePod \u017caglami Zawiszy\u201d \u2013 powiedzia\u0142. Nagra\u0142am jego \u015bpiew. Kiedy &#8211; daleko od rodzinnego domu &#8211; t\u0119skni\u0119 za nim, w\u0142\u0105czam sobie to nagranie. Buduj\u0119 sie\u0107 skojarze\u0144 i wspomnie\u0144. Zapami\u0119tuj\u0119 jego g\u0142os, \u017ceby nigdy si\u0119 ze mn\u0105 nie rozsta\u0142. Z tego samego powodu fotografuj\u0119 &#8211; \u017ceby nie zapomnie\u0107 jego twarzy i miejsc, z kt\u00f3rymi go identyfikuj\u0119. Ojciec zawsze b\u0119dzie dla mnie ciep\u0142ym domem. Zawsze<\/p>\n\n\t\t<\/div> \n\t<\/div> <div class=\"separator  normal\" style=\"border-color: #fcfcfc\"><\/div>\n<div class='qode_image_gallery_no_space light highlight_active'><div class='qode_image_gallery_holder' style='height: 500px;'><ul><li><div style=\"height: 500px; width:750px;\"><img decoding=\"async\" src=\"https:\/\/pix.house\/wp-content\/uploads\/2018\/12\/talent_Julia_Zabrodzka_01.jpg\" alt=\"\" \/><\/div><\/li><li><div style=\"height: 500px; width:750px;\"><img decoding=\"async\" src=\"https:\/\/pix.house\/wp-content\/uploads\/2018\/12\/talent_Julia_Zabrodzka_02.jpg\" alt=\"\" \/><\/div><\/li><li><div style=\"height: 500px; width:750px;\"><img decoding=\"async\" src=\"https:\/\/pix.house\/wp-content\/uploads\/2018\/12\/talent_Julia_Zabrodzka_03.jpg\" alt=\"\" \/><\/div><\/li><li><div style=\"height: 500px; width:750px;\"><img decoding=\"async\" src=\"https:\/\/pix.house\/wp-content\/uploads\/2018\/12\/talent_Julia_Zabrodzka_04.jpg\" alt=\"\" \/><\/div><\/li><li><div style=\"height: 500px; width:750px;\"><img decoding=\"async\" src=\"https:\/\/pix.house\/wp-content\/uploads\/2018\/12\/talent_Julia_Zabrodzka_05.jpg\" alt=\"\" \/><\/div><\/li><li><div style=\"height: 500px; width:750px;\"><img decoding=\"async\" src=\"https:\/\/pix.house\/wp-content\/uploads\/2018\/12\/talent_Julia_Zabrodzka_06.jpg\" alt=\"\" \/><\/div><\/li><li><div style=\"height: 500px; width:750px;\"><img decoding=\"async\" src=\"https:\/\/pix.house\/wp-content\/uploads\/2018\/12\/talent_Julia_Zabrodzka_08.jpg\" alt=\"\" \/><\/div><\/li><\/ul><\/div><div class=\"controls\"><a class=\"prev-slide\" href=\"#\"><span class=\"arrow_carrot-left\"><\/span><\/a><a class=\"next-slide\" href=\"#\"><span class=\"arrow_carrot-right\"><\/span><\/a><\/div><\/div>\n\t<div class=\"wpb_text_column wpb_content_element\">\n\t\t<div class=\"wpb_wrapper\">\n\t\t\t<p><strong>Julia Zabrodzka &#8222;Fiestas Taurinas&#8221;<\/strong><\/p>\n<p>Na arenie robi\u0105 \u015bmieszne miny i wymachuj\u0105 miniaturowymi kapami. Na pocz\u0105tku \u015bmier\u0107 ich nie dotyczy, jeszcze nie zacz\u0119li jej rozumie\u0107. Maj\u0105 po 9-10 lat. Nie wiedz\u0105, co znaczy zabi\u0107, chocia\u017c wielu z nich \u015bmier\u0107 ju\u017c widzia\u0142o wielokrotnie. Zapatrzeni w przesz\u0142o\u015b\u0107 rodzice i dziadkowie od ma\u0142ego zabierali ich na aren\u0119 do walk z bykami lub pokazywali korrid\u0119 w telewizji. Wychowane w kulcie korridy dzieci, popychane przez nostalgi\u0119 i ambicje swoich bliskich, trafiaj\u0105 do szk\u00f3\u0142, gdzie maj\u0105 kszta\u0142ci\u0107 si\u0119 na torreador\u00f3w. Po szkole przychodzi czas na zaj\u0119cia praktyczne \u2013 w hodowlach organizowane s\u0105 walki z cielakami, na pocz\u0105tku bezkrwawe. Najlepsi trafiaj\u0105 na tzw. fiestas taurinas. Tam nastolatkowie po raz pierwszy pokazuj\u0105 swoje umiej\u0119tno\u015bci przed publiczno\u015bci\u0105 i po raz pierwszy zabijaj\u0105. Wi\u0119kszo\u015b\u0107 z nich lubi my\u015ble\u0107 walce jako r\u00f3wnoprawnym pojedynku. Jednak to byk zazwyczaj przegrywa.<\/p>\n\n\t\t<\/div> \n\t<\/div> <div class=\"separator  normal\" style=\"border-color: #fcfcfc\"><\/div>\n<div class='qode_image_gallery_no_space light highlight_active'><div class='qode_image_gallery_holder' style='height: 500px;'><ul><li><div style=\"height: 500px; width:379px;\"><img decoding=\"async\" src=\"https:\/\/pix.house\/wp-content\/uploads\/2018\/12\/1-1.jpg\" alt=\"\" \/><\/div><\/li><li><div style=\"height: 500px; width:404px;\"><img decoding=\"async\" src=\"https:\/\/pix.house\/wp-content\/uploads\/2018\/12\/2-1.jpg\" alt=\"\" \/><\/div><\/li><li><div style=\"height: 500px; width:404px;\"><img decoding=\"async\" src=\"https:\/\/pix.house\/wp-content\/uploads\/2018\/12\/3-1.jpg\" alt=\"\" \/><\/div><\/li><li><div style=\"height: 500px; width:406px;\"><img decoding=\"async\" src=\"https:\/\/pix.house\/wp-content\/uploads\/2018\/12\/4.jpg\" alt=\"\" \/><\/div><\/li><li><div style=\"height: 500px; width:404px;\"><img decoding=\"async\" src=\"https:\/\/pix.house\/wp-content\/uploads\/2018\/12\/5.jpg\" alt=\"\" \/><\/div><\/li><li><div style=\"height: 500px; width:404px;\"><img decoding=\"async\" src=\"https:\/\/pix.house\/wp-content\/uploads\/2018\/12\/6.jpg\" alt=\"\" \/><\/div><\/li><li><div style=\"height: 500px; width:271px;\"><img decoding=\"async\" src=\"https:\/\/pix.house\/wp-content\/uploads\/2018\/12\/7.jpg\" alt=\"\" \/><\/div><\/li><li><div style=\"height: 500px; width:405px;\"><img decoding=\"async\" src=\"https:\/\/pix.house\/wp-content\/uploads\/2018\/12\/8.jpg\" alt=\"\" \/><\/div><\/li><li><div style=\"height: 500px; width:402px;\"><img decoding=\"async\" src=\"https:\/\/pix.house\/wp-content\/uploads\/2018\/12\/9..jpg\" alt=\"\" \/><\/div><\/li><li><div style=\"height: 500px; width:411px;\"><img decoding=\"async\" src=\"https:\/\/pix.house\/wp-content\/uploads\/2018\/12\/10.jpg\" alt=\"\" \/><\/div><\/li><li><div style=\"height: 500px; width:404px;\"><img decoding=\"async\" src=\"https:\/\/pix.house\/wp-content\/uploads\/2018\/12\/11.jpg\" alt=\"\" \/><\/div><\/li><li><div style=\"height: 500px; width:404px;\"><img decoding=\"async\" src=\"https:\/\/pix.house\/wp-content\/uploads\/2018\/12\/12.jpg\" alt=\"\" \/><\/div><\/li><li><div style=\"height: 500px; width:489px;\"><img decoding=\"async\" src=\"https:\/\/pix.house\/wp-content\/uploads\/2018\/12\/13.jpg\" alt=\"\" \/><\/div><\/li><li><div style=\"height: 500px; width:404px;\"><img decoding=\"async\" src=\"https:\/\/pix.house\/wp-content\/uploads\/2018\/12\/14.jpg\" alt=\"\" \/><\/div><\/li><li><div style=\"height: 500px; width:404px;\"><img decoding=\"async\" src=\"https:\/\/pix.house\/wp-content\/uploads\/2018\/12\/15.jpg\" alt=\"\" \/><\/div><\/li><li><div style=\"height: 500px; width:404px;\"><img decoding=\"async\" src=\"https:\/\/pix.house\/wp-content\/uploads\/2018\/12\/16.jpg\" alt=\"\" \/><\/div><\/li><li><div style=\"height: 500px; width:386px;\"><img decoding=\"async\" src=\"https:\/\/pix.house\/wp-content\/uploads\/2018\/12\/17.jpg\" alt=\"\" \/><\/div><\/li><li><div style=\"height: 500px; width:404px;\"><img decoding=\"async\" src=\"https:\/\/pix.house\/wp-content\/uploads\/2018\/12\/18.jpg\" alt=\"\" \/><\/div><\/li><li><div style=\"height: 500px; width:413px;\"><img decoding=\"async\" src=\"https:\/\/pix.house\/wp-content\/uploads\/2018\/12\/20.jpg\" alt=\"\" \/><\/div><\/li><\/ul><\/div><div class=\"controls\"><a class=\"prev-slide\" href=\"#\"><span class=\"arrow_carrot-left\"><\/span><\/a><a class=\"next-slide\" href=\"#\"><span class=\"arrow_carrot-right\"><\/span><\/a><\/div><\/div>\n\t<div class=\"wpb_text_column wpb_content_element\">\n\t\t<div class=\"wpb_wrapper\">\n\t\t\t<p><strong>Jakub Stanek &#8222;Trip to Mars&#8221;<\/strong><\/p>\n<p>Cz\u0142owiek. Posta\u0107. Bohater.<\/p>\n<p>Na ca\u0142okszta\u0142t sk\u0142adaj\u0105 si\u0119 r\u00f3\u017cnorakie czynniki, z kt\u00f3rych zbudowany jest bohater projektu &#8211; Giuseppe Fontana. To pr\u00f3ba wyostrzenia, uchwycenia, odnalezienia tych czynnik\u00f3w i zespolenia ich w jedn\u0105 ca\u0142o\u015b\u0107.<\/p>\n<p>Sycylijska cosa nostra dzisiaj to sprytnie zakamuflowana machina wtapiaj\u0105ca si\u0119<br \/>\nw codzienne \u017cycie ludzi, os\u0142abiaj\u0105ca pa\u0144stwo i kontroluj\u0105ca firmy. Dowodem na to jak dobrze zorganizowana i tajna jest struktura organizacji jest to, \u017ce od 25 lat \u201eostatni boss\u201d, jak media lubi\u0105 m\u00f3wi\u0107 o capo di tutti capi &#8211; Matteo Messinie Denaro, pozostaje nieuchwytny. Jednocze\u015bnie \u017cycie na ulicach toczy si\u0119 swoim tempem, a zwykli mieszka\u0144cy Sycylii zdaj\u0105 si\u0119 nie zwraca\u0107 uwagi na \u015bwiat uk\u0142ad\u00f3w, protekcji i haraczy, kt\u00f3rego s\u0105 cz\u0119\u015bci\u0105.<\/p>\n<p>Gdzie\u015b wysoko w tej uk\u0142adance znajduje si\u0119 bohater, Giuseppe Fontana. Przyjaciel Matteo, jego prawa r\u0119ka, consigliere. Rozwa\u017cnie rozdaje karty, wiod\u0105c zwyczajne \u017cycie,<br \/>\nw wypowiedziach sprytnie balansuj\u0105c pomi\u0119dzy informacjami, kt\u00f3rych wyjawi\u0107 nie mo\u017ce<br \/>\na sygna\u0142ami i komunikatami pozawerbalnymi pozwalaj\u0105cymi rozezna\u0107 si\u0119 w sytuacji.<\/p>\n<p>Celem jest pokazanie subiektywnych odczu\u0107, zachowa\u0144, emocji w pe\u0142nym ich spektrum, od podziwu i zachwytu, po obrzydzenie i pogard\u0119. Unikalne do\u015bwiadczenie, jakim by\u0142o wej\u015bcie w przyjacielskie relacje z Giuseppe pozwoli\u0142o skonfrontowa\u0107 obraz przest\u0119pcy z codziennym obrazem go\u015bcinnego, sympatycznego, inteligentnego m\u0119\u017cczyzny, zakochanego w swojej ma\u0142ej ojczy\u017anie. Zdj\u0119cia to impresje z miejsc, zas\u0142yszanych historii i ludzi, wskazanych przez Peppe.<\/p>\n<p>Dzisiaj organizacja dzia\u0142a du\u017co ostro\u017cniej, w ukryciu. Nie wida\u0107 jej, ale doskonale j\u0105 czu\u0107. Nie s\u0142ycha\u0107, bo sedno tkwi w tym, co zosta\u0142o przemilczane. Najwi\u0119kszym wyzwaniem by\u0142o to wychwyci\u0107, zrozumie\u0107 i zachowa\u0107, tak by z dziesi\u0105tek przeprowadzonych rozm\u00f3w, ze strachem, milczeniem i k\u0142amstwami w tle, u\u0142o\u017cy\u0107 ca\u0142o\u015b\u0107 pokazuj\u0105c\u0105, \u017ce czasy mog\u0105 wydawa\u0107 si\u0119 spokojniejsze, ale pod powierzchni\u0105 trwa ta sama wojna.<\/p>\n\n\t\t<\/div> \n\t<\/div> <div class=\"separator  normal\" style=\"border-color: #fcfcfc\"><\/div>\n<\/div><\/div><\/div><\/div><\/div><div     class=\"vc_row wpb_row section vc_row-fluid\" style=' text-align:left;'><div class=\"full_section_inner clearfix\"><div class=\"wpb_column vc_column_container vc_col-sm-6\"><div class=\"vc_column-inner\"><div class=\"wpb_wrapper\">\n\t<div class=\"wpb_text_column wpb_content_element\">\n\t\t<div class=\"wpb_wrapper\">\n\t\t\t<p><strong>Projekt wspiera miasto:<\/strong><br \/>\n<img loading=\"lazy\" decoding=\"async\" class=\"alignnone wp-image-27074\" src=\"http:\/\/pix.house\/wp-content\/uploads\/2017\/09\/LOGO_POZnan_RGB_JPEG-1.jpg\" alt=\"\" width=\"214\" height=\"91\" \/><\/p>\n\n\t\t<\/div> \n\t<\/div> <div class=\"separator  normal\" style=\"border-color: #ffffff;border-width:1px\"><\/div>\n<\/div><\/div><\/div><div class=\"wpb_column vc_column_container vc_col-sm-6\"><div class=\"vc_column-inner\"><div class=\"wpb_wrapper\"><\/div><\/div><\/div><\/div><\/div>\n<\/div>","protected":false},"excerpt":{"rendered":"Poznali\u015bmy laureat\u00f3w konkursu\u00a0Talent Roku! Zwyci\u0119zc\u0105 konkursu zosta\u0142 Jan Jurczak za projekt \"W strefie ATO\". Przyznali\u015bmy nagrod\u0119 g\u0142\u00f3wn\u0105 za \u015bwietne fotografie z pogr\u0105\u017conej wojn\u0105 wschodniej Ukrainy ale te\u017c za to, jak mo\u017ce dzia\u0142a\u0107 fotografia dokumentalna - Jan zorganizowa\u0142 zbi\u00f3rk\u0119 na rzecz swoich bohater\u00f3w. Sprzedaj\u0105c wykonane fotografie...","protected":false},"author":11,"featured_media":29004,"comment_status":"open","ping_status":"open","sticky":false,"template":"","format":"standard","meta":{"_monsterinsights_skip_tracking":false,"_monsterinsights_sitenote_active":false,"_monsterinsights_sitenote_note":"","_monsterinsights_sitenote_category":0,"footnotes":""},"categories":[59],"tags":[],"class_list":["post-28997","post","type-post","status-publish","format-standard","has-post-thumbnail","hentry","category-co-z-ta-fotografia"],"_links":{"self":[{"href":"https:\/\/pix.house\/en\/wp-json\/wp\/v2\/posts\/28997","targetHints":{"allow":["GET"]}}],"collection":[{"href":"https:\/\/pix.house\/en\/wp-json\/wp\/v2\/posts"}],"about":[{"href":"https:\/\/pix.house\/en\/wp-json\/wp\/v2\/types\/post"}],"author":[{"embeddable":true,"href":"https:\/\/pix.house\/en\/wp-json\/wp\/v2\/users\/11"}],"replies":[{"embeddable":true,"href":"https:\/\/pix.house\/en\/wp-json\/wp\/v2\/comments?post=28997"}],"version-history":[{"count":3,"href":"https:\/\/pix.house\/en\/wp-json\/wp\/v2\/posts\/28997\/revisions"}],"predecessor-version":[{"id":29047,"href":"https:\/\/pix.house\/en\/wp-json\/wp\/v2\/posts\/28997\/revisions\/29047"}],"wp:featuredmedia":[{"embeddable":true,"href":"https:\/\/pix.house\/en\/wp-json\/wp\/v2\/media\/29004"}],"wp:attachment":[{"href":"https:\/\/pix.house\/en\/wp-json\/wp\/v2\/media?parent=28997"}],"wp:term":[{"taxonomy":"category","embeddable":true,"href":"https:\/\/pix.house\/en\/wp-json\/wp\/v2\/categories?post=28997"},{"taxonomy":"post_tag","embeddable":true,"href":"https:\/\/pix.house\/en\/wp-json\/wp\/v2\/tags?post=28997"}],"curies":[{"name":"wp","href":"https:\/\/api.w.org\/{rel}","templated":true}]}}