{"id":29054,"date":"2019-01-02T16:44:59","date_gmt":"2019-01-02T15:44:59","guid":{"rendered":"http:\/\/pix.house\/?p=29054"},"modified":"2019-01-07T11:39:46","modified_gmt":"2019-01-07T10:39:46","slug":"pixrok2018","status":"publish","type":"post","link":"https:\/\/pix.house\/en\/pixrok2018\/","title":{"rendered":"Podsumowanie PIX roku 2018"},"content":{"rendered":"<div class=\"wpb-content-wrapper\"><div class=\"vc_row wpb_row section vc_row-fluid\" style=' padding-top:2px; text-align:left;'><div class=\"full_section_inner clearfix\"><div class=\"wpb_column vc_column_container vc_col-sm-12\"><div class=\"vc_column-inner\"><div class=\"wpb_wrapper\">\n\t<div class=\"wpb_text_column wpb_content_element\">\n\t\t<div class=\"wpb_wrapper\">\n\t\t\t<p style=\"text-align: justify;\">Jaki by\u0142 mijaj\u0105cy rok w <strong>PIX.HOUSE<\/strong>?<\/p>\n<p style=\"text-align: justify;\">Zorganizowali\u015bmy 11\u00a0<strong>wystaw<\/strong> fotografii. Zaprosili\u015bmy Was na kolejn\u0105 edycj\u0119 festiwalu ksi\u0105\u017cek fotograficznych <strong>XPRINT<\/strong>, premier\u0119 mia\u0142o 6 <strong>publikacji<\/strong> wydawnictwa PIX.HOUSE. Dzielnie pracowali\u015bmy podczas kolejnej edycji <strong>warsztat\u00f3w<\/strong>\u00a0&#8222;M\u00f3j Fyrtel&#8221;. Zdigitalizowali\u015bmy kolejne fotografie w ramach spotka\u0144 &#8222;<strong>Archiwum<\/strong> <strong>Spo\u0142ecznego&#8221;<\/strong>. Odby\u0142a si\u0119 trzecia edycja\u00a0<strong>konkursu<\/strong>\u00a0&#8222;Talent Roku&#8221; oraz cykl <strong>spotka\u0144<\/strong>\u00a0&#8222;Lokalnie o fotografii&#8221;. <strong>Rezydencj\u0119<\/strong> artystyczn\u0105 w PIX.HOUSE odby\u0142a Mayumi Suzuki z Japonii. Galeri\u0119, czytelni\u0119 i ksi\u0119garni\u0119 odwiedzi\u0142o tak wiele wspania\u0142ych os\u00f3b, \u017ce ju\u017c szykujemy si\u0142y na kolejny rok!<\/p>\n<p style=\"text-align: justify;\">Dzi\u0119kujemy, \u017ce byli\u015bcie z nami!<\/p>\n<p>&nbsp;<\/p>\n<p style=\"text-align: justify;\"><em><strong>PROJEKT WSP\u00d3\u0141FINANSOWANY PRZEZ MIASTO POZNA\u0143\u00a0<\/strong><\/em><\/p>\n<p style=\"text-align: justify;\"><img loading=\"lazy\" decoding=\"async\" class=\"alignnone wp-image-27076\" src=\"http:\/\/pix.house\/wp-content\/uploads\/2017\/09\/Poznan.jpg\" alt=\"\" width=\"169\" height=\"42\" \/><\/p>\n\n\t\t<\/div> \n\t<\/div> <\/div><\/div><\/div><\/div><\/div><div     class=\"vc_row wpb_row section vc_row-fluid\" style=' text-align:left;'><div class=\"full_section_inner clearfix\"><div class=\"wpb_column vc_column_container vc_col-sm-12\"><div class=\"vc_column-inner\"><div class=\"wpb_wrapper\">\n\t<div class=\"wpb_text_column wpb_content_element\">\n\t\t<div class=\"wpb_wrapper\">\n\t\t\t<h4><strong>Our activities:\u00a0<\/strong><\/h4>\n\n\t\t<\/div> \n\t<\/div> \n\t<div class=\"wpb_text_column wpb_content_element\">\n\t\t<div class=\"wpb_wrapper\">\n\t\t\t<h4><strong>_WYSTAWY<\/strong><\/h4>\n\n\t\t<\/div> \n\t<\/div> \n\t<div class=\"wpb_text_column wpb_content_element\">\n\t\t<div class=\"wpb_wrapper\">\n\t\t\t<p style=\"text-align: justify;\"><b>Wystawa I LOVE YOU DAD\u00a0| Karol Grygoruk<\/b><\/p>\n<p style=\"text-align: justify;\">W 2016 roku, kiedy Grygoruk rozpoczyna\u0142 prac\u0119 nad projektem, wszystko wskazywa\u0142o na to, \u017ce Tajlandia stoi u progu wielkich zmian. Stan zdrowia Bhumibola Adulyadeja, jednego z najd\u0142u\u017cej rz\u0105dz\u0105cych monarch\u00f3w na \u015bwiecie, wci\u0105\u017c si\u0119 pogarsza\u0142. W kraju pe\u0142nym paradoks\u00f3w, przysz\u0142o\u015b\u0107 stanowi\u0142a niewiadom\u0105. Gdy wsp\u00f3\u0142czesna tajska gospodarka jest jedn\u0105 z najszybciej rozwijaj\u0105cych si\u0119 w Azji Po\u0142udniowo -Wschodniej, a jej pot\u0119ga wzrasta wraz z kolejnymi monumentalnymi centrami handlowymi, biurowcami i luksusowymi resortami. Po drugiej stronie tego pozornie niepohamowanego post\u0119pu znajduj\u0105 si\u0119 ci, kt\u00f3rzy nie mog\u0105 go do\u015bwiadczy\u0107 \u2013 miliony ludzi \u017cyj\u0105cy na granicy ub\u00f3stwa, bez dost\u0119pu do podstawowych praw: do edukacji, r\u00f3wnouprawnienia i wolno\u015bci s\u0142owa. \u0141\u0105czy ich jedno: wszyscy bez wahania deklaruj\u0105 mi\u0142o\u015b\u0107 do Kr\u00f3la. Nie maj\u0105 innego wyj\u015bcia.<\/p>\n\n\t\t<\/div> \n\t<\/div> <div class=\"separator  normal\" style=\"border-color: #ffffff;border-width:0,5px\"><\/div>\n<div class='qode_image_gallery_no_space light highlight_active'><div class='qode_image_gallery_holder' style='height: 500px;'><ul><li><div style=\"height: 500px; width:664px;\"><img decoding=\"async\" src=\"https:\/\/pix.house\/wp-content\/uploads\/2018\/02\/I-LOVE-YOU-DAD-Karol-Grygoruk-147.jpg\" alt=\"\" \/><\/div><\/li><li><div style=\"height: 500px; width:664px;\"><img decoding=\"async\" src=\"https:\/\/pix.house\/wp-content\/uploads\/2018\/02\/I-LOVE-YOU-DAD-Karol-Grygoruk-171.jpg\" alt=\"\" \/><\/div><\/li><li><div style=\"height: 500px; width:751px;\"><img decoding=\"async\" src=\"https:\/\/pix.house\/wp-content\/uploads\/2019\/01\/28619209_2037499439830087_6597910947387943241_o.jpg\" alt=\"\" \/><\/div><\/li><li><div style=\"height: 500px; width:749px;\"><img decoding=\"async\" src=\"https:\/\/pix.house\/wp-content\/uploads\/2019\/01\/28661011_2034129953500369_5315428961840580475_n.jpg\" alt=\"\" \/><\/div><\/li><li><div style=\"height: 500px; width:750px;\"><img decoding=\"async\" src=\"https:\/\/pix.house\/wp-content\/uploads\/2019\/01\/28685027_2034516283461736_2527847449797945978_n.jpg\" alt=\"\" \/><\/div><\/li><li><div style=\"height: 500px; width:749px;\"><img decoding=\"async\" src=\"https:\/\/pix.house\/wp-content\/uploads\/2019\/01\/28782763_2034130020167029_3541734578906650637_n.jpg\" alt=\"\" \/><\/div><\/li><li><div style=\"height: 500px; width:750px;\"><img decoding=\"async\" src=\"https:\/\/pix.house\/wp-content\/uploads\/2019\/01\/28782852_2034516393461725_921498466629102239_n.jpg\" alt=\"\" \/><\/div><\/li><li><div style=\"height: 500px; width:750px;\"><img decoding=\"async\" src=\"https:\/\/pix.house\/wp-content\/uploads\/2019\/01\/28782932_2034516460128385_402382460659516334_n.jpg\" alt=\"\" \/><\/div><\/li><li><div style=\"height: 500px; width:751px;\"><img decoding=\"async\" src=\"https:\/\/pix.house\/wp-content\/uploads\/2019\/01\/28827764_2037499293163435_5137139584289842131_o.jpg\" alt=\"\" \/><\/div><\/li><\/ul><\/div><div class=\"controls\"><a class=\"prev-slide\" href=\"#\"><span class=\"arrow_carrot-left\"><\/span><\/a><a class=\"next-slide\" href=\"#\"><span class=\"arrow_carrot-right\"><\/span><\/a><\/div><\/div><div class=\"separator  normal\" style=\"border-color: #ffffff;border-width:0,5px\"><\/div>\n<\/div><\/div><\/div><\/div><\/div><div     class=\"vc_row wpb_row section vc_row-fluid\" style=' text-align:left;'><div class=\"full_section_inner clearfix\"><div class=\"wpb_column vc_column_container vc_col-sm-12\"><div class=\"vc_column-inner\"><div class=\"wpb_wrapper\">\n\t<div class=\"wpb_text_column wpb_content_element\">\n\t\t<div class=\"wpb_wrapper\">\n\t\t\t<p style=\"text-align: justify;\"><b>Wystawa PUSH THE SKY AWAY | PIOTR ZBIERSKI<\/b><\/p>\n<p style=\"text-align: justify;\">Od niemal 10 lat Piotr Zbierski konsekwentnie tworzy swoje wizualne opowie\u015bci. Przybieraj\u0105 one form\u0119 rozbudowanych, wielow\u0105tkowych cykli zdj\u0119\u0107 w kt\u00f3rych bada on zar\u00f3wno otaczaj\u0105cy go \u015bwiat jaki i samo medium jakim si\u0119 pos\u0142uguje \u2013 fotografi\u0119. Zdj\u0119cie te wymykaj\u0105 si\u0119 dobrze znanej dokumentalnej konwencji, ich estetyka mo\u017ce przywodzi\u0107 oniryczne skojarzenia, sugerowa\u0107 jaki\u015b rodzaj powidok\u00f3w, szkic\u00f3w. Wyra\u017anie wida\u0107 jednak jakie obszary interesuj\u0105 ich Autora. Kluczowe jest, cz\u0119sto podkre\u015blane przez Zbierskiego, spotkanie z innym cz\u0142owiekiem, ze \u015awiatem, z natur\u0105. Wchodzenie w coraz to nowe obszary, eksplorowanie \u015bwiata emocji, intensywne ich do\u015bwiadczanie sta\u0142o si\u0119 metod\u0105 pracy i warunkiem tworzenia tego rodzaju obraz\u00f3w.<\/p>\n\n\t\t<\/div> \n\t<\/div> <div class=\"separator  normal\" style=\"border-color: #ffffff;border-width:0,5px\"><\/div>\n<div class='qode_image_gallery_no_space light highlight_active'><div class='qode_image_gallery_holder' style='height: 500px;'><ul><li><div style=\"height: 500px; width:750px;\"><img decoding=\"async\" src=\"https:\/\/pix.house\/wp-content\/uploads\/2018\/01\/zbierski2.jpg\" alt=\"\" \/><\/div><\/li><li><div style=\"height: 500px; width:750px;\"><img decoding=\"async\" src=\"https:\/\/pix.house\/wp-content\/uploads\/2018\/01\/zbierski4.jpg\" alt=\"\" \/><\/div><\/li><li><div style=\"height: 500px; width:750px;\"><img decoding=\"async\" src=\"https:\/\/pix.house\/wp-content\/uploads\/2019\/01\/29872632_2053351374911560_7167593329910568540_o.jpg\" alt=\"\" \/><\/div><\/li><li><div style=\"height: 500px; width:750px;\"><img decoding=\"async\" src=\"https:\/\/pix.house\/wp-content\/uploads\/2019\/01\/29983078_2053351321578232_5570872396738775885_o.jpg\" alt=\"\" \/><\/div><\/li><li><div style=\"height: 500px; width:750px;\"><img decoding=\"async\" src=\"https:\/\/pix.house\/wp-content\/uploads\/2019\/01\/30051687_2053351158244915_8910080185238163035_o.jpg\" alt=\"\" \/><\/div><\/li><li><div style=\"height: 500px; width:750px;\"><img decoding=\"async\" src=\"https:\/\/pix.house\/wp-content\/uploads\/2019\/01\/30052095_2053351488244882_6097077110947837475_o.jpg\" alt=\"\" \/><\/div><\/li><li><div style=\"height: 500px; width:750px;\"><img decoding=\"async\" src=\"https:\/\/pix.house\/wp-content\/uploads\/2019\/01\/30052103_2053866314860066_7960769949310225393_o.jpg\" alt=\"\" \/><\/div><\/li><li><div style=\"height: 500px; width:750px;\"><img decoding=\"async\" src=\"https:\/\/pix.house\/wp-content\/uploads\/2019\/01\/30073083_2053866291526735_6768191871219211352_o.jpg\" alt=\"\" \/><\/div><\/li><li><div style=\"height: 500px; width:750px;\"><img decoding=\"async\" src=\"https:\/\/pix.house\/wp-content\/uploads\/2019\/01\/30167510_2053351164911581_8146707280311679110_o.jpg\" alt=\"\" \/><\/div><\/li><li><div style=\"height: 500px; width:750px;\"><img decoding=\"async\" src=\"https:\/\/pix.house\/wp-content\/uploads\/2019\/01\/32130568_2066820253564672_3655786045351395328_o.jpg\" alt=\"\" \/><\/div><\/li><li><div style=\"height: 500px; width:750px;\"><img decoding=\"async\" src=\"https:\/\/pix.house\/wp-content\/uploads\/2019\/01\/32293537_2066820270231337_8346458007000842240_o.jpg\" alt=\"\" \/><\/div><\/li><\/ul><\/div><div class=\"controls\"><a class=\"prev-slide\" href=\"#\"><span class=\"arrow_carrot-left\"><\/span><\/a><a class=\"next-slide\" href=\"#\"><span class=\"arrow_carrot-right\"><\/span><\/a><\/div><\/div><div class=\"separator  normal\" style=\"border-color: #ffffff;border-width:0,5px\"><\/div>\n<\/div><\/div><\/div><\/div><\/div><div     class=\"vc_row wpb_row section vc_row-fluid\" style=' text-align:left;'><div class=\"full_section_inner clearfix\"><div class=\"wpb_column vc_column_container vc_col-sm-12\"><div class=\"vc_column-inner\"><div class=\"wpb_wrapper\">\n\t<div class=\"wpb_text_column wpb_content_element\">\n\t\t<div class=\"wpb_wrapper\">\n\t\t\t<p style=\"text-align: justify;\"><b>Wystawa\u00a0 LAPIDARIUM | PIOTR BOROWSKI<\/b><\/p>\n<p style=\"text-align: justify;\">We wrze\u015bniu zaprezentowali\u015bmy projekt Piotra Borowskiego po\u0142\u0105czony z premier\u0105 ksi\u0105\u017cki.<\/p>\n<p style=\"text-align: justify;\">Jak pisze autor:\u00a0<em>&#8222;<\/em>Postanowi\u0142em si\u0119gn\u0105\u0107 do rzeczy nadrz\u0119dnych, bardziej og\u00f3lnych, uniwersalnych. Szuka\u0142em sposobu pokazania zjawisk fundamentalnych, b\u0119d\u0105cych \u017ar\u00f3d\u0142em naszych prze\u017cy\u0107. Mam t\u0119 \u015bwiadomo\u015b\u0107, \u017ce fotografie wi\u0119cej m\u00f3wi\u0105 o ich autorze ni\u017c o obiekcie na zdj\u0119ciu wi\u0119c sta\u0142o si\u0119 dla mnie jasne, \u017ce chodzi tu o \u017ar\u00f3d\u0142o moich w\u0142asnych prze\u017cy\u0107. Przez to ksi\u0105\u017cka sta\u0142a si\u0119 osobist\u0105, filozoficzn\u0105 opowie\u015bci\u0105 o prawdach og\u00f3lnych. O \u017cyciu i \u015bmierci, chorobie i b\u00f3lu, o wierze, l\u0119ku, mi\u0142o\u015bci i samotno\u015bci, o dzieci\u0144stwie i staro\u015bci. O relacjach z innymi i ze \u015bwiatem. Posun\u0105\u0142em dalej personalizacj\u0119. Do\u0142\u0105czy\u0142em fragmenty ulubionych ksi\u0105\u017cek, zadba\u0142em by by\u0142a skromna w formie i elegancka, dostatecznie kr\u00f3tka i lapidarna by nie znudzi\u0107 i na tyle mocna by mog\u0142a poruszy\u0107.&#8221;<\/p>\n<p style=\"text-align: justify;\"><em>.&#8221;<\/em><\/p>\n\n\t\t<\/div> \n\t<\/div> <div class=\"separator  normal\" style=\"border-color: #ffffff;border-width:0,5px\"><\/div>\n<div class='qode_image_gallery_no_space light highlight_active'><div class='qode_image_gallery_holder' style='height: 500px;'><ul><li><div style=\"height: 500px; width:751px;\"><img decoding=\"async\" src=\"https:\/\/pix.house\/wp-content\/uploads\/2018\/08\/Lapidarium-4-1.jpg\" alt=\"\" \/><\/div><\/li><li><div style=\"height: 500px; width:751px;\"><img decoding=\"async\" src=\"https:\/\/pix.house\/wp-content\/uploads\/2018\/08\/Lapidarium-3.jpg\" alt=\"\" \/><\/div><\/li><li><div style=\"height: 500px; width:753px;\"><img decoding=\"async\" src=\"https:\/\/pix.house\/wp-content\/uploads\/2018\/08\/Lapidarium-2.jpg\" alt=\"\" \/><\/div><\/li><li><div style=\"height: 500px; width:750px;\"><img decoding=\"async\" src=\"https:\/\/pix.house\/wp-content\/uploads\/2019\/01\/40472901_2165329307047099_2975441097993486336_o.jpg\" alt=\"\" \/><\/div><\/li><li><div style=\"height: 500px; width:750px;\"><img decoding=\"async\" src=\"https:\/\/pix.house\/wp-content\/uploads\/2019\/01\/40595671_2165329470380416_2624904004940857344_o.jpg\" alt=\"\" \/><\/div><\/li><\/ul><\/div><div class=\"controls\"><a class=\"prev-slide\" href=\"#\"><span class=\"arrow_carrot-left\"><\/span><\/a><a class=\"next-slide\" href=\"#\"><span class=\"arrow_carrot-right\"><\/span><\/a><\/div><\/div><div class=\"separator  normal\" style=\"border-color: #ffffff;border-width:0,5px\"><\/div>\n<\/div><\/div><\/div><\/div><\/div><div     class=\"vc_row wpb_row section vc_row-fluid\" style=' text-align:left;'><div class=\"full_section_inner clearfix\"><div class=\"wpb_column vc_column_container vc_col-sm-12\"><div class=\"vc_column-inner\"><div class=\"wpb_wrapper\">\n\t<div class=\"wpb_text_column wpb_content_element\">\n\t\t<div class=\"wpb_wrapper\">\n\t\t\t<p style=\"text-align: justify;\"><strong>DYPLOMY UAP 2018| Joanna Czarnota, Joanna Berg<\/strong><\/p>\n<p style=\"text-align: justify;\">Kolejny raz go\u015bcili\u015bmy obrony prac dyplomowych student\u00f3w UAP.\u00a0 Joanna Czarnota zaprezentowa\u0142a wystaw\u0119\u00a0&#8222;Obieg DNA&#8221;, natomiast Joanna Berg\u00a0&#8222;To cia\u0142o mo\u017ce czyni\u0107 cuda&#8221;. Dziewczyny \u015bwietnie obroni\u0142y dyplomy.<\/p>\n\n\t\t<\/div> \n\t<\/div> <div class=\"separator  normal\" style=\"border-color: #ffffff;border-width:0,5px\"><\/div>\n<div class='qode_image_gallery_no_space light highlight_active'><div class='qode_image_gallery_holder' style='height: 500px;'><ul><li><div style=\"height: 500px; width:750px;\"><img decoding=\"async\" src=\"https:\/\/pix.house\/wp-content\/uploads\/2019\/01\/35072748_2083011928612171_371442305200029696_o.jpg\" alt=\"\" \/><\/div><\/li><li><div style=\"height: 500px; width:750px;\"><img decoding=\"async\" src=\"https:\/\/pix.house\/wp-content\/uploads\/2019\/01\/35086228_2083011848612179_3574945896028176384_o.jpg\" alt=\"\" \/><\/div><\/li><li><div style=\"height: 500px; width:750px;\"><img decoding=\"async\" src=\"https:\/\/pix.house\/wp-content\/uploads\/2019\/01\/35427376_2086444218268942_3915176128427327488_o.jpg\" alt=\"\" \/><\/div><\/li><\/ul><\/div><div class=\"controls\"><a class=\"prev-slide\" href=\"#\"><span class=\"arrow_carrot-left\"><\/span><\/a><a class=\"next-slide\" href=\"#\"><span class=\"arrow_carrot-right\"><\/span><\/a><\/div><\/div><div class=\"separator  normal\" style=\"border-color: #ffffff;border-width:0,5px\"><\/div>\n<\/div><\/div><\/div><\/div><\/div><div     class=\"vc_row wpb_row section vc_row-fluid\" style=' text-align:left;'><div class=\"full_section_inner clearfix\"><div class=\"wpb_column vc_column_container vc_col-sm-12\"><div class=\"vc_column-inner\"><div class=\"wpb_wrapper\">\n\t<div class=\"wpb_text_column wpb_content_element\">\n\t\t<div class=\"wpb_wrapper\">\n\t\t\t<p style=\"text-align: justify;\"><strong>OBRAZY W S\u0141U\u017bBIE<\/strong> &#8211; Og\u00f3lnopolskie Biennale Fotografii U\u017cytkowej dla uczni\u00f3w Lice\u00f3w Plastycznych<\/p>\n<p style=\"text-align: justify;\">Go\u015bcili\u015bmy licealist\u00f3w z ca\u0142ej Polski wyr\u00f3\u017cnionych na Biennale Fotografii U\u017cytkowej.<\/p>\n\n\t\t<\/div> \n\t<\/div> <div class=\"separator  normal\" style=\"border-color: #ffffff;border-width:0,5px\"><\/div>\n<div class='qode_image_gallery_no_space light highlight_active'><div class='qode_image_gallery_holder' style='height: 500px;'><ul><li><div style=\"height: 500px; width:750px;\"><img decoding=\"async\" src=\"https:\/\/pix.house\/wp-content\/uploads\/2019\/01\/41072504_2168006603446036_7970566566653722624_o.jpg\" alt=\"\" \/><\/div><\/li><li><div style=\"height: 500px; width:750px;\"><img decoding=\"async\" src=\"https:\/\/pix.house\/wp-content\/uploads\/2019\/01\/41176076_2168004256779604_4854426617830703104_o.jpg\" alt=\"\" \/><\/div><\/li><li><div style=\"height: 500px; width:750px;\"><img decoding=\"async\" src=\"https:\/\/pix.house\/wp-content\/uploads\/2019\/01\/41320174_2168004460112917_4915023710114545664_o.jpg\" alt=\"\" \/><\/div><\/li><\/ul><\/div><div class=\"controls\"><a class=\"prev-slide\" href=\"#\"><span class=\"arrow_carrot-left\"><\/span><\/a><a class=\"next-slide\" href=\"#\"><span class=\"arrow_carrot-right\"><\/span><\/a><\/div><\/div><div class=\"separator  normal\" style=\"border-color: #ffffff;border-width:0,5px\"><\/div>\n<\/div><\/div><\/div><\/div><\/div><div     class=\"vc_row wpb_row section vc_row-fluid\" style=' text-align:left;'><div class=\"full_section_inner clearfix\"><div class=\"wpb_column vc_column_container vc_col-sm-12\"><div class=\"vc_column-inner\"><div class=\"wpb_wrapper\">\n\t<div class=\"wpb_text_column wpb_content_element\">\n\t\t<div class=\"wpb_wrapper\">\n\t\t\t<p><strong>Wystawa powarsztatowa<\/strong>\u00a0<strong>M\u00f3j Fyrtel \/ Moja przestrze\u0144<\/strong><\/p>\n<p>P\u00f3\u0142roczn\u0105 przygod\u0119 z warsztatami fotografii dokumentalnej zako\u0144czy\u0142a wystawa.<\/p>\n<p>Na warsztatach uczestnicy poznali podstawy pracy nad fotograficznym projektem d\u0142ugoterminowym. Stworzyli\u015bmy wsp\u00f3lnie dokumentalny obraz naszej przestrzeni. Obraz, kt\u00f3ry po latach b\u0119dzie \u015bwiadectwem zmiany.<\/p>\n<p><strong>Uczestnicy warsztat\u00f3w i wystawy:<\/strong><\/p>\n<p>Daria \u015awierblewska, Magdalena Sobczak, Natalia Po\u015bnik, Agnieszka St\u0119pka, Marcin D\u0142awichowski, Marcin B\u0105k, Edyta Jab\u0142o\u0144ska, Katarzyna Michalska, Jolanta Igielska, Sandra Grzelaszyk, Luiza Stosik-Turek, Agnieszka Maruszczyk, Grzegorz Borys, Jakub \u017bwire\u0142\u0142o, Alicja Ma\u0144kowska, Stefan Machura, Mariusz Stolarski, Monika Czerwi\u0144ska, Mi\u0142osz Latosi, Norbert Rzepka, Bart\u0142omiej \u015anierzy\u0144ski, Aleksander St\u0119cel, Katarzyna Chlebowska, Monika Wito\u0144, Jacek Molski, Pawe\u0142 \u015apiewak, Marcin Drab, Jakub Dobek, Beata Zi\u0119ba-Zaborek, Maciej Lenartowicz<\/p>\n\n\t\t<\/div> \n\t<\/div> <div class=\"separator  normal\" style=\"border-color: #ffffff;border-width:0,5px\"><\/div>\n<div class='qode_image_gallery_no_space light highlight_active'><div class='qode_image_gallery_holder' style='height: 500px;'><ul><li><div style=\"height: 500px; width:375px;\"><img decoding=\"async\" src=\"https:\/\/pix.house\/wp-content\/uploads\/2019\/01\/45506165_2201282573451772_207329800933605376_n.jpg\" alt=\"\" \/><\/div><\/li><li><div style=\"height: 500px; width:750px;\"><img decoding=\"async\" src=\"https:\/\/pix.house\/wp-content\/uploads\/2019\/01\/37960176_2131101057136591_357962296938463232_o.jpg\" alt=\"\" \/><\/div><\/li><li><div style=\"height: 500px; width:750px;\"><img decoding=\"async\" src=\"https:\/\/pix.house\/wp-content\/uploads\/2019\/01\/36792539_2108171632762867_2104273300589903872_o.jpg\" alt=\"\" \/><\/div><\/li><li><div style=\"height: 500px; width:750px;\"><img decoding=\"async\" src=\"https:\/\/pix.house\/wp-content\/uploads\/2019\/01\/42366750_2176768065903223_1645118567680573440_o.jpg\" alt=\"\" \/><\/div><\/li><li><div style=\"height: 500px; width:748px;\"><img decoding=\"async\" src=\"https:\/\/pix.house\/wp-content\/uploads\/2019\/01\/43117162_2183319868581376_623984208951377920_o.jpg\" alt=\"\" \/><\/div><\/li><li><div style=\"height: 500px; width:750px;\"><img decoding=\"async\" src=\"https:\/\/pix.house\/wp-content\/uploads\/2019\/01\/43137571_2183629855217044_1374753245435527168_o.jpg\" alt=\"\" \/><\/div><\/li><li><div style=\"height: 500px; width:748px;\"><img decoding=\"async\" src=\"https:\/\/pix.house\/wp-content\/uploads\/2019\/01\/43164518_2183319618581401_8232992701981655040_o.jpg\" alt=\"\" \/><\/div><\/li><li><div style=\"height: 500px; width:750px;\"><img decoding=\"async\" src=\"https:\/\/pix.house\/wp-content\/uploads\/2019\/01\/43220085_2183629625217067_3798684765545037824_o.jpg\" alt=\"\" \/><\/div><\/li><li><div style=\"height: 500px; width:750px;\"><img decoding=\"async\" src=\"https:\/\/pix.house\/wp-content\/uploads\/2019\/01\/43253620_2183629758550387_3847664838876594176_o.jpg\" alt=\"\" \/><\/div><\/li><\/ul><\/div><div class=\"controls\"><a class=\"prev-slide\" href=\"#\"><span class=\"arrow_carrot-left\"><\/span><\/a><a class=\"next-slide\" href=\"#\"><span class=\"arrow_carrot-right\"><\/span><\/a><\/div><\/div><div class=\"separator  normal\" style=\"border-color: #ffffff;border-width:0,5px\"><\/div>\n<\/div><\/div><\/div><\/div><\/div><div     class=\"vc_row wpb_row section vc_row-fluid\" style=' text-align:left;'><div class=\"full_section_inner clearfix\"><div class=\"wpb_column vc_column_container vc_col-sm-12\"><div class=\"vc_column-inner\"><div class=\"wpb_wrapper\">\n\t<div class=\"wpb_text_column wpb_content_element\">\n\t\t<div class=\"wpb_wrapper\">\n\t\t\t<p style=\"text-align: justify;\">Rok 2018 up\u0142yn\u0105\u0142 w PIX.HOUSE pod znakiem publikacji. Razem ze studiem B\u0119karty pracowali\u015bmy nad kolejnymi ksi\u0105\u017ckami- seri\u0105 o Polsce: <strong>Krzysiek Or\u0142owski, Maciej Jeziorek, Tomasz Liboska<\/strong>, ksi\u0105\u017ck\u0105 <strong>Adriana Wykroty<\/strong>\u00a0oraz przekrojow\u0105 publikacj\u0105 o fotografii pozna\u0144skiej. Swoj\u0105 premier\u0119 mia\u0142a r\u00f3wnie\u017c ksi\u0105\u017cka <strong>Macieja Moskwy <\/strong>(projekt Andrzej Dobosz), a tak\u017ce newsprint <strong>Mayumi Suzuki<\/strong> projektu Honzny Zamojskiego. To by\u0142 r\u00f3wnie\u017c dobry rok pod wzgl\u0119dem obecno\u015bci naszych ksi\u0105\u017cek na polskich i zagranicznych festiwalach.<\/p>\n\n\t\t<\/div> \n\t<\/div> <div class=\"separator  normal\" style=\"border-color: #ffffff;border-width:0,5px\"><\/div>\n<div class='qode_image_gallery_no_space light highlight_active'><div class='qode_image_gallery_holder' style='height: 500px;'><ul><li><div style=\"height: 500px; width:748px;\"><img decoding=\"async\" src=\"https:\/\/pix.house\/wp-content\/uploads\/2019\/01\/43007584_2182332958680067_3793095372415434752_o.jpg\" alt=\"\" \/><\/div><\/li><li><div style=\"height: 500px; width:748px;\"><img decoding=\"async\" src=\"https:\/\/pix.house\/wp-content\/uploads\/2019\/01\/44903677_2196025037310859_3197301460484227072_o.jpg\" alt=\"\" \/><\/div><\/li><li><div style=\"height: 500px; width:748px;\"><img decoding=\"async\" src=\"https:\/\/pix.house\/wp-content\/uploads\/2019\/01\/44943303_2196024607310902_3566501122740846592_o.jpg\" alt=\"\" \/><\/div><\/li><li><div style=\"height: 500px; width:667px;\"><img decoding=\"async\" src=\"https:\/\/pix.house\/wp-content\/uploads\/2019\/01\/44951167_2114938748557665_8309097598321426432_o.jpg\" alt=\"\" \/><\/div><\/li><li><div style=\"height: 500px; width:667px;\"><img decoding=\"async\" src=\"https:\/\/pix.house\/wp-content\/uploads\/2019\/01\/44988354_2114939058557634_4492648173730267136_o.jpg\" alt=\"\" \/><\/div><\/li><li><div style=\"height: 500px; width:667px;\"><img decoding=\"async\" src=\"https:\/\/pix.house\/wp-content\/uploads\/2019\/01\/45009527_2114938981890975_7671750328772984832_o.jpg\" alt=\"\" \/><\/div><\/li><li><div style=\"height: 500px; width:667px;\"><img decoding=\"async\" src=\"https:\/\/pix.house\/wp-content\/uploads\/2019\/01\/45135935_2114938875224319_6754795804877127680_o.jpg\" alt=\"\" \/><\/div><\/li><li><div style=\"height: 500px; width:748px;\"><img decoding=\"async\" src=\"https:\/\/pix.house\/wp-content\/uploads\/2019\/01\/43156498_2182332815346748_8056873371826126848_o.jpg\" alt=\"\" \/><\/div><\/li><li><div style=\"height: 500px; width:750px;\"><img decoding=\"async\" src=\"https:\/\/pix.house\/wp-content\/uploads\/2019\/01\/45381843_2200427186870644_6342946644924825600_o.jpg\" alt=\"\" \/><\/div><\/li><li><div style=\"height: 500px; width:1115px;\"><img decoding=\"async\" src=\"https:\/\/pix.house\/wp-content\/uploads\/2019\/01\/47497866_2218220915091271_491353810669666304_o.jpg\" alt=\"\" \/><\/div><\/li><li><div style=\"height: 500px; width:667px;\"><img decoding=\"async\" src=\"https:\/\/pix.house\/wp-content\/uploads\/2019\/01\/46176131_2205428029703893_8285396942284914688_o.jpg\" alt=\"\" \/><\/div><\/li><li><div style=\"height: 500px; width:748px;\"><img decoding=\"async\" src=\"https:\/\/pix.house\/wp-content\/uploads\/2019\/01\/46293588_2206705309576165_7460896361144123392_o.jpg\" alt=\"\" \/><\/div><\/li><li><div style=\"height: 500px; width:750px;\"><img decoding=\"async\" src=\"https:\/\/pix.house\/wp-content\/uploads\/2019\/01\/47326413_2216325731947456_7651515483711078400_o.jpg\" alt=\"\" \/><\/div><\/li><li><div style=\"height: 500px; width:750px;\"><img decoding=\"async\" src=\"https:\/\/pix.house\/wp-content\/uploads\/2019\/01\/47110644_2216325851947444_8853834042844381184_o.jpg\" alt=\"\" \/><\/div><\/li><li><div style=\"height: 500px; width:750px;\"><img decoding=\"async\" src=\"https:\/\/pix.house\/wp-content\/uploads\/2019\/01\/47281669_2216325821947447_7381076240783900672_o.jpg\" alt=\"\" \/><\/div><\/li><li><div style=\"height: 500px; width:750px;\"><img decoding=\"async\" src=\"https:\/\/pix.house\/wp-content\/uploads\/2019\/01\/47062121_2216326808614015_4034420651245699072_o.jpg\" alt=\"\" \/><\/div><\/li><li><div style=\"height: 500px; width:750px;\"><img decoding=\"async\" src=\"https:\/\/pix.house\/wp-content\/uploads\/2019\/01\/47295566_2216326961947333_7543257732049010688_o.jpg\" alt=\"\" \/><\/div><\/li><li><div style=\"height: 500px; width:750px;\"><img decoding=\"async\" src=\"https:\/\/pix.house\/wp-content\/uploads\/2019\/01\/47303049_2216326985280664_3712705601952808960_o.jpg\" alt=\"\" \/><\/div><\/li><li><div style=\"height: 500px; width:750px;\"><img decoding=\"async\" src=\"https:\/\/pix.house\/wp-content\/uploads\/2019\/01\/47323727_2216326908614005_1756761934687895552_o.jpg\" alt=\"\" \/><\/div><\/li><\/ul><\/div><div class=\"controls\"><a class=\"prev-slide\" href=\"#\"><span class=\"arrow_carrot-left\"><\/span><\/a><a class=\"next-slide\" href=\"#\"><span class=\"arrow_carrot-right\"><\/span><\/a><\/div><\/div>\n\t<div class=\"wpb_text_column wpb_content_element\">\n\t\t<div class=\"wpb_wrapper\">\n\t\t\t<p style=\"text-align: justify;\">Kolejny raz poprosili\u015bmy Was o pomoc. Na portalu <strong>Polak Potrafi<\/strong> ruszy\u0142a zbi\u00f3rka \u015brodk\u00f3w na druk serii o Polsce. Uda\u0142o si\u0119 zebra\u0107 140% normy!\u00a0Jeszcze raz serdecznie Wam dzi\u0119kujemy.<\/p>\n<p>Kolejny rok mogli\u015bmy liczy\u0107 na wsparcie <strong>Izy i Mariusza Stolarskich<\/strong> oraz Postal Steel Group &#8211; serdecznie dzi\u0119kujemy!<\/p>\n\n\t\t<\/div> \n\t<\/div> \n\t<div class=\"wpb_single_image wpb_content_element vc_align_left\">\n\t\t<div class=\"wpb_wrapper\">\n\t\t\t\n\t\t\t<div class=\"vc_single_image-wrapper   vc_box_border_grey\"><img loading=\"lazy\" decoding=\"async\" width=\"1060\" height=\"443\" src=\"https:\/\/pix.house\/wp-content\/uploads\/2019\/01\/polak-1280x535.jpg\" class=\"vc_single_image-img attachment-large\" alt=\"\" title=\"polak\" srcset=\"https:\/\/pix.house\/wp-content\/uploads\/2019\/01\/polak-1280x535.jpg 1280w, https:\/\/pix.house\/wp-content\/uploads\/2019\/01\/polak-800x335.jpg 800w, https:\/\/pix.house\/wp-content\/uploads\/2019\/01\/polak-300x125.jpg 300w, https:\/\/pix.house\/wp-content\/uploads\/2019\/01\/polak-768x321.jpg 768w, https:\/\/pix.house\/wp-content\/uploads\/2019\/01\/polak-600x251.jpg 600w, https:\/\/pix.house\/wp-content\/uploads\/2019\/01\/polak-700x293.jpg 700w, https:\/\/pix.house\/wp-content\/uploads\/2019\/01\/polak-1100x460.jpg 1100w, https:\/\/pix.house\/wp-content\/uploads\/2019\/01\/polak-1320x552.jpg 1320w, https:\/\/pix.house\/wp-content\/uploads\/2019\/01\/polak.jpg 1836w\" sizes=\"auto, (max-width: 1060px) 100vw, 1060px\" \/><\/div>\n\t\t<\/div>\n\t<\/div>\n<div class=\"separator  normal\" style=\"border-color: #ffffff;border-width:0,5px\"><\/div>\n<\/div><\/div><\/div><\/div><\/div><div     class=\"vc_row wpb_row section vc_row-fluid\" style=' text-align:left;'><div class=\"full_section_inner clearfix\"><div class=\"wpb_column vc_column_container vc_col-sm-12\"><div class=\"vc_column-inner\"><div class=\"wpb_wrapper\">\n\t<div class=\"wpb_text_column wpb_content_element\">\n\t\t<div class=\"wpb_wrapper\">\n\t\t\t<h4><strong>_festiwal ksi\u0105\u017cek fotograficznych XPRINT<\/strong><\/h4>\n\n\t\t<\/div> \n\t<\/div> \n\t<div class=\"wpb_text_column wpb_content_element\">\n\t\t<div class=\"wpb_wrapper\">\n\t\t\t<p style=\"text-align: justify;\">W Galerii Miejskiej Arsena\u0142, 24 i 25 listopada 2018 odby\u0142 si\u0119 szereg otwartych spotka\u0144 i dyskusji z fotografami, kuratorami, wydawcami. O pracy nad fotograficznymi publikacjami opowiedzia\u0142 <strong>Grzegorz D\u0105browski, Kuba D\u0105browski, Kacper Kowalski, Alina Sandulyak, Mayumi Suzuki<\/strong>. W dyskusji panelowej dotycz\u0105cej fotograficznych dziennik\u00f3w zabrali g\u0142os autorzy trzech zin\u00f3w wydawnictwa PIX.HOUSE, prezentowanych premierowo podczas festiwalu: <strong>Tomasz Liboska, Maciej Jeziorek, Krzysiek Or\u0142owski<\/strong>. <strong>Igor Pisuk<\/strong> wraz z <strong>Grzegorzem Kosmal\u0105 i Anet\u0105 Kowalczyk<\/strong> z wydawnictwa BLOW UP PRESS opowiedzieli o pracy nad Deceitful Reverence, ksi\u0105\u017cka mia\u0142a swoj\u0105 premier\u0119 podczas festiwalu.<\/p>\n<p style=\"text-align: justify;\">Dwudniowa sesja spotka\u0144 w Arsenale uzupe\u0142niona zosta\u0142a wystaw\u0105 ksi\u0105\u017cek. Ka\u017cdy z go\u015bci przygotowa\u0142 niewielk\u0105 selekcj\u0119 publikacji fotograficznych, stanowi\u0105cych komentarz do ich indywidualnego sposobu pracy.<\/p>\n<p style=\"text-align: justify;\">W ramach festiwalu realizowali\u015bmy trzy wystawy indywidualne pozostaj\u0105ce w \u015bcis\u0142ej korelacji z ksi\u0105\u017ckami fotograficznymi. Centralna ekspozycja w Galerii Miejskiej Arsena\u0142 zaprezentowa\u0142a prace <strong>Mayumi Suzuki<\/strong>, kt\u00f3ra w uderzaj\u0105co szczery i metodyczny spos\u00f3b opracowuje archiwa i wizualne \u015blady pozosta\u0142e w ruinach jej rodzinnego domu, zniszczonego w tsunami z 2011 roku. W The Restoration Will \u2013 mozaikowej ksi\u0105\u017cce fotograficznej \u2013 \u0142\u0105czy, zachowane skrawki archiwum, portfolio fotograficzne jej ojca, fragmenty pozosta\u0142o\u015bci po rodzinnym studiu fotograficznym, prowadzonym od 87 lat, ze zdj\u0119ciami wsp\u00f3\u0142czesnymi. Tworzy osobist\u0105 opowie\u015b\u0107 o pami\u0119ci po jej zaginionych bliskich. W cyklu The Place to Belong, prezentowanym w Poznaniu premierowo, artystka rozszerza eksploracj\u0119 archiw\u00f3w i \u015blad\u00f3w po katastrofie, zastanawiaj\u0105c si\u0119 nad charakterem to\u017csamo\u015bci i pami\u0119ci w Onagawa. Jej rodzinne miasto, zalewane jest przez fale i podnoszone z gruz\u00f3w co kilkadziesi\u0105t lat. W trakcie rezydencji artystycznej, jak\u0105 Mayumi Suzuki odby\u0142a w galerii PIX.HOUSE, powsta\u0142a gazetowa publikacja prezentuj\u0105ca prace z tego nadal otwartego cyklu, zaprojektowana przez <strong>Honz\u0119 Zamojskiego<\/strong>.<\/p>\n<p style=\"text-align: justify;\">Deceitful Reverence Igora Pisuka zaprezentowali\u015bmy w Galerii PIX.HOUSE \u2013 wystawa szczerych, graficznych zdj\u0119\u0107 dokumentuj\u0105cych proces wychodzenia autora z alkoholizmu.<\/p>\n<p style=\"text-align: justify;\">W Galerii Ego <strong>Kuba D\u0105browski<\/strong> prze\u0142o\u017cy\u0142 na form\u0119 ekspozycji galeryjnej najnowsz\u0105 ods\u0142on\u0119 swoich dziennik\u00f3w fotograficznych. Prowadzone konsekwentnie od lat, ewoluuj\u0105ce razem z fotografem zapiski komentuj\u0105ce jego codzienno\u015b\u0107, zdj\u0119cia wklejone do notes\u00f3w, publikowane w formie ksi\u0105\u017cek \u2013 zosta\u0142y opracowane tym razem w spos\u00f3b poddaj\u0105cy analizie samo medium fotograficznego scrapbooka, jako pierwotnej formy fotograficznej ksi\u0105\u017cki.<\/p>\n<p style=\"text-align: justify;\">W Rodr\u00edguez Gallery <strong>Alina Sandulyak<\/strong> zaprezentowa\u0142a wystaw\u0119 z\u0142o\u017con\u0105 z ukrai\u0144skich ksi\u0105\u017cek fotograficznych, w kt\u00f3rych subiektywne narracje, prywatne punkty widzenia i emocjonalne w\u0105tki \u2013 s\u0105 zaprz\u0119gni\u0119te do opisu dramatycznej rzeczywisto\u015bci politycznej czasu wojny.<\/p>\n<p style=\"text-align: justify;\">Integralnym elementem festiwalu by\u0142a wystawa <strong>BOOKI. Studying Photobooks<\/strong> Katedry Fotografii Uniwersytetu Artystycznego w Poznaniu, prezentowana w galerii Skala, konfrontuj\u0105ca dzia\u0142ania na polu ksi\u0105\u017cek fotograficznych realizowane przez student\u00f3w wybranych europejskich uczelni artystycznych. Czytelnia Ostr\u00f8v zaprosi\u0142a na premier\u0119 zina <strong>Krystiana Daszkowskiego<\/strong>, uzupe\u0142nion\u0105 wystaw\u0105 dotycz\u0105c\u0105 procesu projektowania tego wydawnictwa.<\/p>\n\n\t\t<\/div> \n\t<\/div> <div class=\"separator  normal\" style=\"border-color: #ffffff;border-width:0,5px\"><\/div>\n<div class='qode_image_gallery_no_space light highlight_active'><div class='qode_image_gallery_holder' style='height: 500px;'><ul><li><div style=\"height: 500px; width:751px;\"><img decoding=\"async\" src=\"https:\/\/pix.house\/wp-content\/uploads\/2019\/01\/46516600_2211830489063647_538859881290006528_o.jpg\" alt=\"\" \/><\/div><\/li><li><div style=\"height: 500px; width:751px;\"><img decoding=\"async\" src=\"https:\/\/pix.house\/wp-content\/uploads\/2019\/01\/46519085_2211830682396961_1401488197082415104_o.jpg\" alt=\"\" \/><\/div><\/li><li><div style=\"height: 500px; width:751px;\"><img decoding=\"async\" src=\"https:\/\/pix.house\/wp-content\/uploads\/2019\/01\/46699454_2213316428915053_20163514245054464_o.jpg\" alt=\"\" \/><\/div><\/li><li><div style=\"height: 500px; width:751px;\"><img decoding=\"async\" src=\"https:\/\/pix.house\/wp-content\/uploads\/2019\/01\/46790428_2214453402134689_4046567823781134336_o.jpg\" alt=\"\" \/><\/div><\/li><li><div style=\"height: 500px; width:748px;\"><img decoding=\"async\" src=\"https:\/\/pix.house\/wp-content\/uploads\/2019\/01\/46820754_2213317168914979_7462081248131809280_o.jpg\" alt=\"\" \/><\/div><\/li><li><div style=\"height: 500px; width:748px;\"><img decoding=\"async\" src=\"https:\/\/pix.house\/wp-content\/uploads\/2019\/01\/46825912_2213316415581721_6556317892885872640_o.jpg\" alt=\"\" \/><\/div><\/li><li><div style=\"height: 500px; width:748px;\"><img decoding=\"async\" src=\"https:\/\/pix.house\/wp-content\/uploads\/2019\/01\/46828866_2213315972248432_2864646553962807296_o.jpg\" alt=\"\" \/><\/div><\/li><li><div style=\"height: 500px; width:748px;\"><img decoding=\"async\" src=\"https:\/\/pix.house\/wp-content\/uploads\/2019\/01\/46855713_2213316622248367_1510763916123176960_o.jpg\" alt=\"\" \/><\/div><\/li><li><div style=\"height: 500px; width:748px;\"><img decoding=\"async\" src=\"https:\/\/pix.house\/wp-content\/uploads\/2019\/01\/46892109_2213316318915064_1305303877662277632_o.jpg\" alt=\"\" \/><\/div><\/li><li><div style=\"height: 500px; width:748px;\"><img decoding=\"async\" src=\"https:\/\/pix.house\/wp-content\/uploads\/2019\/01\/46914942_2213317115581651_2447892086091939840_o.jpg\" alt=\"\" \/><\/div><\/li><li><div style=\"height: 500px; width:748px;\"><img decoding=\"async\" src=\"https:\/\/pix.house\/wp-content\/uploads\/2019\/01\/46930708_2213316345581728_3064518552208801792_o.jpg\" alt=\"\" \/><\/div><\/li><li><div style=\"height: 500px; width:751px;\"><img decoding=\"async\" src=\"https:\/\/pix.house\/wp-content\/uploads\/2019\/01\/46942718_2213315985581764_5875274347622432768_o.jpg\" alt=\"\" \/><\/div><\/li><li><div style=\"height: 500px; width:748px;\"><img decoding=\"async\" src=\"https:\/\/pix.house\/wp-content\/uploads\/2019\/01\/46968770_2213316182248411_3666358210429714432_o.jpg\" alt=\"\" \/><\/div><\/li><li><div style=\"height: 500px; width:748px;\"><img decoding=\"async\" src=\"https:\/\/pix.house\/wp-content\/uploads\/2019\/01\/47021777_2213317198914976_4007051775310823424_o.jpg\" alt=\"\" \/><\/div><\/li><li><div style=\"height: 500px; width:748px;\"><img decoding=\"async\" src=\"https:\/\/pix.house\/wp-content\/uploads\/2019\/01\/47029415_2212457462334283_5970828363412013056_o.jpg\" alt=\"\" \/><\/div><\/li><\/ul><\/div><div class=\"controls\"><a class=\"prev-slide\" href=\"#\"><span class=\"arrow_carrot-left\"><\/span><\/a><a class=\"next-slide\" href=\"#\"><span class=\"arrow_carrot-right\"><\/span><\/a><\/div><\/div><div class=\"separator  normal\" style=\"border-color: #ffffff;border-width:0,5px\"><\/div>\n\n\t<div class=\"wpb_single_image wpb_content_element vc_align_left\">\n\t\t<div class=\"wpb_wrapper\">\n\t\t\t\n\t\t\t<div class=\"vc_single_image-wrapper   vc_box_border_grey\"><img loading=\"lazy\" decoding=\"async\" width=\"898\" height=\"708\" src=\"https:\/\/pix.house\/wp-content\/uploads\/2019\/01\/Bez-nazwy-1-kopia.jpg\" class=\"vc_single_image-img attachment-large\" alt=\"\" title=\"Bez nazwy-1 kopia\" srcset=\"https:\/\/pix.house\/wp-content\/uploads\/2019\/01\/Bez-nazwy-1-kopia.jpg 898w, https:\/\/pix.house\/wp-content\/uploads\/2019\/01\/Bez-nazwy-1-kopia-800x631.jpg 800w, https:\/\/pix.house\/wp-content\/uploads\/2019\/01\/Bez-nazwy-1-kopia-300x237.jpg 300w, https:\/\/pix.house\/wp-content\/uploads\/2019\/01\/Bez-nazwy-1-kopia-768x606.jpg 768w, https:\/\/pix.house\/wp-content\/uploads\/2019\/01\/Bez-nazwy-1-kopia-600x473.jpg 600w, https:\/\/pix.house\/wp-content\/uploads\/2019\/01\/Bez-nazwy-1-kopia-700x552.jpg 700w\" sizes=\"auto, (max-width: 898px) 100vw, 898px\" \/><\/div>\n\t\t<\/div>\n\t<\/div>\n\n\t<div class=\"wpb_text_column wpb_content_element\">\n\t\t<div class=\"wpb_wrapper\">\n\t\t\t<p>Serdeczne podzi\u0119kowania kierujemy do <strong>partner\u00f3w<\/strong> XPRINT &#8211; bez wsparcia nie uda\u0142oby si\u0119 zrealizowa\u0107 tego wydarzenia!<\/p>\n\n\t\t<\/div> \n\t<\/div> <\/div><\/div><\/div><\/div><\/div><div     class=\"vc_row wpb_row section vc_row-fluid\" style=' text-align:left;'><div class=\"full_section_inner clearfix\"><div class=\"wpb_column vc_column_container vc_col-sm-12\"><div class=\"vc_column-inner\"><div class=\"wpb_wrapper\">\n\t<div class=\"wpb_text_column wpb_content_element\">\n\t\t<div class=\"wpb_wrapper\">\n\t\t\t<h4>_PRACOWNIA | WARSZTATY, KONKURSY, PRZEGL\u0104DY PORTFOLIO<\/h4>\n\n\t\t<\/div> \n\t<\/div> \n\t<div class=\"wpb_text_column wpb_content_element\">\n\t\t<div class=\"wpb_wrapper\">\n\t\t\t<p style=\"text-align: justify;\">W 2018 roku zorganizowali\u015bmy kolejn\u0105 edycj\u0119 d\u0142ugoterminowych warsztat\u00f3w <strong>M\u00f3j fyrtel\/Moja przestrze\u0144<\/strong>, kt\u00f3r\u0105 poprowadzi\u0142 Adrian Wykrota przy wsparciu Mariusza Foreckiego, Micha\u0142a Adamskiego i Micha\u0142a Sity. Uczestnicy przez p\u00f3\u0142 roku pracowali nad swoimi cyklami zdj\u0119\u0107. Warsztaty zako\u0144czy\u0142a wystawa w galerii PIX.HOUSE.<\/p>\n<p style=\"text-align: justify;\">Przez ca\u0142y rok pracowali\u015bmy r\u00f3wnie\u017c nad <strong><a href=\"http:\/\/pix.house\/en\/portfolio_page\/spoleczne\/\" target=\"_blank\" rel=\"noopener\">Archiwum Spo\u0142ecznym<\/a><\/strong>. Dzi\u0119ki ciekawym spotkaniom i digitalizacji do naszych zbior\u00f3w trafi\u0142o oko\u0142o 100 nowych fotografii.<\/p>\n<p style=\"text-align: justify;\">Dzi\u0119ki wsparciu <strong>Urz\u0119du Marsza\u0142kowskiego Wojew\u00f3dztwa Wielkopolskiego<\/strong> kontynuowali\u015bmy projekt <a href=\"http:\/\/pix.house\/en\/wlkpteraz\/\" target=\"_blank\" rel=\"noopener\"><strong>Wielkopolska\/Teraz<\/strong><\/a> &#8211; przygotowali\u015bmy kilka nowych zestaw\u00f3w fotografii oraz relacj\u0119 ze spotka\u0144.<\/p>\n<p>W ramach cyklu spotka\u0144 &#8222;<strong>Lokalnie o fotografii<\/strong>&#8221; zorganizowali\u015bmy spotkania z <strong>Monik\u0105 Piotrowsk\u0105<\/strong> (wyk\u0142ad o Tadeuszu Cyprianie), <strong>Piotra Jasiczka<\/strong> i <strong>\u0141ukasza Cynalewskiego<\/strong>.<\/p>\n\n\t\t<\/div> \n\t<\/div> <div class=\"separator  normal\" style=\"border-color: #ffffff;border-width:0,5px\"><\/div>\n<div class='qode_image_gallery_no_space light highlight_active'><div class='qode_image_gallery_holder' style='height: 500px;'><ul><li><div style=\"height: 500px; width:667px;\"><img decoding=\"async\" src=\"https:\/\/pix.house\/wp-content\/uploads\/2019\/01\/37863131_2129317993981564_1241519112190951424_o.jpg\" alt=\"\" \/><\/div><\/li><li><div style=\"height: 500px; width:667px;\"><img decoding=\"async\" src=\"https:\/\/pix.house\/wp-content\/uploads\/2019\/01\/37971118_2129341173979246_5532795180152782848_o.jpg\" alt=\"\" \/><\/div><\/li><li><div style=\"height: 500px; width:667px;\"><img decoding=\"async\" src=\"https:\/\/pix.house\/wp-content\/uploads\/2019\/01\/37887246_2129317990648231_5768095324241395712_o.jpg\" alt=\"\" \/><\/div><\/li><li><div style=\"height: 500px; width:751px;\"><img decoding=\"async\" src=\"https:\/\/pix.house\/wp-content\/uploads\/2019\/01\/46699454_2213316428915053_20163514245054464_o-1.jpg\" alt=\"\" \/><\/div><\/li><li><div style=\"height: 500px; width:750px;\"><img decoding=\"async\" src=\"https:\/\/pix.house\/wp-content\/uploads\/2019\/01\/47432809_2219760038270692_5021629136318234624_o.jpg\" alt=\"\" \/><\/div><\/li><li><div style=\"height: 500px; width:750px;\"><img decoding=\"async\" src=\"https:\/\/pix.house\/wp-content\/uploads\/2019\/01\/47500446_2219759974937365_7904577310433476608_o.jpg\" alt=\"\" \/><\/div><\/li><li><div style=\"height: 500px; width:750px;\"><img decoding=\"async\" src=\"https:\/\/pix.house\/wp-content\/uploads\/2019\/01\/48391968_2229091350670894_84783964388065280_o.jpg\" alt=\"\" \/><\/div><\/li><\/ul><\/div><div class=\"controls\"><a class=\"prev-slide\" href=\"#\"><span class=\"arrow_carrot-left\"><\/span><\/a><a class=\"next-slide\" href=\"#\"><span class=\"arrow_carrot-right\"><\/span><\/a><\/div><\/div><div class=\"separator  normal\" style=\"border-color: #ffffff;border-width:0,5px\"><\/div>\n\n\t<div class=\"wpb_text_column wpb_content_element\">\n\t\t<div class=\"wpb_wrapper\">\n\t\t\t<p style=\"text-align: justify;\">Przy wsparciu Miasta Pozna\u0144 zorganizowali\u015bmy konkurs <strong>TALENT ROKU.\u00a0<\/strong><\/p>\n<p>Na konkurs wp\u0142yn\u0119\u0142o 900 fotografii, 117 autor\u00f3w.<\/p>\n<p style=\"text-align: justify;\">Zwyci\u0119zc\u0105 zosta\u0142 <strong>Jan Jurczak<\/strong> za projekt \u201eW strefie ATO\u201d. Przyznali\u015bmy nagrod\u0119 g\u0142\u00f3wn\u0105 za \u015bwietne fotografie z pogr\u0105\u017conej wojn\u0105 wschodniej Ukrainy ale te\u017c za to, jak mo\u017ce dzia\u0142a\u0107 fotografia dokumentalna \u2013 Jan zorganizowa\u0142 zbi\u00f3rk\u0119 na rzecz swoich bohater\u00f3w. Sprzedaj\u0105c wykonane fotografie pom\u00f3g\u0142 spo\u0142eczno\u015bci mieszkaj\u0105cej w Avdiivce (przedmie\u015bcia Doniecka). Nagrod\u0105 g\u0142\u00f3wn\u0105 jest wystawa w galerii Pix.house w 2019 roku.<\/p>\n<p>Wyr\u00f3\u017cnienia za \u015bwietne projekty otrzymali: <strong>Ola \u015amigielska<\/strong> \u201eAll recalls sounded water\u201d, <strong>Julia Zabrodzka<\/strong> \u201eFiestas Taurinas\u201d, <strong>Jakub Stanek<\/strong> \u201eTrip to Mars\u201d. Gratulujemy!<\/p>\n<p>Do pokazu zakwalifikowali si\u0119: Joanna Mr\u00f3wka \u201eOgr\u00f3dki dzia\u0142kowe\u201d, Mateusz Kowalik \u201eDo raju jeszcze daleko\u201d, Karolina Wojtas \u201epoci\u0105g do wiedzy\u201d. Kawa\u0142 dobrej, fotograficznej roboty. R\u00f3wnie\u017c serdecznie gratulujemy.<\/p>\n\n\t\t<\/div> \n\t<\/div> <div class=\"separator  normal\" style=\"border-color: #ffffff;border-width:0,5px\"><\/div>\n<div class='qode_image_gallery_no_space light highlight_active'><div class='qode_image_gallery_holder' style='height: 500px;'><ul><li><div style=\"height: 500px; width:750px;\"><img decoding=\"async\" src=\"https:\/\/pix.house\/wp-content\/uploads\/2019\/01\/48358446_2229090904004272_4005388952952373248_o.jpg\" alt=\"\" \/><\/div><\/li><li><div style=\"height: 500px; width:750px;\"><img decoding=\"async\" src=\"https:\/\/pix.house\/wp-content\/uploads\/2019\/01\/48398745_2229091224004240_3131396561716641792_o.jpg\" alt=\"\" \/><\/div><\/li><li><div style=\"height: 500px; width:750px;\"><img decoding=\"async\" src=\"https:\/\/pix.house\/wp-content\/uploads\/2019\/01\/49062797_2229091107337585_147473397234794496_o.jpg\" alt=\"\" \/><\/div><\/li><\/ul><\/div><div class=\"controls\"><a class=\"prev-slide\" href=\"#\"><span class=\"arrow_carrot-left\"><\/span><\/a><a class=\"next-slide\" href=\"#\"><span class=\"arrow_carrot-right\"><\/span><\/a><\/div><\/div><div class=\"separator  normal\" style=\"border-color: #ffffff;border-width:0,5px\"><\/div>\n<\/div><\/div><\/div><\/div><\/div><div     class=\"vc_row wpb_row section vc_row-fluid\" style=' text-align:left;'><div class=\"full_section_inner clearfix\"><div class=\"wpb_column vc_column_container vc_col-sm-12\"><div class=\"vc_column-inner\"><div class=\"wpb_wrapper\">\n\t<div class=\"wpb_text_column wpb_content_element\">\n\t\t<div class=\"wpb_wrapper\">\n\t\t\t<h4 style=\"text-align: justify;\"><b>Czytelnia | Ksi\u0119garnia | miejsce spotka\u0144 z fotografi\u0105 przy kawie\u00a0<\/b><\/h4>\n<p>Nowe miejsce na kulturalnej mapie Poznania? Ruszy\u0142a ksi\u0119garnia i czytelnia Pix.house! Kr\u00f3lestwo ksi\u0105\u017cek fotograficznych i dobrej kawy.<\/p>\n<p>Dzia\u0142alno\u015b\u0107 i zyski z ksi\u0119garni wspomagaj\u0105 cele statutowe Fundacji PIX.HOUSE &#8211; popularyzacj\u0119 i rozw\u00f3j fotografii.<\/p>\n<p><strong>Ksi\u0119garnia i czytelnia czynna:<\/strong><\/p>\n<p class=\"translation-block\">Tuesday to Saturday from 1:00 PM to 7:00 PM.<\/p>\n<p>Pozna\u0144 ul. G\u0142ogowska 35<\/p>\n<p>Serdecznie zapraszamy!<\/p>\n\n\t\t<\/div> \n\t<\/div> <div class='qode_image_gallery_no_space light highlight_active'><div class='qode_image_gallery_holder' style='height: 500px;'><ul><li><div style=\"height: 500px; width:658px;\"><img decoding=\"async\" src=\"https:\/\/pix.house\/wp-content\/uploads\/2018\/01\/22007704_1954688501444515_700221300213492516_n.jpg\" alt=\"\" \/><\/div><\/li><li><div style=\"height: 500px; width:655px;\"><img decoding=\"async\" src=\"https:\/\/pix.house\/wp-content\/uploads\/2018\/01\/22089788_1954688528111179_7133893643859865026_n.jpg\" alt=\"\" \/><\/div><\/li><li><div style=\"height: 500px; width:667px;\"><img decoding=\"async\" src=\"https:\/\/pix.house\/wp-content\/uploads\/2018\/01\/23316473_1973248562921842_4418452779569824567_n.jpg\" alt=\"\" \/><\/div><\/li><li><div style=\"height: 500px; width:677px;\"><img decoding=\"async\" src=\"https:\/\/pix.house\/wp-content\/uploads\/2018\/01\/23472079_1972199009693464_3183463105092677680_n.jpg\" alt=\"\" \/><\/div><\/li><li><div style=\"height: 500px; width:659px;\"><img decoding=\"async\" src=\"https:\/\/pix.house\/wp-content\/uploads\/2018\/01\/22090001_1955752431338122_833919149165597181_n.jpg\" alt=\"\" \/><\/div><\/li><li><div style=\"height: 500px; width:752px;\"><img decoding=\"async\" src=\"https:\/\/pix.house\/wp-content\/uploads\/2018\/01\/23794813_1980537305526301_1485544619672565301_n.jpg\" alt=\"\" \/><\/div><\/li><li><div style=\"height: 500px; width:750px;\"><img decoding=\"async\" src=\"https:\/\/pix.house\/wp-content\/uploads\/2018\/01\/24058865_1981769582069740_1427632795746496479_n.jpg\" alt=\"\" \/><\/div><\/li><li><div style=\"height: 500px; width:752px;\"><img decoding=\"async\" src=\"https:\/\/pix.house\/wp-content\/uploads\/2018\/01\/23795901_1980537452192953_3789050640597976502_n-1.jpg\" alt=\"\" \/><\/div><\/li><li><div style=\"height: 500px; width:662px;\"><img decoding=\"async\" src=\"https:\/\/pix.house\/wp-content\/uploads\/2018\/01\/24177211_1985292618384103_7645493926039815052_n.jpg\" alt=\"\" \/><\/div><\/li><li><div style=\"height: 500px; width:750px;\"><img decoding=\"async\" src=\"https:\/\/pix.house\/wp-content\/uploads\/2018\/01\/23795887_1981769568736408_3436112923040601455_n-1.jpg\" alt=\"\" \/><\/div><\/li><\/ul><\/div><div class=\"controls\"><a class=\"prev-slide\" href=\"#\"><span class=\"arrow_carrot-left\"><\/span><\/a><a class=\"next-slide\" href=\"#\"><span class=\"arrow_carrot-right\"><\/span><\/a><\/div><\/div><div class=\"separator  normal\" style=\"border-color: #ffffff;border-width:0,5px\"><\/div>\n<\/div><\/div><\/div><\/div><\/div><div     class=\"vc_row wpb_row section vc_row-fluid\" style=' text-align:left;'><div class=\"full_section_inner clearfix\"><div class=\"wpb_column vc_column_container vc_col-sm-12\"><div class=\"vc_column-inner\"><div class=\"wpb_wrapper\">\n\t<div class=\"wpb_text_column wpb_content_element\">\n\t\t<div class=\"wpb_wrapper\">\n\t\t\t<p style=\"text-align: justify;\"><b>Serdecznie pozdrawiamy!\u00a0<\/b><\/p>\n<p>zesp\u00f3\u0142 PIX.HOUSE: Mariusz Forecki, Adrian Wykrota, Micha\u0142 Sita, Micha\u0142 Adamski, Andrzej Dobosz, Anna Molter, Julia Forecka<\/p>\n<p>Zapraszamy do <strong>PIX.HOUSE<\/strong> &#8211; razem tworzymy miejsce dla fotografii&#8230;<\/p>\n\n\t\t<\/div> \n\t<\/div> <\/div><\/div><\/div><\/div><\/div>\n<\/div>","protected":false},"excerpt":{"rendered":"Jaki by\u0142 mijaj\u0105cy rok w PIX.HOUSE? Zorganizowali\u015bmy 11\u00a0wystaw fotografii. Zaprosili\u015bmy Was na kolejn\u0105 edycj\u0119 festiwalu ksi\u0105\u017cek fotograficznych XPRINT, premier\u0119 mia\u0142o 6 publikacji wydawnictwa PIX.HOUSE. Dzielnie pracowali\u015bmy podczas kolejnej edycji warsztat\u00f3w\u00a0\"M\u00f3j Fyrtel\". Zdigitalizowali\u015bmy kolejne fotografie w ramach spotka\u0144 \"Archiwum Spo\u0142ecznego\". Odby\u0142a si\u0119 trzecia edycja\u00a0konkursu\u00a0\"Talent Roku\" oraz...","protected":false},"author":11,"featured_media":29070,"comment_status":"open","ping_status":"open","sticky":false,"template":"","format":"standard","meta":{"_monsterinsights_skip_tracking":false,"_monsterinsights_sitenote_active":false,"_monsterinsights_sitenote_note":"","_monsterinsights_sitenote_category":0,"footnotes":""},"categories":[59],"tags":[],"class_list":["post-29054","post","type-post","status-publish","format-standard","has-post-thumbnail","hentry","category-co-z-ta-fotografia"],"_links":{"self":[{"href":"https:\/\/pix.house\/en\/wp-json\/wp\/v2\/posts\/29054","targetHints":{"allow":["GET"]}}],"collection":[{"href":"https:\/\/pix.house\/en\/wp-json\/wp\/v2\/posts"}],"about":[{"href":"https:\/\/pix.house\/en\/wp-json\/wp\/v2\/types\/post"}],"author":[{"embeddable":true,"href":"https:\/\/pix.house\/en\/wp-json\/wp\/v2\/users\/11"}],"replies":[{"embeddable":true,"href":"https:\/\/pix.house\/en\/wp-json\/wp\/v2\/comments?post=29054"}],"version-history":[{"count":15,"href":"https:\/\/pix.house\/en\/wp-json\/wp\/v2\/posts\/29054\/revisions"}],"predecessor-version":[{"id":29152,"href":"https:\/\/pix.house\/en\/wp-json\/wp\/v2\/posts\/29054\/revisions\/29152"}],"wp:featuredmedia":[{"embeddable":true,"href":"https:\/\/pix.house\/en\/wp-json\/wp\/v2\/media\/29070"}],"wp:attachment":[{"href":"https:\/\/pix.house\/en\/wp-json\/wp\/v2\/media?parent=29054"}],"wp:term":[{"taxonomy":"category","embeddable":true,"href":"https:\/\/pix.house\/en\/wp-json\/wp\/v2\/categories?post=29054"},{"taxonomy":"post_tag","embeddable":true,"href":"https:\/\/pix.house\/en\/wp-json\/wp\/v2\/tags?post=29054"}],"curies":[{"name":"wp","href":"https:\/\/api.w.org\/{rel}","templated":true}]}}