{"id":29375,"date":"2019-02-19T17:51:26","date_gmt":"2019-02-19T16:51:26","guid":{"rendered":"https:\/\/pix.house\/?p=29375"},"modified":"2019-02-20T15:26:17","modified_gmt":"2019-02-20T14:26:17","slug":"nie_wystawa","status":"publish","type":"post","link":"https:\/\/pix.house\/en\/nie_wystawa\/","title":{"rendered":"NIE | Adrian Wykrota"},"content":{"rendered":"<div class=\"wpb-content-wrapper\"><div class=\"vc_row wpb_row section vc_row-fluid\" style=' text-align:left;'><div class=\"full_section_inner clearfix\"><div class=\"wpb_column vc_column_container vc_col-sm-12\"><div class=\"vc_column-inner\"><div class=\"wpb_wrapper\">\n\t<div class=\"wpb_text_column wpb_content_element\">\n\t\t<div class=\"wpb_wrapper\">\n\t\t\t<p><strong>TERMIN WYSTAWY:<\/strong> 28.02.2019 \u2013 14.03.2019<\/p>\n<p><strong>wernisa\u017c i rozmowa Adriana Wykroty z Maciejem Fr\u0105ckowiakiem o ksi\u0105\u017cce NIE:\u00a0<\/strong>28.02.2019 g. 18:00<\/p>\n<p><strong>MIEJSCE WYSTAWY:\u00a0<\/strong>galeria PIX.HOUSE\u00a0G\u0142ogowska 35a 60-736 Pozna\u0144<\/p>\n<p><b>wystawa czynna:<\/b>wtorek-sobota 17:00-19:00 oraz w innych terminach po uzgodnieniu<b><\/b><\/p>\n<p><strong>WST\u0118P WOLNY<\/strong><\/p>\n\n\t\t<\/div> \n\t<\/div> <\/div><\/div><\/div><div class=\"wpb_column vc_column_container vc_col-sm-12\"><div class=\"vc_column-inner\"><div class=\"wpb_wrapper\"><div class='qode_image_gallery_no_space light highlight_active'><div class='qode_image_gallery_holder' style='height: 500px;'><ul><li><div style=\"height: 500px; width:751px;\"><img decoding=\"async\" src=\"https:\/\/pix.house\/wp-content\/uploads\/2019\/02\/nie_wykrota-2-1.jpg\" alt=\"\" \/><\/div><\/li><li><div style=\"height: 500px; width:751px;\"><img decoding=\"async\" src=\"https:\/\/pix.house\/wp-content\/uploads\/2019\/02\/nie_wykrota-6.jpg\" alt=\"\" \/><\/div><\/li><li><div style=\"height: 500px; width:751px;\"><img decoding=\"async\" src=\"https:\/\/pix.house\/wp-content\/uploads\/2019\/02\/nie_wykrota-8.jpg\" alt=\"\" \/><\/div><\/li><li><div style=\"height: 500px; width:751px;\"><img decoding=\"async\" src=\"https:\/\/pix.house\/wp-content\/uploads\/2019\/02\/nie_wykrota-14.jpg\" alt=\"\" \/><\/div><\/li><li><div style=\"height: 500px; width:751px;\"><img decoding=\"async\" src=\"https:\/\/pix.house\/wp-content\/uploads\/2019\/02\/nie_wykrota-30.jpg\" alt=\"\" \/><\/div><\/li><li><div style=\"height: 500px; width:751px;\"><img decoding=\"async\" src=\"https:\/\/pix.house\/wp-content\/uploads\/2019\/02\/nie_wykrota-34.jpg\" alt=\"\" \/><\/div><\/li><li><div style=\"height: 500px; width:751px;\"><img decoding=\"async\" src=\"https:\/\/pix.house\/wp-content\/uploads\/2019\/02\/nie_wykrota-37.jpg\" alt=\"\" \/><\/div><\/li><li><div style=\"height: 500px; width:751px;\"><img decoding=\"async\" src=\"https:\/\/pix.house\/wp-content\/uploads\/2019\/02\/nie_wykrota-40.jpg\" alt=\"\" \/><\/div><\/li><\/ul><\/div><div class=\"controls\"><a class=\"prev-slide\" href=\"#\"><span class=\"arrow_carrot-left\"><\/span><\/a><a class=\"next-slide\" href=\"#\"><span class=\"arrow_carrot-right\"><\/span><\/a><\/div><\/div><\/div><\/div><\/div><\/div><\/div><div     class=\"vc_row wpb_row section vc_row-fluid\" style=' text-align:left;'><div class=\"full_section_inner clearfix\"><div class=\"wpb_column vc_column_container vc_col-sm-12\"><div class=\"vc_column-inner\"><div class=\"wpb_wrapper\">\n\t<div class=\"wpb_text_column wpb_content_element\">\n\t\t<div class=\"wpb_wrapper\">\n\t\t\t<h3><strong>(<del>NIE<\/del>)TU |\u00a0(<del>NIE<\/del>)TAK<\/strong><\/h3>\n\n\t\t<\/div> \n\t<\/div> \n\t<div class=\"wpb_text_column wpb_content_element\">\n\t\t<div class=\"wpb_wrapper\">\n\t\t\t<p style=\"text-align: justify;\">Czy Polacy podzielili si\u0119 w ostatnich latach, czy te\u017c mo\u017ce nigdy nie stanowili w miar\u0119 jednorodnej grupy, a rosn\u0105ca temperatura politycznych zdarze\u0144 tylko te linie podzia\u0142u uwypukli\u0142a? A mo\u017ce byli po prostu r\u00f3\u017cni, ale zamieszkuj\u0105cy we wzgl\u0119dnej zgodzie to samo podw\u00f3rko zakre\u015blone granicami pa\u0144stwowymi, ze wsp\u00f3lnym zestawem podstawowych symboli? Jakkolwiek by nie by\u0142o, jedno\u015b\u0107 jest mitem usytuowanym w \u201estarych, dobrych czasach\u201d, kt\u00f3re nigdy nie istnia\u0142y. Jako punkt odniesienia do oceny dzisiejszych wydarze\u0144 jest \u00f3w mit ca\u0142kowicie bezu\u017cyteczny.<\/p>\n<p style=\"text-align: justify;\">Nieprawdziwy jest te\u017c obraz Polski p\u0119kni\u0119tej na dwie cz\u0119\u015bci frontem oddzielaj\u0105cym dwie zwalczaj\u0105ce si\u0119 od lat partie. Ta narracja, cho\u0107 atrakcyjna i na poz\u00f3r wiele wyja\u015bnia, zosta\u0142a wymy\u015blona przez polityk\u00f3w na bie\u017c\u0105ce potrzeby. Polaryzacja wygl\u0105da elegancko, ale nie pomo\u017ce zrozumie\u0107 wsp\u00f3\u0142czesnych proces\u00f3w spo\u0142ecznych. Obecne przemiany maj\u0105 charakter bardziej entropiczny. Wewn\u0119trznych p\u0119kni\u0119\u0107, linii niezgody czy wr\u0119cz wojennych \u00a0front\u00f3w jest bowiem w rzeczywisto\u015bci znacznie wi\u0119cej. Przebiegaj\u0105 one w r\u00f3\u017cnych kierunkach i jest ich coraz wi\u0119cej.<\/p>\n<p style=\"text-align: justify;\">Polska przypomina dzi\u015b archipelag, a \u00a0linie brzegowe wysp i wysepek kre\u015bl\u0105 politycy, Ko\u015bci\u00f3\u0142 Katolicki, publicy\u015bci, a tak\u017ce sami obywatele. Jak na razie te ma\u0142e l\u0105dy oddalaj\u0105 si\u0119 od siebie i trudno nie czu\u0107 bezradno\u015bci przy pr\u00f3bach odpowiedzi na pytanie, czy ruch przeciwny jest jeszcze mo\u017cliwy? Przy czym nie jest gro\u017ana sama r\u00f3\u017cnorodno\u015b\u0107, ale g\u0142\u0119boko\u015b\u0107 podzia\u0142\u00f3w. Po osi\u0105gni\u0119ciu pewnej emocjonalnej granicy mog\u0105 by\u0107 (ju\u017c s\u0105?) nie do zasypania. Linii, za kt\u00f3r\u0105 ludzie do tej pory po prostu r\u00f3\u017cni staj\u0105 si\u0119 sobie ju\u017c tylko wrodzy.<\/p>\n<p style=\"text-align: justify;\">Co \u0142\u0105czy dzi\u015b Polak\u00f3w pr\u00f3cz rzeczy podstawowych jak miejsce zamieszkania, obywatelstwo, hymn i flaga? Jakie symboliczne warto\u015bci, kt\u00f3re pozwol\u0105 r\u00f3\u017cnym grupom \u017cy\u0107 obok siebie? Jakie pryncypia? Czy uda si\u0119 znale\u017a\u0107 projekt, kt\u00f3ry zgodz\u0105 si\u0119 budowa\u0107 wsp\u00f3lnym si\u0142ami coraz mniej ufaj\u0105cy sobie obywatele? I w ko\u0144cu \u2013 czy jeste\u015bmy jeszcze spo\u0142ecze\u0144stwem, czy ju\u017c tylko zlepkiem r\u00f3\u017cnych grup z\u0142ych emocji i osobistego interesu?<\/p>\n<p style=\"text-align: justify;\">Fotografie Adriana Wykroty nie daj\u0105 odpowiedzi na \u017cadne z postawionych pyta\u0144 \u2013 t\u0119 ci\u0119\u017ck\u0105 prac\u0119 pozostawia ogl\u0105daj\u0105cemu. Autor przygl\u0105da si\u0119 polsko\u015bci jako \u015bwiadek, a nie m\u0119drzec podaj\u0105cy gotowe rozwi\u0105zania na tacy. Nie wchodzi te\u017c w romantyczne buty \u2013 ogl\u0105da Polsk\u0119 bardziej okiem Hrabala ni\u017c Mickiewicza, czy Norwida. Zdj\u0119cia s\u0105 jak widok\u00f3wki z wysp polskiego archipelagu. Te ma\u0142e l\u0105dy ka\u017cdy mo\u017ce u\u0142o\u017cy\u0107 inaczej na w\u0142asnej mapie, fotograf daje tu woln\u0105 r\u0119k\u0119. Za wskaz\u00f3wk\u0119 w sk\u0142adaniu tej uk\u0142adanki mog\u0105 pos\u0142u\u017cy\u0107 tytu\u0142y, kt\u00f3re odwo\u0142uj\u0105 si\u0119 do miejsc (<strong>TU<\/strong>) oraz proces\u00f3w, w wyniku kt\u00f3rych powstaj\u0105 podzia\u0142y (<strong>TAK<\/strong>, w taki spos\u00f3b). Ca\u0142o\u015b\u0107 spina tytu\u0142owe\u00a0<strong>NIE<\/strong>, kt\u00f3re mo\u017ce wyra\u017ca\u0107 nie tylko krytyczny stosunek autora do rzeczywisto\u015bci, co by\u0142oby zbyt proste, ale odwo\u0142uje si\u0119 tak\u017ce do takich polskich przywar narodowych jak up\u00f3r, negowanie dobrych rozwi\u0105za\u0144, brak wsp\u00f3\u0142pracy, czy brak dba\u0142o\u015bci o relacje.<\/p>\n<p style=\"text-align: right;\"><strong>Jerzy Pi\u0105tek<\/strong><\/p>\n\n\t\t<\/div> \n\t<\/div> <div class=\"separator  normal\" style=\"border-color: #ffffff;border-width:1px\"><\/div>\n\n\t<div class=\"wpb_text_column wpb_content_element\">\n\t\t<div class=\"wpb_wrapper\">\n\t\t\t<h3><strong>KSI\u0104\u017bKA<\/strong><\/h3>\n\n\t\t<\/div> \n\t<\/div> <div class='qode_image_gallery_no_space light highlight_active'><div class='qode_image_gallery_holder' style='height: 500px;'><ul><li><div style=\"height: 500px; width:750px;\"><img decoding=\"async\" src=\"https:\/\/pix.house\/wp-content\/uploads\/2018\/11\/NIE-NOT_Adrian-Wykrota-1-of-22-kopia.jpg\" alt=\"\" \/><\/div><\/li><li><div style=\"height: 500px; width:750px;\"><img decoding=\"async\" src=\"https:\/\/pix.house\/wp-content\/uploads\/2018\/11\/NIE-NOT_Adrian-Wykrota-5-of-22-kopia.jpg\" alt=\"\" \/><\/div><\/li><li><div style=\"height: 500px; width:750px;\"><img decoding=\"async\" src=\"https:\/\/pix.house\/wp-content\/uploads\/2018\/11\/NIE-NOT_Adrian-Wykrota-8-of-22-kopia.jpg\" alt=\"\" \/><\/div><\/li><li><div style=\"height: 500px; width:750px;\"><img decoding=\"async\" src=\"https:\/\/pix.house\/wp-content\/uploads\/2018\/11\/NIE-NOT_Adrian-Wykrota-11-of-22-kopia.jpg\" alt=\"\" \/><\/div><\/li><li><div style=\"height: 500px; width:750px;\"><img decoding=\"async\" src=\"https:\/\/pix.house\/wp-content\/uploads\/2018\/11\/NIE-NOT_Adrian-Wykrota-13-of-22-kopia.jpg\" alt=\"\" \/><\/div><\/li><li><div style=\"height: 500px; width:750px;\"><img decoding=\"async\" src=\"https:\/\/pix.house\/wp-content\/uploads\/2018\/11\/NIE-NOT_Adrian-Wykrota-15-of-22-kopia.jpg\" alt=\"\" \/><\/div><\/li><li><div style=\"height: 500px; width:750px;\"><img decoding=\"async\" src=\"https:\/\/pix.house\/wp-content\/uploads\/2018\/11\/NIE-NOT_Adrian-Wykrota-16-of-22-kopia.jpg\" alt=\"\" \/><\/div><\/li><li><div style=\"height: 500px; width:750px;\"><img decoding=\"async\" src=\"https:\/\/pix.house\/wp-content\/uploads\/2018\/11\/NIE-NOT_Adrian-Wykrota-17-of-22-kopia.jpg\" alt=\"\" \/><\/div><\/li><li><div style=\"height: 500px; width:750px;\"><img decoding=\"async\" src=\"https:\/\/pix.house\/wp-content\/uploads\/2018\/11\/NIE-NOT_Adrian-Wykrota-18-of-22-kopia.jpg\" alt=\"\" \/><\/div><\/li><\/ul><\/div><div class=\"controls\"><a class=\"prev-slide\" href=\"#\"><span class=\"arrow_carrot-left\"><\/span><\/a><a class=\"next-slide\" href=\"#\"><span class=\"arrow_carrot-right\"><\/span><\/a><\/div><\/div><div class=\"separator  normal\" style=\"border-color: #ffffff;border-width:1px\"><\/div>\n<\/div><\/div><\/div><\/div><\/div><div     class=\"vc_row wpb_row section vc_row-fluid\" style=' text-align:left;'><div class=\"full_section_inner clearfix\"><div class=\"wpb_column vc_column_container vc_col-sm-6\"><div class=\"vc_column-inner\"><div class=\"wpb_wrapper\">\n\t<div class=\"wpb_text_column wpb_content_element\">\n\t\t<div class=\"wpb_wrapper\">\n\t\t\t<h4>WYSTAWA ORGANIZOWANA\u00a0DZI\u0118KI WSPARCIU MIASTA POZNA\u0143<\/h4>\n\n\t\t<\/div> \n\t<\/div> \n\t<div class=\"wpb_single_image wpb_content_element vc_align_left\">\n\t\t<div class=\"wpb_wrapper\">\n\t\t\t\n\t\t\t<div class=\"vc_single_image-wrapper   vc_box_border_grey\"><img decoding=\"async\" class=\"vc_single_image-img\" src=\"https:\/\/pix.house\/wp-content\/uploads\/2017\/09\/LOGO_POZnan_RGB_JPEG-1-e1572290098989.jpg\" width=\"180\" height=\"77\" alt=\"LOGO_POZnan_RGB_JPEG\" title=\"LOGO_POZnan_RGB_JPEG\" loading=\"lazy\" \/><\/div>\n\t\t<\/div>\n\t<\/div>\n<\/div><\/div><\/div><div class=\"wpb_column vc_column_container vc_col-sm-6\"><div class=\"vc_column-inner\"><div class=\"wpb_wrapper\"><\/div><\/div><\/div><\/div><\/div><div     class=\"vc_row wpb_row section vc_row-fluid\" style=' text-align:left;'><div class=\"full_section_inner clearfix\"><div class=\"wpb_column vc_column_container vc_col-sm-4\"><div class=\"vc_column-inner\"><div class=\"wpb_wrapper\">\n\t<div class=\"wpb_text_column wpb_content_element\">\n\t\t<div class=\"wpb_wrapper\">\n\t\t\t<h4>PARTNERZY:<\/h4>\n\n\t\t<\/div> \n\t<\/div> \n\t<div class=\"wpb_single_image wpb_content_element vc_align_left\">\n\t\t<div class=\"wpb_wrapper\">\n\t\t\t\n\t\t\t<div class=\"vc_single_image-wrapper   vc_box_border_grey\"><img decoding=\"async\" class=\"vc_single_image-img\" src=\"https:\/\/pix.house\/wp-content\/uploads\/2019\/02\/itf_logo-kopia-150x121.jpg\" width=\"150\" height=\"121\" alt=\"itf_logo kopia\" title=\"itf_logo kopia\" loading=\"lazy\" \/><\/div>\n\t\t<\/div>\n\t<\/div>\n\n\t<div class=\"wpb_single_image wpb_content_element vc_align_left\">\n\t\t<div class=\"wpb_wrapper\">\n\t\t\t\n\t\t\t<div class=\"vc_single_image-wrapper   vc_box_border_grey\"><img decoding=\"async\" class=\"vc_single_image-img\" src=\"https:\/\/pix.house\/wp-content\/uploads\/2019\/02\/falter-scaled-150x53.jpg\" width=\"150\" height=\"53\" alt=\"falter\" title=\"falter\" loading=\"lazy\" \/><\/div>\n\t\t<\/div>\n\t<\/div>\n<\/div><\/div><\/div><div class=\"wpb_column vc_column_container vc_col-sm-4\"><div class=\"vc_column-inner\"><div class=\"wpb_wrapper\"><div     class=\"vc_row wpb_row vc_inner section vc_row-fluid\" style=' text-align:left;'><div class=\"full_section_inner clearfix\"><div class=\"wpb_column vc_column_container vc_col-sm-6\"><div class=\"vc_column-inner\"><div class=\"wpb_wrapper\"><\/div><\/div><\/div><div class=\"wpb_column vc_column_container vc_col-sm-6\"><div class=\"vc_column-inner\"><div class=\"wpb_wrapper\"><\/div><\/div><\/div><\/div><\/div><\/div><\/div><\/div><div class=\"wpb_column vc_column_container vc_col-sm-4\"><div class=\"vc_column-inner\"><div class=\"wpb_wrapper\"><\/div><\/div><\/div><\/div><\/div><div     class=\"vc_row wpb_row section vc_row-fluid\" style=' text-align:left;'><div class=\"full_section_inner clearfix\"><div class=\"wpb_column vc_column_container vc_col-sm-12\"><div class=\"vc_column-inner\"><div class=\"wpb_wrapper\"><div class='qode_image_gallery_no_space light highlight_active'><div class='qode_image_gallery_holder' style='height: 500px;'><ul><li><div style=\"height: 500px; width:334px;\"><img decoding=\"async\" src=\"https:\/\/pix.house\/wp-content\/uploads\/2019\/02\/wykrota_gpp-11-kopiamale.jpg\" alt=\"\" \/><\/div><\/li><li><div style=\"height: 500px; width:334px;\"><img decoding=\"async\" src=\"https:\/\/pix.house\/wp-content\/uploads\/2019\/02\/wykrota_gpp-22-kopiamalunie.jpg\" alt=\"\" \/><\/div><\/li><\/ul><\/div><div class=\"controls\"><a class=\"prev-slide\" href=\"#\"><span class=\"arrow_carrot-left\"><\/span><\/a><a class=\"next-slide\" href=\"#\"><span class=\"arrow_carrot-right\"><\/span><\/a><\/div><\/div><\/div><\/div><\/div><\/div><\/div>\n<\/div>","protected":false},"excerpt":{"rendered":"TERMIN WYSTAWY: 28.02.2019 \u2013 14.03.2019 wernisa\u017c i rozmowa Adriana Wykroty z Maciejem Fr\u0105ckowiakiem o ksi\u0105\u017cce NIE:\u00a028.02.2019 g. 18:00 MIEJSCE WYSTAWY:\u00a0galeria PIX.HOUSE\u00a0G\u0142ogowska 35a 60-736 Pozna\u0144 wystawa czynna:wtorek-sobota 17:00-19:00 oraz w innych terminach po uzgodnieniu WST\u0118P WOLNY (NIE)TU |\u00a0(NIE)TAK Czy Polacy podzielili si\u0119 w ostatnich latach, czy...","protected":false},"author":11,"featured_media":29405,"comment_status":"open","ping_status":"open","sticky":false,"template":"","format":"standard","meta":{"_monsterinsights_skip_tracking":false,"_monsterinsights_sitenote_active":false,"_monsterinsights_sitenote_note":"","_monsterinsights_sitenote_category":0,"footnotes":""},"categories":[47],"tags":[],"class_list":["post-29375","post","type-post","status-publish","format-standard","has-post-thumbnail","hentry","category-wystawy"],"_links":{"self":[{"href":"https:\/\/pix.house\/en\/wp-json\/wp\/v2\/posts\/29375","targetHints":{"allow":["GET"]}}],"collection":[{"href":"https:\/\/pix.house\/en\/wp-json\/wp\/v2\/posts"}],"about":[{"href":"https:\/\/pix.house\/en\/wp-json\/wp\/v2\/types\/post"}],"author":[{"embeddable":true,"href":"https:\/\/pix.house\/en\/wp-json\/wp\/v2\/users\/11"}],"replies":[{"embeddable":true,"href":"https:\/\/pix.house\/en\/wp-json\/wp\/v2\/comments?post=29375"}],"version-history":[{"count":13,"href":"https:\/\/pix.house\/en\/wp-json\/wp\/v2\/posts\/29375\/revisions"}],"predecessor-version":[{"id":29406,"href":"https:\/\/pix.house\/en\/wp-json\/wp\/v2\/posts\/29375\/revisions\/29406"}],"wp:featuredmedia":[{"embeddable":true,"href":"https:\/\/pix.house\/en\/wp-json\/wp\/v2\/media\/29405"}],"wp:attachment":[{"href":"https:\/\/pix.house\/en\/wp-json\/wp\/v2\/media?parent=29375"}],"wp:term":[{"taxonomy":"category","embeddable":true,"href":"https:\/\/pix.house\/en\/wp-json\/wp\/v2\/categories?post=29375"},{"taxonomy":"post_tag","embeddable":true,"href":"https:\/\/pix.house\/en\/wp-json\/wp\/v2\/tags?post=29375"}],"curies":[{"name":"wp","href":"https:\/\/api.w.org\/{rel}","templated":true}]}}