{"id":29414,"date":"2019-03-02T15:03:51","date_gmt":"2019-03-02T14:03:51","guid":{"rendered":"https:\/\/pix.house\/?p=29414"},"modified":"2019-03-02T15:03:51","modified_gmt":"2019-03-02T14:03:51","slug":"plm_wystawa","status":"publish","type":"post","link":"https:\/\/pix.house\/en\/plm_wystawa\/","title":{"rendered":"Pozna\u0144 &#8211; Ludzie &#8211; Miasto"},"content":{"rendered":"<div class=\"wpb-content-wrapper\"><div class=\"vc_row wpb_row section vc_row-fluid\" style=' text-align:left;'><div class=\"full_section_inner clearfix\"><div class=\"wpb_column vc_column_container vc_col-sm-12\"><div class=\"vc_column-inner\"><div class=\"wpb_wrapper\">\n\t<div class=\"wpb_text_column wpb_content_element\">\n\t\t<div class=\"wpb_wrapper\">\n\t\t\t<p><strong>TERMIN WYSTAWY:<\/strong> 06.03.2019 \u2013 05.04.2019<\/p>\n<p><strong>wernisa\u017c\u00a0 i rozstrzygni\u0119cie konkursu: <\/strong>06.03.2019 g. 11:00<\/p>\n<p><strong>MIEJSCE WYSTAWY:\u00a0<\/strong>Wolny Dziedziniec Urz\u0119du Miasta Poznania | plac Kolegiacki 17 Pozna\u0144<\/p>\n<p><strong>WST\u0118P WOLNY<\/strong><\/p>\n\n\t\t<\/div> \n\t<\/div> <\/div><\/div><\/div><div class=\"wpb_column vc_column_container vc_col-sm-12\"><div class=\"vc_column-inner\"><div class=\"wpb_wrapper\"><div class='qode_image_gallery_no_space light highlight_active'><div class='qode_image_gallery_holder' style='height: 500px;'><ul><li><div style=\"height: 500px; width:750px;\"><img decoding=\"async\" src=\"https:\/\/pix.house\/wp-content\/uploads\/2019\/03\/1548761117-cynalewski-\u0141ukasz-poznan-ludzie-miasto-konkurs-2019.jpg\" alt=\"\" \/><\/div><\/li><li><div style=\"height: 500px; width:750px;\"><img decoding=\"async\" src=\"https:\/\/pix.house\/wp-content\/uploads\/2019\/03\/1548761783-cynalewski-\u0141ukasz-poznan-ludzie-miasto-konkurs-2019.jpg\" alt=\"\" \/><\/div><\/li><li><div style=\"height: 500px; width:750px;\"><img decoding=\"async\" src=\"https:\/\/pix.house\/wp-content\/uploads\/2019\/03\/1548762102-cynalewski-\u0141ukasz-poznan-ludzie-miasto-konkurs-2019.jpg\" alt=\"\" \/><\/div><\/li><li><div style=\"height: 500px; width:750px;\"><img decoding=\"async\" src=\"https:\/\/pix.house\/wp-content\/uploads\/2019\/03\/1548799873-g\u0105siorowski-jakub-poznan-ludzie-miasto-konkurs-2019-2.jpg\" alt=\"\" \/><\/div><\/li><li><div style=\"height: 500px; width:429px;\"><img decoding=\"async\" src=\"https:\/\/pix.house\/wp-content\/uploads\/2019\/03\/1549104603-szymkowiak-karol-poznan-ludzie-miasto-konkurs-2019.jpg\" alt=\"\" \/><\/div><\/li><li><div style=\"height: 500px; width:429px;\"><img decoding=\"async\" src=\"https:\/\/pix.house\/wp-content\/uploads\/2019\/03\/1549104608-szymkowiak-karol-poznan-ludzie-miasto-konkurs-2019-2.jpg\" alt=\"\" \/><\/div><\/li><li><div style=\"height: 500px; width:750px;\"><img decoding=\"async\" src=\"https:\/\/pix.house\/wp-content\/uploads\/2019\/03\/1549621674-m\u00f3jta-jacek-poznan-ludzie-miasto-konkurs-2019.jpg\" alt=\"\" \/><\/div><\/li><li><div style=\"height: 500px; width:752px;\"><img decoding=\"async\" src=\"https:\/\/pix.house\/wp-content\/uploads\/2019\/03\/1549965555-wo\u017aniak-robert-poznan-ludzie-miasto-konkurs-2019-1.jpg\" alt=\"\" \/><\/div><\/li><li><div style=\"height: 500px; width:751px;\"><img decoding=\"async\" src=\"https:\/\/pix.house\/wp-content\/uploads\/2019\/03\/1549991754-matysiak-marcin-poznan-ludzie-miasto-konkurs-2019.jpg\" alt=\"\" \/><\/div><\/li><li><div style=\"height: 500px; width:750px;\"><img decoding=\"async\" src=\"https:\/\/pix.house\/wp-content\/uploads\/2019\/03\/1549992797-m\u0105dro-kinga-poznan-ludzie-miasto-konkurs-2019-2.jpg\" alt=\"\" \/><\/div><\/li><li><div style=\"height: 500px; width:751px;\"><img decoding=\"async\" src=\"https:\/\/pix.house\/wp-content\/uploads\/2019\/03\/1549997499-szott-pawe\u0142-poznan-ludzie-miasto-konkurs-2019-1.jpg\" alt=\"\" \/><\/div><\/li><li><div style=\"height: 500px; width:750px;\"><img decoding=\"async\" src=\"https:\/\/pix.house\/wp-content\/uploads\/2019\/03\/1550129642-jachowski-wojciech-poznan-ludzie-miasto-konkurs-2019.jpg\" alt=\"\" \/><\/div><\/li><li><div style=\"height: 500px; width:693px;\"><img decoding=\"async\" src=\"https:\/\/pix.house\/wp-content\/uploads\/2019\/03\/1550241630-stasiak-pawe\u0141-poznan-ludzie-miasto-konkurs-2019.jpg\" alt=\"\" \/><\/div><\/li><li><div style=\"height: 500px; width:751px;\"><img decoding=\"async\" src=\"https:\/\/pix.house\/wp-content\/uploads\/2019\/03\/1550339421-furma\u0144czak-klaudia-poznan-ludzie-miasto-konkurs-2019.jpg\" alt=\"\" \/><\/div><\/li><li><div style=\"height: 500px; width:749px;\"><img decoding=\"async\" src=\"https:\/\/pix.house\/wp-content\/uploads\/2019\/03\/1550355460-konkiewicz-miko\u0142aj-poznan-ludzie-miasto-konkurs-2019-1.jpg\" alt=\"\" \/><\/div><\/li><li><div style=\"height: 500px; width:657px;\"><img decoding=\"async\" src=\"https:\/\/pix.house\/wp-content\/uploads\/2019\/03\/1550356435-dembi\u0144ski-grzegorz-poznan-ludzie-miasto-konkurs-2019.jpg\" alt=\"\" \/><\/div><\/li><li><div style=\"height: 500px; width:750px;\"><img decoding=\"async\" src=\"https:\/\/pix.house\/wp-content\/uploads\/2019\/03\/1550361326-bober-pawe\u0142-poznan-ludzie-miasto-konkurs-2019-1.jpg\" alt=\"\" \/><\/div><\/li><li><div style=\"height: 500px; width:750px;\"><img decoding=\"async\" src=\"https:\/\/pix.house\/wp-content\/uploads\/2019\/03\/1550409669-jastrz\u0119bowski-adam-poznan-ludzie-miasto-konkurs-2019.jpg\" alt=\"\" \/><\/div><\/li><li><div style=\"height: 500px; width:751px;\"><img decoding=\"async\" src=\"https:\/\/pix.house\/wp-content\/uploads\/2019\/03\/1550426308-jasiczek-piotr-poznan-ludzie-miasto-konkurs-2019-2.jpg\" alt=\"\" \/><\/div><\/li><li><div style=\"height: 500px; width:750px;\"><img decoding=\"async\" src=\"https:\/\/pix.house\/wp-content\/uploads\/2019\/03\/1550432213-ja\u015bkowiak-ewelina-poznan-ludzie-miasto-konkurs-2019.jpg\" alt=\"\" \/><\/div><\/li><li><div style=\"height: 500px; width:750px;\"><img decoding=\"async\" src=\"https:\/\/pix.house\/wp-content\/uploads\/2019\/03\/1550439355-szyszka-marta-poznan-ludzie-miasto-konkurs-2019-1.jpg\" alt=\"\" \/><\/div><\/li><li><div style=\"height: 500px; width:751px;\"><img decoding=\"async\" src=\"https:\/\/pix.house\/wp-content\/uploads\/2019\/03\/1550440751-matysiak-pawe\u0142-f-poznan-ludzie-miasto-konkurs-2019.jpg\" alt=\"\" \/><\/div><\/li><li><div style=\"height: 500px; width:750px;\"><img decoding=\"async\" src=\"https:\/\/pix.house\/wp-content\/uploads\/2019\/03\/1550443055-maj-agata-poznan-ludzie-miasto-konkurs-2019.jpg\" alt=\"\" \/><\/div><\/li><li><div style=\"height: 500px; width:750px;\"><img decoding=\"async\" src=\"https:\/\/pix.house\/wp-content\/uploads\/2019\/03\/1550443679-majewski-dawid-poznan-ludzie-miasto-konkurs-2019.jpg\" alt=\"\" \/><\/div><\/li><li><div style=\"height: 500px; width:865px;\"><img decoding=\"async\" src=\"https:\/\/pix.house\/wp-content\/uploads\/2019\/03\/1550443906-stobi\u0144ski-pawe\u0142-poznan-ludzie-miasto-konkurs-2019-1.jpg\" alt=\"\" \/><\/div><\/li><li><div style=\"height: 500px; width:751px;\"><img decoding=\"async\" src=\"https:\/\/pix.house\/wp-content\/uploads\/2019\/03\/1550444348-sudak-marcin-poznan-ludzie-miasto-konkurs-2019-1.jpg\" alt=\"\" \/><\/div><\/li><\/ul><\/div><div class=\"controls\"><a class=\"prev-slide\" href=\"#\"><span class=\"arrow_carrot-left\"><\/span><\/a><a class=\"next-slide\" href=\"#\"><span class=\"arrow_carrot-right\"><\/span><\/a><\/div><\/div><\/div><\/div><\/div><\/div><\/div><div     class=\"vc_row wpb_row section vc_row-fluid\" style=' text-align:left;'><div class=\"full_section_inner clearfix\"><div class=\"wpb_column vc_column_container vc_col-sm-12\"><div class=\"vc_column-inner\"><div class=\"wpb_wrapper\">\n\t<div class=\"wpb_text_column wpb_content_element\">\n\t\t<div class=\"wpb_wrapper\">\n\t\t\t<p><span style=\"font-weight: 400;\">Jakie znaczenie ma ostatnie 12 miesi\u0119cy w kilkusetletniej historii miasta? O tym zadecyduj\u0105 w przysz\u0142o\u015bci historycy, kt\u00f3rzy z perspektywy wielu dekad opowiedz\u0105 o nas i naszych czasach przysz\u0142ym pokoleniom. Ale nawet my sami b\u0119dziemy mieli z tym problem \u2013 po\u015bpiech miejskiej codzienno\u015bci sprawia, \u017ce kalendarzowe granice przestaj\u0105 mie\u0107 znaczenie. Przypomina o nich co najwy\u017cej folder o domy\u015blnej nazwie \u201e2018\u201d, w kt\u00f3rym telefony i aparaty fotograficzne przechowuj\u0105 migawki naszego \u017cycia.<\/span><\/p>\n<p><span style=\"font-weight: 400;\">Zach\u0119cili\u015bmy Was do przejrzenia tego folderu. Znale\u017ali\u015bcie w nim \u015blady chwil, gdy Wasze osobiste historie wpisa\u0142y si\u0119 w \u017cycie Poznania w 2018 roku.<\/span><\/p>\n<p>&nbsp;<\/p>\n<p><b>Jakich fotografii szukali\u015bmy? <\/b><\/p>\n<p><span style=\"font-weight: 400;\">Szukali\u015bmy fotografii, kt\u00f3re dokumentuj\u0105 rozkwitaj\u0105c\u0105 w naszym mie\u015bcie aktywno\u015b\u0107 spo\u0142eczn\u0105, kulturaln\u0105 i obywatelsk\u0105, tak\u017ce t\u0105, kt\u00f3ra ma zwi\u0105zek z trosk\u0105 poznaniak\u00f3w o pami\u0119\u0107 i przysz\u0142o\u015b\u0107 naszego miasta i kraju.<\/span><\/p>\n<p><span style=\"font-weight: 400;\">Szukali\u015bmy nowych pejza\u017cy, w kt\u00f3rych architektoniczne \u201ewczoraj\u201d spotyka si\u0119 z \u201edzisiaj\u201d \u2013 zar\u00f3wno w miejscach powszechnie znanych, jak i takich, o kt\u00f3rych wiecie tylko Wy.<\/span><\/p>\n<p><span style=\"font-weight: 400;\">Przede wszystkim szukali\u015bmy jednak wizualnych znak\u00f3w ludzkiej pasji i nieustannej zmiany, kt\u00f3ra czyni\u0107 ma \u017cycie poznaniak\u00f3w lepszym, ciekawszym, istotniejszym.<\/span><\/p>\n<p><span style=\"font-weight: 400;\">Zale\u017ca\u0142o nam, by z zebranych w ten spos\u00f3b 26 fotografii uda\u0142o si\u0119 u\u0142o\u017cy\u0107 portret Poznania w 2018 roku. <\/span><\/p>\n<p>&nbsp;<\/p>\n<p><span style=\"font-weight: 400;\"><strong>Pozna\u0144 to Ludzie, Pozna\u0144 to Miasto.<\/strong> Odnajd\u017amy histori\u0119 na swoich zdj\u0119ciach!<\/span><\/p>\n\n\t\t<\/div> \n\t<\/div> <div class=\"separator  normal\" style=\"border-color: #ffffff;border-width:1px\"><\/div>\n\n\t<div class=\"wpb_text_column wpb_content_element\">\n\t\t<div class=\"wpb_wrapper\">\n\t\t\t<p><strong>Spo\u015br\u00f3d 289 zdj\u0119\u0107 \/ 161 zg\u0142osze\u0144<\/strong> jury w sk\u0142adzie: Marcin Kostaszuk (UM Pozna\u0144), Mariusz Forecki, Adrian Wykrota (PIX.HOUSE) wy\u0142oni\u0142o <strong>26 zdj\u0119\u0107 \/ 23 fotograf\u00f3w<\/strong>.<\/p>\n<p><strong>S\u0105 to <\/strong>(wed\u0142ug kolejno\u015bci zg\u0142osze\u0144): \u0141ukasz Cynalewski, Jakub G\u0105siorowski, Jacek M\u00f3jta, Robert Wo\u017aniak, Kinga M\u0105dro, Pawe\u0142 Szott , Wojciech Jachowski, Pawe\u0142 Stasiak, Klaudia Furma\u0144czak, Miko\u0142aj Konkiewicz, Grzegorz Dembi\u0144ski, Pawe\u0142 Bober, Adam Jastrz\u0119bowski, Piotr Jasiczek, Ewelina Ja\u015bkowiak, Marta Szyszka, Pawe\u0142 Matysiak, Agata Maj, Dawid Majewski, Pawe\u0142 Stobi\u0144ski, Marcin Sudak, Marcin Matysiak, Karol Szymkowiak<\/p>\n\n\t\t<\/div> \n\t<\/div> <div class=\"separator  normal\" style=\"border-color: #ffffff;border-width:1px\"><\/div>\n\n\t<div class=\"wpb_text_column wpb_content_element\">\n\t\t<div class=\"wpb_wrapper\">\n\t\t\t<p><span style=\"font-weight: 400;\">Organizatorem konkursu POZNA\u0143 \u2013 LUDZIE \u2013 MIASTO jest<\/span><b> Fundacja Pix.House<\/b><span style=\"font-weight: 400;\">, we wsp\u00f3\u0142pracy z <\/span><b>Wydzia\u0142em Kultury Urz\u0119du Miasta Poznania<\/b><span style=\"font-weight: 400;\">. Sponsorem wystawy jest <\/span><b>Aquanet S.A.<\/b><\/p>\n\n\t\t<\/div> \n\t<\/div> <\/div><\/div><\/div><\/div><\/div><div     class=\"vc_row wpb_row section vc_row-fluid\" style=' text-align:left;'><div class=\"full_section_inner clearfix\"><div class=\"wpb_column vc_column_container vc_col-sm-12\"><div class=\"vc_column-inner\"><div class=\"wpb_wrapper\">\n\t<div class=\"wpb_text_column wpb_content_element\">\n\t\t<div class=\"wpb_wrapper\">\n\t\t\t<h4>WYSTAWA ORGANIZOWANA WE WSP\u00d3\u0141PRACY Z WYDZIA\u0141EM KULTURY UM POZNA\u0143<\/h4>\n\n\t\t<\/div> \n\t<\/div> \n\t<div class=\"wpb_single_image wpb_content_element vc_align_left\">\n\t\t<div class=\"wpb_wrapper\">\n\t\t\t\n\t\t\t<div class=\"vc_single_image-wrapper   vc_box_border_grey\"><img loading=\"lazy\" decoding=\"async\" width=\"300\" height=\"128\" src=\"https:\/\/pix.house\/wp-content\/uploads\/2017\/09\/LOGO_POZnan_RGB_JPEG-1-300x128.jpg\" class=\"vc_single_image-img attachment-medium\" alt=\"\" title=\"LOGO_POZnan_RGB_JPEG\" srcset=\"https:\/\/pix.house\/wp-content\/uploads\/2017\/09\/LOGO_POZnan_RGB_JPEG-1-300x128.jpg 300w, https:\/\/pix.house\/wp-content\/uploads\/2017\/09\/LOGO_POZnan_RGB_JPEG-1-600x255.jpg 600w, https:\/\/pix.house\/wp-content\/uploads\/2017\/09\/LOGO_POZnan_RGB_JPEG-1-800x340.jpg 800w, https:\/\/pix.house\/wp-content\/uploads\/2017\/09\/LOGO_POZnan_RGB_JPEG-1-768x327.jpg 768w, https:\/\/pix.house\/wp-content\/uploads\/2017\/09\/LOGO_POZnan_RGB_JPEG-1-700x298.jpg 700w, https:\/\/pix.house\/wp-content\/uploads\/2017\/09\/LOGO_POZnan_RGB_JPEG-1-e1572290098989.jpg 180w\" sizes=\"auto, (max-width: 300px) 100vw, 300px\" \/><\/div>\n\t\t<\/div>\n\t<\/div>\n<\/div><\/div><\/div><\/div><\/div><div     class=\"vc_row wpb_row section vc_row-fluid\" style=' text-align:left;'><div class=\"full_section_inner clearfix\"><div class=\"wpb_column vc_column_container vc_col-sm-12\"><div class=\"vc_column-inner\"><div class=\"wpb_wrapper\">\n\t<div class=\"wpb_text_column wpb_content_element\">\n\t\t<div class=\"wpb_wrapper\">\n\t\t\t<h4>SPONSOR WYSTAWY:<\/h4>\n\n\t\t<\/div> \n\t<\/div> \n\t<div class=\"wpb_single_image wpb_content_element vc_align_left\">\n\t\t<div class=\"wpb_wrapper\">\n\t\t\t\n\t\t\t<div class=\"vc_single_image-wrapper   vc_box_border_grey\"><img loading=\"lazy\" decoding=\"async\" width=\"300\" height=\"90\" src=\"https:\/\/pix.house\/wp-content\/uploads\/2019\/01\/logoAquanet-300x90.png\" class=\"vc_single_image-img attachment-medium\" alt=\"\" title=\"logoAquanet\" srcset=\"https:\/\/pix.house\/wp-content\/uploads\/2019\/01\/logoAquanet-300x90.png 300w, https:\/\/pix.house\/wp-content\/uploads\/2019\/01\/logoAquanet.png 561w\" sizes=\"auto, (max-width: 300px) 100vw, 300px\" \/><\/div>\n\t\t<\/div>\n\t<\/div>\n<\/div><\/div><\/div><\/div><\/div><div     class=\"vc_row wpb_row section vc_row-fluid\" style=' text-align:left;'><div class=\"full_section_inner clearfix\"><div class=\"wpb_column vc_column_container vc_col-sm-12\"><div class=\"vc_column-inner\"><div class=\"wpb_wrapper\"><\/div><\/div><\/div><\/div><\/div>\n<\/div>","protected":false},"excerpt":{"rendered":"TERMIN WYSTAWY: 06.03.2019 \u2013 05.04.2019 wernisa\u017c\u00a0 i rozstrzygni\u0119cie konkursu: 06.03.2019 g. 11:00 MIEJSCE WYSTAWY:\u00a0Wolny Dziedziniec Urz\u0119du Miasta Poznania | plac Kolegiacki 17 Pozna\u0144 WST\u0118P WOLNY Jakie znaczenie ma ostatnie 12 miesi\u0119cy w kilkusetletniej historii miasta? O tym zadecyduj\u0105 w przysz\u0142o\u015bci historycy, kt\u00f3rzy z perspektywy wielu...","protected":false},"author":11,"featured_media":29429,"comment_status":"open","ping_status":"open","sticky":false,"template":"","format":"standard","meta":{"_monsterinsights_skip_tracking":false,"_monsterinsights_sitenote_active":false,"_monsterinsights_sitenote_note":"","_monsterinsights_sitenote_category":0,"footnotes":""},"categories":[47],"tags":[],"class_list":["post-29414","post","type-post","status-publish","format-standard","has-post-thumbnail","hentry","category-wystawy"],"_links":{"self":[{"href":"https:\/\/pix.house\/en\/wp-json\/wp\/v2\/posts\/29414","targetHints":{"allow":["GET"]}}],"collection":[{"href":"https:\/\/pix.house\/en\/wp-json\/wp\/v2\/posts"}],"about":[{"href":"https:\/\/pix.house\/en\/wp-json\/wp\/v2\/types\/post"}],"author":[{"embeddable":true,"href":"https:\/\/pix.house\/en\/wp-json\/wp\/v2\/users\/11"}],"replies":[{"embeddable":true,"href":"https:\/\/pix.house\/en\/wp-json\/wp\/v2\/comments?post=29414"}],"version-history":[{"count":4,"href":"https:\/\/pix.house\/en\/wp-json\/wp\/v2\/posts\/29414\/revisions"}],"predecessor-version":[{"id":29444,"href":"https:\/\/pix.house\/en\/wp-json\/wp\/v2\/posts\/29414\/revisions\/29444"}],"wp:featuredmedia":[{"embeddable":true,"href":"https:\/\/pix.house\/en\/wp-json\/wp\/v2\/media\/29429"}],"wp:attachment":[{"href":"https:\/\/pix.house\/en\/wp-json\/wp\/v2\/media?parent=29414"}],"wp:term":[{"taxonomy":"category","embeddable":true,"href":"https:\/\/pix.house\/en\/wp-json\/wp\/v2\/categories?post=29414"},{"taxonomy":"post_tag","embeddable":true,"href":"https:\/\/pix.house\/en\/wp-json\/wp\/v2\/tags?post=29414"}],"curies":[{"name":"wp","href":"https:\/\/api.w.org\/{rel}","templated":true}]}}