{"id":29461,"date":"2019-03-06T14:13:34","date_gmt":"2019-03-06T13:13:34","guid":{"rendered":"https:\/\/pix.house\/?p=29461"},"modified":"2019-03-06T14:14:21","modified_gmt":"2019-03-06T13:14:21","slug":"plm_zwyciezcy","status":"publish","type":"post","link":"https:\/\/pix.house\/en\/plm_zwyciezcy\/","title":{"rendered":"Pozna\u0144 &#8211; Ludzie &#8211; Miasto | zwyci\u0119zcy"},"content":{"rendered":"<div class=\"wpb-content-wrapper\"><div     class=\"vc_row wpb_row section vc_row-fluid\" style=' text-align:left;'><div class=\"full_section_inner clearfix\"><div class=\"wpb_column vc_column_container vc_col-sm-12\"><div class=\"vc_column-inner\"><div class=\"wpb_wrapper\">\n\t<div class=\"wpb_text_column wpb_content_element\">\n\t\t<div class=\"wpb_wrapper\">\n\t\t\t<p>Poznali\u015bmy laureat\u00f3w konkursu\u00a0<strong>Pozna\u0144 &#8211; Ludzie &#8211; Miasto!<\/strong><\/p>\n<p>Przyznali\u015bmy<strong> 5 nagr\u00f3d g\u0142\u00f3wnych<\/strong>, kt\u00f3re otrzymali:<\/p>\n<p>\u0141ukasz Cynalewski<br \/>\nPawe\u0142 Szott<br \/>\nPawe\u0142 Stasiak<br \/>\nMiko\u0142aj Konkiewicz<br \/>\nKinga M\u0105dro<\/p>\n\n\t\t<\/div> \n\t<\/div> <\/div><\/div><\/div><div class=\"wpb_column vc_column_container vc_col-sm-12\"><div class=\"vc_column-inner\"><div class=\"wpb_wrapper\"><div class='qode_image_gallery_no_space light highlight_active'><div class='qode_image_gallery_holder' style='height: 500px;'><ul><li><div style=\"height: 500px; width:750px;\"><img decoding=\"async\" src=\"https:\/\/pix.house\/wp-content\/uploads\/2019\/03\/1548762102-cynalewski-\u0141ukasz-poznan-ludzie-miasto-konkurs-2019-1.jpg\" alt=\"\" \/><\/div><\/li><li><div style=\"height: 500px; width:751px;\"><img decoding=\"async\" src=\"https:\/\/pix.house\/wp-content\/uploads\/2019\/03\/1549997499-szott-pawe\u0142-poznan-ludzie-miasto-konkurs-2019-1-1.jpg\" alt=\"\" \/><\/div><\/li><li><div style=\"height: 500px; width:693px;\"><img decoding=\"async\" src=\"https:\/\/pix.house\/wp-content\/uploads\/2019\/03\/1550241630-stasiak-pawe\u0141-poznan-ludzie-miasto-konkurs-2019-1.jpg\" alt=\"\" \/><\/div><\/li><li><div style=\"height: 500px; width:749px;\"><img decoding=\"async\" src=\"https:\/\/pix.house\/wp-content\/uploads\/2019\/03\/1550355460-konkiewicz-miko\u0142aj-poznan-ludzie-miasto-konkurs-2019-1-1.jpg\" alt=\"\" \/><\/div><\/li><li><div style=\"height: 500px; width:750px;\"><img decoding=\"async\" src=\"https:\/\/pix.house\/wp-content\/uploads\/2019\/03\/1549992797-m\u0105dro-kinga-poznan-ludzie-miasto-konkurs-2019-2-1.jpg\" alt=\"\" \/><\/div><\/li><\/ul><\/div><div class=\"controls\"><a class=\"prev-slide\" href=\"#\"><span class=\"arrow_carrot-left\"><\/span><\/a><a class=\"next-slide\" href=\"#\"><span class=\"arrow_carrot-right\"><\/span><\/a><\/div><\/div><div class=\"separator  normal\" style=\"border-color: #fcfcfc\"><\/div>\n\n\t<div class=\"wpb_text_column wpb_content_element\">\n\t\t<div class=\"wpb_wrapper\">\n\t\t\t<p><strong>Wyr\u00f3\u017cnia otrzymali:\u00a0\u00a0<\/strong><br \/>\nJakub G\u0105siorowski, Jacek M\u00f3jta, Robert Wo\u017aniak, Wojciech Jachowski, Klaudia Furma\u0144czak, Grzegorz Dembi\u0144ski, Pawe\u0142 Bober, Adam Jastrz\u0119bowski, Piotr Jasiczek, Ewelina Ja\u015bkowiak, Marta Szyszka, Pawe\u0142 Matysiak, Agata Maj, Dawid Majewski, Pawe\u0142 Stobi\u0144ski, Marcin Sudak, Marcin Matysiak, Karol Szymkowiak<\/p>\n<p>Serdecznie gratulujemy!<\/p>\n<p>Wystaw\u0119 mo\u017cecie ogl\u0105da\u0107 na Wolnym Dziedziniecu UM Poznania do 05.04.19 r.<\/p>\n\n\t\t<\/div> \n\t<\/div> <div class=\"separator  normal\" style=\"border-color: #fcfcfc\"><\/div>\n<div class='qode_image_gallery_no_space light highlight_active'><div class='qode_image_gallery_holder' style='height: 500px;'><ul><li><div style=\"height: 500px; width:751px;\"><img decoding=\"async\" src=\"https:\/\/pix.house\/wp-content\/uploads\/2019\/03\/poznan-ludzie-miasto-w-2-of-19.jpg\" alt=\"\" \/><\/div><\/li><li><div style=\"height: 500px; width:751px;\"><img decoding=\"async\" src=\"https:\/\/pix.house\/wp-content\/uploads\/2019\/03\/poznan-ludzie-miasto-w-3-of-19.jpg\" alt=\"\" \/><\/div><\/li><li><div style=\"height: 500px; width:751px;\"><img decoding=\"async\" src=\"https:\/\/pix.house\/wp-content\/uploads\/2019\/03\/poznan-ludzie-miasto-w-17-of-19.jpg\" alt=\"\" \/><\/div><\/li><li><div style=\"height: 500px; width:751px;\"><img decoding=\"async\" src=\"https:\/\/pix.house\/wp-content\/uploads\/2019\/03\/poznan-ludzie-miasto-w-4-of-19.jpg\" alt=\"\" \/><\/div><\/li><li><div style=\"height: 500px; width:751px;\"><img decoding=\"async\" src=\"https:\/\/pix.house\/wp-content\/uploads\/2019\/03\/poznan-ludzie-miasto-w-5-of-19.jpg\" alt=\"\" \/><\/div><\/li><li><div style=\"height: 500px; width:751px;\"><img decoding=\"async\" src=\"https:\/\/pix.house\/wp-content\/uploads\/2019\/03\/poznan-ludzie-miasto-w-8-of-19.jpg\" alt=\"\" \/><\/div><\/li><li><div style=\"height: 500px; width:751px;\"><img decoding=\"async\" src=\"https:\/\/pix.house\/wp-content\/uploads\/2019\/03\/poznan-ludzie-miasto-w-1-of-19.jpg\" alt=\"\" \/><\/div><\/li><li><div style=\"height: 500px; width:751px;\"><img decoding=\"async\" src=\"https:\/\/pix.house\/wp-content\/uploads\/2019\/03\/poznan-ludzie-miasto-w-12-of-19.jpg\" alt=\"\" \/><\/div><\/li><li><div style=\"height: 500px; width:751px;\"><img decoding=\"async\" src=\"https:\/\/pix.house\/wp-content\/uploads\/2019\/03\/poznan-ludzie-miasto-w-10-of-19.jpg\" alt=\"\" \/><\/div><\/li><li><div style=\"height: 500px; width:751px;\"><img decoding=\"async\" src=\"https:\/\/pix.house\/wp-content\/uploads\/2019\/03\/poznan-ludzie-miasto-w-14-of-19.jpg\" alt=\"\" \/><\/div><\/li><li><div style=\"height: 500px; width:751px;\"><img decoding=\"async\" src=\"https:\/\/pix.house\/wp-content\/uploads\/2019\/03\/poznan-ludzie-miasto-w-15-of-19.jpg\" alt=\"\" \/><\/div><\/li><li><div style=\"height: 500px; width:751px;\"><img decoding=\"async\" src=\"https:\/\/pix.house\/wp-content\/uploads\/2019\/03\/poznan-ludzie-miasto-w-16-of-19.jpg\" alt=\"\" \/><\/div><\/li><li><div style=\"height: 500px; width:751px;\"><img decoding=\"async\" src=\"https:\/\/pix.house\/wp-content\/uploads\/2019\/03\/poznan-ludzie-miasto-w-19-of-19.jpg\" alt=\"\" \/><\/div><\/li><li><div style=\"height: 500px; width:751px;\"><img decoding=\"async\" src=\"https:\/\/pix.house\/wp-content\/uploads\/2019\/03\/poznan-ludzie-miasto-w-7-of-19.jpg\" alt=\"\" \/><\/div><\/li><\/ul><\/div><div class=\"controls\"><a class=\"prev-slide\" href=\"#\"><span class=\"arrow_carrot-left\"><\/span><\/a><a class=\"next-slide\" href=\"#\"><span class=\"arrow_carrot-right\"><\/span><\/a><\/div><\/div>\n\t<div class=\"wpb_text_column wpb_content_element\">\n\t\t<div class=\"wpb_wrapper\">\n\t\t\t<p>Dzi\u0119kujemy za wsp\u00f3\u0142prac\u0119 <strong>Wydzia\u0142owi Kultury Miasta Pozna\u0144\u00a0<\/strong><\/p>\n<p><img loading=\"lazy\" decoding=\"async\" class=\"alignleft wp-image-27074 size-medium\" src=\"https:\/\/pix.house\/wp-content\/uploads\/2017\/09\/LOGO_POZnan_RGB_JPEG-1-300x128.jpg\" alt=\"\" width=\"300\" height=\"128\" \/><\/p>\n<p>&nbsp;<\/p>\n<p>&nbsp;<\/p>\n<p>&nbsp;<\/p>\n<p>&nbsp;<\/p>\n<p>&nbsp;<\/p>\n<p>oraz sponsorowi wystawy <strong>Aquanet<\/strong><\/p>\n<p><img loading=\"lazy\" decoding=\"async\" class=\"alignleft wp-image-29156 size-medium\" src=\"https:\/\/pix.house\/wp-content\/uploads\/2019\/01\/logoAquanet-300x90.png\" alt=\"\" width=\"300\" height=\"90\" srcset=\"https:\/\/pix.house\/wp-content\/uploads\/2019\/01\/logoAquanet-300x90.png 300w, https:\/\/pix.house\/wp-content\/uploads\/2019\/01\/logoAquanet.png 561w\" sizes=\"auto, (max-width: 300px) 100vw, 300px\" \/><\/p>\n<p>&nbsp;<\/p>\n<p>&nbsp;<\/p>\n<p>&nbsp;<\/p>\n<p>&nbsp;<\/p>\n<p>Panu Prezydentowi <strong>Jackowi Ja\u015bkowiakowi<\/strong> dzi\u0119kujemy za ciep\u0142e s\u0142owa i wsparcie fotografii w Poznaniu.<\/p>\n\n\t\t<\/div> \n\t<\/div> <div class=\"separator  normal\" style=\"border-color: #fcfcfc\"><\/div>\n<\/div><\/div><\/div><\/div><\/div>\n<\/div>","protected":false},"excerpt":{"rendered":"Poznali\u015bmy laureat\u00f3w konkursu\u00a0Pozna\u0144 - Ludzie - Miasto! Przyznali\u015bmy 5 nagr\u00f3d g\u0142\u00f3wnych, kt\u00f3re otrzymali: \u0141ukasz Cynalewski Pawe\u0142 Szott Pawe\u0142 Stasiak Miko\u0142aj Konkiewicz Kinga M\u0105dro Wyr\u00f3\u017cnia otrzymali:\u00a0\u00a0 Jakub G\u0105siorowski, Jacek M\u00f3jta, Robert Wo\u017aniak, Wojciech Jachowski, Klaudia Furma\u0144czak, Grzegorz Dembi\u0144ski, Pawe\u0142 Bober, Adam Jastrz\u0119bowski, Piotr Jasiczek, Ewelina Ja\u015bkowiak,...","protected":false},"author":11,"featured_media":29472,"comment_status":"open","ping_status":"open","sticky":false,"template":"","format":"standard","meta":{"_monsterinsights_skip_tracking":false,"_monsterinsights_sitenote_active":false,"_monsterinsights_sitenote_note":"","_monsterinsights_sitenote_category":0,"footnotes":""},"categories":[59],"tags":[],"class_list":["post-29461","post","type-post","status-publish","format-standard","has-post-thumbnail","hentry","category-co-z-ta-fotografia"],"_links":{"self":[{"href":"https:\/\/pix.house\/en\/wp-json\/wp\/v2\/posts\/29461","targetHints":{"allow":["GET"]}}],"collection":[{"href":"https:\/\/pix.house\/en\/wp-json\/wp\/v2\/posts"}],"about":[{"href":"https:\/\/pix.house\/en\/wp-json\/wp\/v2\/types\/post"}],"author":[{"embeddable":true,"href":"https:\/\/pix.house\/en\/wp-json\/wp\/v2\/users\/11"}],"replies":[{"embeddable":true,"href":"https:\/\/pix.house\/en\/wp-json\/wp\/v2\/comments?post=29461"}],"version-history":[{"count":3,"href":"https:\/\/pix.house\/en\/wp-json\/wp\/v2\/posts\/29461\/revisions"}],"predecessor-version":[{"id":29483,"href":"https:\/\/pix.house\/en\/wp-json\/wp\/v2\/posts\/29461\/revisions\/29483"}],"wp:featuredmedia":[{"embeddable":true,"href":"https:\/\/pix.house\/en\/wp-json\/wp\/v2\/media\/29472"}],"wp:attachment":[{"href":"https:\/\/pix.house\/en\/wp-json\/wp\/v2\/media?parent=29461"}],"wp:term":[{"taxonomy":"category","embeddable":true,"href":"https:\/\/pix.house\/en\/wp-json\/wp\/v2\/categories?post=29461"},{"taxonomy":"post_tag","embeddable":true,"href":"https:\/\/pix.house\/en\/wp-json\/wp\/v2\/tags?post=29461"}],"curies":[{"name":"wp","href":"https:\/\/api.w.org\/{rel}","templated":true}]}}