{"id":29530,"date":"2019-03-25T10:57:29","date_gmt":"2019-03-25T09:57:29","guid":{"rendered":"https:\/\/pix.house\/?p=29530"},"modified":"2019-03-25T13:34:55","modified_gmt":"2019-03-25T12:34:55","slug":"topiel","status":"publish","type":"post","link":"https:\/\/pix.house\/en\/topiel\/","title":{"rendered":"TOPIEL | Marcin P\u0142onka"},"content":{"rendered":"<div class=\"wpb-content-wrapper\"><div class=\"vc_row wpb_row section vc_row-fluid\" style=' text-align:left;'><div class=\"full_section_inner clearfix\"><div class=\"wpb_column vc_column_container vc_col-sm-12\"><div class=\"vc_column-inner\"><div class=\"wpb_wrapper\">\n\t<div class=\"wpb_text_column wpb_content_element\">\n\t\t<div class=\"wpb_wrapper\">\n\t\t\t<p>TERMIN WYSTAWY: 05.04.2019 \u2013 27.04.2019<\/p>\n<p>wernisa\u017c, spotkanie z autorem i rozmowa o zinach : 05.04.2019 | 18:00<\/p>\n<p>MIEJSCE WYSTAWY: galeria PIX.HOUSE ul. G\u0142ogowska 35a Pozna\u0144<\/p>\n<p>wst\u0119p wolny<\/p>\n\n\t\t<\/div> \n\t<\/div> <\/div><\/div><\/div><div class=\"wpb_column vc_column_container vc_col-sm-12\"><div class=\"vc_column-inner\"><div class=\"wpb_wrapper\"><div class='qode_image_gallery_no_space light highlight_active'><div class='qode_image_gallery_holder' style='height: 500px;'><ul><li><div style=\"height: 500px; width:754px;\"><img decoding=\"async\" src=\"https:\/\/pix.house\/wp-content\/uploads\/2019\/03\/Marcin-Plonka-_-Topiel-_-01.jpg\" alt=\"\" \/><\/div><\/li><li><div style=\"height: 500px; width:750px;\"><img decoding=\"async\" src=\"https:\/\/pix.house\/wp-content\/uploads\/2019\/03\/Marcin-Plonka-_-Topiel-_-02.jpg\" alt=\"\" \/><\/div><\/li><li><div style=\"height: 500px; width:750px;\"><img decoding=\"async\" src=\"https:\/\/pix.house\/wp-content\/uploads\/2019\/03\/Marcin-Plonka-_-Topiel-_-03.jpg\" alt=\"\" \/><\/div><\/li><li><div style=\"height: 500px; width:754px;\"><img decoding=\"async\" src=\"https:\/\/pix.house\/wp-content\/uploads\/2019\/03\/Marcin-Plonka-_-Topiel-_-04.jpg\" alt=\"\" \/><\/div><\/li><li><div style=\"height: 500px; width:400px;\"><img decoding=\"async\" src=\"https:\/\/pix.house\/wp-content\/uploads\/2019\/03\/Marcin-Plonka-_-Topiel-_-05.jpg\" alt=\"\" \/><\/div><\/li><li><div style=\"height: 500px; width:750px;\"><img decoding=\"async\" src=\"https:\/\/pix.house\/wp-content\/uploads\/2019\/03\/Marcin-Plonka-_-Topiel-_-06.jpg\" alt=\"\" \/><\/div><\/li><li><div style=\"height: 500px; width:754px;\"><img decoding=\"async\" src=\"https:\/\/pix.house\/wp-content\/uploads\/2019\/03\/Marcin-Plonka-_-Topiel-_-07.jpg\" alt=\"\" \/><\/div><\/li><li><div style=\"height: 500px; width:625px;\"><img decoding=\"async\" src=\"https:\/\/pix.house\/wp-content\/uploads\/2019\/03\/Marcin-Plonka-_-Topiel-_-08.jpg\" alt=\"\" \/><\/div><\/li><li><div style=\"height: 500px; width:750px;\"><img decoding=\"async\" src=\"https:\/\/pix.house\/wp-content\/uploads\/2019\/03\/Marcin-Plonka-_-Topiel-_-09.jpg\" alt=\"\" \/><\/div><\/li><li><div style=\"height: 500px; width:750px;\"><img decoding=\"async\" src=\"https:\/\/pix.house\/wp-content\/uploads\/2019\/03\/Marcin-Plonka-_-Topiel-_-10.jpg\" alt=\"\" \/><\/div><\/li><li><div style=\"height: 500px; width:750px;\"><img decoding=\"async\" src=\"https:\/\/pix.house\/wp-content\/uploads\/2019\/03\/Marcin-Plonka-_-Topiel-_-11.jpg\" alt=\"\" \/><\/div><\/li><li><div style=\"height: 500px; width:750px;\"><img decoding=\"async\" src=\"https:\/\/pix.house\/wp-content\/uploads\/2019\/03\/Marcin-Plonka-_-Topiel-_-12.jpg\" alt=\"\" \/><\/div><\/li><li><div style=\"height: 500px; width:750px;\"><img decoding=\"async\" src=\"https:\/\/pix.house\/wp-content\/uploads\/2019\/03\/Marcin-Plonka-_-Topiel-_-13.jpg\" alt=\"\" \/><\/div><\/li><\/ul><\/div><div class=\"controls\"><a class=\"prev-slide\" href=\"#\"><span class=\"arrow_carrot-left\"><\/span><\/a><a class=\"next-slide\" href=\"#\"><span class=\"arrow_carrot-right\"><\/span><\/a><\/div><\/div><\/div><\/div><\/div><\/div><\/div><div     class=\"vc_row wpb_row section vc_row-fluid\" style=' text-align:left;'><div class=\"full_section_inner clearfix\"><div class=\"wpb_column vc_column_container vc_col-sm-12\"><div class=\"vc_column-inner\"><div class=\"wpb_wrapper\">\n\t<div class=\"wpb_text_column wpb_content_element\">\n\t\t<div class=\"wpb_wrapper\">\n\t\t\t<p>Jest grz\u0105sko, ka\u017cdy kolejny krok mo\u017ce spowodowa\u0107 zagro\u017cenie. G\u0142\u0119bina, w kt\u00f3r\u0105 st\u0105pamy, jest zdradziecka i przebieg\u0142a. Jedno jest pewne. Topiel budzi strach, niekiedy jednak poch\u0142ania fascynacj\u0105 znacze\u0144&#8230;<\/p>\n<p>Czy to tylko nasze s\u0142owia\u0144skie wierzenia zasilane fascynacj\u0105 dziko\u015bci i pi\u0119knem nieprzewidywalnej przyrody? Czy to tak\u017ce naturalny rytm \u017cycia przez ni\u0105 regulowany?<\/p>\n<p>S\u0142owo Topiel nie ma dos\u0142ownego synonimu w \u017cadnym innym j\u0119zyku. Czy fotografia jest zatem w\u0142adna przekaza\u0107 nam odczucia zakodowane gdzie\u015b g\u0142\u0119boko pod sk\u00f3r\u0105? Marcin P\u0142onka w swoich zdj\u0119ciach pr\u00f3buje.<\/p>\n<p>Przenosimy si\u0119 do \u015bwiata zapach\u00f3w, ukrytych znacze\u0144, historii, kt\u00f3ry gdzie\u015b pod\u015bwiadomie zaw\u0142adn\u0105\u0142 tw\u00f3rczym okiem autora. Musimy nauczy\u0107 si\u0119 czyta\u0107 pomi\u0119dzy wierszami. Wtedy mo\u017ce okaza\u0107 si\u0119, \u017ce na ko\u0144cu nie czeka na nas tylko i wy\u0142\u0105cznie samotno\u015b\u0107.<\/p>\n\n\t\t<\/div> \n\t<\/div> \n\t<div class=\"wpb_single_image wpb_content_element vc_align_left\">\n\t\t<div class=\"wpb_wrapper\">\n\t\t\t\n\t\t\t<div class=\"vc_single_image-wrapper   vc_box_border_grey\"><img loading=\"lazy\" decoding=\"async\" width=\"2500\" height=\"1667\" src=\"https:\/\/pix.house\/wp-content\/uploads\/2019\/03\/Marcin-Plonka-_-Topiel-_-14.jpg\" class=\"vc_single_image-img attachment-full\" alt=\"\" title=\"Marcin Plonka _ Topiel _ 14\" srcset=\"https:\/\/pix.house\/wp-content\/uploads\/2019\/03\/Marcin-Plonka-_-Topiel-_-14.jpg 2500w, https:\/\/pix.house\/wp-content\/uploads\/2019\/03\/Marcin-Plonka-_-Topiel-_-14-800x533.jpg 800w, https:\/\/pix.house\/wp-content\/uploads\/2019\/03\/Marcin-Plonka-_-Topiel-_-14-300x200.jpg 300w, https:\/\/pix.house\/wp-content\/uploads\/2019\/03\/Marcin-Plonka-_-Topiel-_-14-768x512.jpg 768w, https:\/\/pix.house\/wp-content\/uploads\/2019\/03\/Marcin-Plonka-_-Topiel-_-14-1280x854.jpg 1280w, https:\/\/pix.house\/wp-content\/uploads\/2019\/03\/Marcin-Plonka-_-Topiel-_-14-600x400.jpg 600w, https:\/\/pix.house\/wp-content\/uploads\/2019\/03\/Marcin-Plonka-_-Topiel-_-14-700x467.jpg 700w, https:\/\/pix.house\/wp-content\/uploads\/2019\/03\/Marcin-Plonka-_-Topiel-_-14-1100x733.jpg 1100w, https:\/\/pix.house\/wp-content\/uploads\/2019\/03\/Marcin-Plonka-_-Topiel-_-14-1320x880.jpg 1320w\" sizes=\"auto, (max-width: 2500px) 100vw, 2500px\" \/><\/div>\n\t\t<\/div>\n\t<\/div>\n\n\t<div class=\"wpb_text_column wpb_content_element\">\n\t\t<div class=\"wpb_wrapper\">\n\t\t\t<p><strong>Marcin P\u0142onka | <\/strong>urodzony w 1986 roku w \u0141a\u0144cucie. Grafik oraz fotograf. Posiada dyplom z Projektowania Graficznego ASP we Wroc\u0142awiu. Studiowa\u0142 w Instytucie Kreatywnej Fotografii w Opavie w Czechach jednak studi\u00f3w nigdy nie uko\u0144czy\u0142. Pocz\u0105tkowo zainteresowany fotografi\u0105 dokumentaln\u0105 (zdobywaj\u0105c uznanie m.in w konkursach Grand Press Photo), na kilka lat zarzuci\u0142 j\u0105, oddaj\u0105c si\u0119 pracy komercyjnej dla globalnych klient\u00f3w. Do fotografii powr\u00f3ci\u0142 z innym spojrzeniem, lu\u017ano koncentruj\u0105c si\u0119 na fikcji o pod\u0142o\u017cu dokumentalnym, silnie poszukuj\u0105c odr\u0119bnego j\u0119zyka fotograficznego. Obecnie \u017cyje i pracuje w Berlinie, prowadz\u0105c w\u0142asne studio projektowe. Jego prace by\u0142y pokazywane na wystawach oraz projekcjach we Francji, Niemczech, Polsce, Czechach, \u0141otwie, oraz na festiwalach fotograficznych w Pradze, Berlinie, Zagrzebiu oraz Moskwie.<\/p>\n\n\t\t<\/div> \n\t<\/div> <div class=\"separator  normal\" style=\"border-color: #ffffff;border-width:1px\"><\/div>\n\n\t<div class=\"wpb_text_column wpb_content_element\">\n\t\t<div class=\"wpb_wrapper\">\n\t\t\t<h5><strong>spotkanie<\/strong><\/h5>\n\n\t\t<\/div> \n\t<\/div> <div class='qode_image_gallery_no_space light highlight_active'><div class='qode_image_gallery_holder' style='height: 500px;'><ul><li><div style=\"height: 500px; width:389px;\"><img decoding=\"async\" src=\"https:\/\/pix.house\/wp-content\/uploads\/2019\/03\/PHOTO-2018-12-07-11-01-04.jpg\" alt=\"\" \/><\/div><\/li><li><div style=\"height: 500px; width:334px;\"><img decoding=\"async\" src=\"https:\/\/pix.house\/wp-content\/uploads\/2019\/03\/PHOTO-2018-12-07-11-01-04a-1.jpg\" alt=\"\" \/><\/div><\/li><li><div style=\"height: 500px; width:334px;\"><img decoding=\"async\" src=\"https:\/\/pix.house\/wp-content\/uploads\/2019\/03\/PHOTO-2018-12-07-11-01-04a-2.jpg\" alt=\"\" \/><\/div><\/li><\/ul><\/div><div class=\"controls\"><a class=\"prev-slide\" href=\"#\"><span class=\"arrow_carrot-left\"><\/span><\/a><a class=\"next-slide\" href=\"#\"><span class=\"arrow_carrot-right\"><\/span><\/a><\/div><\/div>\n\t<div class=\"wpb_text_column wpb_content_element\">\n\t\t<div class=\"wpb_wrapper\">\n\t\t\t<p>Wystawie towarzyszy publikacja &#8222;Topiel&#8221; Marcin P\u0142onka | Zin nr 3 wydana przez <a href=\"https:\/\/www.facebook.com\/8991publishing\/\" target=\"_blank\" rel=\"noopener noreferrer\"><strong>8991 publishing<\/strong><\/a>.<\/p>\n<p>Po wernisa\u017cu i spotkaniu z autorem zapraszamy na rozmow\u0119 z <strong>Krzy\u015bkiem Or\u0142owskim<\/strong> z 8991 publishing o fenomenie zin\u00f3w fotograficznych.<\/p>\n\n\t\t<\/div> \n\t<\/div> <div class=\"separator  normal\" style=\"border-color: #ffffff;border-width:1px\"><\/div>\n<\/div><\/div><\/div><div class=\"wpb_column vc_column_container vc_col-sm-12\"><div class=\"vc_column-inner\"><div class=\"wpb_wrapper\"><\/div><\/div><\/div><\/div><\/div><div     class=\"vc_row wpb_row section vc_row-fluid\" style=' text-align:left;'><div class=\"full_section_inner clearfix\"><div class=\"wpb_column vc_column_container vc_col-sm-6\"><div class=\"vc_column-inner\"><div class=\"wpb_wrapper\">\n\t<div class=\"wpb_text_column wpb_content_element\">\n\t\t<div class=\"wpb_wrapper\">\n\t\t\t<h4>WYSTAWA ORGANIZOWANA\u00a0DZI\u0118KI WSPARCIU MIASTA POZNA\u0143<\/h4>\n\n\t\t<\/div> \n\t<\/div> \n\t<div class=\"wpb_single_image wpb_content_element vc_align_left\">\n\t\t<div class=\"wpb_wrapper\">\n\t\t\t\n\t\t\t<div class=\"vc_single_image-wrapper   vc_box_border_grey\"><img decoding=\"async\" class=\"vc_single_image-img\" src=\"https:\/\/pix.house\/wp-content\/uploads\/2017\/09\/LOGO_POZnan_RGB_JPEG-1-e1572290098989.jpg\" width=\"180\" height=\"77\" alt=\"LOGO_POZnan_RGB_JPEG\" title=\"LOGO_POZnan_RGB_JPEG\" loading=\"lazy\" \/><\/div>\n\t\t<\/div>\n\t<\/div>\n<\/div><\/div><\/div><div class=\"wpb_column vc_column_container vc_col-sm-6\"><div class=\"vc_column-inner\"><div class=\"wpb_wrapper\"><\/div><\/div><\/div><\/div><\/div>\n<\/div>","protected":false},"excerpt":{"rendered":"TERMIN WYSTAWY: 05.04.2019 \u2013 27.04.2019 wernisa\u017c, spotkanie z autorem i rozmowa o zinach : 05.04.2019 | 18:00 MIEJSCE WYSTAWY: galeria PIX.HOUSE ul. G\u0142ogowska 35a Pozna\u0144 wst\u0119p wolny Jest grz\u0105sko, ka\u017cdy kolejny krok mo\u017ce spowodowa\u0107 zagro\u017cenie. G\u0142\u0119bina, w kt\u00f3r\u0105 st\u0105pamy, jest zdradziecka i przebieg\u0142a. Jedno jest...","protected":false},"author":11,"featured_media":29558,"comment_status":"open","ping_status":"open","sticky":false,"template":"","format":"standard","meta":{"_monsterinsights_skip_tracking":false,"_monsterinsights_sitenote_active":false,"_monsterinsights_sitenote_note":"","_monsterinsights_sitenote_category":0,"footnotes":""},"categories":[47],"tags":[],"class_list":["post-29530","post","type-post","status-publish","format-standard","has-post-thumbnail","hentry","category-wystawy"],"_links":{"self":[{"href":"https:\/\/pix.house\/en\/wp-json\/wp\/v2\/posts\/29530","targetHints":{"allow":["GET"]}}],"collection":[{"href":"https:\/\/pix.house\/en\/wp-json\/wp\/v2\/posts"}],"about":[{"href":"https:\/\/pix.house\/en\/wp-json\/wp\/v2\/types\/post"}],"author":[{"embeddable":true,"href":"https:\/\/pix.house\/en\/wp-json\/wp\/v2\/users\/11"}],"replies":[{"embeddable":true,"href":"https:\/\/pix.house\/en\/wp-json\/wp\/v2\/comments?post=29530"}],"version-history":[{"count":6,"href":"https:\/\/pix.house\/en\/wp-json\/wp\/v2\/posts\/29530\/revisions"}],"predecessor-version":[{"id":29565,"href":"https:\/\/pix.house\/en\/wp-json\/wp\/v2\/posts\/29530\/revisions\/29565"}],"wp:featuredmedia":[{"embeddable":true,"href":"https:\/\/pix.house\/en\/wp-json\/wp\/v2\/media\/29558"}],"wp:attachment":[{"href":"https:\/\/pix.house\/en\/wp-json\/wp\/v2\/media?parent=29530"}],"wp:term":[{"taxonomy":"category","embeddable":true,"href":"https:\/\/pix.house\/en\/wp-json\/wp\/v2\/categories?post=29530"},{"taxonomy":"post_tag","embeddable":true,"href":"https:\/\/pix.house\/en\/wp-json\/wp\/v2\/tags?post=29530"}],"curies":[{"name":"wp","href":"https:\/\/api.w.org\/{rel}","templated":true}]}}