{"id":29587,"date":"2019-04-30T13:08:18","date_gmt":"2019-04-30T11:08:18","guid":{"rendered":"https:\/\/pix.house\/?p=29587"},"modified":"2019-05-11T10:34:56","modified_gmt":"2019-05-11T08:34:56","slug":"warszawa","status":"publish","type":"post","link":"https:\/\/pix.house\/en\/warszawa\/","title":{"rendered":"WARSZAWA 2008 &#8211; 2018 | Ewa Meissner"},"content":{"rendered":"<div class=\"wpb-content-wrapper\"><div class=\"vc_row wpb_row section vc_row-fluid\" style=' text-align:left;'><div class=\"full_section_inner clearfix\"><div class=\"wpb_column vc_column_container vc_col-sm-12\"><div class=\"vc_column-inner\"><div class=\"wpb_wrapper\">\n\t<div class=\"wpb_text_column wpb_content_element\">\n\t\t<div class=\"wpb_wrapper\">\n\t\t\t<p><strong>TERMIN WYSTAWY:<\/strong> 09.05.2019 \u2013 30.05.2019<\/p>\n<p>wernisa\u017c, spotkanie z autork\u0105: 09.05.2019 | 18:00<\/p>\n<p><strong>MIEJSCE WYSTAWY:<\/strong> galeria PIX.HOUSE ul. G\u0142ogowska 35a Pozna\u0144<\/p>\n<p>wst\u0119p wolny<\/p>\n<p><strong>GALERIA CZYNNA:<\/strong> od wtorku do pi\u0105tku (14.00 &#8211; 19.00)<br \/>\nwej\u015bcie na wystaw\u0119 przez ksi\u0119garni\u0119 Pix.house<\/p>\n\n\t\t<\/div> \n\t<\/div> <\/div><\/div><\/div><div class=\"wpb_column vc_column_container vc_col-sm-12\"><div class=\"vc_column-inner\"><div class=\"wpb_wrapper\"><div class='qode_image_gallery_no_space light highlight_active'><div class='qode_image_gallery_holder' style='height: 500px;'><ul><li><div style=\"height: 500px; width:758px;\"><img decoding=\"async\" src=\"https:\/\/pix.house\/wp-content\/uploads\/2019\/04\/Aleja-Sikorskiego-2009.jpg\" alt=\"\" \/><\/div><\/li><li><div style=\"height: 500px; width:750px;\"><img decoding=\"async\" src=\"https:\/\/pix.house\/wp-content\/uploads\/2019\/04\/Pasa\u017c-Wiecha-2009..jpg\" alt=\"\" \/><\/div><\/li><li><div style=\"height: 500px; width:750px;\"><img decoding=\"async\" src=\"https:\/\/pix.house\/wp-content\/uploads\/2019\/04\/Rondo-Dmowskiego-2009..jpg\" alt=\"\" \/><\/div><\/li><li><div style=\"height: 500px; width:750px;\"><img decoding=\"async\" src=\"https:\/\/pix.house\/wp-content\/uploads\/2019\/04\/ul.-Ga\u0142czy\u0144skiego-2009.jpg\" alt=\"\" \/><\/div><\/li><li><div style=\"height: 500px; width:758px;\"><img decoding=\"async\" src=\"https:\/\/pix.house\/wp-content\/uploads\/2019\/04\/ul.-Marsza\u0142kowska-2009..jpg\" alt=\"\" \/><\/div><\/li><li><div style=\"height: 500px; width:750px;\"><img decoding=\"async\" src=\"https:\/\/pix.house\/wp-content\/uploads\/2019\/04\/ul.-Moniuszki-2009.jpg\" alt=\"\" \/><\/div><\/li><li><div style=\"height: 500px; width:750px;\"><img decoding=\"async\" src=\"https:\/\/pix.house\/wp-content\/uploads\/2019\/04\/ul.-Nowolipki-2009.jpg\" alt=\"\" \/><\/div><\/li><li><div style=\"height: 500px; width:750px;\"><img decoding=\"async\" src=\"https:\/\/pix.house\/wp-content\/uploads\/2019\/04\/ul.-Wolska2010.jpg\" alt=\"\" \/><\/div><\/li><\/ul><\/div><div class=\"controls\"><a class=\"prev-slide\" href=\"#\"><span class=\"arrow_carrot-left\"><\/span><\/a><a class=\"next-slide\" href=\"#\"><span class=\"arrow_carrot-right\"><\/span><\/a><\/div><\/div><\/div><\/div><\/div><\/div><\/div><div     class=\"vc_row wpb_row section vc_row-fluid\" style=' text-align:left;'><div class=\"full_section_inner clearfix\"><div class=\"wpb_column vc_column_container vc_col-sm-12\"><div class=\"vc_column-inner\"><div class=\"wpb_wrapper\">\n\t<div class=\"wpb_text_column wpb_content_element\">\n\t\t<div class=\"wpb_wrapper\">\n\t\t\t<p>Projekt &#8222;Warszawa 2008 &#8211; 2018&#8221; to zapis obraz\u00f3w z \u017cycia miasta, pulsuj\u0105cego przed oczami intensywno\u015bci\u0105 barw oraz sylwetkami mieszka\u0144c\u00f3w zawieszonych pomi\u0119dzy dynamiczn\u0105 wsp\u00f3\u0142czesno\u015bci\u0105 a \u015bladami historii, architektonicznymi kaprysami i enklawami przyrody, zap\u0119tlonych w niesko\u0144czenie ci\u0105gn\u0105ce si\u0119 ulice.<\/p>\n<p>Lato 2009 roku, ulica Moniuszki, s\u0142ynna fototapeta na \u015bcianie Cafe Gra\u017cynka za chwil\u0119 zniknie z mapy Warszawy.<br \/>\nNied\u0142ugo potem pojawi si\u0119 w sieci komentarz: &#8222;nikogo bym nie wini\u0142 za upadek Gra\u017cynki, pr\u00f3cz niewidzialnej r\u0119ki rynku. Upstrzona muszymi odchodami fototapeta, babcie 'kelnerki&#8217; i kibel jak z zamkni\u0119tego dworca w prowincjonalnym mie\u015bcie &#8211; to by\u0142 skansen, nie ma co ukrywa\u0107, ale za zwiedzanie skansen\u00f3w gdzieniegdzie ludzie p\u0142ac\u0105 i to dobrowolnie.&#8221;<\/p>\n<p>Kwiecie\u0144 2014, ulica Koszykowa numer 64. W\u0142a\u015bcicielka El\u017cbieta Wichrowska dopieszcza s\u0142ynn\u0105 w Warszawie witryn\u0119 wystawow\u0105 zak\u0142adu fryzjerskiego, istniej\u0105c\u0105 do dzi\u015b, w niezmienionym stanie, od 110 lat. U jej by\u0142ego szefa strzyg\u0142 si\u0119 marsza\u0142ek J\u00f3zef Pi\u0142sudski i podkr\u0119ca\u0142 w\u0105siki. Ona pracuje tu od 1973 roku. Zak\u0142ad, kt\u00f3ry pami\u0119ta II Wojn\u0119 \u015awiatow\u0105 i dzia\u0142alno\u015b\u0107 konspiracyjn\u0105, zagra\u0142 w 2014 roku w filmie &#8222;Jack Strong&#8221; W\u0142adys\u0142awa Pasikowskiego. Bohaterk\u0105 by\u0142a witryna, a pani El\u017cbieta go\u015bci\u0142a u siebie ekip\u0119 filmow\u0105.<\/p>\n<p>Marzec 2009 roku, skrzy\u017cowanie ul. Marsza\u0142kowskiej i ul. \u015awi\u0119tokrzyskiej. Starsza pani sprzedaje w\u0142asnej roboty we\u0142niane kapcie pod sklepem Sezam.<br \/>\nMijaj\u0105 j\u0105 spiesz\u0105ce si\u0119 t\u0142umy, a ona, co raz, czule poprawia aran\u017cacj\u0119 swojej oferty, maluj\u0105c na chodniku kolejny obraz wybijaj\u0105cy si\u0119 z dominuj\u0105cej szaro\u015bci ulicy. Spotykam j\u0105 w tym samym miejscu jeszcze przez kolejne dwa lata.<\/p>\n<p>Warszawa jest niezdecydowana, agresywna, arogancka, odwa\u017cna, pr\u00f3\u017cna i ambitna<\/p>\n\n\t\t<\/div> \n\t<\/div> \n\t<div class=\"wpb_single_image wpb_content_element vc_align_left\">\n\t\t<div class=\"wpb_wrapper\">\n\t\t\t\n\t\t\t<div class=\"vc_single_image-wrapper   vc_box_border_grey\"><img loading=\"lazy\" decoding=\"async\" width=\"1200\" height=\"800\" src=\"https:\/\/pix.house\/wp-content\/uploads\/2019\/04\/Most-Poniatowskiego-2009.jpg\" class=\"vc_single_image-img attachment-full\" alt=\"\" title=\"Most Poniatowskiego, 2009\" srcset=\"https:\/\/pix.house\/wp-content\/uploads\/2019\/04\/Most-Poniatowskiego-2009.jpg 1200w, https:\/\/pix.house\/wp-content\/uploads\/2019\/04\/Most-Poniatowskiego-2009-800x533.jpg 800w, https:\/\/pix.house\/wp-content\/uploads\/2019\/04\/Most-Poniatowskiego-2009-300x200.jpg 300w, https:\/\/pix.house\/wp-content\/uploads\/2019\/04\/Most-Poniatowskiego-2009-768x512.jpg 768w, https:\/\/pix.house\/wp-content\/uploads\/2019\/04\/Most-Poniatowskiego-2009-600x400.jpg 600w, https:\/\/pix.house\/wp-content\/uploads\/2019\/04\/Most-Poniatowskiego-2009-700x467.jpg 700w, https:\/\/pix.house\/wp-content\/uploads\/2019\/04\/Most-Poniatowskiego-2009-1100x733.jpg 1100w\" sizes=\"auto, (max-width: 1200px) 100vw, 1200px\" \/><\/div>\n\t\t<\/div>\n\t<\/div>\n\n\t<div class=\"wpb_text_column wpb_content_element\">\n\t\t<div class=\"wpb_wrapper\">\n\t\t\t<p><strong>Ewa Meissner<\/strong> urodzona w Warszawie w 1971r. W latach 2000-2005 studiowa\u0142a dziennikarstwo na Wydziale Politologii Collegium Civitas w Warszawie. Wsp\u00f3\u0142za\u0142o\u017cycielka agencji Napo Images. Wsp\u00f3\u0142pracowa\u0142a jako kurator i wsp\u00f3\u0142organizator wystaw fotograficznych min. z Centrum Sztuki Wsp\u00f3\u0142czesnej, Star\u0105 Galeri\u0105 Zwi\u0105zku Polskich Artyst\u00f3w Fotografik\u00f3w i Zamkiem Kr\u00f3lewskim w Warszawie, Centrum Sztuki i Techniki Japo\u0144skiej &#8222;Manngha&#8221; w Krakowie. W latach 2010-2012 prowadzi\u0142a zaj\u0119cia z fotografii prasowej w Instytucie Dziennikarstwa Uniwersytetu Warszawskiego. Fotoedytorka ksi\u0105\u017cek fotograficznych, min. &#8222;Echa&#8221; Maksymiliana Rigamontiego i &#8222;Some Things are Quieter Than Others&#8221; Jacka Foty. Autorka bloga promuj\u0105cego fotografi\u0119 dokumentaln\u0105 Polish Documentary Photography Links. Jej prace, oscyluj\u0105ce pomi\u0119dzy fotografi\u0105 socjologiczno-dokumentaln\u0105 a fotografi\u0105 streetow\u0105, wystawiane by\u0142y min. w Polsce, Francji, Czechach, Anglii i Stanach Zjednoczonych.<\/p>\n\n\t\t<\/div> \n\t<\/div> <div class=\"separator  normal\" style=\"border-color: #ffffff;border-width:1px\"><\/div>\n<\/div><\/div><\/div><div class=\"wpb_column vc_column_container vc_col-sm-12\"><div class=\"vc_column-inner\"><div class=\"wpb_wrapper\"><\/div><\/div><\/div><\/div><\/div><div     class=\"vc_row wpb_row section vc_row-fluid\" style=' text-align:left;'><div class=\"full_section_inner clearfix\"><div class=\"wpb_column vc_column_container vc_col-sm-6\"><div class=\"vc_column-inner\"><div class=\"wpb_wrapper\">\n\t<div class=\"wpb_text_column wpb_content_element\">\n\t\t<div class=\"wpb_wrapper\">\n\t\t\t<h4>WYSTAWA ORGANIZOWANA\u00a0DZI\u0118KI WSPARCIU MIASTA POZNA\u0143<\/h4>\n\n\t\t<\/div> \n\t<\/div> \n\t<div class=\"wpb_single_image wpb_content_element vc_align_left\">\n\t\t<div class=\"wpb_wrapper\">\n\t\t\t\n\t\t\t<div class=\"vc_single_image-wrapper   vc_box_border_grey\"><img decoding=\"async\" class=\"vc_single_image-img\" src=\"https:\/\/pix.house\/wp-content\/uploads\/2017\/09\/LOGO_POZnan_RGB_JPEG-1-e1572290098989.jpg\" width=\"180\" height=\"77\" alt=\"LOGO_POZnan_RGB_JPEG\" title=\"LOGO_POZnan_RGB_JPEG\" loading=\"lazy\" \/><\/div>\n\t\t<\/div>\n\t<\/div>\n\n\t<div class=\"wpb_text_column wpb_content_element\">\n\t\t<div class=\"wpb_wrapper\">\n\t\t\t<h4>Sponsorem wystawy jest firma<\/h4>\n\n\t\t<\/div> \n\t<\/div> \n\t<div class=\"wpb_single_image wpb_content_element vc_align_left\">\n\t\t<div class=\"wpb_wrapper\">\n\t\t\t\n\t\t\t<div class=\"vc_single_image-wrapper   vc_box_border_grey\"><img decoding=\"async\" class=\"vc_single_image-img\" src=\"https:\/\/pix.house\/wp-content\/uploads\/2019\/04\/logo-151x100.jpg\" width=\"151\" height=\"100\" alt=\"logo\" title=\"logo\" loading=\"lazy\" \/><\/div>\n\t\t<\/div>\n\t<\/div>\n<\/div><\/div><\/div><div class=\"wpb_column vc_column_container vc_col-sm-6\"><div class=\"vc_column-inner\"><div class=\"wpb_wrapper\"><\/div><\/div><\/div><\/div><\/div>\n<\/div>","protected":false},"excerpt":{"rendered":"TERMIN WYSTAWY: 09.05.2019 \u2013 30.05.2019 wernisa\u017c, spotkanie z autork\u0105: 09.05.2019 | 18:00 MIEJSCE WYSTAWY: galeria PIX.HOUSE ul. G\u0142ogowska 35a Pozna\u0144 wst\u0119p wolny GALERIA CZYNNA: od wtorku do pi\u0105tku (14.00 - 19.00) wej\u015bcie na wystaw\u0119 przez ksi\u0119garni\u0119 Pix.house Projekt \"Warszawa 2008 - 2018\" to zapis obraz\u00f3w...","protected":false},"author":11,"featured_media":29599,"comment_status":"open","ping_status":"open","sticky":false,"template":"","format":"standard","meta":{"_monsterinsights_skip_tracking":false,"_monsterinsights_sitenote_active":false,"_monsterinsights_sitenote_note":"","_monsterinsights_sitenote_category":0,"footnotes":""},"categories":[47],"tags":[],"class_list":["post-29587","post","type-post","status-publish","format-standard","has-post-thumbnail","hentry","category-wystawy"],"_links":{"self":[{"href":"https:\/\/pix.house\/en\/wp-json\/wp\/v2\/posts\/29587","targetHints":{"allow":["GET"]}}],"collection":[{"href":"https:\/\/pix.house\/en\/wp-json\/wp\/v2\/posts"}],"about":[{"href":"https:\/\/pix.house\/en\/wp-json\/wp\/v2\/types\/post"}],"author":[{"embeddable":true,"href":"https:\/\/pix.house\/en\/wp-json\/wp\/v2\/users\/11"}],"replies":[{"embeddable":true,"href":"https:\/\/pix.house\/en\/wp-json\/wp\/v2\/comments?post=29587"}],"version-history":[{"count":2,"href":"https:\/\/pix.house\/en\/wp-json\/wp\/v2\/posts\/29587\/revisions"}],"predecessor-version":[{"id":29629,"href":"https:\/\/pix.house\/en\/wp-json\/wp\/v2\/posts\/29587\/revisions\/29629"}],"wp:featuredmedia":[{"embeddable":true,"href":"https:\/\/pix.house\/en\/wp-json\/wp\/v2\/media\/29599"}],"wp:attachment":[{"href":"https:\/\/pix.house\/en\/wp-json\/wp\/v2\/media?parent=29587"}],"wp:term":[{"taxonomy":"category","embeddable":true,"href":"https:\/\/pix.house\/en\/wp-json\/wp\/v2\/categories?post=29587"},{"taxonomy":"post_tag","embeddable":true,"href":"https:\/\/pix.house\/en\/wp-json\/wp\/v2\/tags?post=29587"}],"curies":[{"name":"wp","href":"https:\/\/api.w.org\/{rel}","templated":true}]}}