{"id":29670,"date":"2019-05-24T10:07:34","date_gmt":"2019-05-24T08:07:34","guid":{"rendered":"https:\/\/pix.house\/?p=29670"},"modified":"2019-05-24T10:07:34","modified_gmt":"2019-05-24T08:07:34","slug":"life-goes-on","status":"publish","type":"post","link":"https:\/\/pix.house\/en\/life-goes-on\/","title":{"rendered":"Life Goes On | Jan Jurczak"},"content":{"rendered":"<div class=\"wpb-content-wrapper\"><div class=\"vc_row wpb_row section vc_row-fluid\" style=' text-align:left;'><div class=\"full_section_inner clearfix\"><div class=\"wpb_column vc_column_container vc_col-sm-12\"><div class=\"vc_column-inner\"><div class=\"wpb_wrapper\">\n\t<div class=\"wpb_text_column wpb_content_element\">\n\t\t<div class=\"wpb_wrapper\">\n\t\t\t<p><strong>wernisa\u017c, spotkanie z autorem i premiera publikacji:<\/strong> 03.06.2019 | 18:00<\/p>\n<p>opieka merytoryczna i kuratorska wystawy: Adrian Wykrota<\/p>\n<p>ekspozycja Jana Jurczaka (Talent Roku Pix.house 2018) oraz wydanie publikacji autora realizowane jest we wsp\u00f3\u0142pracy z <a href=\"http:\/\/photomonth.com\/pl\/\" target=\"_blank\" rel=\"noopener noreferrer\"><strong>Miesi\u0105cem Fotografii w Krakowie<\/strong><\/a><\/p>\n<p><strong>MIEJSCE WYSTAWY:<\/strong> galeria PIX.HOUSE ul. G\u0142ogowska 35a Pozna\u0144<\/p>\n<p>TERMIN WYSTAWY: 03.06.2019 \u2013 07.06.2019<\/p>\n<p>&nbsp;<\/p>\n<p>wst\u0119p wolny<\/p>\n<p><strong>GALERIA CZYNNA:<\/strong> od wtorku do pi\u0105tku (14.00 &#8211; 19.00)<br \/>\nwej\u015bcie na wystaw\u0119 przez ksi\u0119garni\u0119 Pix.house<\/p>\n\n\t\t<\/div> \n\t<\/div> <\/div><\/div><\/div><div class=\"wpb_column vc_column_container vc_col-sm-12\"><div class=\"vc_column-inner\"><div class=\"wpb_wrapper\"><div class='qode_image_gallery_no_space light highlight_active'><div class='qode_image_gallery_holder' style='height: 500px;'><ul><li><div style=\"height: 500px; width:625px;\"><img decoding=\"async\" src=\"https:\/\/pix.house\/wp-content\/uploads\/2019\/05\/life-goes-on-2000-px-long-edge-02.jpg\" alt=\"\" \/><\/div><\/li><li><div style=\"height: 500px; width:400px;\"><img decoding=\"async\" src=\"https:\/\/pix.house\/wp-content\/uploads\/2019\/05\/life-goes-on-2000-px-long-edge-07.jpg\" alt=\"\" \/><\/div><\/li><li><div style=\"height: 500px; width:400px;\"><img decoding=\"async\" src=\"https:\/\/pix.house\/wp-content\/uploads\/2019\/05\/life-goes-on-2000-px-long-edge-09.jpg\" alt=\"\" \/><\/div><\/li><li><div style=\"height: 500px; width:400px;\"><img decoding=\"async\" src=\"https:\/\/pix.house\/wp-content\/uploads\/2019\/05\/life-goes-on-2000-px-long-edge-10.jpg\" alt=\"\" \/><\/div><\/li><\/ul><\/div><div class=\"controls\"><a class=\"prev-slide\" href=\"#\"><span class=\"arrow_carrot-left\"><\/span><\/a><a class=\"next-slide\" href=\"#\"><span class=\"arrow_carrot-right\"><\/span><\/a><\/div><\/div><\/div><\/div><\/div><\/div><\/div><div     class=\"vc_row wpb_row section vc_row-fluid\" style=' text-align:left;'><div class=\"full_section_inner clearfix\"><div class=\"wpb_column vc_column_container vc_col-sm-12\"><div class=\"vc_column-inner\"><div class=\"wpb_wrapper\">\n\t<div class=\"wpb_text_column wpb_content_element\">\n\t\t<div class=\"wpb_wrapper\">\n\t\t\t<p style=\"padding-left: 40px; text-align: justify;\"><em>\u201e\u015amier\u0107, obok mi\u0142o\u015bci, jest granic\u0105 na kt\u00f3rej ko\u0144czy si\u0119 dla mnie dokument. <\/em><br \/>\n<em>Le\u017cy zbyt g\u0142\u0119boko w sferze prywatno\u015bci cz\u0142owieka, \u017cebym m\u00f3g\u0142 j\u0105 fotografowa\u0107\u201d<\/em><\/p>\n<p>&nbsp;<\/p>\n<p style=\"text-align: justify;\">Zdj\u0119cia do projektu Life Goes On powstawa\u0142y we wschodniej Ukrainie (obwodzie donieckim), w miasteczkach le\u017c\u0105cych kilka kilometr\u00f3w od linii frontu. Jan Jurczak szczeg\u00f3lnie cz\u0119sto wraca\u0142 do wsp\u00f3lnoty \u017cyj\u0105cej w Awdijiwce, niedaleko Doniecka. Dzi\u0119ki Elenie, kt\u00f3ra wynaj\u0119\u0142a jedno pi\u0119tro bloku, powsta\u0142y mieszkania udost\u0119pnione bezdomnym.<\/p>\n<p style=\"text-align: justify;\">Mieszka\u0144cy urz\u0105dzili tam sal\u0119 do ta\u0144ca, wykorzystywan\u0105 do organizacji tak\u017ce innych zaj\u0119\u0107. Na tym pi\u0119trze mieszka Irina, makija\u017cystka, kt\u00f3rej syn zgin\u0105\u0142 w wyniku ostrza\u0142\u00f3w. W pokoju obok mieszka Tanja ze swoj\u0105 c\u00f3rk\u0105 Kristin\u0105. Ira, Tanja i Kristina nie maj\u0105 swoich dom\u00f3w. Na prawo od pokoju Iry jest sala \u2012 krzes\u0142a, stary telewizor i krzy\u017c, mie\u015bci si\u0119 w niej ko\u015bci\u00f3\u0142 protestancki. Dwa \u015bwiaty si\u0119 przenikaj\u0105. \u017bycie i wojna, mi\u0142o\u015b\u0107 i \u015bmier\u0107.<\/p>\n<p style=\"text-align: justify;\">Na publikacje o wojnie na Ukrainie nie ma ju\u017c miejsca w mediach. Na opowie\u015bci o \u017cyciu podczas wojny tym bardziej.<\/p>\n<p style=\"text-align: justify;\">Wojna na Ukrainie trwa od 2014 roku.<\/p>\n<p>&nbsp;<\/p>\n<p style=\"text-align: justify;\"><strong>Wystawa prezentowana w Pix.house opiera si\u0119 na nowym materiale wizualnym<\/strong>, kt\u00f3ry w ostatnich dniach powsta\u0142 w Awdijiwce (wschodni obw\u00f3d Ukrainy).<\/p>\n<p style=\"text-align: justify;\">Dziesi\u0119\u0107 os\u00f3b. Luda, Losza, Daniel, Kristina, Tanja, Artiom, Siergiej, Irina, Wowa, Marija. Samotne starsze kobiety, matka z dzieckiem i alkoholicy zabrani z ulicy. Ci ostatni maj\u0105 najcz\u0119\u015bciej wyroki za kradzie\u017c. W centrum s\u0105 na odwyku. Siedz\u0105 przed nami i milcz\u0105. To milczenie i \u015bwiat\u0142o, kt\u00f3re emituje filmowy obraz odbity od \u015bnie\u017cnobia\u0142ego ekranu pozwala nam dostrzec to, czego na co dzie\u0144 nie widzimy lub nie chcemy widzie\u0107. Nie jest to wojna sama w sobie, to pewnego rodzaju uk\u0142on i zwrot w kierunku najs\u0142abszych os\u00f3b, kt\u00f3re nawet pomimo wojny s\u0105 na marginesie \u017cycia.<\/p>\n<p>&nbsp;<\/p>\n<p style=\"text-align: justify;\"><strong>Publikacja<\/strong> Life Goes On jest cz\u0119\u015bci\u0105 wystawy realizowanej w ramach Sekcji ShowOFF Miesi\u0105ca Fotografii w Krakowie 2019. Wsp\u00f3\u0142wydawc\u0105 publikacji jest Fundacja Pix.house. Jan Jurczak zosta\u0142 wybrany w 2018 roku Talentem Roku Pix.house.<\/p>\n\n\t\t<\/div> \n\t<\/div> \n\t<div class=\"wpb_single_image wpb_content_element vc_align_left\">\n\t\t<div class=\"wpb_wrapper\">\n\t\t\t\n\t\t\t<div class=\"vc_single_image-wrapper   vc_box_border_grey\"><img loading=\"lazy\" decoding=\"async\" width=\"1200\" height=\"800\" src=\"https:\/\/pix.house\/wp-content\/uploads\/2019\/05\/60956052_2253517641398023_6290972764639592448_n.jpg\" class=\"vc_single_image-img attachment-full\" alt=\"\" title=\"60956052_2253517641398023_6290972764639592448_n\" srcset=\"https:\/\/pix.house\/wp-content\/uploads\/2019\/05\/60956052_2253517641398023_6290972764639592448_n.jpg 1200w, https:\/\/pix.house\/wp-content\/uploads\/2019\/05\/60956052_2253517641398023_6290972764639592448_n-800x533.jpg 800w, https:\/\/pix.house\/wp-content\/uploads\/2019\/05\/60956052_2253517641398023_6290972764639592448_n-300x200.jpg 300w, https:\/\/pix.house\/wp-content\/uploads\/2019\/05\/60956052_2253517641398023_6290972764639592448_n-768x512.jpg 768w, https:\/\/pix.house\/wp-content\/uploads\/2019\/05\/60956052_2253517641398023_6290972764639592448_n-600x400.jpg 600w, https:\/\/pix.house\/wp-content\/uploads\/2019\/05\/60956052_2253517641398023_6290972764639592448_n-700x467.jpg 700w, https:\/\/pix.house\/wp-content\/uploads\/2019\/05\/60956052_2253517641398023_6290972764639592448_n-1100x733.jpg 1100w\" sizes=\"auto, (max-width: 1200px) 100vw, 1200px\" \/><\/div>\n\t\t<\/div>\n\t<\/div>\n\n\t<div class=\"wpb_text_column wpb_content_element\">\n\t\t<div class=\"wpb_wrapper\">\n\t\t\t<p style=\"text-align: justify;\">Jan Jurczak kontynuuje swoj\u0105 akcj\u0119 pomocow\u0105 <strong>Peace and love initiative<\/strong>.<\/p>\n<p style=\"text-align: justify;\">W ramach <a href=\"https:\/\/zrzutka.pl\/peaceandlove\" target=\"_blank\" rel=\"noopener noreferrer\"><strong>zbi\u00f3rki pieni\u0119dzy<\/strong><\/a> na rzecz miejsca dla os\u00f3b pozbawionych domu oraz centrum pomocy powsta\u0142ego w Awdijiwce w strefie konfliktu na wschodniej Ukrainie sprzedaj\u0119 dwie swoje prace: publikacj\u0119 (zdj\u0119cia i tekst) oraz wideo. Pieni\u0105dze przeznaczone b\u0119d\u0119 na pokrycie sta\u0142ych koszt\u00f3w centrum pomocy, napraw\u0119 dachu budynku (uszkodzonego podczas ostrza\u0142u) oraz koszt\u00f3w leczenia Eleny Pisarevej, kt\u00f3ra walczy z nowotworem, nie przestaj\u0105c zarz\u0105dza\u0107 centrum.<\/p>\n\n\t\t<\/div> \n\t<\/div> \n\t<div class=\"wpb_single_image wpb_content_element vc_align_left\">\n\t\t<div class=\"wpb_wrapper\">\n\t\t\t\n\t\t\t<div class=\"vc_single_image-wrapper   vc_box_border_grey\"><img loading=\"lazy\" decoding=\"async\" width=\"2000\" height=\"1600\" src=\"https:\/\/pix.house\/wp-content\/uploads\/2019\/05\/life-goes-on-2000-px-long-edge-01.jpg\" class=\"vc_single_image-img attachment-full\" alt=\"\" title=\"life goes on 2000 px long edge 01\" srcset=\"https:\/\/pix.house\/wp-content\/uploads\/2019\/05\/life-goes-on-2000-px-long-edge-01.jpg 2000w, https:\/\/pix.house\/wp-content\/uploads\/2019\/05\/life-goes-on-2000-px-long-edge-01-800x640.jpg 800w, https:\/\/pix.house\/wp-content\/uploads\/2019\/05\/life-goes-on-2000-px-long-edge-01-300x240.jpg 300w, https:\/\/pix.house\/wp-content\/uploads\/2019\/05\/life-goes-on-2000-px-long-edge-01-768x614.jpg 768w, https:\/\/pix.house\/wp-content\/uploads\/2019\/05\/life-goes-on-2000-px-long-edge-01-1280x1024.jpg 1280w, https:\/\/pix.house\/wp-content\/uploads\/2019\/05\/life-goes-on-2000-px-long-edge-01-600x480.jpg 600w, https:\/\/pix.house\/wp-content\/uploads\/2019\/05\/life-goes-on-2000-px-long-edge-01-700x560.jpg 700w, https:\/\/pix.house\/wp-content\/uploads\/2019\/05\/life-goes-on-2000-px-long-edge-01-1100x880.jpg 1100w, https:\/\/pix.house\/wp-content\/uploads\/2019\/05\/life-goes-on-2000-px-long-edge-01-1320x1056.jpg 1320w\" sizes=\"auto, (max-width: 2000px) 100vw, 2000px\" \/><\/div>\n\t\t<\/div>\n\t<\/div>\n\n\t<div class=\"wpb_text_column wpb_content_element\">\n\t\t<div class=\"wpb_wrapper\">\n\t\t\t<p style=\"text-align: justify;\"><strong>Jan Jurczak<\/strong> (ur. 1996 w Krakowie) \u2013 uko\u0144czy\u0142 kursy na Wydziale Rehabilitacji Akademii Wychowania Fizycznego (2015\u20132017) i Katedrze Socjologii Uniwersytetu Pedagogicznego w Krakowie (2017\u20132018) oraz program mentorski Sputnik Photos (2018). Jan Jurczak realizuje d\u0142ugoterminowe projekty dokumentalne w Polsce i innych krajach (m.in. na Ukrainie, w Armenii, Hiszpanii). W 2017 i 2018 roku pracowa\u0142 z ludno\u015bci\u0105 ukrai\u0144sk\u0105 mieszkaj\u0105c\u0105 przy linii frontu we wschodniej cz\u0119\u015bci kraju. Niedawno zacz\u0105\u0142 realizowa\u0107 projekt dotycz\u0105cy interakcji cz\u0142owieka i przyrody. W 2018 roku zdoby\u0142 Talent Roku Pix House, zosta\u0142 nominowany do nagrody Fujifilm Young Talent Award i zosta\u0142 finalist\u0105 konkursu Krzysztofa Milera i Grand Press Photo 2018. Od dziecka kocha si\u0119 wspina\u0107 ze swoimi przyjaci\u00f3\u0142mi.<\/p>\n\n\t\t<\/div> \n\t<\/div> <div class=\"separator  normal\" style=\"border-color: #ffffff;border-width:1px\"><\/div>\n<\/div><\/div><\/div><div class=\"wpb_column vc_column_container vc_col-sm-12\"><div class=\"vc_column-inner\"><div class=\"wpb_wrapper\"><\/div><\/div><\/div><\/div><\/div><div     class=\"vc_row wpb_row section vc_row-fluid\" style=' text-align:left;'><div class=\"full_section_inner clearfix\"><div class=\"wpb_column vc_column_container vc_col-sm-6\"><div class=\"vc_column-inner\"><div class=\"wpb_wrapper\">\n\t<div class=\"wpb_text_column wpb_content_element\">\n\t\t<div class=\"wpb_wrapper\">\n\t\t\t<h4>WYSTAWA ORAZ PUBLIKACJA POWSTA\u0141A DZI\u0118KI WSPARCIU MIASTA POZNA\u0143<\/h4>\n\n\t\t<\/div> \n\t<\/div> \n\t<div class=\"wpb_single_image wpb_content_element vc_align_left\">\n\t\t<div class=\"wpb_wrapper\">\n\t\t\t\n\t\t\t<div class=\"vc_single_image-wrapper   vc_box_border_grey\"><img decoding=\"async\" class=\"vc_single_image-img\" src=\"https:\/\/pix.house\/wp-content\/uploads\/2017\/09\/LOGO_POZnan_RGB_JPEG-1-e1572290098989.jpg\" width=\"180\" height=\"77\" alt=\"LOGO_POZnan_RGB_JPEG\" title=\"LOGO_POZnan_RGB_JPEG\" loading=\"lazy\" \/><\/div>\n\t\t<\/div>\n\t<\/div>\n\n\t<div class=\"wpb_text_column wpb_content_element\">\n\t\t<div class=\"wpb_wrapper\">\n\t\t\t<h4>wsp\u00f3\u0142praca:<\/h4>\n\n\t\t<\/div> \n\t<\/div> \n\t<div class=\"wpb_single_image wpb_content_element vc_align_left\">\n\t\t<div class=\"wpb_wrapper\">\n\t\t\t\n\t\t\t<div class=\"vc_single_image-wrapper   vc_box_border_grey\"><img loading=\"lazy\" decoding=\"async\" width=\"300\" height=\"71\" src=\"https:\/\/pix.house\/wp-content\/uploads\/2019\/05\/logo_krakow_photomonth_red_www-01-300x71.png\" class=\"vc_single_image-img attachment-medium\" alt=\"\" title=\"logo_krakow_photomonth_red_www-01\" srcset=\"https:\/\/pix.house\/wp-content\/uploads\/2019\/05\/logo_krakow_photomonth_red_www-01-300x71.png 300w, https:\/\/pix.house\/wp-content\/uploads\/2019\/05\/logo_krakow_photomonth_red_www-01-600x142.png 600w, https:\/\/pix.house\/wp-content\/uploads\/2019\/05\/logo_krakow_photomonth_red_www-01.png 646w\" sizes=\"auto, (max-width: 300px) 100vw, 300px\" \/><\/div>\n\t\t<\/div>\n\t<\/div>\n<\/div><\/div><\/div><div class=\"wpb_column vc_column_container vc_col-sm-6\"><div class=\"vc_column-inner\"><div class=\"wpb_wrapper\"><\/div><\/div><\/div><\/div><\/div>\n<\/div>","protected":false},"excerpt":{"rendered":"wernisa\u017c, spotkanie z autorem i premiera publikacji: 03.06.2019 | 18:00 opieka merytoryczna i kuratorska wystawy: Adrian Wykrota ekspozycja Jana Jurczaka (Talent Roku Pix.house 2018) oraz wydanie publikacji autora realizowane jest we wsp\u00f3\u0142pracy z Miesi\u0105cem Fotografii w Krakowie MIEJSCE WYSTAWY: galeria PIX.HOUSE ul. G\u0142ogowska 35a Pozna\u0144...","protected":false},"author":11,"featured_media":29671,"comment_status":"open","ping_status":"open","sticky":false,"template":"","format":"standard","meta":{"_monsterinsights_skip_tracking":false,"_monsterinsights_sitenote_active":false,"_monsterinsights_sitenote_note":"","_monsterinsights_sitenote_category":0,"footnotes":""},"categories":[47],"tags":[],"class_list":["post-29670","post","type-post","status-publish","format-standard","has-post-thumbnail","hentry","category-wystawy"],"_links":{"self":[{"href":"https:\/\/pix.house\/en\/wp-json\/wp\/v2\/posts\/29670","targetHints":{"allow":["GET"]}}],"collection":[{"href":"https:\/\/pix.house\/en\/wp-json\/wp\/v2\/posts"}],"about":[{"href":"https:\/\/pix.house\/en\/wp-json\/wp\/v2\/types\/post"}],"author":[{"embeddable":true,"href":"https:\/\/pix.house\/en\/wp-json\/wp\/v2\/users\/11"}],"replies":[{"embeddable":true,"href":"https:\/\/pix.house\/en\/wp-json\/wp\/v2\/comments?post=29670"}],"version-history":[{"count":4,"href":"https:\/\/pix.house\/en\/wp-json\/wp\/v2\/posts\/29670\/revisions"}],"predecessor-version":[{"id":29681,"href":"https:\/\/pix.house\/en\/wp-json\/wp\/v2\/posts\/29670\/revisions\/29681"}],"wp:featuredmedia":[{"embeddable":true,"href":"https:\/\/pix.house\/en\/wp-json\/wp\/v2\/media\/29671"}],"wp:attachment":[{"href":"https:\/\/pix.house\/en\/wp-json\/wp\/v2\/media?parent=29670"}],"wp:term":[{"taxonomy":"category","embeddable":true,"href":"https:\/\/pix.house\/en\/wp-json\/wp\/v2\/categories?post=29670"},{"taxonomy":"post_tag","embeddable":true,"href":"https:\/\/pix.house\/en\/wp-json\/wp\/v2\/tags?post=29670"}],"curies":[{"name":"wp","href":"https:\/\/api.w.org\/{rel}","templated":true}]}}