{"id":29920,"date":"2019-09-05T08:18:59","date_gmt":"2019-09-05T06:18:59","guid":{"rendered":"https:\/\/pix.house\/?p=29920"},"modified":"2019-09-05T08:18:59","modified_gmt":"2019-09-05T06:18:59","slug":"talentroku2019_final","status":"publish","type":"post","link":"https:\/\/pix.house\/en\/talentroku2019_final\/","title":{"rendered":"Talent Roku 2019 | ZinCall | finali\u015bci"},"content":{"rendered":"<div class=\"wpb-content-wrapper\"><div     class=\"vc_row wpb_row section vc_row-fluid\" style=' text-align:left;'><div class=\"full_section_inner clearfix\"><div class=\"wpb_column vc_column_container vc_col-sm-12\"><div class=\"vc_column-inner\"><div class=\"wpb_wrapper\">\n\t<div class=\"wpb_text_column wpb_content_element\">\n\t\t<div class=\"wpb_wrapper\">\n\t\t\t<p>Znamy finalist\u00f3w konkursu <strong>TALENT ROKU 2019 | ZIN CALL!<\/strong><\/p>\n<p>Jury w sk\u0142adzie: Anna Molter, Jan Brykczy\u0144ski, Krzysiek Or\u0142owski do fina\u0142u konkursu zakwalifikowa\u0142o prace nast\u0119puj\u0105cych os\u00f3b:<\/p>\n<p>&nbsp;<\/p>\n<p><strong>Alicja Wr\u00f3blewska | Rafa\u00a0<\/strong><\/p>\n<p>Rafy koralowe to jedne z pi\u0119kniejszych i delikatniejszych naturalnych zjawisk na Ziemi. Powstaj\u0105 w morzach i oceanach, w kt\u00f3rych temperatura wody utrzymuje si\u0119 powy\u017cej 18 \u00b0C. W zwi\u0105zku z zanieczyszczeniem \u015brodowiska, ocieplaniem si\u0119 klimatu, a tym samym ocieplaniu si\u0119 temperatury w\u00f3d rafy koralowe ulegaj\u0105 zjawisku blakni\u0119cia. W 2017 r. masowe blakni\u0119cie obj\u0119\u0142o 90% Wielkiej Rafy Koralowej. Je\u015bli nie powstrzymamy ocieplania klimatu \u2013 rafy znikn\u0105 na zawsze.<br \/>\nNa projekt sk\u0142adaj\u0105 si\u0119 fotografie obiekt\u00f3w, kt\u00f3re w ca\u0142o\u015bci zosta\u0142y wykonane z plastiku jednorazowego u\u017cytku (butelek, kubk\u00f3w, s\u0142omek, opakowa\u0144 po kosmetykach, \u017cywno\u015bci, etc.). S\u0105 to reprezentacje rafy przysz\u0142o\u015bci.<\/p>\n<p>&nbsp;<\/p>\n<p><img loading=\"lazy\" decoding=\"async\" class=\"aligncenter size-large wp-image-29927\" src=\"https:\/\/pix.house\/wp-content\/uploads\/2019\/09\/alicja-wroblewska-853x1280.jpg\" alt=\"\" width=\"853\" height=\"1280\" srcset=\"https:\/\/pix.house\/wp-content\/uploads\/2019\/09\/alicja-wroblewska-853x1280.jpg 853w, https:\/\/pix.house\/wp-content\/uploads\/2019\/09\/alicja-wroblewska-800x1200.jpg 800w, https:\/\/pix.house\/wp-content\/uploads\/2019\/09\/alicja-wroblewska-200x300.jpg 200w, https:\/\/pix.house\/wp-content\/uploads\/2019\/09\/alicja-wroblewska-768x1152.jpg 768w, https:\/\/pix.house\/wp-content\/uploads\/2019\/09\/alicja-wroblewska-600x900.jpg 600w, https:\/\/pix.house\/wp-content\/uploads\/2019\/09\/alicja-wroblewska-700x1050.jpg 700w, https:\/\/pix.house\/wp-content\/uploads\/2019\/09\/alicja-wroblewska-300x450.jpg 300w, https:\/\/pix.house\/wp-content\/uploads\/2019\/09\/alicja-wroblewska.jpg 1000w\" sizes=\"auto, (max-width: 853px) 100vw, 853px\" \/><\/p>\n<p>&nbsp;<\/p>\n<p>&nbsp;<\/p>\n<p><strong>Karolina Wojtas | WE CAN\u2019T LIVE &#8211; WITHOUT EACH OTHER<\/strong><\/p>\n<p>jest pi\u0119kny dzie\u0144 na zewn\u0105trz. ptaki \u015bpiewaj\u0105, kwiaty kwitn\u0105&#8230; w czasie takich dni, dzieciaki takie jak ty&#8230;<br \/>\nP o w i n n y s m a \u017c y \u0107 s i \u0119 w p i e k l e.<\/p>\n<p>&nbsp;<\/p>\n<p><img loading=\"lazy\" decoding=\"async\" class=\"aligncenter size-large wp-image-29926\" src=\"https:\/\/pix.house\/wp-content\/uploads\/2019\/09\/1565992286-karolina-wojtas-talent-roku-2019-zapisy-2019-844x1280.jpg\" alt=\"\" width=\"844\" height=\"1280\" srcset=\"https:\/\/pix.house\/wp-content\/uploads\/2019\/09\/1565992286-karolina-wojtas-talent-roku-2019-zapisy-2019-844x1280.jpg 844w, https:\/\/pix.house\/wp-content\/uploads\/2019\/09\/1565992286-karolina-wojtas-talent-roku-2019-zapisy-2019-800x1213.jpg 800w, https:\/\/pix.house\/wp-content\/uploads\/2019\/09\/1565992286-karolina-wojtas-talent-roku-2019-zapisy-2019-198x300.jpg 198w, https:\/\/pix.house\/wp-content\/uploads\/2019\/09\/1565992286-karolina-wojtas-talent-roku-2019-zapisy-2019-768x1165.jpg 768w, https:\/\/pix.house\/wp-content\/uploads\/2019\/09\/1565992286-karolina-wojtas-talent-roku-2019-zapisy-2019-600x910.jpg 600w, https:\/\/pix.house\/wp-content\/uploads\/2019\/09\/1565992286-karolina-wojtas-talent-roku-2019-zapisy-2019-700x1061.jpg 700w, https:\/\/pix.house\/wp-content\/uploads\/2019\/09\/1565992286-karolina-wojtas-talent-roku-2019-zapisy-2019-1100x1668.jpg 1100w, https:\/\/pix.house\/wp-content\/uploads\/2019\/09\/1565992286-karolina-wojtas-talent-roku-2019-zapisy-2019-300x455.jpg 300w, https:\/\/pix.house\/wp-content\/uploads\/2019\/09\/1565992286-karolina-wojtas-talent-roku-2019-zapisy-2019.jpg 1319w\" sizes=\"auto, (max-width: 844px) 100vw, 844px\" \/><\/p>\n<p>&nbsp;<\/p>\n<p>&nbsp;<\/p>\n<p><strong>Katarzyna Zolich | The Kiss, The Rage, The Swan<\/strong><\/p>\n<p>Podczas stypendium w Archiwum OSA dotar\u0142am do Amatorskiej Kolekcji zdj\u0119\u0107 Petera Forgacsa z lat 1989 &#8211; 1990. 213 pude\u0142 pe\u0142nych odbitek dokumentuje prywatne \u017cycie W\u0119gr\u00f3w podczas zmiany re\u017cimu. Odbitki te zosta\u0142y ocenzurowane, zepsute przy wywo\u0142ywaniu lub nikt si\u0119 po nie nie zg\u0142osi\u0142. Funkcjonuj\u0105ce jako obiekty interesuj\u0105ce same w sobie staj\u0105 si\u0119 znakomitym przyk\u0142adem napi\u0119cia pomi\u0119dzy tym co prywatne, a tym co publiczne. Archiwa te nie by\u0142y dotychczas prezentowane publicznie ze wzgl\u0119du na problemy zwi\u0105zane z publikacj\u0105 wizerunku wyst\u0119puj\u0105cych na nich os\u00f3b. Dosta\u0142am jednak prawa do stworzenia publikacji z wybranych przeze mnie obraz\u00f3w. Stworzy\u0142am wst\u0119pn\u0105 selekcj\u0119 trzech historii o nazwach The Kiss, The Rage i The Swan. Jest to fikcyjna historia opowiadaj\u0105ca za pomoc\u0105 archetyp\u00f3w prawdziw\u0105 histori\u0119 tego, co manifestuje si\u0119 w nie\u015bwiadomo\u015bci spo\u0142eczno\u015bci, w obrazie, wizualnym j\u0119zyku, podczas gdy historia przechodzi prawdziw\u0105 przemian\u0119.<\/p>\n<p>&nbsp;<\/p>\n<p><strong><img loading=\"lazy\" decoding=\"async\" class=\"aligncenter size-large wp-image-29933\" src=\"https:\/\/pix.house\/wp-content\/uploads\/2019\/09\/katarzyna-zolich-2-1280x800.jpg\" alt=\"\" width=\"1060\" height=\"663\" srcset=\"https:\/\/pix.house\/wp-content\/uploads\/2019\/09\/katarzyna-zolich-2-1280x800.jpg 1280w, https:\/\/pix.house\/wp-content\/uploads\/2019\/09\/katarzyna-zolich-2-800x500.jpg 800w, https:\/\/pix.house\/wp-content\/uploads\/2019\/09\/katarzyna-zolich-2-300x188.jpg 300w, https:\/\/pix.house\/wp-content\/uploads\/2019\/09\/katarzyna-zolich-2-768x480.jpg 768w, https:\/\/pix.house\/wp-content\/uploads\/2019\/09\/katarzyna-zolich-2-600x375.jpg 600w, https:\/\/pix.house\/wp-content\/uploads\/2019\/09\/katarzyna-zolich-2-700x438.jpg 700w, https:\/\/pix.house\/wp-content\/uploads\/2019\/09\/katarzyna-zolich-2-1100x688.jpg 1100w, https:\/\/pix.house\/wp-content\/uploads\/2019\/09\/katarzyna-zolich-2-1320x825.jpg 1320w, https:\/\/pix.house\/wp-content\/uploads\/2019\/09\/katarzyna-zolich-2.jpg 1920w\" sizes=\"auto, (max-width: 1060px) 100vw, 1060px\" \/>Mateusz Pawlukiewicz | Leksykon wsp\u00f3\u0142czesnych polskich zamk\u00f3w<\/strong><\/p>\n<p>&#8230;Budynek zrobiony bardzo kreatywnie z tarasami i wie\u017cyczk\u0105. Ca\u0142o\u015b\u0107 wykonana z pustak\u00f3w ceramicznych ob\u0142o\u017conych starymi ceg\u0142ami. Wspania\u0142a r\u0119czna robota zrobiona w wyj\u0105tkowym \u015bredniowiecznym stylu. W \u015brodku stylowe piece kaflowe. Na dole znajduje si\u0119 sala rycerska z kominkiem i wyj\u015bciem na wie\u017cyczk\u0119, kuchnia po\u0142\u0105czona z salonem, pok\u00f3j telewizyjny oraz sypialnia, 2 \u0142azienki, dodatkowa kuchnia, przedpok\u00f3j i garderoba. Przygotowane posadzki pod p\u0142ytki. Z sali rycerskiej przewidywana by\u0142a dobud\u00f3wka do powstania Sali Biesiadnej .<br \/>\nNa I pi\u0119trze s\u0105 4 pokoje, 2 \u0142azienki.<br \/>\nPokoje s\u0105 wyko\u0144czone, na pod\u0142ogach deski, nowe okna, grzejniki na \u015bcianach .<br \/>\nNowe instalacje elektryczne i hydrauliczne<br \/>\nPomieszczeniach na parterze do wyko\u0144czenia \/ p\u0142ytki\/<br \/>\nW pobli\u017cu nieruchomo\u015bci bezpo\u015brednio na dzia\u0142ce znajduj\u0105 si\u0119 dwa wykopane oczka z my\u015bl\u0105 o rybkach i pi\u0119knych ro\u015blinach.<br \/>\nWszystko wybudowane i wyposa\u017cone w \u015bredniowiecznym stylu&#8230;..<\/p>\n<p>&nbsp;<\/p>\n<p><img loading=\"lazy\" decoding=\"async\" class=\"aligncenter size-large wp-image-29923\" src=\"https:\/\/pix.house\/wp-content\/uploads\/2019\/09\/1565272896-mateusz-pawlukiewicz-talent-roku-2019-zapisy-2019-8-1280x458.jpg\" alt=\"\" width=\"1060\" height=\"379\" srcset=\"https:\/\/pix.house\/wp-content\/uploads\/2019\/09\/1565272896-mateusz-pawlukiewicz-talent-roku-2019-zapisy-2019-8-1280x458.jpg 1280w, https:\/\/pix.house\/wp-content\/uploads\/2019\/09\/1565272896-mateusz-pawlukiewicz-talent-roku-2019-zapisy-2019-8-800x286.jpg 800w, https:\/\/pix.house\/wp-content\/uploads\/2019\/09\/1565272896-mateusz-pawlukiewicz-talent-roku-2019-zapisy-2019-8-300x107.jpg 300w, https:\/\/pix.house\/wp-content\/uploads\/2019\/09\/1565272896-mateusz-pawlukiewicz-talent-roku-2019-zapisy-2019-8-768x275.jpg 768w, https:\/\/pix.house\/wp-content\/uploads\/2019\/09\/1565272896-mateusz-pawlukiewicz-talent-roku-2019-zapisy-2019-8-600x215.jpg 600w, https:\/\/pix.house\/wp-content\/uploads\/2019\/09\/1565272896-mateusz-pawlukiewicz-talent-roku-2019-zapisy-2019-8-700x251.jpg 700w, https:\/\/pix.house\/wp-content\/uploads\/2019\/09\/1565272896-mateusz-pawlukiewicz-talent-roku-2019-zapisy-2019-8-1100x394.jpg 1100w, https:\/\/pix.house\/wp-content\/uploads\/2019\/09\/1565272896-mateusz-pawlukiewicz-talent-roku-2019-zapisy-2019-8-1320x473.jpg 1320w, https:\/\/pix.house\/wp-content\/uploads\/2019\/09\/1565272896-mateusz-pawlukiewicz-talent-roku-2019-zapisy-2019-8.jpg 2000w\" sizes=\"auto, (max-width: 1060px) 100vw, 1060px\" \/><\/p>\n<p>&nbsp;<\/p>\n<p>&nbsp;<\/p>\n<p>&nbsp;<\/p>\n<p><strong>Igor Zieli\u0144ski | Kiosk<\/strong><\/p>\n<p>Wydawa\u0142o mi si\u0119 wtedy, \u017ce jest tam wszystko. Doskonale to pami\u0119tam. Uwielbia\u0142em obchodzi\u0107 go dooko\u0142a po kilka razy i gapi\u0107 si\u0119 przez szyby na wype\u0142nione po brzegi kolorowe gazety, zabawki, s\u0142odycze i rzeczy, kt\u00f3re nie mia\u0142em poj\u0119cia do czego s\u0142u\u017c\u0105. Nawet teraz nie wiem, do czego s\u0142u\u017c\u0105 niekt\u00f3re z nich. Zapomina\u0142em jednak o rdzeniu, najwa\u017cniejszej cz\u0119\u015bci, z kt\u00f3r\u0105 trzeba by\u0142o si\u0119 zmierzy\u0107 w ostateczno\u015bci. Ledwo dosi\u0119gn\u0105wszy wystaj\u0105cego parapetu, winien by\u0142em jeszcze wcisn\u0105\u0107 g\u0142ow\u0119 pomi\u0119dzy te wszystkie zwisaj\u0105ce zewsz\u0105d dra\u017ce, gumy do \u017cucia, bilety papierowe, do\u0142adowania na karty SIM, Grze\u015bki, Pawe\u0142ki i ca\u0142\u0105 reszt\u0119 polskich imion lub cyfer z dopiskiem &#8211; panoramiczna. Dopiero wtedy ukazywa\u0142 mi si\u0119 niczym niewzruszony pos\u0105g, usytuowany na kilkumetrowym cokole w centrum wszech\u015bwiata. Najcz\u0119\u015bciej p\u0142ci \u017ce\u0144skiej. Wyraz twarzy jakby wyrze\u017abiony przez kogo\u015b, kto przeszed\u0142 w \u017cyciu ju\u017c wszystko. Niebywa\u0142y kontrast dostrzegam dopiero teraz, po latach. Wtedy dostrzega\u0142em jedynie, jak znikaj\u0105 moje ostatnie drobne z plastikowej, porysowanej tacki, a chwil\u0119 p\u00f3\u017aniej wysuwa si\u0119 gazeta, kt\u00f3r\u0105 wcze\u015bniej wypatrzy\u0142em w gablotce. Teraz ju\u017c nawet si\u0119 nie schylam. Nie ma tam ani jednej rzeczy, kt\u00f3ra by mi si\u0119 przyda\u0142a. Szyby straci\u0142y swoj\u0105 grawitacj\u0119, nie przyci\u0105gaj\u0105. Zachowa\u0142 si\u0119 natomiast pos\u0105g &#8211; osoba, kt\u00f3ra by\u0142a tam od zawsze i zniknie kiedy\u015b razem ze swoim kwadratowym, kolorowym \u015bwiatem. Nie zostanie nic, chocia\u017c wydawa\u0142o si\u0119, \u017ce jest tam wszystko.<\/p>\n<p>&nbsp;<\/p>\n<p><img loading=\"lazy\" decoding=\"async\" class=\"aligncenter size-large wp-image-29925\" src=\"https:\/\/pix.house\/wp-content\/uploads\/2019\/09\/1565965656-igor-zieli\u0144ski-talent-roku-2019-zapisy-2019-14-1280x905.jpg\" alt=\"\" width=\"1060\" height=\"749\" srcset=\"https:\/\/pix.house\/wp-content\/uploads\/2019\/09\/1565965656-igor-zieli\u0144ski-talent-roku-2019-zapisy-2019-14-1280x905.jpg 1280w, https:\/\/pix.house\/wp-content\/uploads\/2019\/09\/1565965656-igor-zieli\u0144ski-talent-roku-2019-zapisy-2019-14-800x566.jpg 800w, https:\/\/pix.house\/wp-content\/uploads\/2019\/09\/1565965656-igor-zieli\u0144ski-talent-roku-2019-zapisy-2019-14-300x212.jpg 300w, https:\/\/pix.house\/wp-content\/uploads\/2019\/09\/1565965656-igor-zieli\u0144ski-talent-roku-2019-zapisy-2019-14-768x543.jpg 768w, https:\/\/pix.house\/wp-content\/uploads\/2019\/09\/1565965656-igor-zieli\u0144ski-talent-roku-2019-zapisy-2019-14-600x424.jpg 600w, https:\/\/pix.house\/wp-content\/uploads\/2019\/09\/1565965656-igor-zieli\u0144ski-talent-roku-2019-zapisy-2019-14-700x495.jpg 700w, https:\/\/pix.house\/wp-content\/uploads\/2019\/09\/1565965656-igor-zieli\u0144ski-talent-roku-2019-zapisy-2019-14-1100x778.jpg 1100w, https:\/\/pix.house\/wp-content\/uploads\/2019\/09\/1565965656-igor-zieli\u0144ski-talent-roku-2019-zapisy-2019-14-1320x933.jpg 1320w, https:\/\/pix.house\/wp-content\/uploads\/2019\/09\/1565965656-igor-zieli\u0144ski-talent-roku-2019-zapisy-2019-14.jpg 1980w\" sizes=\"auto, (max-width: 1060px) 100vw, 1060px\" \/><\/p>\n<p>&nbsp;<\/p>\n<p><strong>Mateusz Kowalik | Czarcie \u017cebro\u00a0<\/strong><\/p>\n<p>Od dawna bezustannie ci\u0105gnie mnie w dzicz. Przygl\u0105dam si\u0119 jej uwa\u017cnie, ulegam urokom nieskazitelnej natury, dla kt\u00f3rej ludzie rzucaj\u0105 wszystko i uciekaj\u0105 w poszukiwaniu ukojenia. R\u00f3wnocze\u015bnie s\u0142ucham ich mrocznych historii, kt\u00f3re sprowadzaj\u0105 mnie na ziemi\u0119. Na szcz\u0119\u015bcie, bo nigdy nie uwierzy\u0142em w mit idyllicznego \u017cycia na \u0142onie natury. Tam cia\u0142o i dusza r\u00f3wnie\u017c potrzebuj\u0105 solidnego ukojenia, bo ka\u017cdego z nas czasem ci\u0105gnie w mrok, niezale\u017cnie od szeroko\u015bci geograficznej. R\u00f3\u017cnica polega \u201ejedynie\u201d na tym, \u017ce zamiast pi\u0107 whisky z supermarketu, tam za\u017cywa si\u0119 k\u0105pieli w roztworze z czarciego \u017cebra* zebranego w pobliskim lesie. Tam r\u00f3wnowaga r\u00f3wnie\u017c zostaje zachowana a beztroskie momenty r\u00f3wnowa\u017c\u0105 si\u0119 z ciemn\u0105 stron\u0105 rzeczywisto\u015bci.<br \/>\n*Ostro\u017ce\u0144 warzywny (czarcie \u017cebro) &#8211; gatunek ro\u015bliny nale\u017c\u0105cy do rodziny astrowatych.<br \/>\nZawiera wiele aktywnych biologicznie substancji. Maj\u0105 one silne dzia\u0142anie odtruwaj\u0105ce, przeciwzapalne, przeciwbakteryjne i wzmacniaj\u0105ce. (K\u0105piel z dodatkiem naparu z czarciego \u017cebra regeneruje, wzmacnia i dodaje energii.) Jego li\u015bcie delikatnie przypominaj\u0105 \u017cebra.<\/p>\n<p>&nbsp;<\/p>\n<p><img loading=\"lazy\" decoding=\"async\" class=\"aligncenter size-large wp-image-29929\" src=\"https:\/\/pix.house\/wp-content\/uploads\/2019\/09\/mateusz-kowalik-czarcie-zebro-1280x1014.jpg\" alt=\"\" width=\"1060\" height=\"840\" srcset=\"https:\/\/pix.house\/wp-content\/uploads\/2019\/09\/mateusz-kowalik-czarcie-zebro-1280x1014.jpg 1280w, https:\/\/pix.house\/wp-content\/uploads\/2019\/09\/mateusz-kowalik-czarcie-zebro-800x634.jpg 800w, https:\/\/pix.house\/wp-content\/uploads\/2019\/09\/mateusz-kowalik-czarcie-zebro-300x238.jpg 300w, https:\/\/pix.house\/wp-content\/uploads\/2019\/09\/mateusz-kowalik-czarcie-zebro-768x608.jpg 768w, https:\/\/pix.house\/wp-content\/uploads\/2019\/09\/mateusz-kowalik-czarcie-zebro-600x475.jpg 600w, https:\/\/pix.house\/wp-content\/uploads\/2019\/09\/mateusz-kowalik-czarcie-zebro-700x554.jpg 700w, https:\/\/pix.house\/wp-content\/uploads\/2019\/09\/mateusz-kowalik-czarcie-zebro-1100x871.jpg 1100w, https:\/\/pix.house\/wp-content\/uploads\/2019\/09\/mateusz-kowalik-czarcie-zebro-1320x1046.jpg 1320w, https:\/\/pix.house\/wp-content\/uploads\/2019\/09\/mateusz-kowalik-czarcie-zebro.jpg 1515w\" sizes=\"auto, (max-width: 1060px) 100vw, 1060px\" \/><\/p>\n<p>&nbsp;<\/p>\n<p><strong>Edyta Jab\u0142o\u0144ska | Kraj(obraz)<\/strong><\/p>\n<p>Robi\u0107 mi si\u0119 nie chce,<br \/>\nNo bo nie mam po co.<br \/>\nLubi\u0119 pospa\u0107 za dnia,<br \/>\nPobawi\u0107 si\u0119 noc\u0105.<br \/>\nI cho\u0107 m\u00f3wi\u0105 leniu,<br \/>\nMo\u017ce to i prawda.<br \/>\nLecz szaleje za mn\u0105,<br \/>\nKa\u017cda m\u0142oda panna.<br \/>\nRef: B\u0119d\u0119 kawalerem, a\u017c do ko\u0144ca \u015bwiata<br \/>\nNie zostan\u0119 ksi\u0119dzem, jakby chcia\u0142 m\u00f3j tata<br \/>\nB\u0119d\u0119 kawalerem, to mi si\u0119 op\u0142aca<br \/>\n\u017beby ciemn\u0105 noc\u0105 dziewczyny obraca\u0107(&#8230;).<\/p>\n<p>M\u0119\u017cem nie zostan\u0119, cho\u0107 niejedna chcia\u0142a<br \/>\nDo o\u0142tarza si\u0142\u0105 ci\u0105gn\u0105\u0107 pr\u00f3bowa\u0142a<br \/>\nBo nie w moim stylu dziewczynie obieca\u0107<br \/>\nKiedy za 5 minut inna mnie nakr\u0119ca<\/p>\n<p>Ref: B\u0119d\u0119 kawalerem, a\u017c do ko\u0144ca \u015bwiata<br \/>\nNie zostan\u0119 ksi\u0119dzem, jakby chcia\u0142 m\u00f3j tata<br \/>\nB\u0119d\u0119 kawalerem, to mi si\u0119 op\u0142aca<br \/>\n\u017beby ciemn\u0105 noc\u0105 dziewczyny obraca\u0107(&#8230;).<\/p>\n<p>Bohaterom projektu Kraj(obraz) daleko do postawy przedstawionej w piosence disco polo zespo\u0142u Effect, B\u0119d\u0119 kawalerem. Stasica (37 l), Marianica (44 l) i Andrejko (65 l) mieszkaj\u0105 z dala od aglomeracji miejskich w popegeerowskiej wsi oddalonej 40 km od granicy ukrai\u0144skiej. Nie s\u0105 zbyt zamo\u017cni, nie maj\u0105 sta\u0142ej pracy ani hobby. Wychowali si\u0119 w rodzinach pozbawionych odpowiednich wzorc\u00f3w spo\u0142ecznych. Presja spo\u0142eczno\u015bci, w kt\u00f3rej \u017cyj\u0105 dotycz\u0105ca ich stanu cywilnego jest olbrzymia, w takim \u015brodowisku warto\u015b\u0107 drugiej osoby jest uzale\u017cniona od posiadania partnera. Maj\u0105 jedno wyobra\u017cenie na temat tego, co czyni m\u0119\u017cczyzn\u0119 szcz\u0119\u015bliwym \u2013 \u017bONA. Podobnie jak ich bliscy, kt\u00f3rzy \u017cycz\u0105 przy wigilijnym op\u0142atku \u201e\u017ceby\u015b dziecko znalaz\u0142 KOGO\u015a\u201d.<\/p>\n<p>&nbsp;<\/p>\n<p><strong><img loading=\"lazy\" decoding=\"async\" class=\"aligncenter size-large wp-image-29924\" src=\"https:\/\/pix.house\/wp-content\/uploads\/2019\/09\/1565804243-edyta-jab\u0142o\u0144ska-talent-roku-2019-zapisy-2019-4-1280x853.jpg\" alt=\"\" width=\"1060\" height=\"706\" srcset=\"https:\/\/pix.house\/wp-content\/uploads\/2019\/09\/1565804243-edyta-jab\u0142o\u0144ska-talent-roku-2019-zapisy-2019-4-1280x853.jpg 1280w, https:\/\/pix.house\/wp-content\/uploads\/2019\/09\/1565804243-edyta-jab\u0142o\u0144ska-talent-roku-2019-zapisy-2019-4-800x533.jpg 800w, https:\/\/pix.house\/wp-content\/uploads\/2019\/09\/1565804243-edyta-jab\u0142o\u0144ska-talent-roku-2019-zapisy-2019-4-300x200.jpg 300w, https:\/\/pix.house\/wp-content\/uploads\/2019\/09\/1565804243-edyta-jab\u0142o\u0144ska-talent-roku-2019-zapisy-2019-4-768x512.jpg 768w, https:\/\/pix.house\/wp-content\/uploads\/2019\/09\/1565804243-edyta-jab\u0142o\u0144ska-talent-roku-2019-zapisy-2019-4-600x400.jpg 600w, https:\/\/pix.house\/wp-content\/uploads\/2019\/09\/1565804243-edyta-jab\u0142o\u0144ska-talent-roku-2019-zapisy-2019-4-700x467.jpg 700w, https:\/\/pix.house\/wp-content\/uploads\/2019\/09\/1565804243-edyta-jab\u0142o\u0144ska-talent-roku-2019-zapisy-2019-4-1100x733.jpg 1100w, https:\/\/pix.house\/wp-content\/uploads\/2019\/09\/1565804243-edyta-jab\u0142o\u0144ska-talent-roku-2019-zapisy-2019-4-1320x880.jpg 1320w, https:\/\/pix.house\/wp-content\/uploads\/2019\/09\/1565804243-edyta-jab\u0142o\u0144ska-talent-roku-2019-zapisy-2019-4.jpg 2000w\" sizes=\"auto, (max-width: 1060px) 100vw, 1060px\" \/><\/strong><\/p>\n<p>&nbsp;<\/p>\n<p><strong>Zachar Szerstobitow | Emigracja<\/strong><\/p>\n<p>Projekt opowiada o Polonii holenderskiej. Jest w pewnym stopniu portretem socjologicznym polak\u00f3w przebywaj\u0105cych w owym kraju. Na pierwszy rzut oka mo\u017cna by by\u0142o si\u0119 spodziewa\u0107 prostej historii, gonitwy za pieni\u0105dzem, d\u0105\u017cenia do poprawienia standardu \u017cycia. Lecz sytuacja od wewn\u0105trz jest radykalnie inna. Polacy w wi\u0119kszo\u015bci przypadk\u00f3w nie emigruj\u0105 dla pieni\u0119dzy lecz uciekaj\u0105 od problem\u00f3w. Od znienawidzonych partner\u00f3w, zatar\u0107 z prawem, rodzin\u0105, od aliment\u00f3w czy narkotykowej prohibicji. Mieszka\u0142em tam ponad rok i mia\u0142em okazj\u0119 do\u015bwiadczy\u0107 pe\u0142nego spectrum charakter\u00f3w, zachowa\u0144 i historii granicz\u0105cych ze scenariuszami krymina\u0142\u00f3w. Projekt sk\u0142ada si\u0119 z 3 cz\u0119\u015bci. Portret\u00f3w, pejza\u017cy oraz prywatnych zdj\u0119\u0107 bohater\u00f3w. Portrety pe\u0142ni\u0105 funkcj\u0119 opisow\u0105 ludzi a pejza\u017ce ich emocji, charakter\u00f3w i wn\u0119trz. Osobiste zdj\u0119cia &#8222;modeli&#8221; pokazuj\u0105 ich zdaniem w superlatywnym \u015bwietle samych siebie.<\/p>\n<p>&nbsp;<\/p>\n<p><img loading=\"lazy\" decoding=\"async\" class=\"aligncenter size-large wp-image-29922\" src=\"https:\/\/pix.house\/wp-content\/uploads\/2019\/09\/1564671798-zachar-szerstobitow-talent-roku-2019-zapisy-2019-1280x951.jpg\" alt=\"\" width=\"1060\" height=\"788\" srcset=\"https:\/\/pix.house\/wp-content\/uploads\/2019\/09\/1564671798-zachar-szerstobitow-talent-roku-2019-zapisy-2019-1280x951.jpg 1280w, https:\/\/pix.house\/wp-content\/uploads\/2019\/09\/1564671798-zachar-szerstobitow-talent-roku-2019-zapisy-2019-800x594.jpg 800w, https:\/\/pix.house\/wp-content\/uploads\/2019\/09\/1564671798-zachar-szerstobitow-talent-roku-2019-zapisy-2019-300x223.jpg 300w, https:\/\/pix.house\/wp-content\/uploads\/2019\/09\/1564671798-zachar-szerstobitow-talent-roku-2019-zapisy-2019-768x570.jpg 768w, https:\/\/pix.house\/wp-content\/uploads\/2019\/09\/1564671798-zachar-szerstobitow-talent-roku-2019-zapisy-2019-600x446.jpg 600w, https:\/\/pix.house\/wp-content\/uploads\/2019\/09\/1564671798-zachar-szerstobitow-talent-roku-2019-zapisy-2019-700x520.jpg 700w, https:\/\/pix.house\/wp-content\/uploads\/2019\/09\/1564671798-zachar-szerstobitow-talent-roku-2019-zapisy-2019-1100x817.jpg 1100w, https:\/\/pix.house\/wp-content\/uploads\/2019\/09\/1564671798-zachar-szerstobitow-talent-roku-2019-zapisy-2019-1320x980.jpg 1320w, https:\/\/pix.house\/wp-content\/uploads\/2019\/09\/1564671798-zachar-szerstobitow-talent-roku-2019-zapisy-2019.jpg 1500w\" sizes=\"auto, (max-width: 1060px) 100vw, 1060px\" \/><\/p>\n<p>&nbsp;<\/p>\n<p><strong>Kamil \u015aleszy\u0144ski | Balistyka ko\u0144cowa *<\/strong><\/p>\n<p>Pierwsze polowanie mo\u017ce wydawa\u0107 si\u0119 harmonijnym aktem, kt\u00f3ry ma g\u0142\u0119bsze znaczenie. Kontakt z natur\u0105, poczucie si\u0142y, spo\u0142eczno\u015b\u0107. Wszystkie te czynniki przyczyniaj\u0105 si\u0119 do widocznej atrakcyjno\u015bci tego dzia\u0142ania. Ale to tylko pozory. Techniki \u0142owieckie stale si\u0119 rozwijaj\u0105, ale w u\u017cyciu nadal pozostaj\u0105 pociski grzybkuj\u0105ce. Ten rodzaj amunicji rozszerza si\u0119 od czo\u0142a podczas przebijania tkanek zwierz\u0119cych przybieraj\u0105c kszta\u0142t grzybka. Patrz\u0105c na zdj\u0119cia zdeformowanych pocisk\u00f3w wydobytych z cia\u0142 zwierz\u0105t tu\u017c po polowaniu, mo\u017cemy sobie wyobrazi\u0107, jakie szkody spowodowa\u0142y. Dlatego s\u0105 one og\u00f3lnie zabronione do u\u017cycia w wojsku.<\/p>\n<p>* Balistyka ko\u0144cowa &#8211; dzia\u0142 balistyki zajmuj\u0105cy si\u0119 zjawiskami wywo\u0142ywanymi dzia\u0142aniem pocisku w celu.<br \/>\nDo zjawisk tych mo\u017cemy zaliczy\u0107: przebijalno\u015b\u0107 pocisku wraz z jego wnikaniem w przeszkod\u0119, proces odkszta\u0142cenia si\u0119 pocisku i materia\u0142u przeszkody w kt\u00f3r\u0105 trafi\u0142, efekt burz\u0105cy i skuteczno\u015b\u0107 dzia\u0142ania od\u0142amkowego.<\/p>\n<p>&nbsp;<\/p>\n<p><img loading=\"lazy\" decoding=\"async\" class=\"aligncenter size-large wp-image-29921\" src=\"https:\/\/pix.house\/wp-content\/uploads\/2019\/09\/1563426915-kamil-\u015aleszy\u0144ski-talent-roku-2019-zapisy-2019-11-1280x854.jpg\" alt=\"\" width=\"1060\" height=\"707\" srcset=\"https:\/\/pix.house\/wp-content\/uploads\/2019\/09\/1563426915-kamil-\u015aleszy\u0144ski-talent-roku-2019-zapisy-2019-11-1280x854.jpg 1280w, https:\/\/pix.house\/wp-content\/uploads\/2019\/09\/1563426915-kamil-\u015aleszy\u0144ski-talent-roku-2019-zapisy-2019-11-800x534.jpg 800w, https:\/\/pix.house\/wp-content\/uploads\/2019\/09\/1563426915-kamil-\u015aleszy\u0144ski-talent-roku-2019-zapisy-2019-11-300x200.jpg 300w, https:\/\/pix.house\/wp-content\/uploads\/2019\/09\/1563426915-kamil-\u015aleszy\u0144ski-talent-roku-2019-zapisy-2019-11-768x513.jpg 768w, https:\/\/pix.house\/wp-content\/uploads\/2019\/09\/1563426915-kamil-\u015aleszy\u0144ski-talent-roku-2019-zapisy-2019-11-600x400.jpg 600w, https:\/\/pix.house\/wp-content\/uploads\/2019\/09\/1563426915-kamil-\u015aleszy\u0144ski-talent-roku-2019-zapisy-2019-11-700x467.jpg 700w, https:\/\/pix.house\/wp-content\/uploads\/2019\/09\/1563426915-kamil-\u015aleszy\u0144ski-talent-roku-2019-zapisy-2019-11-1100x734.jpg 1100w, https:\/\/pix.house\/wp-content\/uploads\/2019\/09\/1563426915-kamil-\u015aleszy\u0144ski-talent-roku-2019-zapisy-2019-11-1320x881.jpg 1320w, https:\/\/pix.house\/wp-content\/uploads\/2019\/09\/1563426915-kamil-\u015aleszy\u0144ski-talent-roku-2019-zapisy-2019-11.jpg 1500w\" sizes=\"auto, (max-width: 1060px) 100vw, 1060px\" \/><\/p>\n<p>&nbsp;<\/p>\n<p><strong>GRATULUJEMY!\u00a0<\/strong><\/p>\n<p>&nbsp;<\/p>\n<p><strong>Zwyci\u0119zc\u00f3w poznamy niebawem!\u00a0<\/strong><\/p>\n<p>Poziom by\u0142 bardzo wysoki. Serdecznie dzi\u0119kujemy wszystkim, kt\u00f3rzy nades\u0142ali swoje zg\u0142oszenia. Gratulujemy Wam i trzymamy za Was kciuki!<\/p>\n\n\t\t<\/div> \n\t<\/div> <\/div><\/div><\/div><div class=\"wpb_column vc_column_container vc_col-sm-12\"><div class=\"vc_column-inner\"><div class=\"wpb_wrapper\"><div class=\"separator  normal\" style=\"border-color: #fcfcfc\"><\/div>\n\n\t<div class=\"wpb_text_column wpb_content_element\">\n\t\t<div class=\"wpb_wrapper\">\n\t\t\t<p><b>Organizatorzy:\u00a0<\/b><\/p>\n<p>Fundacja\u00a0<strong>Pix.house\u00a0<\/strong><\/p>\n<p>koordynacja dzia\u0142a\u0144: Adrian Wykrota<\/p>\n<p><img loading=\"lazy\" decoding=\"async\" class=\"wp-image-23802 alignnone\" src=\"https:\/\/pix.house\/wp-content\/uploads\/2016\/10\/pix_logo_bez_tla-copy.png\" sizes=\"auto, (max-width: 140px) 100vw, 140px\" srcset=\"https:\/\/pix.house\/wp-content\/uploads\/2016\/10\/pix_logo_bez_tla-copy.png 400w, https:\/\/pix.house\/wp-content\/uploads\/2016\/10\/pix_logo_bez_tla-copy-300x300.png 300w, https:\/\/pix.house\/wp-content\/uploads\/2016\/10\/pix_logo_bez_tla-copy-100x100.png 100w, https:\/\/pix.house\/wp-content\/uploads\/2016\/10\/pix_logo_bez_tla-copy-150x150.png 150w\" alt=\"\" width=\"140\" height=\"140\" \/><\/p>\n<p><strong>Zinteka\u00a0<\/strong><\/p>\n<p>Krzysiek Or\u0142owski<\/p>\n<p><img loading=\"lazy\" decoding=\"async\" class=\"wp-image-29748 alignnone\" src=\"https:\/\/pix.house\/wp-content\/uploads\/2019\/07\/Zinteka-png-logo-1280x1280.png\" sizes=\"auto, (max-width: 139px) 100vw, 139px\" srcset=\"https:\/\/pix.house\/wp-content\/uploads\/2019\/07\/Zinteka-png-logo-1280x1280.png 1280w, https:\/\/pix.house\/wp-content\/uploads\/2019\/07\/Zinteka-png-logo-150x150.png 150w, https:\/\/pix.house\/wp-content\/uploads\/2019\/07\/Zinteka-png-logo-300x300.png 300w, https:\/\/pix.house\/wp-content\/uploads\/2019\/07\/Zinteka-png-logo-768x768.png 768w, https:\/\/pix.house\/wp-content\/uploads\/2019\/07\/Zinteka-png-logo-600x600.png 600w, https:\/\/pix.house\/wp-content\/uploads\/2019\/07\/Zinteka-png-logo-550x550.png 550w, https:\/\/pix.house\/wp-content\/uploads\/2019\/07\/Zinteka-png-logo-500x500.png 500w, https:\/\/pix.house\/wp-content\/uploads\/2019\/07\/Zinteka-png-logo-1000x1000.png 1000w, https:\/\/pix.house\/wp-content\/uploads\/2019\/07\/Zinteka-png-logo-700x700.png 700w, https:\/\/pix.house\/wp-content\/uploads\/2019\/07\/Zinteka-png-logo-1100x1100.png 1100w, https:\/\/pix.house\/wp-content\/uploads\/2019\/07\/Zinteka-png-logo-1320x1320.png 1320w, https:\/\/pix.house\/wp-content\/uploads\/2019\/07\/Zinteka-png-logo-800x800.png 800w, https:\/\/pix.house\/wp-content\/uploads\/2019\/07\/Zinteka-png-logo-100x100.png 100w\" alt=\"\" width=\"139\" height=\"139\" \/><\/p>\n<p>&nbsp;<\/p>\n<p><b>Projekt realizowany dzi\u0119ki wsparciu:\u00a0<\/b><\/p>\n<p><img loading=\"lazy\" decoding=\"async\" class=\"alignleft wp-image-26656\" src=\"https:\/\/pix.house\/wp-content\/uploads\/2017\/09\/LOGO_POZnan_RGB_JPEG-e1562077673334.jpg\" sizes=\"auto, (max-width: 306px) 100vw, 306px\" srcset=\"https:\/\/pix.house\/wp-content\/uploads\/2017\/09\/LOGO_POZnan_RGB_JPEG-e1562077673334.jpg 757w, https:\/\/pix.house\/wp-content\/uploads\/2017\/09\/LOGO_POZnan_RGB_JPEG-e1562077673334-300x150.jpg 300w, https:\/\/pix.house\/wp-content\/uploads\/2017\/09\/LOGO_POZnan_RGB_JPEG-e1562077673334-600x300.jpg 600w, https:\/\/pix.house\/wp-content\/uploads\/2017\/09\/LOGO_POZnan_RGB_JPEG-e1562077673334-700x350.jpg 700w\" alt=\"\" width=\"200\" height=\"100\" \/><\/p>\n\n\t\t<\/div> \n\t<\/div> <div class=\"separator  normal\" style=\"border-color: #fcfcfc\"><\/div>\n<\/div><\/div><\/div><\/div><\/div>\n<\/div>","protected":false},"excerpt":{"rendered":"Znamy finalist\u00f3w konkursu TALENT ROKU 2019 | ZIN CALL! Jury w sk\u0142adzie: Anna Molter, Jan Brykczy\u0144ski, Krzysiek Or\u0142owski do fina\u0142u konkursu zakwalifikowa\u0142o prace nast\u0119puj\u0105cych os\u00f3b: &nbsp; Alicja Wr\u00f3blewska | Rafa\u00a0 Rafy koralowe to jedne z pi\u0119kniejszych i delikatniejszych naturalnych zjawisk na Ziemi. Powstaj\u0105 w morzach...","protected":false},"author":11,"featured_media":29922,"comment_status":"open","ping_status":"open","sticky":false,"template":"","format":"standard","meta":{"_monsterinsights_skip_tracking":false,"_monsterinsights_sitenote_active":false,"_monsterinsights_sitenote_note":"","_monsterinsights_sitenote_category":0,"footnotes":""},"categories":[59],"tags":[],"class_list":["post-29920","post","type-post","status-publish","format-standard","has-post-thumbnail","hentry","category-co-z-ta-fotografia"],"_links":{"self":[{"href":"https:\/\/pix.house\/en\/wp-json\/wp\/v2\/posts\/29920","targetHints":{"allow":["GET"]}}],"collection":[{"href":"https:\/\/pix.house\/en\/wp-json\/wp\/v2\/posts"}],"about":[{"href":"https:\/\/pix.house\/en\/wp-json\/wp\/v2\/types\/post"}],"author":[{"embeddable":true,"href":"https:\/\/pix.house\/en\/wp-json\/wp\/v2\/users\/11"}],"replies":[{"embeddable":true,"href":"https:\/\/pix.house\/en\/wp-json\/wp\/v2\/comments?post=29920"}],"version-history":[{"count":5,"href":"https:\/\/pix.house\/en\/wp-json\/wp\/v2\/posts\/29920\/revisions"}],"predecessor-version":[{"id":29936,"href":"https:\/\/pix.house\/en\/wp-json\/wp\/v2\/posts\/29920\/revisions\/29936"}],"wp:featuredmedia":[{"embeddable":true,"href":"https:\/\/pix.house\/en\/wp-json\/wp\/v2\/media\/29922"}],"wp:attachment":[{"href":"https:\/\/pix.house\/en\/wp-json\/wp\/v2\/media?parent=29920"}],"wp:term":[{"taxonomy":"category","embeddable":true,"href":"https:\/\/pix.house\/en\/wp-json\/wp\/v2\/categories?post=29920"},{"taxonomy":"post_tag","embeddable":true,"href":"https:\/\/pix.house\/en\/wp-json\/wp\/v2\/tags?post=29920"}],"curies":[{"name":"wp","href":"https:\/\/api.w.org\/{rel}","templated":true}]}}