{"id":30037,"date":"2019-11-04T20:54:22","date_gmt":"2019-11-04T19:54:22","guid":{"rendered":"https:\/\/pix.house\/?p=30037"},"modified":"2023-03-05T19:22:40","modified_gmt":"2023-03-05T18:22:40","slug":"mechanizm_wystawa","status":"publish","type":"post","link":"https:\/\/pix.house\/en\/mechanizm_wystawa\/","title":{"rendered":"Mechanizm | Mariusz Forecki"},"content":{"rendered":"<div class=\"wpb-content-wrapper\"><div class=\"vc_row wpb_row section vc_row-fluid\" style=' text-align:left;'><div class=\"full_section_inner clearfix\"><div class=\"wpb_column vc_column_container vc_col-sm-12\"><div class=\"vc_column-inner\"><div class=\"wpb_wrapper\">\n\t<div class=\"wpb_text_column wpb_content_element\">\n\t\t<div class=\"wpb_wrapper\">\n\t\t\t<p><strong>Polska 1988-2019<\/strong><\/p>\n<p>&nbsp;<\/p>\n<p><strong>TERMIN WYSTAWY: <\/strong>15.11.2019 \u2013 08.12.2019<\/p>\n<p><strong>wernisa\u017c<\/strong> oraz przedpremierowy pokaz ksi\u0105\u017cki: <strong>15.11.2019<\/strong> | \u00a018:30<br \/>\n<strong>spotkanie<\/strong> z Mariuszem Foreckim i Piotrem Gajdzi\u0144skim oraz oprowadzenie kuratorskie po wystawie: <strong>07.12.2019<\/strong><\/p>\n<p><strong>MIEJSCE WYSTAWY: <\/strong>galeria PIX.HOUSE G\u0142ogowska 35a 60-736 Pozna\u0144<\/p>\n<p><strong>wystawa czynna: <\/strong>wtorek-pi\u0105tek 14:00-19:00 oraz w innych terminach po uzgodnieniu<\/p>\n<p><strong>WST\u0118P WOLNY<\/strong><\/p>\n\n\t\t<\/div> \n\t<\/div> \n\t<div class=\"wpb_single_image wpb_content_element vc_align_left\">\n\t\t<div class=\"wpb_wrapper\">\n\t\t\t\n\t\t\t<div class=\"vc_single_image-wrapper   vc_box_border_grey\"><img loading=\"lazy\" decoding=\"async\" width=\"1800\" height=\"1200\" src=\"https:\/\/pix.house\/wp-content\/uploads\/2019\/11\/01_Mechanizm_Mariusz_Foreckim.jpg\" class=\"vc_single_image-img attachment-full\" alt=\"\" title=\"01_Mechanizm_Mariusz_Foreckim\" srcset=\"https:\/\/pix.house\/wp-content\/uploads\/2019\/11\/01_Mechanizm_Mariusz_Foreckim.jpg 1800w, https:\/\/pix.house\/wp-content\/uploads\/2019\/11\/01_Mechanizm_Mariusz_Foreckim-800x533.jpg 800w, https:\/\/pix.house\/wp-content\/uploads\/2019\/11\/01_Mechanizm_Mariusz_Foreckim-300x200.jpg 300w, https:\/\/pix.house\/wp-content\/uploads\/2019\/11\/01_Mechanizm_Mariusz_Foreckim-768x512.jpg 768w, https:\/\/pix.house\/wp-content\/uploads\/2019\/11\/01_Mechanizm_Mariusz_Foreckim-1280x853.jpg 1280w, https:\/\/pix.house\/wp-content\/uploads\/2019\/11\/01_Mechanizm_Mariusz_Foreckim-600x400.jpg 600w, https:\/\/pix.house\/wp-content\/uploads\/2019\/11\/01_Mechanizm_Mariusz_Foreckim-700x467.jpg 700w, https:\/\/pix.house\/wp-content\/uploads\/2019\/11\/01_Mechanizm_Mariusz_Foreckim-1100x733.jpg 1100w, https:\/\/pix.house\/wp-content\/uploads\/2019\/11\/01_Mechanizm_Mariusz_Foreckim-1320x880.jpg 1320w\" sizes=\"auto, (max-width: 1800px) 100vw, 1800px\" \/><\/div>\n\t\t<\/div>\n\t<\/div>\n<\/div><\/div><\/div><div class=\"wpb_column vc_column_container vc_col-sm-12\"><div class=\"vc_column-inner\"><div class=\"wpb_wrapper\">\n\t<div class=\"wpb_text_column wpb_content_element\">\n\t\t<div class=\"wpb_wrapper\">\n\t\t\t<p style=\"text-align: justify;\"><strong>Jacy byli\u015bmy? Jak wygl\u0105da\u0142 nasz kraj, a jak \u017cyje si\u0119 teraz?<\/strong><\/p>\n<p>&nbsp;<\/p>\n<p style=\"text-align: justify;\"><strong>\u201eMechanizm\u201d<\/strong> to fotograficzna opowie\u015b\u0107 dzi\u0119ki kt\u00f3rej nie tylko mo\u017cemy zobaczy\u0107, ale tak\u017ce postara\u0107 si\u0119 zrozumie\u0107 i doceni\u0107 jak zmieni\u0142a si\u0119 Polska na prze\u0142omie lat.<\/p>\n\n\t\t<\/div> \n\t<\/div> <div class=\"separator  normal\" style=\"border-color: #ffffff;border-width:1px\"><\/div>\n<div class=\"separator  normal\" style=\"border-color: #ffffff;border-width:1px\"><\/div>\n<div class='qode_image_gallery_no_space light highlight_active'><div class='qode_image_gallery_holder' style='height: 500px;'><ul><li><div style=\"height: 500px; width:750px;\"><img decoding=\"async\" src=\"https:\/\/pix.house\/wp-content\/uploads\/2019\/11\/02_Mechanizm_Mariusz_Foreckim.jpg\" alt=\"\" \/><\/div><\/li><li><div style=\"height: 500px; width:750px;\"><img decoding=\"async\" src=\"https:\/\/pix.house\/wp-content\/uploads\/2019\/11\/04_Mechanizm_Mariusz_Foreckim.jpg\" alt=\"\" \/><\/div><\/li><li><div style=\"height: 500px; width:750px;\"><img decoding=\"async\" src=\"https:\/\/pix.house\/wp-content\/uploads\/2019\/11\/03_Mechanizm_Mariusz_Foreckim.jpg\" alt=\"\" \/><\/div><\/li><li><div style=\"height: 500px; width:750px;\"><img decoding=\"async\" src=\"https:\/\/pix.house\/wp-content\/uploads\/2019\/11\/05_Mechanizm_Mariusz_Foreckim.jpg\" alt=\"\" \/><\/div><\/li><li><div style=\"height: 500px; width:750px;\"><img decoding=\"async\" src=\"https:\/\/pix.house\/wp-content\/uploads\/2019\/11\/06_Mechanizm_Mariusz_Foreckim.jpg\" alt=\"\" \/><\/div><\/li><\/ul><\/div><div class=\"controls\"><a class=\"prev-slide\" href=\"#\"><span class=\"arrow_carrot-left\"><\/span><\/a><a class=\"next-slide\" href=\"#\"><span class=\"arrow_carrot-right\"><\/span><\/a><\/div><\/div><\/div><\/div><\/div><\/div><\/div><div     class=\"vc_row wpb_row section vc_row-fluid\" style=' text-align:left;'><div class=\"full_section_inner clearfix\"><div class=\"wpb_column vc_column_container vc_col-sm-12\"><div class=\"vc_column-inner\"><div class=\"wpb_wrapper\">\n\t<div class=\"wpb_text_column wpb_content_element\">\n\t\t<div class=\"wpb_wrapper\">\n\t\t\t<p style=\"text-align: justify;\">Wszystko dojrzewa\u0142o powoli, wstydliwie. W cieniu brudnych bram dom\u00f3w czai\u0142a si\u0119 niepewno\u015b\u0107, czy cienki zwitek dolar\u00f3w kupiony za roczn\u0105 pensj\u0119, nie oka\u017ce si\u0119 poci\u0119t\u0105, komunistyczn\u0105 gazet\u0105 i czy nie jest to prowokacja. P\u00f3\u017aniej &#8211; kilkudniowe stanie w kolejce po paszport i pierwsze wybory, nazwane troch\u0119 na wyrost \u201ewolnymi\u201c. I dworzec kolejowy, pachn\u0105cy jeszcze brudnym wagonem drugiej klasy w nocnym poci\u0105gu relacji Szczecin-Przemy\u015bl.<\/p>\n<p style=\"text-align: justify;\">Polska na zdj\u0119ciach Foreckiego to tytu\u0142owy mechanizm. Autor nie ocenia, raczej jest dog\u0142\u0119bnym obserwatorem rzeczywisto\u015bci \u2013 tej szarej, zwyk\u0142ej oraz tej \u201ewa\u017cniejszej\u201d \u2013 z pierwszych stron gazet. Ukazuje j\u0105 jednak nie wprost \u2013 jak zwyk\u0142o si\u0119 drukowa\u0107 j\u0105 w prasie. Sporo jest w Foreckim socjologa &#8211; dokumentalisty \u2013 du\u017co wi\u0119cej ni\u017c fotoreportera. Opowie\u015b\u0107 zaczyna si\u0119 w p\u00f3\u017anych latach osiemdziesi\u0105tych, szaro\u015b\u0107 ulicy zamienia si\u0119 w kolor nieprzewidywalnych lat dziewi\u0119\u0107dziesi\u0105tych.<\/p>\n<p style=\"text-align: justify;\">Wyobra\u017ania podpowiada\u0142a coraz to nowe pomys\u0142y na funkcjonowanie w nowym, rodz\u0105cym si\u0119 systemie. Pan Marek, uprawiaj\u0105cy fakirstwo, m\u00f3g\u0142 wreszcie prezentowa\u0107 swoje umiej\u0119tno\u015bci, gdzie tylko zapragn\u0105\u0142. Pani Jadwiga, 56-letnia ekspedientka w sklepie z pasmanteri\u0105, mog\u0142a odda\u0107 si\u0119 erotycznemu ta\u0144cu na rurze. Ka\u017cdemu pozwalano handlowa\u0107, czym chcia\u0142 i gdzie chcia\u0142. Jon Som Szczepanek z Chorzowa m\u00f3g\u0142 na swoim bia\u0142ym kontrabasie gra\u0107 wsz\u0119dzie, nie niepokojony przez nikogo. Do urz\u0119du celnego ustawia\u0142y si\u0119 d\u0142ugie kolejki pocz\u0105tkuj\u0105cych biznesmen\u00f3w, \u017ceby ocli\u0107 kolejny transport towar\u00f3w z Zachodu. Prawdziwa wolno\u015b\u0107.<br \/>\nMocnym krokiem wchodzimy we wsp\u00f3\u0142czesno\u015b\u0107 \u2013 t\u0105 komercyjn\u0105, mobiln\u0105, cyfrow\u0105. Nie mamy w\u0105tpliwo\u015b\u0107, \u017ce to: \u201enasze czasy w wersji instant\u201d. No i to\u2026<\/p>\n<p style=\"text-align: justify;\">Piwo, wsz\u0119dzie piwo. Prezes browaru motywuje pracownik\u00f3w: \u201eOpowiadajcie o naszym piwie rodzinie, przyjacio\u0142om, wszystkim. Musimy by\u0107 najwi\u0119kszym producentem piwa w Europie\u201d. Pada has\u0142o: \u201eKlient musi by\u0107 zadowolony z naszej pracy, bo p\u0142aci nasz\u0105 wyp\u0142at\u0119\u201d. Ruszaj\u0105 konkursy \u2013 kto ma najwi\u0119kszy piwny brzuszek, kto pierwszy wypije du\u017cy kufel piwa, zrobi pi\u0119\u0107 przysiad\u00f3w, zakr\u0119ci si\u0119 dooko\u0142a i b\u0119dzie sta\u0142 prosto. Piwo to te\u017c najch\u0119tniej kupowany nap\u00f3j na odbywaj\u0105cym si\u0119 w Kostrzynie nad Odr\u0105, tu\u017c przy granicy z Niemcami najwi\u0119kszym festiwalu rockowym w Europie \u015brodkowej. Odbywa si\u0119 pod has\u0142em: Mi\u0142o\u015b\u0107 Przyja\u017a\u0144 Muzyka i nawi\u0105zuje do legendarnego festiwalu Woodstock z 1969 roku.<\/p>\n<p style=\"text-align: justify;\">Nowa rzeczywisto\u015b\u0107 to jednak nie tylko popkultura i niepohamowana, momentami wr\u0119cz rubaszna rado\u015b\u0107 ze zmian. To tak\u017ce praca i pogo\u0144 za twardym tu i teraz. Jak zauwa\u017ca Piotr Gajdzi\u0144ski w \u017cycie wkradaj\u0105 si\u0119 procedury, spychaj\u0105c w k\u0105t legendarny polski ba\u0142agan, szumnie w\u00f3wczas zwany \u201ekreatywno\u015bci\u0105\u201d. Ale ta \u201ekreatywno\u015b\u0107\u201d jako\u015b si\u0119 wyzwala, wyziera z korporacyjnego sztywniactwa, \u201epolonizuj\u0105c\u201d \u2013 w\u0142a\u015bciwiej by\u0142oby powiedzie\u0107 \u201eu\u015brodkowoeuropeizuj\u0105c\u201d \u2013 zachodnie procedury.<br \/>\nPrze\u0142om lat osiemdziesi\u0105tych i dziewi\u0119\u0107dziesi\u0105tych to nie by\u0142 czas smakowania ledwo odzyskanej wolno\u015bci. To by\u0142 czas zapijania si\u0119 wolno\u015bci\u0105 na um\u00f3r, bo wdar\u0142a si\u0119 ona w nas niespodziewanie, z si\u0142\u0105 tsunami i aromatem lawendowych p\u00f3l.<\/p>\n<p>&nbsp;<\/p>\n<p style=\"text-align: right;\"><em>Tekst: Mariusz Forecki, Piotr Gajdzi\u0144ski, Adrian Wykrota<\/em><\/p>\n\n\t\t<\/div> \n\t<\/div> \n\t<div class=\"wpb_single_image wpb_content_element vc_align_left\">\n\t\t<div class=\"wpb_wrapper\">\n\t\t\t\n\t\t\t<div class=\"vc_single_image-wrapper   vc_box_border_grey\"><img loading=\"lazy\" decoding=\"async\" width=\"1800\" height=\"1200\" src=\"https:\/\/pix.house\/wp-content\/uploads\/2019\/11\/mechanizm_1800_www_pix.jpg\" class=\"vc_single_image-img attachment-full\" alt=\"\" title=\"mechanizm_1800_www_pix\" srcset=\"https:\/\/pix.house\/wp-content\/uploads\/2019\/11\/mechanizm_1800_www_pix.jpg 1800w, https:\/\/pix.house\/wp-content\/uploads\/2019\/11\/mechanizm_1800_www_pix-800x533.jpg 800w, https:\/\/pix.house\/wp-content\/uploads\/2019\/11\/mechanizm_1800_www_pix-300x200.jpg 300w, https:\/\/pix.house\/wp-content\/uploads\/2019\/11\/mechanizm_1800_www_pix-768x512.jpg 768w, https:\/\/pix.house\/wp-content\/uploads\/2019\/11\/mechanizm_1800_www_pix-1280x853.jpg 1280w, https:\/\/pix.house\/wp-content\/uploads\/2019\/11\/mechanizm_1800_www_pix-600x400.jpg 600w, https:\/\/pix.house\/wp-content\/uploads\/2019\/11\/mechanizm_1800_www_pix-700x467.jpg 700w, https:\/\/pix.house\/wp-content\/uploads\/2019\/11\/mechanizm_1800_www_pix-1100x733.jpg 1100w, https:\/\/pix.house\/wp-content\/uploads\/2019\/11\/mechanizm_1800_www_pix-1320x880.jpg 1320w\" sizes=\"auto, (max-width: 1800px) 100vw, 1800px\" \/><\/div>\n\t\t<\/div>\n\t<\/div>\n<\/div><\/div><\/div><\/div><\/div><div     class=\"vc_row wpb_row section vc_row-fluid\" style=' text-align:left;'><div class=\"full_section_inner clearfix\"><div class=\"wpb_column vc_column_container vc_col-sm-12\"><div class=\"vc_column-inner\"><div class=\"wpb_wrapper\">\n\t<div class=\"wpb_text_column wpb_content_element\">\n\t\t<div class=\"wpb_wrapper\">\n\t\t\t<p><strong>Ksi\u0105\u017cka MECHANIZM<\/strong><\/p>\n<p>Informacje og\u00f3lne:<\/p>\n<p><strong>zdj\u0119cia:<\/strong> Mariusz Forecki<\/p>\n<p><strong>design:<\/strong> Andrzej Dobosz<\/p>\n<p><strong>teksty:<\/strong> Piotr Gajdzi\u0144ski, Mariusz Forecki<\/p>\n<p><strong>wydawca:<\/strong> fundacja PIX.HOUSE \/ Mariusz Forecki<\/p>\n<p><strong>nak\u0142ad:<\/strong> 250 sztuk wersja podstawowa \/ 400 sztuk wersja autorska<\/p>\n<p><strong>ok\u0142adka:<\/strong> twarda<\/p>\n<p><strong>j\u0119zyk:<\/strong> polski \/ angielski<\/p>\n<p><strong>rok wydania:<\/strong> 2019<\/p>\n\n\t\t<\/div> \n\t<\/div> \n\t<div class=\"wpb_text_column wpb_content_element\">\n\t\t<div class=\"wpb_wrapper\">\n\t\t\t<p style=\"text-align: justify;\"><strong>Biogramy autor\u00f3w: \u00a0\u00a0<\/strong><\/p>\n<p style=\"text-align: justify;\"><strong>Mariusz Forecki<\/strong> &#8211; fotograf-dokumentalista. Intensywnie fotografuje w Polsce i na terenach by\u0142ego ZSRR. Autor ksi\u0105\u017cek z fotografi\u0105 dokumentaln\u0105: &#8222;I Love Poland&#8221; (2009), &#8222;Kolekcja Wrzesi\u0144ska&#8221; (2011), &#8222;W Pracy&#8221; (2011) i &#8222;Cz\u0142owiek w ciemnych okularach&#8221; (2016). Uko\u0144czy\u0142 Instytut Kreatywnej Fotografii Uniwersytetu \u015al\u0105skiego w\u00a0 czeskiej Opavie. Laureat konkurs\u00f3w fotograficznych i autor wystaw. Uhonorowany m. innymi medalem Zwi\u0105zku Polskich Artyst\u00f3w Fotografik\u00f3w i Nagrod\u0105 Artystyczn\u0105 Miasta Poznania | <em>fotografie i teksty<\/em><\/p>\n<p>&nbsp;<\/p>\n<p><strong>Piotr Gajdzi\u0144ski<\/strong> &#8211; autor biografii W\u0142adys\u0142awa Gomu\u0142ki (\u201eGomu\u0142ka. Dyktatura ciemniak\u00f3w\u201d), Edwarda Gierka (\u201eGierek. Cz\u0142owiek z w\u0119gla\u201d), Wojciecha Jaruzelskiego (\u201eCzerwony \u015alepowron\u201d). W maju 2019 roku ukaza\u0142a si\u0119 jego ksi\u0105\u017cka o Mateuszu Morawieckim pod tytu\u0142em \u201eDelfin\u201d | <em>tekst wprowadzaj\u0105cy<\/em><\/p>\n\n\t\t<\/div> \n\t<\/div> <div class=\"separator  normal\" style=\"border-color: #ffffff;border-width:1px\"><\/div>\n<\/div><\/div><\/div><\/div><\/div><div     class=\"vc_row wpb_row section vc_row-fluid\" style=' text-align:left;'><div class=\"full_section_inner clearfix\"><div class=\"wpb_column vc_column_container vc_col-sm-6\"><div class=\"vc_column-inner\"><div class=\"wpb_wrapper\">\n\t<div class=\"wpb_text_column wpb_content_element\">\n\t\t<div class=\"wpb_wrapper\">\n\t\t\t<h4>WYSTAWA ORAZ KSI\u0104\u017bKA POWSTA\u0141A DZI\u0118KI WSPARCIU MIASTA POZNA\u0143<\/h4>\n\n\t\t<\/div> \n\t<\/div> \n\t<div class=\"wpb_single_image wpb_content_element vc_align_left\">\n\t\t<div class=\"wpb_wrapper\">\n\t\t\t\n\t\t\t<div class=\"vc_single_image-wrapper   vc_box_border_grey\"><img loading=\"lazy\" decoding=\"async\" width=\"300\" height=\"87\" src=\"https:\/\/pix.house\/wp-content\/uploads\/2019\/11\/LOGO_POZnan_PL_RGB_PNG-e1605284264424-300x87.png\" class=\"vc_single_image-img attachment-medium\" alt=\"\" title=\"LOGO_POZnan_PL_RGB_PNG\" srcset=\"https:\/\/pix.house\/wp-content\/uploads\/2019\/11\/LOGO_POZnan_PL_RGB_PNG-e1605284264424-300x87.png 300w, https:\/\/pix.house\/wp-content\/uploads\/2019\/11\/LOGO_POZnan_PL_RGB_PNG-e1605284264424-700x204.png 700w, https:\/\/pix.house\/wp-content\/uploads\/2019\/11\/LOGO_POZnan_PL_RGB_PNG-e1605284264424.png 739w\" sizes=\"auto, (max-width: 300px) 100vw, 300px\" \/><\/div>\n\t\t<\/div>\n\t<\/div>\n\n\t<div class=\"wpb_text_column wpb_content_element\">\n\t\t<div class=\"wpb_wrapper\">\n\t\t\t<h4>produkcja wystawy<\/h4>\n<div id=\"gtx-trans\" style=\"position: absolute; left: -37px; top: 43.2656px;\">\n<div class=\"gtx-trans-icon\"><\/div>\n<\/div>\n\n\t\t<\/div> \n\t<\/div> \n\t<div class=\"wpb_single_image wpb_content_element vc_align_left\">\n\t\t<div class=\"wpb_wrapper\">\n\t\t\t\n\t\t\t<div class=\"vc_single_image-wrapper   vc_box_border_grey\"><img loading=\"lazy\" decoding=\"async\" width=\"300\" height=\"107\" src=\"https:\/\/pix.house\/wp-content\/uploads\/2019\/02\/falter-300x107.jpg\" class=\"vc_single_image-img attachment-medium\" alt=\"\" title=\"falter\" srcset=\"https:\/\/pix.house\/wp-content\/uploads\/2019\/02\/falter-300x107.jpg 300w, https:\/\/pix.house\/wp-content\/uploads\/2019\/02\/falter-800x285.jpg 800w, https:\/\/pix.house\/wp-content\/uploads\/2019\/02\/falter-768x273.jpg 768w, https:\/\/pix.house\/wp-content\/uploads\/2019\/02\/falter-1280x456.jpg 1280w, https:\/\/pix.house\/wp-content\/uploads\/2019\/02\/falter-600x214.jpg 600w, https:\/\/pix.house\/wp-content\/uploads\/2019\/02\/falter-700x249.jpg 700w, https:\/\/pix.house\/wp-content\/uploads\/2019\/02\/falter-1100x392.jpg 1100w, https:\/\/pix.house\/wp-content\/uploads\/2019\/02\/falter-1320x470.jpg 1320w\" sizes=\"auto, (max-width: 300px) 100vw, 300px\" \/><\/div>\n\t\t<\/div>\n\t<\/div>\n\n\t<div class=\"wpb_text_column wpb_content_element\">\n\t\t<div class=\"wpb_wrapper\">\n\t\t\t<h4>wystawa prezentowana w ramach festiwalu<\/h4>\n<div id=\"gtx-trans\" style=\"position: absolute; left: -13px; top: -4.73438px;\">\n<div class=\"gtx-trans-icon\"><\/div>\n<\/div>\n\n\t\t<\/div> \n\t<\/div> \n\t<div class=\"wpb_single_image wpb_content_element vc_align_left\">\n\t\t<div class=\"wpb_wrapper\">\n\t\t\t\n\t\t\t<div class=\"vc_single_image-wrapper   vc_box_border_grey\"><img loading=\"lazy\" decoding=\"async\" width=\"300\" height=\"62\" src=\"https:\/\/pix.house\/wp-content\/uploads\/2016\/10\/xprint_logo-300x62.png\" class=\"vc_single_image-img attachment-medium\" alt=\"\" title=\"xprint_logo\" srcset=\"https:\/\/pix.house\/wp-content\/uploads\/2016\/10\/xprint_logo-300x62.png 300w, https:\/\/pix.house\/wp-content\/uploads\/2016\/10\/xprint_logo.png 528w\" sizes=\"auto, (max-width: 300px) 100vw, 300px\" \/><\/div>\n\t\t<\/div>\n\t<\/div>\n<\/div><\/div><\/div><div class=\"wpb_column vc_column_container vc_col-sm-6\"><div class=\"vc_column-inner\"><div class=\"wpb_wrapper\"><\/div><\/div><\/div><\/div><\/div>\n<\/div>","protected":false},"excerpt":{"rendered":"Polska 1988-2019 &nbsp; TERMIN WYSTAWY: 15.11.2019 \u2013 08.12.2019 wernisa\u017c oraz przedpremierowy pokaz ksi\u0105\u017cki: 15.11.2019 | \u00a018:30 spotkanie z Mariuszem Foreckim i Piotrem Gajdzi\u0144skim oraz oprowadzenie kuratorskie po wystawie: 07.12.2019 MIEJSCE WYSTAWY: galeria PIX.HOUSE G\u0142ogowska 35a 60-736 Pozna\u0144 wystawa czynna: wtorek-pi\u0105tek 14:00-19:00 oraz w innych terminach...","protected":false},"author":11,"featured_media":30046,"comment_status":"open","ping_status":"open","sticky":false,"template":"","format":"standard","meta":{"_monsterinsights_skip_tracking":false,"_monsterinsights_sitenote_active":false,"_monsterinsights_sitenote_note":"","_monsterinsights_sitenote_category":0,"footnotes":""},"categories":[47],"tags":[],"class_list":["post-30037","post","type-post","status-publish","format-standard","has-post-thumbnail","hentry","category-wystawy"],"_links":{"self":[{"href":"https:\/\/pix.house\/en\/wp-json\/wp\/v2\/posts\/30037","targetHints":{"allow":["GET"]}}],"collection":[{"href":"https:\/\/pix.house\/en\/wp-json\/wp\/v2\/posts"}],"about":[{"href":"https:\/\/pix.house\/en\/wp-json\/wp\/v2\/types\/post"}],"author":[{"embeddable":true,"href":"https:\/\/pix.house\/en\/wp-json\/wp\/v2\/users\/11"}],"replies":[{"embeddable":true,"href":"https:\/\/pix.house\/en\/wp-json\/wp\/v2\/comments?post=30037"}],"version-history":[{"count":20,"href":"https:\/\/pix.house\/en\/wp-json\/wp\/v2\/posts\/30037\/revisions"}],"predecessor-version":[{"id":36052,"href":"https:\/\/pix.house\/en\/wp-json\/wp\/v2\/posts\/30037\/revisions\/36052"}],"wp:featuredmedia":[{"embeddable":true,"href":"https:\/\/pix.house\/en\/wp-json\/wp\/v2\/media\/30046"}],"wp:attachment":[{"href":"https:\/\/pix.house\/en\/wp-json\/wp\/v2\/media?parent=30037"}],"wp:term":[{"taxonomy":"category","embeddable":true,"href":"https:\/\/pix.house\/en\/wp-json\/wp\/v2\/categories?post=30037"},{"taxonomy":"post_tag","embeddable":true,"href":"https:\/\/pix.house\/en\/wp-json\/wp\/v2\/tags?post=30037"}],"curies":[{"name":"wp","href":"https:\/\/api.w.org\/{rel}","templated":true}]}}