{"id":30311,"date":"2019-12-12T14:10:12","date_gmt":"2019-12-12T13:10:12","guid":{"rendered":"https:\/\/pix.house\/?p=30311"},"modified":"2019-12-13T12:19:22","modified_gmt":"2019-12-13T11:19:22","slug":"fyrtel2019","status":"publish","type":"post","link":"https:\/\/pix.house\/en\/fyrtel2019\/","title":{"rendered":"M\u00f3j Fyrtel \/ Moja Przestrze\u0144 2019"},"content":{"rendered":"<div class=\"wpb-content-wrapper\"><div class=\"vc_row wpb_row section vc_row-fluid\" style=' text-align:left;'><div class=\"full_section_inner clearfix\"><div class=\"wpb_column vc_column_container vc_col-sm-12\"><div class=\"vc_column-inner\"><div class=\"wpb_wrapper\">\n\t<div class=\"wpb_text_column wpb_content_element\">\n\t\t<div class=\"wpb_wrapper\">\n\t\t\t<p><strong>wernisa\u017c<\/strong>: <strong>15.12.2019<\/strong> | \u00a016:00<br \/>\n<strong>miejsce: <\/strong>galeria PIX.HOUSE G\u0142ogowska 35a 60-736 Pozna\u0144<\/p>\n<p><strong>WST\u0118P WOLNY<\/strong><\/p>\n\n\t\t<\/div> \n\t<\/div> \n\t<div class=\"wpb_single_image wpb_content_element vc_align_left\">\n\t\t<div class=\"wpb_wrapper\">\n\t\t\t\n\t\t\t<div class=\"vc_single_image-wrapper   vc_box_border_grey\"><img loading=\"lazy\" decoding=\"async\" width=\"1600\" height=\"1067\" src=\"https:\/\/pix.house\/wp-content\/uploads\/2019\/12\/1natalka-dovha_tylkomoje2-1-.jpg\" class=\"vc_single_image-img attachment-full\" alt=\"\" title=\"1natalka dovha_tylkomoje2-1-\" srcset=\"https:\/\/pix.house\/wp-content\/uploads\/2019\/12\/1natalka-dovha_tylkomoje2-1-.jpg 1600w, https:\/\/pix.house\/wp-content\/uploads\/2019\/12\/1natalka-dovha_tylkomoje2-1--800x534.jpg 800w, https:\/\/pix.house\/wp-content\/uploads\/2019\/12\/1natalka-dovha_tylkomoje2-1--300x200.jpg 300w, https:\/\/pix.house\/wp-content\/uploads\/2019\/12\/1natalka-dovha_tylkomoje2-1--1280x854.jpg 1280w, https:\/\/pix.house\/wp-content\/uploads\/2019\/12\/1natalka-dovha_tylkomoje2-1--768x512.jpg 768w, https:\/\/pix.house\/wp-content\/uploads\/2019\/12\/1natalka-dovha_tylkomoje2-1--600x400.jpg 600w, https:\/\/pix.house\/wp-content\/uploads\/2019\/12\/1natalka-dovha_tylkomoje2-1--1536x1024.jpg 1536w, https:\/\/pix.house\/wp-content\/uploads\/2019\/12\/1natalka-dovha_tylkomoje2-1--700x467.jpg 700w, https:\/\/pix.house\/wp-content\/uploads\/2019\/12\/1natalka-dovha_tylkomoje2-1--1100x734.jpg 1100w, https:\/\/pix.house\/wp-content\/uploads\/2019\/12\/1natalka-dovha_tylkomoje2-1--1320x880.jpg 1320w\" sizes=\"auto, (max-width: 1600px) 100vw, 1600px\" \/><\/div>\n\t\t<\/div>\n\t<\/div>\n<\/div><\/div><\/div><div class=\"wpb_column vc_column_container vc_col-sm-12\"><div class=\"vc_column-inner\"><div class=\"wpb_wrapper\">\n\t<div class=\"wpb_text_column wpb_content_element\">\n\t\t<div class=\"wpb_wrapper\">\n\t\t\t<p><strong>Czym jest M\u00f3j Fyrtel? Czym jest Moja Przestrze\u0144?<\/strong><\/p>\n<p>Czy w \u015bwiecie niebieskiego ekranu jest jeszcze miejsce na \u017cywy kontakt z drugim cz\u0142owiekiem?<\/p>\n<p>Czy potrafimy pochyli\u0107 si\u0119 nad tematami z pozoru nieistotnymi?<\/p>\n<p>Jak opowiedzie\u0107 te ma\u0142e historie innym?<\/p>\n<p><em>\u00a0<\/em><\/p>\n<p><em>\u201eTo, jak my\u015blimy o \u015bwiecie i \u2013 co chyba wa\u017cniejsze \u2013 jak o nim opowiadamy, ma wi\u0119c olbrzymie znaczenie. Co\u015b, co si\u0119 wydarza, a nie zostaje opowiedziane, przestaje istnie\u0107 i umiera.&#8221;<\/em><\/p>\n<p>&nbsp;<\/p>\n<p style=\"text-align: right;\">Olga Tokarczuk<\/p>\n<p>&nbsp;<\/p>\n<p>Na warsztatach uczestnicy poznali podstawy pracy nad fotograficznym projektem d\u0142ugoterminowym. Stworzyli\u015bmy wsp\u00f3lnie dokumentalny obraz naszej przestrzeni, naszych prze\u017cy\u0107 i relacji. Obraz, kt\u00f3ry po latach b\u0119dzie \u015bwiadectwem zmiany.<\/p>\n\n\t\t<\/div> \n\t<\/div> <div class=\"separator  normal\" style=\"border-color: #ffffff;border-width:1px\"><\/div>\n<div class=\"separator  normal\" style=\"border-color: #ffffff;border-width:1px\"><\/div>\n<div class='qode_image_gallery_no_space light highlight_active'><div class='qode_image_gallery_holder' style='height: 500px;'><ul><li><div style=\"height: 500px; width:755px;\"><img decoding=\"async\" src=\"https:\/\/pix.house\/wp-content\/uploads\/2019\/12\/2Janusz_Nadolski_Wie\u0328cej_nie_trzeba1-2-.jpg\" alt=\"\" \/><\/div><\/li><li><div style=\"height: 500px; width:375px;\"><img decoding=\"async\" src=\"https:\/\/pix.house\/wp-content\/uploads\/2019\/12\/3Beata_Jez\u0307ak_Moi_sa\u0328siedzi7-3-.jpg\" alt=\"\" \/><\/div><\/li><li><div style=\"height: 500px; width:333px;\"><img decoding=\"async\" src=\"https:\/\/pix.house\/wp-content\/uploads\/2019\/12\/4Oleksii-Sokun-4-.jpg\" alt=\"\" \/><\/div><\/li><li><div style=\"height: 500px; width:334px;\"><img decoding=\"async\" src=\"https:\/\/pix.house\/wp-content\/uploads\/2019\/12\/5Mateusz_Walkowiak_NagankaNaprzo\u0301d-5-of-7-5-.jpg\" alt=\"\" \/><\/div><\/li><li><div style=\"height: 500px; width:750px;\"><img decoding=\"async\" src=\"https:\/\/pix.house\/wp-content\/uploads\/2019\/12\/6Damian_Milczarek_Nieobecnos\u0301c\u03016-6-.jpg\" alt=\"\" \/><\/div><\/li><li><div style=\"height: 500px; width:750px;\"><img decoding=\"async\" src=\"https:\/\/pix.house\/wp-content\/uploads\/2019\/12\/7konradbaranowski_12_04-7-.jpg\" alt=\"\" \/><\/div><\/li><li><div style=\"height: 500px; width:735px;\"><img decoding=\"async\" src=\"https:\/\/pix.house\/wp-content\/uploads\/2019\/12\/8\u0141ukasz_Go\u0301rowiec_Mo\u0301j_Fyrtel-6-8-.jpg\" alt=\"\" \/><\/div><\/li><li><div style=\"height: 500px; width:750px;\"><img decoding=\"async\" src=\"https:\/\/pix.house\/wp-content\/uploads\/2019\/12\/9Malgorzata-Adamczyk-9-.jpg\" alt=\"\" \/><\/div><\/li><li><div style=\"height: 500px; width:750px;\"><img decoding=\"async\" src=\"https:\/\/pix.house\/wp-content\/uploads\/2019\/12\/10Daniel_Gnap_chcialem_pojechac_nad_morze1-10-.jpg\" alt=\"\" \/><\/div><\/li><li><div style=\"height: 500px; width:500px;\"><img decoding=\"async\" src=\"https:\/\/pix.house\/wp-content\/uploads\/2019\/12\/11Ola_S\u0301migielska_ILTRTMOW_04-11-.jpg\" alt=\"\" \/><\/div><\/li><li><div style=\"height: 500px; width:750px;\"><img decoding=\"async\" src=\"https:\/\/pix.house\/wp-content\/uploads\/2019\/12\/12Malgorzata-Wakuluk_07-12-.jpg\" alt=\"\" \/><\/div><\/li><li><div style=\"height: 500px; width:334px;\"><img decoding=\"async\" src=\"https:\/\/pix.house\/wp-content\/uploads\/2019\/12\/13Patrycja-Skwierczynska-13-.jpg\" alt=\"\" \/><\/div><\/li><\/ul><\/div><div class=\"controls\"><a class=\"prev-slide\" href=\"#\"><span class=\"arrow_carrot-left\"><\/span><\/a><a class=\"next-slide\" href=\"#\"><span class=\"arrow_carrot-right\"><\/span><\/a><\/div><\/div><\/div><\/div><\/div><\/div><\/div><div     class=\"vc_row wpb_row section vc_row-fluid\" style=' text-align:left;'><div class=\"full_section_inner clearfix\"><div class=\"wpb_column vc_column_container vc_col-sm-12\"><div class=\"vc_column-inner\"><div class=\"wpb_wrapper\">\n\t<div class=\"wpb_text_column wpb_content_element\">\n\t\t<div class=\"wpb_wrapper\">\n\t\t\t<p><strong>Uczestnicy warsztat\u00f3w i wystawy: <\/strong><\/p>\n<p>Aleksandra Poniatowska, Aleksandra \u015amigielska, Beata Je\u017cak, Damian Milczarek, Damian M\u0142odecki, Daniel Gnap, Jakub Sosnowski, Janusz Nadolski, Kinga M\u0105dro, Konrad Baranowski, \u0141ukasz G\u00f3rowiec, Ma\u0142gorzata Adamczyk, Ma\u0142gorzata Wakuluk, Marianna Prange, Mateusz Walkowiak, Micha\u0142 Czarnecki, Micha\u0142 Pa\u0107ko, Natalia Dovga, Oleksii Sokun, Patrycja Skwierczy\u0144ska<\/p>\n<p><strong>\u00a0<\/strong><\/p>\n<p><strong>Prowadz\u0105cy warsztaty: <\/strong><\/p>\n<p>Mariusz Forecki, Adrian Wykrota<\/p>\n\n\t\t<\/div> \n\t<\/div> <\/div><\/div><\/div><\/div><\/div><div     class=\"vc_row wpb_row section vc_row-fluid\" style=' text-align:left;'><div class=\"full_section_inner clearfix\"><div class=\"wpb_column vc_column_container vc_col-sm-6\"><div class=\"vc_column-inner\"><div class=\"wpb_wrapper\">\n\t<div class=\"wpb_text_column wpb_content_element\">\n\t\t<div class=\"wpb_wrapper\">\n\t\t\t<h4>WYSTAWA ORAZ WARSZTATY REALIZOWANE DZI\u0118KI WSPARCIU MIASTA POZNA\u0143<\/h4>\n\n\t\t<\/div> \n\t<\/div> \n\t<div class=\"wpb_single_image wpb_content_element vc_align_left\">\n\t\t<div class=\"wpb_wrapper\">\n\t\t\t\n\t\t\t<div class=\"vc_single_image-wrapper   vc_box_border_grey\"><img loading=\"lazy\" decoding=\"async\" width=\"300\" height=\"87\" src=\"https:\/\/pix.house\/wp-content\/uploads\/2019\/11\/LOGO_POZnan_PL_RGB_PNG-e1605284264424-300x87.png\" class=\"vc_single_image-img attachment-medium\" alt=\"\" title=\"LOGO_POZnan_PL_RGB_PNG\" srcset=\"https:\/\/pix.house\/wp-content\/uploads\/2019\/11\/LOGO_POZnan_PL_RGB_PNG-e1605284264424-300x87.png 300w, https:\/\/pix.house\/wp-content\/uploads\/2019\/11\/LOGO_POZnan_PL_RGB_PNG-e1605284264424-700x204.png 700w, https:\/\/pix.house\/wp-content\/uploads\/2019\/11\/LOGO_POZnan_PL_RGB_PNG-e1605284264424.png 739w\" sizes=\"auto, (max-width: 300px) 100vw, 300px\" \/><\/div>\n\t\t<\/div>\n\t<\/div>\n<\/div><\/div><\/div><div class=\"wpb_column vc_column_container vc_col-sm-6\"><div class=\"vc_column-inner\"><div class=\"wpb_wrapper\"><\/div><\/div><\/div><\/div><\/div>\n<\/div>","protected":false},"excerpt":{"rendered":"wernisa\u017c: 15.12.2019 | \u00a016:00 miejsce: galeria PIX.HOUSE G\u0142ogowska 35a 60-736 Pozna\u0144 WST\u0118P WOLNY Czym jest M\u00f3j Fyrtel? Czym jest Moja Przestrze\u0144? Czy w \u015bwiecie niebieskiego ekranu jest jeszcze miejsce na \u017cywy kontakt z drugim cz\u0142owiekiem? Czy potrafimy pochyli\u0107 si\u0119 nad tematami z pozoru nieistotnymi? Jak...","protected":false},"author":11,"featured_media":30312,"comment_status":"open","ping_status":"open","sticky":false,"template":"","format":"standard","meta":{"_monsterinsights_skip_tracking":false,"_monsterinsights_sitenote_active":false,"_monsterinsights_sitenote_note":"","_monsterinsights_sitenote_category":0,"footnotes":""},"categories":[47],"tags":[],"class_list":["post-30311","post","type-post","status-publish","format-standard","has-post-thumbnail","hentry","category-wystawy"],"_links":{"self":[{"href":"https:\/\/pix.house\/en\/wp-json\/wp\/v2\/posts\/30311","targetHints":{"allow":["GET"]}}],"collection":[{"href":"https:\/\/pix.house\/en\/wp-json\/wp\/v2\/posts"}],"about":[{"href":"https:\/\/pix.house\/en\/wp-json\/wp\/v2\/types\/post"}],"author":[{"embeddable":true,"href":"https:\/\/pix.house\/en\/wp-json\/wp\/v2\/users\/11"}],"replies":[{"embeddable":true,"href":"https:\/\/pix.house\/en\/wp-json\/wp\/v2\/comments?post=30311"}],"version-history":[{"count":2,"href":"https:\/\/pix.house\/en\/wp-json\/wp\/v2\/posts\/30311\/revisions"}],"predecessor-version":[{"id":30327,"href":"https:\/\/pix.house\/en\/wp-json\/wp\/v2\/posts\/30311\/revisions\/30327"}],"wp:featuredmedia":[{"embeddable":true,"href":"https:\/\/pix.house\/en\/wp-json\/wp\/v2\/media\/30312"}],"wp:attachment":[{"href":"https:\/\/pix.house\/en\/wp-json\/wp\/v2\/media?parent=30311"}],"wp:term":[{"taxonomy":"category","embeddable":true,"href":"https:\/\/pix.house\/en\/wp-json\/wp\/v2\/categories?post=30311"},{"taxonomy":"post_tag","embeddable":true,"href":"https:\/\/pix.house\/en\/wp-json\/wp\/v2\/tags?post=30311"}],"curies":[{"name":"wp","href":"https:\/\/api.w.org\/{rel}","templated":true}]}}