{"id":30608,"date":"2020-01-02T18:19:16","date_gmt":"2020-01-02T17:19:16","guid":{"rendered":"https:\/\/pix.house\/?p=30608"},"modified":"2020-01-02T18:49:09","modified_gmt":"2020-01-02T17:49:09","slug":"pixrok2019","status":"publish","type":"post","link":"https:\/\/pix.house\/en\/pixrok2019\/","title":{"rendered":"Podsumowanie PIX roku 2019"},"content":{"rendered":"<div class=\"wpb-content-wrapper\"><div class=\"vc_row wpb_row section vc_row-fluid\" style=' padding-top:2px; text-align:left;'><div class=\"full_section_inner clearfix\"><div class=\"wpb_column vc_column_container vc_col-sm-12\"><div class=\"vc_column-inner\"><div class=\"wpb_wrapper\">\n\t<div class=\"wpb_text_column wpb_content_element\">\n\t\t<div class=\"wpb_wrapper\">\n\t\t\t<p style=\"text-align: justify;\">Jaki by\u0142 2019 rok w <strong>PIX.HOUSE<\/strong>?<\/p>\n<p style=\"text-align: justify;\">Zorganizowali\u015bmy 9 <strong>wystaw<\/strong> fotografii. Zaprosili\u015bmy Was na kolejn\u0105 edycj\u0119 festiwalu ksi\u0105\u017cek fotograficznych <strong>XPRINT<\/strong>, premier\u0119 mia\u0142o 9 <strong>publikacji<\/strong> wydawnictwa PIX.HOUSE. Dzielnie pracowali\u015bmy podczas kolejnej edycji <strong>warsztat\u00f3w<\/strong>\u00a0&#8222;M\u00f3j Fyrtel&#8221;. Zdigitalizowali\u015bmy kolejne fotografie w ramach spotka\u0144 &#8222;<strong>Archiwum<\/strong> <strong>Spo\u0142ecznego&#8221;<\/strong>. Odby\u0142a si\u0119 czwarta edycja <strong>konkursu<\/strong> &#8222;Talent Roku&#8221; . Galeri\u0119, czytelni\u0119 i ksi\u0119garni\u0119 odwiedzi\u0142o tak wiele wspania\u0142ych os\u00f3b, \u017ce ju\u017c szykujemy si\u0142y na kolejny rok!<\/p>\n<p style=\"text-align: justify;\">Dzi\u0119kujemy, \u017ce byli\u015bcie z nami!<\/p>\n<p>&nbsp;<\/p>\n<p style=\"text-align: justify;\"><em><strong>PROJEKT WSP\u00d3\u0141FINANSOWANY PRZEZ MIASTO POZNA\u0143\u00a0<\/strong><\/em><\/p>\n<p style=\"text-align: justify;\"><img loading=\"lazy\" decoding=\"async\" class=\"alignnone wp-image-27076\" src=\"http:\/\/pix.house\/wp-content\/uploads\/2017\/09\/Poznan.jpg\" alt=\"\" width=\"169\" height=\"42\" \/><\/p>\n\n\t\t<\/div> \n\t<\/div> <\/div><\/div><\/div><\/div><\/div><div     class=\"vc_row wpb_row section vc_row-fluid\" style=' text-align:left;'><div class=\"full_section_inner clearfix\"><div class=\"wpb_column vc_column_container vc_col-sm-12\"><div class=\"vc_column-inner\"><div class=\"wpb_wrapper\">\n\t<div class=\"wpb_text_column wpb_content_element\">\n\t\t<div class=\"wpb_wrapper\">\n\t\t\t<h4><strong>Our activities:\u00a0<\/strong><\/h4>\n\n\t\t<\/div> \n\t<\/div> \n\t<div class=\"wpb_text_column wpb_content_element\">\n\t\t<div class=\"wpb_wrapper\">\n\t\t\t<h4><strong>_WYSTAWY<\/strong><\/h4>\n\n\t\t<\/div> \n\t<\/div> \n\t<div class=\"wpb_text_column wpb_content_element\">\n\t\t<div class=\"wpb_wrapper\">\n\t\t\t<p style=\"text-align: justify;\"><strong>NIE | ADRIAN WYKROTA<\/strong><\/p>\n<p>Czy Polacy podzielili si\u0119 w ostatnich latach, czy te\u017c mo\u017ce nigdy nie stanowili w miar\u0119 jednorodnej grupy, a rosn\u0105ca temperatura politycznych zdarze\u0144 tylko te linie podzia\u0142u uwypukli\u0142a? A mo\u017ce byli po prostu r\u00f3\u017cni, ale zamieszkuj\u0105cy we wzgl\u0119dnej zgodzie to samo podw\u00f3rko zakre\u015blone granicami pa\u0144stwowymi, ze wsp\u00f3lnym zestawem podstawowych symboli? Jakkolwiek by nie by\u0142o, jedno\u015b\u0107 jest mitem usytuowanym w \u201estarych, dobrych czasach\u201d, kt\u00f3re nigdy nie istnia\u0142y. Jako punkt odniesienia do oceny dzisiejszych wydarze\u0144 jest \u00f3w mit ca\u0142kowicie bezu\u017cyteczny.<\/p>\n\n\t\t<\/div> \n\t<\/div> <div class=\"separator  normal\" style=\"border-color: #ffffff;border-width:0,5px\"><\/div>\n<div class='qode_image_gallery_no_space light highlight_active'><div class='qode_image_gallery_holder' style='height: 500px;'><ul><li><div style=\"height: 500px; width:668px;\"><img decoding=\"async\" src=\"https:\/\/pix.house\/wp-content\/uploads\/2020\/01\/53580516_2271708439742518_6486186849378238464_o.jpg\" alt=\"\" \/><\/div><\/li><li><div style=\"height: 500px; width:752px;\"><img decoding=\"async\" src=\"https:\/\/pix.house\/wp-content\/uploads\/2020\/01\/52937482_2272669192979776_3147882329825869824_o.jpg\" alt=\"\" \/><\/div><\/li><li><div style=\"height: 500px; width:752px;\"><img decoding=\"async\" src=\"https:\/\/pix.house\/wp-content\/uploads\/2020\/01\/53566826_2272669546313074_7169253706490183680_o.jpg\" alt=\"\" \/><\/div><\/li><li><div style=\"height: 500px; width:750px;\"><img decoding=\"async\" src=\"https:\/\/pix.house\/wp-content\/uploads\/2020\/01\/52961211_2272669349646427_325128122364067840_o.jpg\" alt=\"\" \/><\/div><\/li><li><div style=\"height: 500px; width:752px;\"><img decoding=\"async\" src=\"https:\/\/pix.house\/wp-content\/uploads\/2020\/01\/53208704_2272669596313069_2876283419958968320_o.jpg\" alt=\"\" \/><\/div><\/li><li><div style=\"height: 500px; width:750px;\"><img decoding=\"async\" src=\"https:\/\/pix.house\/wp-content\/uploads\/2020\/01\/53676951_2276317215948307_9059907806362075136_o.jpg\" alt=\"\" \/><\/div><\/li><li><div style=\"height: 500px; width:750px;\"><img decoding=\"async\" src=\"https:\/\/pix.house\/wp-content\/uploads\/2020\/01\/53220417_2296981637020041_4631864719676801024_o.jpg\" alt=\"\" \/><\/div><\/li><li><div style=\"height: 500px; width:936px;\"><img decoding=\"async\" src=\"https:\/\/pix.house\/wp-content\/uploads\/2020\/01\/51663303_2275562639161941_5689127230903418880_o.jpg\" alt=\"\" \/><\/div><\/li><li><div style=\"height: 500px; width:751px;\"><img decoding=\"async\" src=\"https:\/\/pix.house\/wp-content\/uploads\/2019\/02\/nie_wykrota-34.jpg\" alt=\"\" \/><\/div><\/li><\/ul><\/div><div class=\"controls\"><a class=\"prev-slide\" href=\"#\"><span class=\"arrow_carrot-left\"><\/span><\/a><a class=\"next-slide\" href=\"#\"><span class=\"arrow_carrot-right\"><\/span><\/a><\/div><\/div><div class=\"separator  normal\" style=\"border-color: #ffffff;border-width:0,5px\"><\/div>\n<\/div><\/div><\/div><\/div><\/div><div     class=\"vc_row wpb_row section vc_row-fluid\" style=' text-align:left;'><div class=\"full_section_inner clearfix\"><div class=\"wpb_column vc_column_container vc_col-sm-12\"><div class=\"vc_column-inner\"><div class=\"wpb_wrapper\">\n\t<div class=\"wpb_text_column wpb_content_element\">\n\t\t<div class=\"wpb_wrapper\">\n\t\t\t<p style=\"text-align: justify;\"><strong>POZNA\u0143 \u2013 LUDZIE \u2013 MIASTO<\/strong><\/p>\n<p>Jakie znaczenie ma ostatnie 12 miesi\u0119cy w kilkusetletniej historii miasta? O tym zadecyduj\u0105 w przysz\u0142o\u015bci historycy, kt\u00f3rzy z perspektywy wielu dekad opowiedz\u0105 o nas i naszych czasach przysz\u0142ym pokoleniom. Ale nawet my sami b\u0119dziemy mieli z tym problem \u2013 po\u015bpiech miejskiej codzienno\u015bci sprawia, \u017ce kalendarzowe granice przestaj\u0105 mie\u0107 znaczenie. Przypomina o nich co najwy\u017cej folder o domy\u015blnej nazwie \u201e2018\u201d, w kt\u00f3rym telefony i aparaty fotograficzne przechowuj\u0105 migawki naszego \u017cycia.<\/p>\n<p>Zach\u0119cili\u015bmy Was do przejrzenia tego folderu. Znale\u017ali\u015bcie w nim \u015blady chwil, gdy Wasze osobiste historie wpisa\u0142y si\u0119 w \u017cycie Poznania w 2018 roku.<\/p>\n<p>Przyznali\u015bmy 5 nagr\u00f3d g\u0142\u00f3wnych, kt\u00f3re otrzymali:<\/p>\n<p>\u0141ukasz Cynalewski<br \/>\nPawe\u0142 Szott<br \/>\nPawe\u0142 Stasiak<br \/>\nMiko\u0142aj Konkiewicz<br \/>\nKinga M\u0105dro<\/p>\n\n\t\t<\/div> \n\t<\/div> <div class=\"separator  normal\" style=\"border-color: #ffffff;border-width:0,5px\"><\/div>\n<div class='qode_image_gallery_no_space light highlight_active'><div class='qode_image_gallery_holder' style='height: 500px;'><ul><li><div style=\"height: 500px; width:667px;\"><img decoding=\"async\" src=\"https:\/\/pix.house\/wp-content\/uploads\/2020\/01\/53238308_2275192749394087_8109767496099168256_o.jpg\" alt=\"\" \/><\/div><\/li><li><div style=\"height: 500px; width:752px;\"><img decoding=\"async\" src=\"https:\/\/pix.house\/wp-content\/uploads\/2020\/01\/53111056_2275793776000651_7524852757803565056_o.jpg\" alt=\"\" \/><\/div><\/li><li><div style=\"height: 500px; width:750px;\"><img decoding=\"async\" src=\"https:\/\/pix.house\/wp-content\/uploads\/2020\/01\/53216905_2275793806000648_5917925017844187136_o.jpg\" alt=\"\" \/><\/div><\/li><li><div style=\"height: 500px; width:752px;\"><img decoding=\"async\" src=\"https:\/\/pix.house\/wp-content\/uploads\/2020\/01\/53600181_2275793869333975_3366455990068183040_o.jpg\" alt=\"\" \/><\/div><\/li><li><div style=\"height: 500px; width:752px;\"><img decoding=\"async\" src=\"https:\/\/pix.house\/wp-content\/uploads\/2020\/01\/53813339_2275793912667304_7491916105309487104_o.jpg\" alt=\"\" \/><\/div><\/li><li><div style=\"height: 500px; width:752px;\"><img decoding=\"async\" src=\"https:\/\/pix.house\/wp-content\/uploads\/2020\/01\/53838565_2275794016000627_927408878021246976_o.jpg\" alt=\"\" \/><\/div><\/li><li><div style=\"height: 500px; width:752px;\"><img decoding=\"async\" src=\"https:\/\/pix.house\/wp-content\/uploads\/2020\/01\/53311867_2275793722667323_858835022151417856_o.jpg\" alt=\"\" \/><\/div><\/li><\/ul><\/div><div class=\"controls\"><a class=\"prev-slide\" href=\"#\"><span class=\"arrow_carrot-left\"><\/span><\/a><a class=\"next-slide\" href=\"#\"><span class=\"arrow_carrot-right\"><\/span><\/a><\/div><\/div><div class=\"separator  normal\" style=\"border-color: #ffffff;border-width:0,5px\"><\/div>\n<\/div><\/div><\/div><\/div><\/div><div     class=\"vc_row wpb_row section vc_row-fluid\" style=' text-align:left;'><div class=\"full_section_inner clearfix\"><div class=\"wpb_column vc_column_container vc_col-sm-12\"><div class=\"vc_column-inner\"><div class=\"wpb_wrapper\">\n\t<div class=\"wpb_text_column wpb_content_element\">\n\t\t<div class=\"wpb_wrapper\">\n\t\t\t<p style=\"text-align: justify;\"><strong>TOPIEL | MARCIN P\u0141ONKA<\/strong><\/p>\n<p>Jest grz\u0105sko, ka\u017cdy kolejny krok mo\u017ce spowodowa\u0107 zagro\u017cenie. G\u0142\u0119bina, w kt\u00f3r\u0105 st\u0105pamy, jest zdradziecka i przebieg\u0142a. Jedno jest pewne. Topiel budzi strach, niekiedy jednak poch\u0142ania fascynacj\u0105 znacze\u0144\u2026<\/p>\n<p>Czy to tylko nasze s\u0142owia\u0144skie wierzenia zasilane fascynacj\u0105 dziko\u015bci i pi\u0119knem nieprzewidywalnej przyrody? Czy to tak\u017ce naturalny rytm \u017cycia przez ni\u0105 regulowany?<\/p>\n<p>S\u0142owo Topiel nie ma dos\u0142ownego synonimu w \u017cadnym innym j\u0119zyku. Czy fotografia jest zatem w\u0142adna przekaza\u0107 nam odczucia zakodowane gdzie\u015b g\u0142\u0119boko pod sk\u00f3r\u0105? Marcin P\u0142onka w swoich zdj\u0119ciach pr\u00f3buje.<\/p>\n<p>Przenosimy si\u0119 do \u015bwiata zapach\u00f3w, ukrytych znacze\u0144, historii, kt\u00f3ry gdzie\u015b pod\u015bwiadomie zaw\u0142adn\u0105\u0142 tw\u00f3rczym okiem autora. Musimy nauczy\u0107 si\u0119 czyta\u0107 pomi\u0119dzy wierszami. Wtedy mo\u017ce okaza\u0107 si\u0119, \u017ce na ko\u0144cu nie czeka na nas tylko i wy\u0142\u0105cznie samotno\u015b\u0107.<\/p>\n<p>Wystawie towarzyszy\u0142a publikacja \u201cTopiel\u201d Marcin P\u0142onka | Zin nr 3 wydana przez 8991 publishing.<\/p>\n<p>Po wernisa\u017cu i spotkaniu z autorem odby\u0142a si\u0119 rozmowa z Krzy\u015bkiem Or\u0142owskim z 8991 publishing o fenomenie zin\u00f3w fotograficznych.<\/p>\n\n\t\t<\/div> \n\t<\/div> <div class=\"separator  normal\" style=\"border-color: #ffffff;border-width:0,5px\"><\/div>\n<div class='qode_image_gallery_no_space light highlight_active'><div class='qode_image_gallery_holder' style='height: 500px;'><ul><li><div style=\"height: 500px; width:750px;\"><img decoding=\"async\" src=\"https:\/\/pix.house\/wp-content\/uploads\/2020\/01\/56189904_2294218234158205_8641304801746878464_o.jpg\" alt=\"\" \/><\/div><\/li><li><div style=\"height: 500px; width:750px;\"><img decoding=\"async\" src=\"https:\/\/pix.house\/wp-content\/uploads\/2020\/01\/56539169_2294218710824824_996359600091430912_o.jpg\" alt=\"\" \/><\/div><\/li><li><div style=\"height: 500px; width:750px;\"><img decoding=\"async\" src=\"https:\/\/pix.house\/wp-content\/uploads\/2020\/01\/56669600_2294218407491521_2674697240135598080_o.jpg\" alt=\"\" \/><\/div><\/li><li><div style=\"height: 500px; width:750px;\"><img decoding=\"async\" src=\"https:\/\/pix.house\/wp-content\/uploads\/2020\/01\/56500718_2294218640824831_3699932038502023168_o.jpg\" alt=\"\" \/><\/div><\/li><li><div style=\"height: 500px; width:750px;\"><img decoding=\"async\" src=\"https:\/\/pix.house\/wp-content\/uploads\/2020\/01\/56593709_2294218464158182_5484951387664023552_o.jpg\" alt=\"\" \/><\/div><\/li><li><div style=\"height: 500px; width:334px;\"><img decoding=\"async\" src=\"https:\/\/pix.house\/wp-content\/uploads\/2020\/01\/PHOTO-2018-12-07-11-01-04a-2.jpg\" alt=\"\" \/><\/div><\/li><li><div style=\"height: 500px; width:751px;\"><img decoding=\"async\" src=\"https:\/\/pix.house\/wp-content\/uploads\/2019\/03\/Marcin-P\u0142onka-Topiel-0012.jpg\" alt=\"\" \/><\/div><\/li><\/ul><\/div><div class=\"controls\"><a class=\"prev-slide\" href=\"#\"><span class=\"arrow_carrot-left\"><\/span><\/a><a class=\"next-slide\" href=\"#\"><span class=\"arrow_carrot-right\"><\/span><\/a><\/div><\/div><div class=\"separator  normal\" style=\"border-color: #ffffff;border-width:0,5px\"><\/div>\n<\/div><\/div><\/div><\/div><\/div><div     class=\"vc_row wpb_row section vc_row-fluid\" style=' text-align:left;'><div class=\"full_section_inner clearfix\"><div class=\"wpb_column vc_column_container vc_col-sm-12\"><div class=\"vc_column-inner\"><div class=\"wpb_wrapper\">\n\t<div class=\"wpb_text_column wpb_content_element\">\n\t\t<div class=\"wpb_wrapper\">\n\t\t\t<p style=\"text-align: justify;\"><strong>WARSZAWA 2008 \u2013 2018 | EWA MEISSNER<\/strong><\/p>\n<p style=\"text-align: justify;\">Projekt \u201cWarszawa 2008 \u2013 2018\u201d to zapis obraz\u00f3w z \u017cycia miasta, pulsuj\u0105cego przed oczami intensywno\u015bci\u0105 barw oraz sylwetkami mieszka\u0144c\u00f3w zawieszonych pomi\u0119dzy dynamiczn\u0105 wsp\u00f3\u0142czesno\u015bci\u0105 a \u015bladami historii, architektonicznymi kaprysami i enklawami przyrody, zap\u0119tlonych w niesko\u0144czenie ci\u0105gn\u0105ce si\u0119 ulice.<\/p>\n\n\t\t<\/div> \n\t<\/div> <div class=\"separator  normal\" style=\"border-color: #ffffff;border-width:0,5px\"><\/div>\n<div class='qode_image_gallery_no_space light highlight_active'><div class='qode_image_gallery_holder' style='height: 500px;'><ul><li><div style=\"height: 500px; width:750px;\"><img decoding=\"async\" src=\"https:\/\/pix.house\/wp-content\/uploads\/2020\/01\/60338987_2316493938597301_8707824984644386816_o.jpg\" alt=\"\" \/><\/div><\/li><li><div style=\"height: 500px; width:750px;\"><img decoding=\"async\" src=\"https:\/\/pix.house\/wp-content\/uploads\/2020\/01\/59849633_2316494045263957_7629080331198398464_o.jpg\" alt=\"\" \/><\/div><\/li><li><div style=\"height: 500px; width:750px;\"><img decoding=\"async\" src=\"https:\/\/pix.house\/wp-content\/uploads\/2020\/01\/60042231_2316494121930616_433436253992517632_o.jpg\" alt=\"\" \/><\/div><\/li><li><div style=\"height: 500px; width:750px;\"><img decoding=\"async\" src=\"https:\/\/pix.house\/wp-content\/uploads\/2020\/01\/59872432_2316494265263935_5739400673506623488_o.jpg\" alt=\"\" \/><\/div><\/li><li><div style=\"height: 500px; width:750px;\"><img decoding=\"async\" src=\"https:\/\/pix.house\/wp-content\/uploads\/2020\/01\/59781870_2316494385263923_6594373845749071872_o.jpg\" alt=\"\" \/><\/div><\/li><li><div style=\"height: 500px; width:750px;\"><img decoding=\"async\" src=\"https:\/\/pix.house\/wp-content\/uploads\/2019\/04\/ul.-Wolska2010.jpg\" alt=\"\" \/><\/div><\/li><\/ul><\/div><div class=\"controls\"><a class=\"prev-slide\" href=\"#\"><span class=\"arrow_carrot-left\"><\/span><\/a><a class=\"next-slide\" href=\"#\"><span class=\"arrow_carrot-right\"><\/span><\/a><\/div><\/div><div class=\"separator  normal\" style=\"border-color: #ffffff;border-width:0,5px\"><\/div>\n<\/div><\/div><\/div><\/div><\/div><div     class=\"vc_row wpb_row section vc_row-fluid\" style=' text-align:left;'><div class=\"full_section_inner clearfix\"><div class=\"wpb_column vc_column_container vc_col-sm-12\"><div class=\"vc_column-inner\"><div class=\"wpb_wrapper\">\n\t<div class=\"wpb_text_column wpb_content_element\">\n\t\t<div class=\"wpb_wrapper\">\n\t\t\t<p style=\"text-align: justify;\"><strong>LIFE GOES ON | JAN JURCZAK<\/strong><\/p>\n<p>Zdj\u0119cia do projektu Life Goes On powstawa\u0142y we wschodniej Ukrainie (obwodzie donieckim), w miasteczkach le\u017c\u0105cych kilka kilometr\u00f3w od linii frontu. Jan Jurczak szczeg\u00f3lnie cz\u0119sto wraca\u0142 do wsp\u00f3lnoty \u017cyj\u0105cej w Awdijiwce, niedaleko Doniecka. Dzi\u0119ki Elenie, kt\u00f3ra wynaj\u0119\u0142a jedno pi\u0119tro bloku, powsta\u0142y mieszkania udost\u0119pnione bezdomnym.<\/p>\n<p>Mieszka\u0144cy urz\u0105dzili tam sal\u0119 do ta\u0144ca, wykorzystywan\u0105 do organizacji tak\u017ce innych zaj\u0119\u0107. Na tym pi\u0119trze mieszka Irina, makija\u017cystka, kt\u00f3rej syn zgin\u0105\u0142 w wyniku ostrza\u0142\u00f3w. W pokoju obok mieszka Tanja ze swoj\u0105 c\u00f3rk\u0105 Kristin\u0105. Ira, Tanja i Kristina nie maj\u0105 swoich dom\u00f3w. Na prawo od pokoju Iry jest sala \u2012 krzes\u0142a, stary telewizor i krzy\u017c, mie\u015bci si\u0119 w niej ko\u015bci\u00f3\u0142 protestancki. Dwa \u015bwiaty si\u0119 przenikaj\u0105. \u017bycie i wojna, mi\u0142o\u015b\u0107 i \u015bmier\u0107.<\/p>\n<p>Na publikacje o wojnie na Ukrainie nie ma ju\u017c miejsca w mediach. Na opowie\u015bci o \u017cyciu podczas wojny tym bardziej.<\/p>\n<p>Wojna na Ukrainie trwa od 2014 roku.<\/p>\n<p>Publikacja Life Goes On by\u0142a cz\u0119\u015bci\u0105 wystawy realizowanej w ramach Sekcji ShowOFF Miesi\u0105ca Fotografii w Krakowie 2019 oraz wystawy\u00a0 w Poznaniu. Wsp\u00f3\u0142wydawc\u0105 publikacji jest Fundacja Pix.house. Jan Jurczak zosta\u0142 wybrany w 2018 roku Talentem Roku.<\/p>\n\n\t\t<\/div> \n\t<\/div> <div class=\"separator  normal\" style=\"border-color: #ffffff;border-width:0,5px\"><\/div>\n<div class='qode_image_gallery_no_space light highlight_active'><div class='qode_image_gallery_holder' style='height: 500px;'><ul><li><div style=\"height: 500px; width:750px;\"><img decoding=\"async\" src=\"https:\/\/pix.house\/wp-content\/uploads\/2020\/01\/62272678_2334105416836153_461963766074966016_o.jpg\" alt=\"\" \/><\/div><\/li><li><div style=\"height: 500px; width:750px;\"><img decoding=\"async\" src=\"https:\/\/pix.house\/wp-content\/uploads\/2020\/01\/62032289_2334105706836124_7583674765873774592_o.jpg\" alt=\"\" \/><\/div><\/li><li><div style=\"height: 500px; width:625px;\"><img decoding=\"async\" src=\"https:\/\/pix.house\/wp-content\/uploads\/2019\/05\/life-goes-on-2000-px-long-edge-02.jpg\" alt=\"\" \/><\/div><\/li><li><div style=\"height: 500px; width:750px;\"><img decoding=\"async\" src=\"https:\/\/pix.house\/wp-content\/uploads\/2019\/05\/60956052_2253517641398023_6290972764639592448_n.jpg\" alt=\"\" \/><\/div><\/li><li><div style=\"height: 500px; width:400px;\"><img decoding=\"async\" src=\"https:\/\/pix.house\/wp-content\/uploads\/2019\/05\/life-goes-on-2000-px-long-edge-10.jpg\" alt=\"\" \/><\/div><\/li><\/ul><\/div><div class=\"controls\"><a class=\"prev-slide\" href=\"#\"><span class=\"arrow_carrot-left\"><\/span><\/a><a class=\"next-slide\" href=\"#\"><span class=\"arrow_carrot-right\"><\/span><\/a><\/div><\/div><div class=\"separator  normal\" style=\"border-color: #ffffff;border-width:0,5px\"><\/div>\n<\/div><\/div><\/div><\/div><\/div><div     class=\"vc_row wpb_row section vc_row-fluid\" style=' text-align:left;'><div class=\"full_section_inner clearfix\"><div class=\"wpb_column vc_column_container vc_col-sm-12\"><div class=\"vc_column-inner\"><div class=\"wpb_wrapper\">\n\t<div class=\"wpb_text_column wpb_content_element\">\n\t\t<div class=\"wpb_wrapper\">\n\t\t\t<p><strong>VLADIM\u00cdR BIRGUS | TAK WIELE, TAK NIEWIELE<\/strong><\/p>\n<p>Przedstawianie cz\u0142owieka w smutnej rzeczywisto\u015bci lat 70. i 80. w pa\u0144stwach bloku wschodniego sta\u0142o si\u0119 dla Vladim\u00edra Birgusa niemal\u017ce obsesj\u0105. Fotografie artysty prezentuj\u0105 prototyp anonimowej, ale w\u0142a\u015bnie dlatego dobrze znanej ka\u017cdemu jednostki. Wa\u017cny jest nie tylko cz\u0142owiek, ale r\u00f3wnie\u017c kultura wizualna brudnej przestrzeni publicznej \u2013 odrapane tapety, dziurawe chodniki, puste wystawy sklep\u00f3w. Autor tworzy obraz ponurej atmosfery okresu, by przygotowa\u0107 t\u0142o dla historii, kt\u00f3ra nie ma ni pocz\u0105tku ni ko\u0144ca. Fotografie nie przedstawiaj\u0105 fabu\u0142y, ale esencj\u0119 istnienia. Niemo\u017cno\u015b\u0107 spotkania, dystans, ch\u0142\u00f3d dotyku, nieprzebyt\u0105 odleg\u0142o\u015b\u0107 mi\u0119dzy dwoma istotami. Powszedni brak nadziei na pozytywn\u0105 zmian\u0119 jest podkre\u015blany wszechobecn\u0105 szaro\u015bci\u0105 korozji. Stanem zdystansowanej emocjonalno\u015bci.<\/p>\n\n\t\t<\/div> \n\t<\/div> <div class=\"separator  normal\" style=\"border-color: #ffffff;border-width:0,5px\"><\/div>\n<div class='qode_image_gallery_no_space light highlight_active'><div class='qode_image_gallery_holder' style='height: 500px;'><ul><li><div style=\"height: 500px; width:667px;\"><img decoding=\"async\" src=\"https:\/\/pix.house\/wp-content\/uploads\/2020\/01\/67874447_2383405105239517_4382097115690565632_o.jpg\" alt=\"\" \/><\/div><\/li><li><div style=\"height: 500px; width:667px;\"><img decoding=\"async\" src=\"https:\/\/pix.house\/wp-content\/uploads\/2020\/01\/69811861_2404312273148800_1851667208552316928_o.jpg\" alt=\"\" \/><\/div><\/li><li><div style=\"height: 500px; width:667px;\"><img decoding=\"async\" src=\"https:\/\/pix.house\/wp-content\/uploads\/2020\/01\/70505813_2404312299815464_404439164545662976_o.jpg\" alt=\"\" \/><\/div><\/li><li><div style=\"height: 500px; width:750px;\"><img decoding=\"async\" src=\"https:\/\/pix.house\/wp-content\/uploads\/2020\/01\/70673474_2405021069744587_8024393506283847680_o.jpg\" alt=\"\" \/><\/div><\/li><li><div style=\"height: 500px; width:750px;\"><img decoding=\"async\" src=\"https:\/\/pix.house\/wp-content\/uploads\/2020\/01\/70171350_2409263315987029_745677043517095936_o.jpg\" alt=\"\" \/><\/div><\/li><li><div style=\"height: 500px; width:750px;\"><img decoding=\"async\" src=\"https:\/\/pix.house\/wp-content\/uploads\/2020\/01\/70415932_2409263425987018_2032101473306804224_o.jpg\" alt=\"\" \/><\/div><\/li><li><div style=\"height: 500px; width:750px;\"><img decoding=\"async\" src=\"https:\/\/pix.house\/wp-content\/uploads\/2020\/01\/71084709_2409263689320325_6569946489836011520_o.jpg\" alt=\"\" \/><\/div><\/li><li><div style=\"height: 500px; width:750px;\"><img decoding=\"async\" src=\"https:\/\/pix.house\/wp-content\/uploads\/2020\/01\/71055341_2409263625986998_1790577560829034496_o.jpg\" alt=\"\" \/><\/div><\/li><li><div style=\"height: 500px; width:669px;\"><img decoding=\"async\" src=\"https:\/\/pix.house\/wp-content\/uploads\/2020\/01\/70304341_2409968929249801_9022619136521404416_o.jpg\" alt=\"\" \/><\/div><\/li><li><div style=\"height: 500px; width:750px;\"><img decoding=\"async\" src=\"https:\/\/pix.house\/wp-content\/uploads\/2020\/01\/70134381_2409264145986946_153824618778460160_o.jpg\" alt=\"\" \/><\/div><\/li><li><div style=\"height: 500px; width:750px;\"><img decoding=\"async\" src=\"https:\/\/pix.house\/wp-content\/uploads\/2020\/01\/71187760_2409263305987030_4776720879805530112_o.jpg\" alt=\"\" \/><\/div><\/li><li><div style=\"height: 500px; width:750px;\"><img decoding=\"async\" src=\"https:\/\/pix.house\/wp-content\/uploads\/2019\/08\/01.-Vladimir-Birgus-Moskva_Moscow-1982.jpg\" alt=\"\" \/><\/div><\/li><\/ul><\/div><div class=\"controls\"><a class=\"prev-slide\" href=\"#\"><span class=\"arrow_carrot-left\"><\/span><\/a><a class=\"next-slide\" href=\"#\"><span class=\"arrow_carrot-right\"><\/span><\/a><\/div><\/div><div class=\"separator  normal\" style=\"border-color: #ffffff;border-width:0,5px\"><\/div>\n<\/div><\/div><\/div><\/div><\/div><div     class=\"vc_row wpb_row section vc_row-fluid\" style=' text-align:left;'><div class=\"full_section_inner clearfix\"><div class=\"wpb_column vc_column_container vc_col-sm-12\"><div class=\"vc_column-inner\"><div class=\"wpb_wrapper\">\n\t<div class=\"wpb_text_column wpb_content_element\">\n\t\t<div class=\"wpb_wrapper\">\n\t\t\t<p><strong>MECHANIZM | MARIUSZ FORECKI<\/strong><\/p>\n<p>Jacy byli\u015bmy? Jak wygl\u0105da\u0142 nasz kraj, a jak \u017cyje si\u0119 teraz?<\/p>\n<p>\u201eMechanizm\u201d to fotograficzna opowie\u015b\u0107 dzi\u0119ki kt\u00f3rej nie tylko mo\u017cemy zobaczy\u0107, ale tak\u017ce postara\u0107 si\u0119 zrozumie\u0107 i doceni\u0107 jak zmieni\u0142a si\u0119 Polska na prze\u0142omie lat. Wystawie towarzyszy\u0142a premiera ksi\u0105\u017cki Mariusz Foreckiego.<\/p>\n\n\t\t<\/div> \n\t<\/div> <div class=\"separator  normal\" style=\"border-color: #ffffff;border-width:0,5px\"><\/div>\n<div class='qode_image_gallery_no_space light highlight_active'><div class='qode_image_gallery_holder' style='height: 500px;'><ul><li><div style=\"height: 500px; width:667px;\"><img decoding=\"async\" src=\"https:\/\/pix.house\/wp-content\/uploads\/2020\/01\/74604364_2460229147557112_1952712795296366592_o.jpg\" alt=\"\" \/><\/div><\/li><li><div style=\"height: 500px; width:750px;\"><img decoding=\"async\" src=\"https:\/\/pix.house\/wp-content\/uploads\/2020\/01\/69769837_2754020181316182_4860866968535695360_o.jpg\" alt=\"\" \/><\/div><\/li><li><div style=\"height: 500px; width:750px;\"><img decoding=\"async\" src=\"https:\/\/pix.house\/wp-content\/uploads\/2020\/01\/75635956_2461234234123270_4392275054310719488_o.jpg\" alt=\"\" \/><\/div><\/li><li><div style=\"height: 500px; width:752px;\"><img decoding=\"async\" src=\"https:\/\/pix.house\/wp-content\/uploads\/2020\/01\/75223782_2461234897456537_678257760755777536_o.jpg\" alt=\"\" \/><\/div><\/li><li><div style=\"height: 500px; width:752px;\"><img decoding=\"async\" src=\"https:\/\/pix.house\/wp-content\/uploads\/2020\/01\/75446660_2461236184123075_9088665193684140032_o.jpg\" alt=\"\" \/><\/div><\/li><li><div style=\"height: 500px; width:751px;\"><img decoding=\"async\" src=\"https:\/\/pix.house\/wp-content\/uploads\/2020\/01\/74214424_2461235274123166_4713593849920880640_o.jpg\" alt=\"\" \/><\/div><\/li><li><div style=\"height: 500px; width:752px;\"><img decoding=\"async\" src=\"https:\/\/pix.house\/wp-content\/uploads\/2020\/01\/73460454_2461234727456554_6496061004961546240_o.jpg\" alt=\"\" \/><\/div><\/li><li><div style=\"height: 500px; width:752px;\"><img decoding=\"async\" src=\"https:\/\/pix.house\/wp-content\/uploads\/2020\/01\/74304246_2461234510789909_8426265422847803392_o.jpg\" alt=\"\" \/><\/div><\/li><li><div style=\"height: 500px; width:752px;\"><img decoding=\"async\" src=\"https:\/\/pix.house\/wp-content\/uploads\/2020\/01\/69625069_2461234384123255_8951203936446971904_o.jpg\" alt=\"\" \/><\/div><\/li><li><div style=\"height: 500px; width:751px;\"><img decoding=\"async\" src=\"https:\/\/pix.house\/wp-content\/uploads\/2020\/01\/75625387_2461234447456582_2910880579824123904_o.jpg\" alt=\"\" \/><\/div><\/li><li><div style=\"height: 500px; width:750px;\"><img decoding=\"async\" src=\"https:\/\/pix.house\/wp-content\/uploads\/2019\/11\/mechanizm_1800_www-kopia.jpg\" alt=\"\" \/><\/div><\/li><li><div style=\"height: 500px; width:750px;\"><img decoding=\"async\" src=\"https:\/\/pix.house\/wp-content\/uploads\/2019\/11\/03_Mechanizm_Mariusz_Foreckim.jpg\" alt=\"\" \/><\/div><\/li><\/ul><\/div><div class=\"controls\"><a class=\"prev-slide\" href=\"#\"><span class=\"arrow_carrot-left\"><\/span><\/a><a class=\"next-slide\" href=\"#\"><span class=\"arrow_carrot-right\"><\/span><\/a><\/div><\/div><div class=\"separator  normal\" style=\"border-color: #ffffff;border-width:0,5px\"><\/div>\n<\/div><\/div><\/div><\/div><\/div><div     class=\"vc_row wpb_row section vc_row-fluid\" style=' text-align:left;'><div class=\"full_section_inner clearfix\"><div class=\"wpb_column vc_column_container vc_col-sm-12\"><div class=\"vc_column-inner\"><div class=\"wpb_wrapper\">\n\t<div class=\"wpb_text_column wpb_content_element\">\n\t\t<div class=\"wpb_wrapper\">\n\t\t\t<p><strong>M\u00d3J FYRTEL \/ MOJA PRZESTRZE\u0143 2019<\/strong><\/p>\n<p>Czym jest M\u00f3j Fyrtel? Czym jest Moja Przestrze\u0144?<\/p>\n<p>Czy w \u015bwiecie niebieskiego ekranu jest jeszcze miejsce na \u017cywy kontakt z drugim cz\u0142owiekiem?<\/p>\n<p>Czy potrafimy pochyli\u0107 si\u0119 nad tematami z pozoru nieistotnymi?<\/p>\n<p>Jak opowiedzie\u0107 te ma\u0142e historie innym?<\/p>\n<p><em>\u201eTo, jak my\u015blimy o \u015bwiecie i \u2013 co chyba wa\u017cniejsze \u2013 jak o nim opowiadamy, ma wi\u0119c olbrzymie znaczenie. Co\u015b, co si\u0119 wydarza, a nie zostaje opowiedziane, przestaje istnie\u0107 i umiera.\u201d<\/em><\/p>\n<p style=\"text-align: right;\">Olga Tokarczuk<\/p>\n<p>Na warsztatach uczestnicy poznali podstawy pracy nad fotograficznym projektem d\u0142ugoterminowym. Stworzyli\u015bmy wsp\u00f3lnie dokumentalny obraz naszej przestrzeni, naszych prze\u017cy\u0107 i relacji. Obraz, kt\u00f3ry po latach b\u0119dzie \u015bwiadectwem zmiany.<\/p>\n<p>Uczestnicy warsztat\u00f3w i wystawy:<\/p>\n<p>Aleksandra Poniatowska, Aleksandra \u015amigielska, Beata Je\u017cak, Damian Milczarek, Damian M\u0142odecki, Daniel Gnap, Jakub Sosnowski, Janusz Nadolski, Kinga M\u0105dro, Konrad Baranowski, \u0141ukasz G\u00f3rowiec, Ma\u0142gorzata Adamczyk, Ma\u0142gorzata Wakuluk, Marianna Prange, Mateusz Walkowiak, Micha\u0142 Czarnecki, Micha\u0142 Pa\u0107ko, Natalia Dovga, Oleksii Sokun, Patrycja Skwierczy\u0144ska<\/p>\n<p>Prowadz\u0105cy warsztaty:<\/p>\n<p>Mariusz Forecki, Adrian Wykrota<\/p>\n\n\t\t<\/div> \n\t<\/div> <div class=\"separator  normal\" style=\"border-color: #ffffff;border-width:0,5px\"><\/div>\n<div class='qode_image_gallery_no_space light highlight_active'><div class='qode_image_gallery_holder' style='height: 500px;'><ul><li><div style=\"height: 500px; width:748px;\"><img decoding=\"async\" src=\"https:\/\/pix.house\/wp-content\/uploads\/2020\/01\/62594400_2357887744457920_4452785706082762752_o.jpg\" alt=\"\" \/><\/div><\/li><li><div style=\"height: 500px; width:748px;\"><img decoding=\"async\" src=\"https:\/\/pix.house\/wp-content\/uploads\/2020\/01\/66284101_2357888107791217_477264024426250240_o.jpg\" alt=\"\" \/><\/div><\/li><li><div style=\"height: 500px; width:748px;\"><img decoding=\"async\" src=\"https:\/\/pix.house\/wp-content\/uploads\/2020\/01\/66350066_2357888311124530_1865941309022273536_o.jpg\" alt=\"\" \/><\/div><\/li><li><div style=\"height: 500px; width:750px;\"><img decoding=\"async\" src=\"https:\/\/pix.house\/wp-content\/uploads\/2020\/01\/72332289_2424256337821060_6827641838946484224_n.jpg\" alt=\"\" \/><\/div><\/li><li><div style=\"height: 500px; width:750px;\"><img decoding=\"async\" src=\"https:\/\/pix.house\/wp-content\/uploads\/2020\/01\/71512367_2424256284487732_8652983131357315072_n-1.jpg\" alt=\"\" \/><\/div><\/li><li><div style=\"height: 500px; width:750px;\"><img decoding=\"async\" src=\"https:\/\/pix.house\/wp-content\/uploads\/2020\/01\/72080450_2424256244487736_4101102492417261568_n.jpg\" alt=\"\" \/><\/div><\/li><li><div style=\"height: 500px; width:750px;\"><img decoding=\"async\" src=\"https:\/\/pix.house\/wp-content\/uploads\/2020\/01\/fyrtel.jpg\" alt=\"\" \/><\/div><\/li><li><div style=\"height: 500px; width:334px;\"><img decoding=\"async\" src=\"https:\/\/pix.house\/wp-content\/uploads\/2020\/01\/fyrtel2.jpg\" alt=\"\" \/><\/div><\/li><li><div style=\"height: 500px; width:750px;\"><img decoding=\"async\" src=\"https:\/\/pix.house\/wp-content\/uploads\/2020\/01\/79361407_2490296311217062_5815870702196097024_o.jpg\" alt=\"\" \/><\/div><\/li><li><div style=\"height: 500px; width:750px;\"><img decoding=\"async\" src=\"https:\/\/pix.house\/wp-content\/uploads\/2020\/01\/79722559_2490297037883656_6284489941003010048_o.jpg\" alt=\"\" \/><\/div><\/li><li><div style=\"height: 500px; width:750px;\"><img decoding=\"async\" src=\"https:\/\/pix.house\/wp-content\/uploads\/2020\/01\/80092324_2490296814550345_3417096733979574272_o.jpg\" alt=\"\" \/><\/div><\/li><li><div style=\"height: 500px; width:750px;\"><img decoding=\"async\" src=\"https:\/\/pix.house\/wp-content\/uploads\/2020\/01\/80412970_2490296964550330_5420250376819441664_o.jpg\" alt=\"\" \/><\/div><\/li><\/ul><\/div><div class=\"controls\"><a class=\"prev-slide\" href=\"#\"><span class=\"arrow_carrot-left\"><\/span><\/a><a class=\"next-slide\" href=\"#\"><span class=\"arrow_carrot-right\"><\/span><\/a><\/div><\/div><div class=\"separator  normal\" style=\"border-color: #ffffff;border-width:0,5px\"><\/div>\n<\/div><\/div><\/div><\/div><\/div><div     class=\"vc_row wpb_row section vc_row-fluid\" style=' text-align:left;'><div class=\"full_section_inner clearfix\"><div class=\"wpb_column vc_column_container vc_col-sm-12\"><div class=\"vc_column-inner\"><div class=\"wpb_wrapper\">\n\t<div class=\"wpb_text_column wpb_content_element\">\n\t\t<div class=\"wpb_wrapper\">\n\t\t\t<p><strong>Jastrz\u0119bska Szko\u0142a Fotografii Dokumentalnej<\/strong><\/p>\n<p>Wystawa by\u0142a podsumowaniem wielomiesi\u0119cznej pracy uczestnik\u00f3w JSFD zwi\u0105zanej z realizacj\u0105 d\u0142ugoterminowych projekt\u00f3w fotograficznych. Wydarzenie by\u0142o okazj\u0105 do poznania w wyj\u0105tkowy spos\u00f3b nie tylko autor\u00f3w, ale i bohater\u00f3w prezentowanych dokument\u00f3w fotograficznych.<\/p>\n<p>Zaj\u0119cia w ramach JSFD wed\u0142ug formu\u0142y M\u00f3j Fyrtel prowadzili fotografowie: Micha\u0142 Sita, Mariusz Forecki, Adrian Wykrota i Micha\u0142 Adamski z PIX.HOUSE, a tak\u017ce Maciej Moskwa. Organizatorem przedsi\u0119wzi\u0119cia by\u0142o Stowarzyszenie JKF \u201eNIEZALE\u017bNI\u201d przy wsparciu miasta Jastrz\u0119bie Zdr\u00f3j.<\/p>\n\n\t\t<\/div> \n\t<\/div> <div class=\"separator  normal\" style=\"border-color: #ffffff;border-width:0,5px\"><\/div>\n<div class='qode_image_gallery_no_space light highlight_active'><div class='qode_image_gallery_holder' style='height: 500px;'><ul><li><div style=\"height: 500px; width:667px;\"><img decoding=\"async\" src=\"https:\/\/pix.house\/wp-content\/uploads\/2020\/01\/74311375_2751270694923945_643273830495682560_o.jpg\" alt=\"\" \/><\/div><\/li><li><div style=\"height: 500px; width:750px;\"><img decoding=\"async\" src=\"https:\/\/pix.house\/wp-content\/uploads\/2020\/01\/75204496_2455103354736358_8411057098271490048_o.jpg\" alt=\"\" \/><\/div><\/li><li><div style=\"height: 500px; width:750px;\"><img decoding=\"async\" src=\"https:\/\/pix.house\/wp-content\/uploads\/2020\/01\/75478448_2455103201403040_303328848349495296_o.jpg\" alt=\"\" \/><\/div><\/li><li><div style=\"height: 500px; width:750px;\"><img decoding=\"async\" src=\"https:\/\/pix.house\/wp-content\/uploads\/2020\/01\/74346698_2455103111403049_3414141706285613056_o.jpg\" alt=\"\" \/><\/div><\/li><li><div style=\"height: 500px; width:750px;\"><img decoding=\"async\" src=\"https:\/\/pix.house\/wp-content\/uploads\/2020\/01\/74701711_2455102988069728_5460588701073539072_o.jpg\" alt=\"\" \/><\/div><\/li><\/ul><\/div><div class=\"controls\"><a class=\"prev-slide\" href=\"#\"><span class=\"arrow_carrot-left\"><\/span><\/a><a class=\"next-slide\" href=\"#\"><span class=\"arrow_carrot-right\"><\/span><\/a><\/div><\/div><div class=\"separator  normal\" style=\"border-color: #ffffff;border-width:0,5px\"><\/div>\n<\/div><\/div><\/div><\/div><\/div><div     class=\"vc_row wpb_row section vc_row-fluid\" style=' text-align:left;'><div class=\"full_section_inner clearfix\"><div class=\"wpb_column vc_column_container vc_col-sm-12\"><div class=\"vc_column-inner\"><div class=\"wpb_wrapper\">\n\t<div class=\"wpb_text_column wpb_content_element\">\n\t\t<div class=\"wpb_wrapper\">\n\t\t\t<p style=\"text-align: justify;\">Rok 2019 up\u0142yn\u0105\u0142 w PIX.HOUSE pod znakiem publikacji. Wydali\u015bmy &#8222;Mechanizm&#8221; <strong>Mariusza Foreckiego <\/strong>(nominacja do ksi\u0105\u017cki roku &#8211; Fotopolis), ksi\u0105\u017ck\u0119 &#8222;Pies o dw\u00f3ch ogonach&#8221; <strong>Micha\u0142a Adamskiego<\/strong> oraz &#8222;Cu Chi Tunnels Restoration Report&#8221; <strong>Micha\u0142a Sity i Anny Pilawskiej- Sity<\/strong>. Ukaza\u0142a si\u0119 tak\u017ce kolejna cz\u0119\u015b\u0107 ksi\u0105\u017cki &#8222;Kruche medium. Rozmowy o fotografii&#8221; <strong>Macieja Fr\u0105ckowiaka. <\/strong>Byli\u015bmy wydawc\u0105 ksi\u0105\u017cki <strong>Justyny Mielnikiewicz<\/strong> &#8222;A Ukraine Runs Through It&#8221; (shortlista Paris Photo, nominacja do tytu\u0142u ksi\u0105\u017cki roku &#8211; Radiowy Dom Kultury, Fotopolis) oraz wsp\u00f3\u0142wydawc\u0105 albumu <strong>Macieja Fiszera<\/strong> &#8222;WHITE&amp;BLACK&#8221; (nagroda na Mi\u0119dzynarodowych Targach Ksi\u0105\u017cki w Krakowie). To by\u0142 r\u00f3wnie\u017c dobry rok pod wzgl\u0119dem obecno\u015bci naszych ksi\u0105\u017cek na polskich i zagranicznych festiwalach. Promowali\u015bmy m\u0142odych tw\u00f3rc\u00f3w &#8211; zwyci\u0119zc\u00f3w konkursu Talent Roku. Dzi\u0119ki wsp\u00f3\u0142pracy z Miesi\u0105cem Fotografii w Krakowie ukaza\u0142 si\u0119 newsprint <strong>Jana Jurczaka<\/strong> &#8222;Life goes on&#8221;. Dzi\u0119ki wsp\u00f3\u0142pracy z Krzy\u015bkiem Or\u0142owskim (Zinteka) wydali\u015bmy zina Alicji Wr\u00f3blewskiej &#8222;<strong>Rafa<\/strong>&#8222;. Rok 2019 by\u0142 tak\u017ce czasem finalizacji prac nad obszern\u0105 publikacj\u0105 historyczn\u0105 <strong>Moniki Piotrowskiej<\/strong> &#8222;\u017bycie alternatywne. Amatorzy i zawodowcy w fotografii pozna\u0144skiej od 1839 do 1945 roku.&#8221;. Nad publikacjami pracowali: Andrzej Dobosz, Kasia Kubicka, Darek Nowak, Tomek Kubaczyk, Anna Molter, Iwona Torbicka i wielu innych. Prace nadzorowali Mariusz Forecki i Adrian Wykrota.<\/p>\n\n\t\t<\/div> \n\t<\/div> <div class=\"separator  normal\" style=\"border-color: #ffffff;border-width:0,5px\"><\/div>\n<div class='qode_image_gallery_no_space light highlight_active'><div class='qode_image_gallery_holder' style='height: 500px;'><ul><li><div style=\"height: 500px; width:707px;\"><img decoding=\"async\" src=\"https:\/\/pix.house\/wp-content\/uploads\/2020\/01\/1000_01_mechanizm_ksiazka_forecki.jpg\" alt=\"\" \/><\/div><\/li><li><div style=\"height: 500px; width:750px;\"><img decoding=\"async\" src=\"https:\/\/pix.house\/wp-content\/uploads\/2019\/12\/ok\u0142adka.jpg\" alt=\"\" \/><\/div><\/li><li><div style=\"height: 500px; width:750px;\"><img decoding=\"async\" src=\"https:\/\/pix.house\/wp-content\/uploads\/2019\/12\/MS81035.jpg\" alt=\"\" \/><\/div><\/li><li><div style=\"height: 500px; width:750px;\"><img decoding=\"async\" src=\"https:\/\/pix.house\/wp-content\/uploads\/2019\/12\/F1020105-1m.jpg\" alt=\"\" \/><\/div><\/li><li><div style=\"height: 500px; width:751px;\"><img decoding=\"async\" src=\"https:\/\/pix.house\/wp-content\/uploads\/2019\/12\/L1080329-11.jpg\" alt=\"\" \/><\/div><\/li><li><div style=\"height: 500px; width:750px;\"><img decoding=\"async\" src=\"https:\/\/pix.house\/wp-content\/uploads\/2019\/08\/002-WHITEBLACK-.jpg\" alt=\"\" \/><\/div><\/li><li><div style=\"height: 500px; width:750px;\"><img decoding=\"async\" src=\"https:\/\/pix.house\/wp-content\/uploads\/2020\/01\/78818487_10218661781629127_576135722063364096_o.jpg\" alt=\"\" \/><\/div><\/li><li><div style=\"height: 500px; width:750px;\"><img decoding=\"async\" src=\"https:\/\/pix.house\/wp-content\/uploads\/2019\/05\/60956052_2253517641398023_6290972764639592448_n.jpg\" alt=\"\" \/><\/div><\/li><li><div style=\"height: 500px; width:477px;\"><img decoding=\"async\" src=\"https:\/\/pix.house\/wp-content\/uploads\/2020\/01\/D6Jo9WhWkAItEON.jpg\" alt=\"\" \/><\/div><\/li><li><div style=\"height: 500px; width:667px;\"><img decoding=\"async\" src=\"https:\/\/pix.house\/wp-content\/uploads\/2020\/01\/76727104_3829763613716392_6334960990756536320_n.jpg\" alt=\"\" \/><\/div><\/li><li><div style=\"height: 500px; width:748px;\"><img decoding=\"async\" src=\"https:\/\/pix.house\/wp-content\/uploads\/2020\/01\/66099907_2356877417892286_4045516965542887424_o.jpg\" alt=\"\" \/><\/div><\/li><li><div style=\"height: 500px; width:750px;\"><img decoding=\"async\" src=\"https:\/\/pix.house\/wp-content\/uploads\/2020\/01\/72189951_2421906701389357_3127659502082457600_o.jpg\" alt=\"\" \/><\/div><\/li><li><div style=\"height: 500px; width:748px;\"><img decoding=\"async\" src=\"https:\/\/pix.house\/wp-content\/uploads\/2020\/01\/66048579_2356877424558952_678155192641781760_o.jpg\" alt=\"\" \/><\/div><\/li><li><div style=\"height: 500px; width:750px;\"><img decoding=\"async\" src=\"https:\/\/pix.house\/wp-content\/uploads\/2020\/01\/71904863_2421906724722688_9028312875881463808_o.jpg\" alt=\"\" \/><\/div><\/li><li><div style=\"height: 500px; width:380px;\"><img decoding=\"async\" src=\"https:\/\/pix.house\/wp-content\/uploads\/2020\/01\/71339755_2670269163023483_4353244319964987392_n.jpg\" alt=\"\" \/><\/div><\/li><li><div style=\"height: 500px; width:667px;\"><img decoding=\"async\" src=\"https:\/\/pix.house\/wp-content\/uploads\/2020\/01\/63909677_2496315047086698_7004488049367187456_o.jpg\" alt=\"\" \/><\/div><\/li><li><div style=\"height: 500px; width:809px;\"><img decoding=\"async\" src=\"https:\/\/pix.house\/wp-content\/uploads\/2020\/01\/2019_PBA_featured_blue_rotator.jpg\" alt=\"\" \/><\/div><\/li><li><div style=\"height: 500px; width:501px;\"><img decoding=\"async\" src=\"https:\/\/pix.house\/wp-content\/uploads\/2020\/01\/72418826_2838703452830150_7830748209889673216_o.jpg\" alt=\"\" \/><\/div><\/li><li><div style=\"height: 500px; width:750px;\"><img decoding=\"async\" src=\"https:\/\/pix.house\/wp-content\/uploads\/2020\/01\/79216912_2480473038866056_8617155978757931008_o.jpg\" alt=\"\" \/><\/div><\/li><li><div style=\"height: 500px; width:667px;\"><img decoding=\"async\" src=\"https:\/\/pix.house\/wp-content\/uploads\/2020\/01\/74696648_2735020363216164_1996609603034415104_o.jpg\" alt=\"\" \/><\/div><\/li><li><div style=\"height: 500px; width:749px;\"><img decoding=\"async\" src=\"https:\/\/pix.house\/wp-content\/uploads\/2020\/01\/79371906_2483027325277294_6416780478522589184_o.jpg\" alt=\"\" \/><\/div><\/li><li><div style=\"height: 500px; width:750px;\"><img decoding=\"async\" src=\"https:\/\/pix.house\/wp-content\/uploads\/2020\/01\/xprint-2019_2-12.jpg\" alt=\"\" \/><\/div><\/li><\/ul><\/div><div class=\"controls\"><a class=\"prev-slide\" href=\"#\"><span class=\"arrow_carrot-left\"><\/span><\/a><a class=\"next-slide\" href=\"#\"><span class=\"arrow_carrot-right\"><\/span><\/a><\/div><\/div><div class=\"separator  normal\" style=\"border-color: #ffffff;border-width:0,5px\"><\/div>\n\n\t<div class=\"wpb_text_column wpb_content_element\">\n\t\t<div class=\"wpb_wrapper\">\n\t\t\t<p style=\"text-align: justify;\">Kolejny raz poprosili\u015bmy Was o pomoc. Na portalu <strong>Polak Potrafi<\/strong> ruszy\u0142y dwie zbi\u00f3rki \u015brodk\u00f3w na druk Mechanizmu Mariusza Foreckiego oraz ksi\u0105\u017cek &#8222;Pies o dw\u00f3ch ogonach&#8221; Micha\u0142a Adamskiego i &#8222;Cu Chi Tunnels Restoration Report&#8221; Micha\u0142a Sity i Anny Pilawskiej- Sity. Uda\u0142o si\u0119 zebra\u0107 potrzebne \u015brodki z nawi\u0105zk\u0105! Jeszcze raz serdecznie Wam dzi\u0119kujemy.<\/p>\n<p>Kolejny raz mogli\u015bmy liczy\u0107 na wielkie wsparcie <strong>Izy i Mariusza Stolarskich<\/strong> oraz Postal Steel Group &#8211; serdecznie dzi\u0119kujemy!<\/p>\n\n\t\t<\/div> \n\t<\/div> <div class=\"separator  normal\" style=\"border-color: #ffffff;border-width:0,5px\"><\/div>\n<div class='qode_image_gallery_no_space light highlight_active'><div class='qode_image_gallery_holder' style='height: 500px;'><ul><li><div style=\"height: 500px; width:964px;\"><img decoding=\"async\" src=\"https:\/\/pix.house\/wp-content\/uploads\/2020\/01\/Zrzut-ekranu-2020-01-2-o-17.14.03.png\" alt=\"\" \/><\/div><\/li><li><div style=\"height: 500px; width:1009px;\"><img decoding=\"async\" src=\"https:\/\/pix.house\/wp-content\/uploads\/2020\/01\/Zrzut-ekranu-2020-01-2-o-17.12.46.png\" alt=\"\" \/><\/div><\/li><\/ul><\/div><div class=\"controls\"><a class=\"prev-slide\" href=\"#\"><span class=\"arrow_carrot-left\"><\/span><\/a><a class=\"next-slide\" href=\"#\"><span class=\"arrow_carrot-right\"><\/span><\/a><\/div><\/div><div class=\"separator  normal\" style=\"border-color: #ffffff;border-width:0,5px\"><\/div>\n<\/div><\/div><\/div><\/div><\/div><div     class=\"vc_row wpb_row section vc_row-fluid\" style=' text-align:left;'><div class=\"full_section_inner clearfix\"><div class=\"wpb_column vc_column_container vc_col-sm-12\"><div class=\"vc_column-inner\"><div class=\"wpb_wrapper\">\n\t<div class=\"wpb_text_column wpb_content_element\">\n\t\t<div class=\"wpb_wrapper\">\n\t\t\t<h4><strong>_festiwal ksi\u0105\u017cek fotograficznych XPRINT<\/strong><\/h4>\n\n\t\t<\/div> \n\t<\/div> \n\t<div class=\"wpb_text_column wpb_content_element\">\n\t\t<div class=\"wpb_wrapper\">\n\t\t\t<p>Tegoroczny festiwal ksi\u0105\u017cek fotograficznych XPRINT\u00a0 mia\u0142 now\u0105 formu\u0142\u0119. Sekwencja kilkunastu premier zosta\u0142a uzupe\u0142niona o wystawy, spotkania z ekspertami i dyskusje. Zadali\u015bmy kluczowe pytania o rol\u0119 dokumentowania i prezentacji materia\u0142\u00f3w fotograficznych w formie ksi\u0105\u017cek, a tak\u017ce wsp\u00f3lnie zastanowili\u015bmy si\u0119 jak\u0105 przysz\u0142o\u015b\u0107 czeka to medium.<\/p>\n<p>Pierwsz\u0105 zapowiedzi\u0105 festiwalu by\u0142a wystawa Mariusza Foreckiego \u201eMechanizm\u201d \u2013 opowie\u015b\u0107 o transformacji spo\u0142ecznej w Polsce (1989 \u2013 2019), kt\u00f3r\u0105 zaprezentowali\u015bmy od 15 listopada w pozna\u0144skiej galerii Pix.house.<br \/>\nOd 5 do 8 grudnia zorganizowali\u015bmy cykl wydarze\u0144 zwi\u0105zanych z nowymi publikacjami. Zacz\u0119li\u015bmy od premiery kolejnej cz\u0119\u015bci \u201eKruchego Medium\u201d \u2013 rozm\u00f3w o fotografii Macieja Fr\u0105ckowiaka. W Galerii Miejskiej Arsena\u0142 poruszyli\u015bmy kwesti\u0119 roli fotografii, zadaj\u0105c pytanie: czy fotografia co\u015b zmienia? Kolejne premiery, spotkania i dyskusje odby\u0142y si\u0119 w Inkubatorze Kultury Pireus oraz w ksi\u0119garni i czytelni ksi\u0105\u017cek fotograficznych Pix.house. Zaprezentowali\u015bmy premierowo ksi\u0105\u017cki: \u201ePies o dw\u00f3ch ogonach\u201d Micha\u0142a Adamskiego (opowie\u015b\u0107 o wsp\u00f3\u0142czesnych W\u0119grzech), \u201eCu Chi Tunnels Restoration Report\u201d Micha\u0142a Sity i Anny Pilawskiej-Sity (analiza wsp\u00f3\u0142czesnego kontekstu zabytku architektury \u2013 sieci 250 km tuneli, u\u017cywanych przez partyzant\u00f3w w czasie wojny wietnamskiej), \u201eMechanizm\u201d Mariusza Foreckiego (opowie\u015b\u0107 o transformacji w Polsce), \u201eWyjed\u017a zosta\u0144\u201d Rafa\u0142a Siderskiego (intymna opowie\u015b\u0107 o pami\u0119ci) oraz publikacj\u0119 Macieja Jeziorka \u201eMessage\u201d (wizualn\u0105 interpretacj\u0119 pierwszego, napisanego w j\u0119zyku polskim, listu z Indii autorstwa Krzysztofa Paw\u0142owskiego).<br \/>\nPodczas festiwalu zaprezentowali\u015bmy premierowo zin \u201eRafa\u201d Alicji Wr\u00f3blewskiej \u2013 zwyci\u0119\u017cczyni konkursu Talent Roku 2019. Odby\u0142y si\u0119 spotkania z Jankiem Brykczy\u0144skim, Krzy\u015bkiem Or\u0142owskim i ekip\u0105 agencji RATS. Dyskutowali\u015bmy o rynku ksi\u0105\u017cek fotograficznych w naszej cz\u0119\u015bci Europy oraz o nowych formach prezentacji materia\u0142\u00f3w dokumentalnych w kontek\u015bcie wa\u017cnych zmian i zagadnie\u0144 spo\u0142ecznych. Na specjalnym muzycznym pokazie zaprezentowali\u015bmy makiet\u0119 nowej ksi\u0105\u017cki Piotra Zbierskiego. W pozna\u0144skiej przestrzeni tw\u00f3rczej Centrala odby\u0142y si\u0119 wydarzenia towarzysz\u0105ce wok\u00f3\u0142 wystawy \u201eKraw\u0119d\u017a poznania \/ The Edge of Knowing\u201d Magdy Biernat.<\/p>\n\n\t\t<\/div> \n\t<\/div> <div class=\"separator  normal\" style=\"border-color: #ffffff;border-width:0,5px\"><\/div>\n<div class='qode_image_gallery_no_space light highlight_active'><div class='qode_image_gallery_holder' style='height: 500px;'><ul><li><div style=\"height: 500px; width:752px;\"><img decoding=\"async\" src=\"https:\/\/pix.house\/wp-content\/uploads\/2020\/01\/78858372_2480473105532716_6286736384992477184_o.jpg\" alt=\"\" \/><\/div><\/li><li><div style=\"height: 500px; width:752px;\"><img decoding=\"async\" src=\"https:\/\/pix.house\/wp-content\/uploads\/2020\/01\/76706901_2480473182199375_3372287494799228928_o.jpg\" alt=\"\" \/><\/div><\/li><li><div style=\"height: 500px; width:749px;\"><img decoding=\"async\" src=\"https:\/\/pix.house\/wp-content\/uploads\/2020\/01\/78759924_2482880841958609_1349054592087752704_o.jpg\" alt=\"\" \/><\/div><\/li><li><div style=\"height: 500px; width:749px;\"><img decoding=\"async\" src=\"https:\/\/pix.house\/wp-content\/uploads\/2020\/01\/79707655_2482881385291888_8242029704014462976_o.jpg\" alt=\"\" \/><\/div><\/li><li><div style=\"height: 500px; width:750px;\"><img decoding=\"async\" src=\"https:\/\/pix.house\/wp-content\/uploads\/2020\/01\/79663154_2482881941958499_659808629951561728_o.jpg\" alt=\"\" \/><\/div><\/li><li><div style=\"height: 500px; width:750px;\"><img decoding=\"async\" src=\"https:\/\/pix.house\/wp-content\/uploads\/2020\/01\/79231717_2483265088586851_5057354030041268224_o.jpg\" alt=\"\" \/><\/div><\/li><li><div style=\"height: 500px; width:749px;\"><img decoding=\"async\" src=\"https:\/\/pix.house\/wp-content\/uploads\/2020\/01\/78742806_2482879611958732_7315556699367014400_o.jpg\" alt=\"\" \/><\/div><\/li><li><div style=\"height: 500px; width:749px;\"><img decoding=\"async\" src=\"https:\/\/pix.house\/wp-content\/uploads\/2020\/01\/78841808_2482880985291928_2550534782194810880_o.jpg\" alt=\"\" \/><\/div><\/li><li><div style=\"height: 500px; width:749px;\"><img decoding=\"async\" src=\"https:\/\/pix.house\/wp-content\/uploads\/2020\/01\/78778809_2482880321958661_8197554398541381632_o.jpg\" alt=\"\" \/><\/div><\/li><li><div style=\"height: 500px; width:749px;\"><img decoding=\"async\" src=\"https:\/\/pix.house\/wp-content\/uploads\/2020\/01\/73539203_2482879705292056_5560307971851812864_o.jpg\" alt=\"\" \/><\/div><\/li><li><div style=\"height: 500px; width:749px;\"><img decoding=\"async\" src=\"https:\/\/pix.house\/wp-content\/uploads\/2020\/01\/78562305_2483027235277303_368817624915640320_o.jpg\" alt=\"\" \/><\/div><\/li><li><div style=\"height: 500px; width:749px;\"><img decoding=\"async\" src=\"https:\/\/pix.house\/wp-content\/uploads\/2020\/01\/79246902_2483027101943983_2370862856955494400_o.jpg\" alt=\"\" \/><\/div><\/li><li><div style=\"height: 500px; width:750px;\"><img decoding=\"async\" src=\"https:\/\/pix.house\/wp-content\/uploads\/2020\/01\/78611393_2482881865291840_7898034275650371584_o.jpg\" alt=\"\" \/><\/div><\/li><li><div style=\"height: 500px; width:749px;\"><img decoding=\"async\" src=\"https:\/\/pix.house\/wp-content\/uploads\/2020\/01\/78845139_2483265361920157_8029898434586607616_o.jpg\" alt=\"\" \/><\/div><\/li><\/ul><\/div><div class=\"controls\"><a class=\"prev-slide\" href=\"#\"><span class=\"arrow_carrot-left\"><\/span><\/a><a class=\"next-slide\" href=\"#\"><span class=\"arrow_carrot-right\"><\/span><\/a><\/div><\/div><div class=\"separator  normal\" style=\"border-color: #ffffff;border-width:0,5px\"><\/div>\n<\/div><\/div><\/div><\/div><\/div><div     class=\"vc_row wpb_row section vc_row-fluid\" style=' text-align:left;'><div class=\"full_section_inner clearfix\"><div class=\"wpb_column vc_column_container vc_col-sm-12\"><div class=\"vc_column-inner\"><div class=\"wpb_wrapper\">\n\t<div class=\"wpb_text_column wpb_content_element\">\n\t\t<div class=\"wpb_wrapper\">\n\t\t\t<h4>_PRACOWNIA | WARSZTATY, KONKURSY, PRZEGL\u0104DY PORTFOLIO<\/h4>\n\n\t\t<\/div> \n\t<\/div> \n\t<div class=\"wpb_text_column wpb_content_element\">\n\t\t<div class=\"wpb_wrapper\">\n\t\t\t<p style=\"text-align: justify;\">W 2019 roku zorganizowali\u015bmy kolejn\u0105 edycj\u0119 d\u0142ugoterminowych warsztat\u00f3w <strong>M\u00f3j fyrtel\/Moja przestrze\u0144<\/strong>, kt\u00f3r\u0105 poprowadzi\u0142 Adrian Wykrota i Mariusza Forecki. Uczestnicy przez p\u00f3\u0142 roku pracowali nad swoimi cyklami zdj\u0119\u0107. Warsztaty zako\u0144czy\u0142a wystawa w galerii PIX.HOUSE.<\/p>\n<p style=\"text-align: justify;\">Przez ca\u0142y rok pracowali\u015bmy r\u00f3wnie\u017c nad <strong><a href=\"http:\/\/pix.house\/en\/portfolio_page\/spoleczne\/\" target=\"_blank\" rel=\"noopener noreferrer\">Archiwum Spo\u0142ecznym<\/a><\/strong>. Dzi\u0119ki ciekawym spotkaniom i digitalizacji do naszych zbior\u00f3w trafi\u0142o oko\u0142o 100 nowych fotografii.<\/p>\n\n\t\t<\/div> \n\t<\/div> <div class=\"separator  normal\" style=\"border-color: #ffffff;border-width:0,5px\"><\/div>\n<div class='qode_image_gallery_no_space light highlight_active'><div class='qode_image_gallery_holder' style='height: 500px;'><ul><li><div style=\"height: 500px; width:665px;\"><img decoding=\"async\" src=\"https:\/\/pix.house\/wp-content\/uploads\/2017\/07\/DSF9997-18.jpg\" alt=\"\" \/><\/div><\/li><li><div style=\"height: 500px; width:373px;\"><img decoding=\"async\" src=\"https:\/\/pix.house\/wp-content\/uploads\/2017\/07\/DSF5880-16.jpg\" alt=\"\" \/><\/div><\/li><li><div style=\"height: 500px; width:672px;\"><img decoding=\"async\" src=\"https:\/\/pix.house\/wp-content\/uploads\/2017\/07\/DSF5794-15.jpg\" alt=\"\" \/><\/div><\/li><li><div style=\"height: 500px; width:373px;\"><img decoding=\"async\" src=\"https:\/\/pix.house\/wp-content\/uploads\/2017\/07\/DSF5779-14.jpg\" alt=\"\" \/><\/div><\/li><li><div style=\"height: 500px; width:672px;\"><img decoding=\"async\" src=\"https:\/\/pix.house\/wp-content\/uploads\/2017\/07\/DSF5764-13.jpg\" alt=\"\" \/><\/div><\/li><li><div style=\"height: 500px; width:672px;\"><img decoding=\"async\" src=\"https:\/\/pix.house\/wp-content\/uploads\/2017\/07\/DSF5743-12.jpg\" alt=\"\" \/><\/div><\/li><li><div style=\"height: 500px; width:672px;\"><img decoding=\"async\" src=\"https:\/\/pix.house\/wp-content\/uploads\/2017\/07\/DSF5736-11.jpg\" alt=\"\" \/><\/div><\/li><li><div style=\"height: 500px; width:373px;\"><img decoding=\"async\" src=\"https:\/\/pix.house\/wp-content\/uploads\/2017\/07\/DSF5695-10.jpg\" alt=\"\" \/><\/div><\/li><li><div style=\"height: 500px; width:672px;\"><img decoding=\"async\" src=\"https:\/\/pix.house\/wp-content\/uploads\/2017\/07\/DSF5683-9.jpg\" alt=\"\" \/><\/div><\/li><li><div style=\"height: 500px; width:672px;\"><img decoding=\"async\" src=\"https:\/\/pix.house\/wp-content\/uploads\/2017\/07\/DSF5673-8.jpg\" alt=\"\" \/><\/div><\/li><li><div style=\"height: 500px; width:672px;\"><img decoding=\"async\" src=\"https:\/\/pix.house\/wp-content\/uploads\/2017\/07\/DSF5644-7.jpg\" alt=\"\" \/><\/div><\/li><li><div style=\"height: 500px; width:672px;\"><img decoding=\"async\" src=\"https:\/\/pix.house\/wp-content\/uploads\/2017\/07\/DSF5636-6.jpg\" alt=\"\" \/><\/div><\/li><li><div style=\"height: 500px; width:373px;\"><img decoding=\"async\" src=\"https:\/\/pix.house\/wp-content\/uploads\/2017\/07\/DSF5630-5.jpg\" alt=\"\" \/><\/div><\/li><li><div style=\"height: 500px; width:672px;\"><img decoding=\"async\" src=\"https:\/\/pix.house\/wp-content\/uploads\/2017\/07\/DSF5614-4.jpg\" alt=\"\" \/><\/div><\/li><li><div style=\"height: 500px; width:672px;\"><img decoding=\"async\" src=\"https:\/\/pix.house\/wp-content\/uploads\/2017\/07\/DSF5610-3.jpg\" alt=\"\" \/><\/div><\/li><li><div style=\"height: 500px; width:672px;\"><img decoding=\"async\" src=\"https:\/\/pix.house\/wp-content\/uploads\/2017\/07\/DSF5588-17.jpg\" alt=\"\" \/><\/div><\/li><li><div style=\"height: 500px; width:672px;\"><img decoding=\"async\" src=\"https:\/\/pix.house\/wp-content\/uploads\/2017\/07\/DSF5585-2.jpg\" alt=\"\" \/><\/div><\/li><li><div style=\"height: 500px; width:373px;\"><img decoding=\"async\" src=\"https:\/\/pix.house\/wp-content\/uploads\/2017\/07\/DSF5574-1.jpg\" alt=\"\" \/><\/div><\/li><li><div style=\"height: 500px; width:322px;\"><img decoding=\"async\" src=\"https:\/\/pix.house\/wp-content\/uploads\/2017\/07\/DSF0091-21.jpg\" alt=\"\" \/><\/div><\/li><li><div style=\"height: 500px; width:322px;\"><img decoding=\"async\" src=\"https:\/\/pix.house\/wp-content\/uploads\/2017\/07\/DSF0091-1.jpg\" alt=\"\" \/><\/div><\/li><li><div style=\"height: 500px; width:350px;\"><img decoding=\"async\" src=\"https:\/\/pix.house\/wp-content\/uploads\/2017\/07\/DSF0022-20.jpg\" alt=\"\" \/><\/div><\/li><li><div style=\"height: 500px; width:647px;\"><img decoding=\"async\" src=\"https:\/\/pix.house\/wp-content\/uploads\/2017\/07\/DSF0004-19.jpg\" alt=\"\" \/><\/div><\/li><li><div style=\"height: 500px; width:708px;\"><img decoding=\"async\" src=\"https:\/\/pix.house\/wp-content\/uploads\/2017\/07\/img008-7.jpg\" alt=\"\" \/><\/div><\/li><li><div style=\"height: 500px; width:701px;\"><img decoding=\"async\" src=\"https:\/\/pix.house\/wp-content\/uploads\/2017\/07\/img007-6.jpg\" alt=\"\" \/><\/div><\/li><li><div style=\"height: 500px; width:702px;\"><img decoding=\"async\" src=\"https:\/\/pix.house\/wp-content\/uploads\/2017\/07\/img006-5.jpg\" alt=\"\" \/><\/div><\/li><li><div style=\"height: 500px; width:751px;\"><img decoding=\"async\" src=\"https:\/\/pix.house\/wp-content\/uploads\/2017\/07\/img005-4.jpg\" alt=\"\" \/><\/div><\/li><li><div style=\"height: 500px; width:499px;\"><img decoding=\"async\" src=\"https:\/\/pix.house\/wp-content\/uploads\/2017\/07\/img004-3.jpg\" alt=\"\" \/><\/div><\/li><li><div style=\"height: 500px; width:738px;\"><img decoding=\"async\" src=\"https:\/\/pix.house\/wp-content\/uploads\/2017\/07\/img003-2.jpg\" alt=\"\" \/><\/div><\/li><li><div style=\"height: 500px; width:709px;\"><img decoding=\"async\" src=\"https:\/\/pix.house\/wp-content\/uploads\/2017\/07\/img002-1.jpg\" alt=\"\" \/><\/div><\/li><\/ul><\/div><div class=\"controls\"><a class=\"prev-slide\" href=\"#\"><span class=\"arrow_carrot-left\"><\/span><\/a><a class=\"next-slide\" href=\"#\"><span class=\"arrow_carrot-right\"><\/span><\/a><\/div><\/div><div class=\"separator  normal\" style=\"border-color: #ffffff;border-width:0,5px\"><\/div>\n\n\t<div class=\"wpb_text_column wpb_content_element\">\n\t\t<div class=\"wpb_wrapper\">\n\t\t\t<p style=\"text-align: justify;\">Przy wsparciu Miasta Pozna\u0144 zorganizowali\u015bmy konkurs <strong>TALENT ROKU.\u00a0<\/strong><\/p>\n<p>Jury w sk\u0142adzie: Anna Molter, Jan Brykczy\u0144ski, Krzysiek Or\u0142owski do fina\u0142u konkursu zakwalifikowa\u0142o prace nast\u0119puj\u0105cych os\u00f3b:<\/p>\n<p style=\"text-align: justify;\">Karolina Wojtas | WE CAN\u2019T LIVE \u2013 WITHOUT EACH OTHER, Katarzyna Zolich | The Kiss, The Rage, The Swan, Mateusz Pawlukiewicz | Leksykon wsp\u00f3\u0142czesnych polskich zamk\u00f3w, Igor Zieli\u0144ski | Kiosk, Mateusz Kowalik | Czarcie \u017cebro, Edyta Jab\u0142o\u0144ska | Kraj(obraz), Zachar Szerstobitow | Emigracja, Kamil \u015aleszy\u0144ski | Balistyka ko\u0144cowa<\/p>\n<p>Zwyci\u0119\u017cczyni\u0105 konkursu zosta\u0142a Alicja Wr\u00f3blewska za projekt Rafa.<\/p>\n<p>GRATULUJEMY!<\/p>\n\n\t\t<\/div> \n\t<\/div> <div class=\"separator  normal\" style=\"border-color: #ffffff;border-width:0,5px\"><\/div>\n<div class='qode_image_gallery_no_space light highlight_active'><div class='qode_image_gallery_holder' style='height: 500px;'><ul><li><div style=\"height: 500px; width:330px;\"><img decoding=\"async\" src=\"https:\/\/pix.house\/wp-content\/uploads\/2020\/01\/1565992286-karolina-wojtas-talent-roku-2019-zapisy-2019.jpg\" alt=\"\" \/><\/div><\/li><li><div style=\"height: 500px; width:800px;\"><img decoding=\"async\" src=\"https:\/\/pix.house\/wp-content\/uploads\/2020\/01\/katarzyna-zolich-2.jpg\" alt=\"\" \/><\/div><\/li><li><div style=\"height: 500px; width:708px;\"><img decoding=\"async\" src=\"https:\/\/pix.house\/wp-content\/uploads\/2020\/01\/1565965656-igor-zielin\u0301ski-talent-roku-2019-zapisy-2019-14.jpg\" alt=\"\" \/><\/div><\/li><li><div style=\"height: 500px; width:1397px;\"><img decoding=\"async\" src=\"https:\/\/pix.house\/wp-content\/uploads\/2020\/01\/1565272896-mateusz-pawlukiewicz-talent-roku-2019-zapisy-2019-8.jpg\" alt=\"\" \/><\/div><\/li><li><div style=\"height: 500px; width:632px;\"><img decoding=\"async\" src=\"https:\/\/pix.house\/wp-content\/uploads\/2020\/01\/mateusz-kowalik-czarcie-zebro.jpg\" alt=\"\" \/><\/div><\/li><li><div style=\"height: 500px; width:751px;\"><img decoding=\"async\" src=\"https:\/\/pix.house\/wp-content\/uploads\/2020\/01\/1565804243-edyta-jab\u0142on\u0301ska-talent-roku-2019-zapisy-2019-4.jpg\" alt=\"\" \/><\/div><\/li><li><div style=\"height: 500px; width:674px;\"><img decoding=\"async\" src=\"https:\/\/pix.house\/wp-content\/uploads\/2020\/01\/1564671798-zachar-szerstobitow-talent-roku-2019-zapisy-2019.jpg\" alt=\"\" \/><\/div><\/li><li><div style=\"height: 500px; width:750px;\"><img decoding=\"async\" src=\"https:\/\/pix.house\/wp-content\/uploads\/2020\/01\/1563426915-kamil-S\u0301leszyn\u0301ski-talent-roku-2019-zapisy-2019-11.jpg\" alt=\"\" \/><\/div><\/li><li><div style=\"height: 500px; width:375px;\"><img decoding=\"async\" src=\"https:\/\/pix.house\/wp-content\/uploads\/2020\/01\/78176965_2674538559269139_5909263726665531392_o.jpg\" alt=\"\" \/><\/div><\/li><li><div style=\"height: 500px; width:749px;\"><img decoding=\"async\" src=\"https:\/\/pix.house\/wp-content\/uploads\/2020\/01\/talent.jpg\" alt=\"\" \/><\/div><\/li><li><div style=\"height: 500px; width:750px;\"><img decoding=\"async\" src=\"https:\/\/pix.house\/wp-content\/uploads\/2020\/01\/78818487_10218661781629127_576135722063364096_o.jpg\" alt=\"\" \/><\/div><\/li><\/ul><\/div><div class=\"controls\"><a class=\"prev-slide\" href=\"#\"><span class=\"arrow_carrot-left\"><\/span><\/a><a class=\"next-slide\" href=\"#\"><span class=\"arrow_carrot-right\"><\/span><\/a><\/div><\/div>\n\t<div class=\"wpb_text_column wpb_content_element\">\n\t\t<div class=\"wpb_wrapper\">\n\t\t\t<p>Byli\u015bmy ze swoimi zdj\u0119ciami, projektami i ksi\u0105\u017ckami na wielu wystawach w Polsce (Rybnik, \u017byrard\u00f3w, Bia\u0142ystok, Katowice, Warszawa, Krak\u00f3w) oraz w Europie (Arles, Pary\u017c, Kybartai, Bratys\u0142awa, Praga). Powsta\u0142a tak\u017ce\u00a0 praca magisterska &#8222;M\u00edsto pro fotografii PIX.HOUSE&#8221; obrobiona na Instytucie Kreatywnej Fotografii w czeskiej Opawie. Autorem pracy jest Adrian Wykrota, kt\u00f3ry na zako\u0144czenie studi\u00f3w otrzyma\u0142 razem z Konstancj\u0105 Nowin\u0105 Konopk\u0105 statuetk\u0119 Z\u0142otego Chomika &#8211; dla najlepszego absolwenta ITF.<\/p>\n\n\t\t<\/div> \n\t<\/div> <div class=\"separator  normal\" style=\"border-color: #ffffff;border-width:0,5px\"><\/div>\n<div class='qode_image_gallery_no_space light highlight_active'><div class='qode_image_gallery_holder' style='height: 500px;'><ul><li><div style=\"height: 500px; width:750px;\"><img decoding=\"async\" src=\"https:\/\/pix.house\/wp-content\/uploads\/2020\/01\/62574067_2335687516470647_5603770335057936384_o.jpg\" alt=\"\" \/><\/div><\/li><li><div style=\"height: 500px; width:667px;\"><img decoding=\"async\" src=\"https:\/\/pix.house\/wp-content\/uploads\/2020\/01\/78078931_3110038562345115_7917614567696367616_n.jpg\" alt=\"\" \/><\/div><\/li><li><div style=\"height: 500px; width:750px;\"><img decoding=\"async\" src=\"https:\/\/pix.house\/wp-content\/uploads\/2020\/01\/75380317_2772312982820235_8353672645820022784_n.jpg\" alt=\"\" \/><\/div><\/li><li><div style=\"height: 500px; width:667px;\"><img decoding=\"async\" src=\"https:\/\/pix.house\/wp-content\/uploads\/2020\/01\/55698613_2332612993456905_6191244706358231040_o.jpg\" alt=\"\" \/><\/div><\/li><li><div style=\"height: 500px; width:750px;\"><img decoding=\"async\" src=\"https:\/\/pix.house\/wp-content\/uploads\/2020\/01\/67514975_374564816540479_6125740691248119808_o.jpg\" alt=\"\" \/><\/div><\/li><li><div style=\"height: 500px; width:750px;\"><img decoding=\"async\" src=\"https:\/\/pix.house\/wp-content\/uploads\/2020\/01\/61125012_2431486930236177_1031753472095027200_o.jpg\" alt=\"\" \/><\/div><\/li><li><div style=\"height: 500px; width:751px;\"><img decoding=\"async\" src=\"https:\/\/pix.house\/wp-content\/uploads\/2020\/01\/71401201_2658188297566038_2608783399246102528_o.jpg\" alt=\"\" \/><\/div><\/li><li><div style=\"height: 500px; width:751px;\"><img decoding=\"async\" src=\"https:\/\/pix.house\/wp-content\/uploads\/2020\/01\/71703330_2658189370899264_2450394303973818368_o.jpg\" alt=\"\" \/><\/div><\/li><li><div style=\"height: 500px; width:752px;\"><img decoding=\"async\" src=\"https:\/\/pix.house\/wp-content\/uploads\/2020\/01\/67656169_374564493207178_7098622831868510208_o.jpg\" alt=\"\" \/><\/div><\/li><li><div style=\"height: 500px; width:751px;\"><img decoding=\"async\" src=\"https:\/\/pix.house\/wp-content\/uploads\/2020\/01\/69650651_2604116672973201_989384714936647680_o.jpg\" alt=\"\" \/><\/div><\/li><li><div style=\"height: 500px; width:750px;\"><img decoding=\"async\" src=\"https:\/\/pix.house\/wp-content\/uploads\/2020\/01\/72792578_2683357431715791_4777737116312403968_n.jpg\" alt=\"\" \/><\/div><\/li><\/ul><\/div><div class=\"controls\"><a class=\"prev-slide\" href=\"#\"><span class=\"arrow_carrot-left\"><\/span><\/a><a class=\"next-slide\" href=\"#\"><span class=\"arrow_carrot-right\"><\/span><\/a><\/div><\/div><div class=\"separator  normal\" style=\"border-color: #ffffff;border-width:0,5px\"><\/div>\n<\/div><\/div><\/div><\/div><\/div><div     class=\"vc_row wpb_row section vc_row-fluid\" style=' text-align:left;'><div class=\"full_section_inner clearfix\"><div class=\"wpb_column vc_column_container vc_col-sm-12\"><div class=\"vc_column-inner\"><div class=\"wpb_wrapper\">\n\t<div class=\"wpb_text_column wpb_content_element\">\n\t\t<div class=\"wpb_wrapper\">\n\t\t\t<p style=\"text-align: justify;\"><b>Serdecznie dzi\u0119kujemy za ten rok i pozdrawiamy!\u00a0<\/b><\/p>\n<p>zesp\u00f3\u0142 PIX.HOUSE: Mariusz Forecki, Adrian Wykrota, Micha\u0142 Sita, Micha\u0142 Adamski, Andrzej Dobosz, Anna Molter, Dominika \u0141ukaszewska<\/p>\n<p>Zapraszamy do <strong>PIX.HOUSE<\/strong> &#8211; razem tworzymy miejsce dla fotografii&#8230;<\/p>\n\n\t\t<\/div> \n\t<\/div> <\/div><\/div><\/div><\/div><\/div>\n<\/div>","protected":false},"excerpt":{"rendered":"Jaki by\u0142 2019 rok w PIX.HOUSE? Zorganizowali\u015bmy 9 wystaw fotografii. Zaprosili\u015bmy Was na kolejn\u0105 edycj\u0119 festiwalu ksi\u0105\u017cek fotograficznych XPRINT, premier\u0119 mia\u0142o 9 publikacji wydawnictwa PIX.HOUSE. Dzielnie pracowali\u015bmy podczas kolejnej edycji warsztat\u00f3w\u00a0\"M\u00f3j Fyrtel\". Zdigitalizowali\u015bmy kolejne fotografie w ramach spotka\u0144 \"Archiwum Spo\u0142ecznego\". Odby\u0142a si\u0119 czwarta edycja konkursu...","protected":false},"author":11,"featured_media":30635,"comment_status":"open","ping_status":"open","sticky":false,"template":"","format":"standard","meta":{"_monsterinsights_skip_tracking":false,"_monsterinsights_sitenote_active":false,"_monsterinsights_sitenote_note":"","_monsterinsights_sitenote_category":0,"footnotes":""},"categories":[59],"tags":[],"class_list":["post-30608","post","type-post","status-publish","format-standard","has-post-thumbnail","hentry","category-co-z-ta-fotografia"],"_links":{"self":[{"href":"https:\/\/pix.house\/en\/wp-json\/wp\/v2\/posts\/30608","targetHints":{"allow":["GET"]}}],"collection":[{"href":"https:\/\/pix.house\/en\/wp-json\/wp\/v2\/posts"}],"about":[{"href":"https:\/\/pix.house\/en\/wp-json\/wp\/v2\/types\/post"}],"author":[{"embeddable":true,"href":"https:\/\/pix.house\/en\/wp-json\/wp\/v2\/users\/11"}],"replies":[{"embeddable":true,"href":"https:\/\/pix.house\/en\/wp-json\/wp\/v2\/comments?post=30608"}],"version-history":[{"count":13,"href":"https:\/\/pix.house\/en\/wp-json\/wp\/v2\/posts\/30608\/revisions"}],"predecessor-version":[{"id":30759,"href":"https:\/\/pix.house\/en\/wp-json\/wp\/v2\/posts\/30608\/revisions\/30759"}],"wp:featuredmedia":[{"embeddable":true,"href":"https:\/\/pix.house\/en\/wp-json\/wp\/v2\/media\/30635"}],"wp:attachment":[{"href":"https:\/\/pix.house\/en\/wp-json\/wp\/v2\/media?parent=30608"}],"wp:term":[{"taxonomy":"category","embeddable":true,"href":"https:\/\/pix.house\/en\/wp-json\/wp\/v2\/categories?post=30608"},{"taxonomy":"post_tag","embeddable":true,"href":"https:\/\/pix.house\/en\/wp-json\/wp\/v2\/tags?post=30608"}],"curies":[{"name":"wp","href":"https:\/\/api.w.org\/{rel}","templated":true}]}}