{"id":30980,"date":"2020-01-04T13:45:05","date_gmt":"2020-01-04T12:45:05","guid":{"rendered":"https:\/\/pix.house\/?p=30980"},"modified":"2020-06-08T14:11:18","modified_gmt":"2020-06-08T12:11:18","slug":"fyrtel2019_podsumowanie","status":"publish","type":"post","link":"https:\/\/pix.house\/en\/fyrtel2019_podsumowanie\/","title":{"rendered":"Warsztaty M\u00f3j fyrtel 2019 | podsumowanie"},"content":{"rendered":"<div class=\"wpb-content-wrapper\"><div class=\"vc_row wpb_row section vc_row-fluid\" style=' padding-top:2px; text-align:left;'><div class=\"full_section_inner clearfix\"><div class=\"wpb_column vc_column_container vc_col-sm-12\"><div class=\"vc_column-inner\"><div class=\"wpb_wrapper\">\n\t<div class=\"wpb_text_column wpb_content_element\">\n\t\t<div class=\"wpb_wrapper\">\n\t\t\t<p style=\"text-align: justify;\">Zako\u0144czy\u0142a si\u0119 p\u00f3\u0142roczna przygoda z warsztatami <strong>M\u00f3j Fyrtel \/ Moja przestrze\u0144 2019<\/strong>.<\/p>\n<p style=\"text-align: justify;\">Na spotkaniach uczestnicy zg\u0142\u0119bili wiedz\u0119 dotycz\u0105c\u0105 fotografii dokumentalnej. Jakie efekty przynios\u0142a ich praca na w\u0142asnym d\u0142ugoterminowym projektem?<\/p>\n<p style=\"text-align: justify;\">Stworzyli\u015bmy wsp\u00f3lnie dokumentalny obraz naszej przestrzeni. Przestrzeni rozumianej nie wprost &#8211; jako miejsce, ale jako co\u015b, co w gruncie rzeczy jest dla nas najwa\u017cniejsze.<\/p>\n<p>&nbsp;<\/p>\n<p style=\"text-align: justify;\"><strong>W warsztatach i wystawie wzi\u0119li udzia\u0142:<\/strong><\/p>\n<p style=\"text-align: justify;\">Aleksandra Poniatowska, Aleksandra \u015amigielska, Beata Je\u017cak, Damian Milczarek, Damian M\u0142odecki, Daniel Gnap, Jakub Sosnowski, Janusz Nadolski, Kinga M\u0105dro, Konrad Baranowski, \u0141ukasz G\u00f3rowiec, Ma\u0142gorzata Adamczyk, Ma\u0142gorzata Wakuluk, Marianna Prange, Mateusz Walkowiak, Micha\u0142 Czarnecki, Micha\u0142 Pa\u0107ko, Natalia Dovga, Oleksii Sokun, Patrycja Skwierczy\u0144ska<\/p>\n<p>&nbsp;<\/p>\n<p style=\"text-align: justify;\">Wystawa to r\u00f3wnie\u017c czas podsumowania prac nad\u00a0<a href=\"http:\/\/pix.house\/en\/portfolio_page\/spoleczne\/\" target=\"_blank\" rel=\"noopener noreferrer\"><strong>Archiwum Spo\u0142ecznym Wielkopolska\/Teraz<\/strong><\/a>. Do naszych zbior\u00f3w trafi\u0142y kolejne archiwalne fotografie z Poznania i regionu.<\/p>\n<p>&nbsp;<\/p>\n<p style=\"text-align: justify;\"><strong>PROWADZENIE WARSZTAT\u00d3W:<\/strong><\/p>\n<p style=\"text-align: justify;\">Adrian Wykrota | <a href=\"http:\/\/adrianwykrota.com\" target=\"_blank\" rel=\"noopener noreferrer\">http:\/\/adrianwykrota.com<\/a><\/p>\n<p>Mariusz Forecki | <a href=\"http:\/\/forecki.pl\" target=\"_blank\" rel=\"noopener noreferrer\">www.forecki.pl<\/a><\/p>\n<p>&nbsp;<\/p>\n<p style=\"text-align: justify;\"><em><strong>PROJEKT\u00a0 WSP\u00d3\u0141FINANSOWANY PRZEZ MIASTO POZNA\u0143<\/strong><\/em><a href=\"http:\/\/www.mkidn.gov.pl\/\" target=\"_blank\" rel=\"noopener noreferrer\"><br \/>\n<img loading=\"lazy\" decoding=\"async\" class=\"wp-image-30064 alignleft\" src=\"https:\/\/pix.house\/wp-content\/uploads\/2019\/11\/LOGO_POZnan_PL_RGB_PNG.png\" alt=\"\" width=\"237\" height=\"83\" \/><\/a><\/p>\n\n\t\t<\/div> \n\t<\/div> <\/div><\/div><\/div><div class=\"wpb_column vc_column_container vc_col-sm-12\"><div class=\"vc_column-inner\"><div class=\"wpb_wrapper\">\n\t<div class=\"wpb_text_column wpb_content_element\">\n\t\t<div class=\"wpb_wrapper\">\n\t\t\t<p><strong>Zdj\u0119cia z warsztat\u00f3w i wystawy:\u00a0<\/strong><\/p>\n\n\t\t<\/div> \n\t<\/div> <div class=\"separator  normal\" style=\"border-color: #ffffff;border-width:0,5px\"><\/div>\n<div class='qode_image_gallery_no_space light highlight_active'><div class='qode_image_gallery_holder' style='height: 500px;'><ul><li><div style=\"height: 500px; width:748px;\"><img decoding=\"async\" src=\"https:\/\/pix.house\/wp-content\/uploads\/2020\/01\/62594400_2357887744457920_4452785706082762752_o-1.jpg\" alt=\"\" \/><\/div><\/li><li><div style=\"height: 500px; width:748px;\"><img decoding=\"async\" src=\"https:\/\/pix.house\/wp-content\/uploads\/2020\/01\/66284101_2357888107791217_477264024426250240_o-1.jpg\" alt=\"\" \/><\/div><\/li><li><div style=\"height: 500px; width:748px;\"><img decoding=\"async\" src=\"https:\/\/pix.house\/wp-content\/uploads\/2020\/01\/66350066_2357888311124530_1865941309022273536_o-1.jpg\" alt=\"\" \/><\/div><\/li><li><div style=\"height: 500px; width:750px;\"><img decoding=\"async\" src=\"https:\/\/pix.house\/wp-content\/uploads\/2020\/01\/72332289_2424256337821060_6827641838946484224_n-1.jpg\" alt=\"\" \/><\/div><\/li><li><div style=\"height: 500px; width:750px;\"><img decoding=\"async\" src=\"https:\/\/pix.house\/wp-content\/uploads\/2020\/01\/warsztaty-i-przygotowania-fyrtel-2019-9.jpg\" alt=\"\" \/><\/div><\/li><li><div style=\"height: 500px; width:750px;\"><img decoding=\"async\" src=\"https:\/\/pix.house\/wp-content\/uploads\/2020\/01\/warsztaty-i-przygotowania-fyrtel-2019-8.jpg\" alt=\"\" \/><\/div><\/li><li><div style=\"height: 500px; width:750px;\"><img decoding=\"async\" src=\"https:\/\/pix.house\/wp-content\/uploads\/2020\/01\/warsztaty-i-przygotowania-fyrtel-2019-7.jpg\" alt=\"\" \/><\/div><\/li><li><div style=\"height: 500px; width:750px;\"><img decoding=\"async\" src=\"https:\/\/pix.house\/wp-content\/uploads\/2020\/01\/warsztaty-i-przygotowania-fyrtel-2019-1.jpg\" alt=\"\" \/><\/div><\/li><li><div style=\"height: 500px; width:750px;\"><img decoding=\"async\" src=\"https:\/\/pix.house\/wp-content\/uploads\/2020\/01\/warsztaty-i-przygotowania-fyrtel-2019-4.jpg\" alt=\"\" \/><\/div><\/li><li><div style=\"height: 500px; width:750px;\"><img decoding=\"async\" src=\"https:\/\/pix.house\/wp-content\/uploads\/2020\/01\/warsztaty-i-przygotowania-fyrtel-2019-3.jpg\" alt=\"\" \/><\/div><\/li><li><div style=\"height: 500px; width:750px;\"><img decoding=\"async\" src=\"https:\/\/pix.house\/wp-content\/uploads\/2020\/01\/warsztaty-i-przygotowania-fyrtel-2019-2.jpg\" alt=\"\" \/><\/div><\/li><li><div style=\"height: 500px; width:750px;\"><img decoding=\"async\" src=\"https:\/\/pix.house\/wp-content\/uploads\/2020\/01\/warsztaty-i-przygotowania-fyrtel-2019-6.jpg\" alt=\"\" \/><\/div><\/li><li><div style=\"height: 500px; width:750px;\"><img decoding=\"async\" src=\"https:\/\/pix.house\/wp-content\/uploads\/2020\/01\/warsztaty-i-przygotowania-fyrtel-2019-5.jpg\" alt=\"\" \/><\/div><\/li><li><div style=\"height: 500px; width:667px;\"><img decoding=\"async\" src=\"https:\/\/pix.house\/wp-content\/uploads\/2020\/01\/79125194_2825252390859627_1145416719271985152_o.jpg\" alt=\"\" \/><\/div><\/li><li><div style=\"height: 500px; width:750px;\"><img decoding=\"async\" src=\"https:\/\/pix.house\/wp-content\/uploads\/2020\/01\/warsztaty-i-przygotowania-fyrtel-2019-20.jpg\" alt=\"\" \/><\/div><\/li><li><div style=\"height: 500px; width:750px;\"><img decoding=\"async\" src=\"https:\/\/pix.house\/wp-content\/uploads\/2020\/01\/warsztaty-i-przygotowania-fyrtel-2019-19.jpg\" alt=\"\" \/><\/div><\/li><li><div style=\"height: 500px; width:750px;\"><img decoding=\"async\" src=\"https:\/\/pix.house\/wp-content\/uploads\/2020\/01\/warsztaty-i-przygotowania-fyrtel-2019-18.jpg\" alt=\"\" \/><\/div><\/li><li><div style=\"height: 500px; width:750px;\"><img decoding=\"async\" src=\"https:\/\/pix.house\/wp-content\/uploads\/2020\/01\/warsztaty-i-przygotowania-fyrtel-2019-17.jpg\" alt=\"\" \/><\/div><\/li><li><div style=\"height: 500px; width:750px;\"><img decoding=\"async\" src=\"https:\/\/pix.house\/wp-content\/uploads\/2020\/01\/warsztaty-i-przygotowania-fyrtel-2019-15.jpg\" alt=\"\" \/><\/div><\/li><li><div style=\"height: 500px; width:750px;\"><img decoding=\"async\" src=\"https:\/\/pix.house\/wp-content\/uploads\/2020\/01\/warsztaty-i-przygotowania-fyrtel-2019-12.jpg\" alt=\"\" \/><\/div><\/li><li><div style=\"height: 500px; width:750px;\"><img decoding=\"async\" src=\"https:\/\/pix.house\/wp-content\/uploads\/2020\/01\/warsztaty-i-przygotowania-fyrtel-2019-11.jpg\" alt=\"\" \/><\/div><\/li><li><div style=\"height: 500px; width:750px;\"><img decoding=\"async\" src=\"https:\/\/pix.house\/wp-content\/uploads\/2020\/01\/warsztaty-i-przygotowania-fyrtel-2019-10.jpg\" alt=\"\" \/><\/div><\/li><li><div style=\"height: 500px; width:750px;\"><img decoding=\"async\" src=\"https:\/\/pix.house\/wp-content\/uploads\/2020\/01\/warsztaty-i-przygotowania-fyrtel-2019-38.jpg\" alt=\"\" \/><\/div><\/li><li><div style=\"height: 500px; width:750px;\"><img decoding=\"async\" src=\"https:\/\/pix.house\/wp-content\/uploads\/2020\/01\/warsztaty-i-przygotowania-fyrtel-2019-37.jpg\" alt=\"\" \/><\/div><\/li><li><div style=\"height: 500px; width:750px;\"><img decoding=\"async\" src=\"https:\/\/pix.house\/wp-content\/uploads\/2020\/01\/warsztaty-i-przygotowania-fyrtel-2019-35.jpg\" alt=\"\" \/><\/div><\/li><li><div style=\"height: 500px; width:552px;\"><img decoding=\"async\" src=\"https:\/\/pix.house\/wp-content\/uploads\/2020\/01\/warsztaty-i-przygotowania-fyrtel-2019-34-e1615912390514.jpg\" alt=\"\" \/><\/div><\/li><li><div style=\"height: 500px; width:750px;\"><img decoding=\"async\" src=\"https:\/\/pix.house\/wp-content\/uploads\/2020\/01\/warsztaty-i-przygotowania-fyrtel-2019-33.jpg\" alt=\"\" \/><\/div><\/li><li><div style=\"height: 500px; width:750px;\"><img decoding=\"async\" src=\"https:\/\/pix.house\/wp-content\/uploads\/2020\/01\/warsztaty-i-przygotowania-fyrtel-2019-32.jpg\" alt=\"\" \/><\/div><\/li><li><div style=\"height: 500px; width:334px;\"><img decoding=\"async\" src=\"https:\/\/pix.house\/wp-content\/uploads\/2020\/01\/warsztaty-i-przygotowania-fyrtel-2019-31.jpg\" alt=\"\" \/><\/div><\/li><li><div style=\"height: 500px; width:750px;\"><img decoding=\"async\" src=\"https:\/\/pix.house\/wp-content\/uploads\/2020\/01\/warsztaty-i-przygotowania-fyrtel-2019-30.jpg\" alt=\"\" \/><\/div><\/li><li><div style=\"height: 500px; width:750px;\"><img decoding=\"async\" src=\"https:\/\/pix.house\/wp-content\/uploads\/2020\/01\/warsztaty-i-przygotowania-fyrtel-2019-29.jpg\" alt=\"\" \/><\/div><\/li><li><div style=\"height: 500px; width:750px;\"><img decoding=\"async\" src=\"https:\/\/pix.house\/wp-content\/uploads\/2020\/01\/warsztaty-i-przygotowania-fyrtel-2019-28.jpg\" alt=\"\" \/><\/div><\/li><li><div style=\"height: 500px; width:750px;\"><img decoding=\"async\" src=\"https:\/\/pix.house\/wp-content\/uploads\/2020\/01\/warsztaty-i-przygotowania-fyrtel-2019-27.jpg\" alt=\"\" \/><\/div><\/li><li><div style=\"height: 500px; width:750px;\"><img decoding=\"async\" src=\"https:\/\/pix.house\/wp-content\/uploads\/2020\/01\/warsztaty-i-przygotowania-fyrtel-2019-26.jpg\" alt=\"\" \/><\/div><\/li><li><div style=\"height: 500px; width:750px;\"><img decoding=\"async\" src=\"https:\/\/pix.house\/wp-content\/uploads\/2020\/01\/warsztaty-i-przygotowania-fyrtel-2019-25.jpg\" alt=\"\" \/><\/div><\/li><li><div style=\"height: 500px; width:750px;\"><img decoding=\"async\" src=\"https:\/\/pix.house\/wp-content\/uploads\/2020\/01\/warsztaty-i-przygotowania-fyrtel-2019-24.jpg\" alt=\"\" \/><\/div><\/li><li><div style=\"height: 500px; width:750px;\"><img decoding=\"async\" src=\"https:\/\/pix.house\/wp-content\/uploads\/2020\/01\/warsztaty-i-przygotowania-fyrtel-2019-22.jpg\" alt=\"\" \/><\/div><\/li><li><div style=\"height: 500px; width:750px;\"><img decoding=\"async\" src=\"https:\/\/pix.house\/wp-content\/uploads\/2020\/01\/warsztaty-i-przygotowania-fyrtel-2019-21.jpg\" alt=\"\" \/><\/div><\/li><li><div style=\"height: 500px; width:750px;\"><img decoding=\"async\" src=\"https:\/\/pix.house\/wp-content\/uploads\/2020\/01\/warsztaty-i-przygotowania-fyrtel-2019-14.jpg\" alt=\"\" \/><\/div><\/li><li><div style=\"height: 500px; width:750px;\"><img decoding=\"async\" src=\"https:\/\/pix.house\/wp-content\/uploads\/2020\/01\/warsztaty-i-przygotowania-fyrtel-2019-13.jpg\" alt=\"\" \/><\/div><\/li><li><div style=\"height: 500px; width:667px;\"><img decoding=\"async\" src=\"https:\/\/pix.house\/wp-content\/uploads\/2020\/01\/79899535_2825252287526304_1412524725434843136_o.jpg\" alt=\"\" \/><\/div><\/li><li><div style=\"height: 500px; width:750px;\"><img decoding=\"async\" src=\"https:\/\/pix.house\/wp-content\/uploads\/2020\/01\/80092324_2490296814550345_3417096733979574272_o-1.jpg\" alt=\"\" \/><\/div><\/li><li><div style=\"height: 500px; width:750px;\"><img decoding=\"async\" src=\"https:\/\/pix.house\/wp-content\/uploads\/2020\/01\/fyrtel-2019-dokumentacja-wernisaz-74.jpg\" alt=\"\" \/><\/div><\/li><li><div style=\"height: 500px; width:750px;\"><img decoding=\"async\" src=\"https:\/\/pix.house\/wp-content\/uploads\/2020\/01\/fyrtel-2019-dokumentacja-wernisaz-73.jpg\" alt=\"\" \/><\/div><\/li><li><div style=\"height: 500px; width:750px;\"><img decoding=\"async\" src=\"https:\/\/pix.house\/wp-content\/uploads\/2020\/01\/fyrtel-2019-dokumentacja-wernisaz-71.jpg\" alt=\"\" \/><\/div><\/li><li><div style=\"height: 500px; width:750px;\"><img decoding=\"async\" src=\"https:\/\/pix.house\/wp-content\/uploads\/2020\/01\/fyrtel-2019-dokumentacja-wernisaz-70.jpg\" alt=\"\" \/><\/div><\/li><li><div style=\"height: 500px; width:750px;\"><img decoding=\"async\" src=\"https:\/\/pix.house\/wp-content\/uploads\/2020\/01\/fyrtel-2019-dokumentacja-wernisaz-69.jpg\" alt=\"\" \/><\/div><\/li><li><div style=\"height: 500px; width:750px;\"><img decoding=\"async\" src=\"https:\/\/pix.house\/wp-content\/uploads\/2020\/01\/fyrtel-2019-dokumentacja-wernisaz-67.jpg\" alt=\"\" \/><\/div><\/li><li><div style=\"height: 500px; width:750px;\"><img decoding=\"async\" src=\"https:\/\/pix.house\/wp-content\/uploads\/2020\/01\/fyrtel-2019-dokumentacja-wernisaz-66.jpg\" alt=\"\" \/><\/div><\/li><li><div style=\"height: 500px; width:750px;\"><img decoding=\"async\" src=\"https:\/\/pix.house\/wp-content\/uploads\/2020\/01\/fyrtel-2019-dokumentacja-wernisaz-65.jpg\" alt=\"\" \/><\/div><\/li><li><div style=\"height: 500px; width:750px;\"><img decoding=\"async\" src=\"https:\/\/pix.house\/wp-content\/uploads\/2020\/01\/fyrtel-2019-dokumentacja-wernisaz-64.jpg\" alt=\"\" \/><\/div><\/li><li><div style=\"height: 500px; width:750px;\"><img decoding=\"async\" src=\"https:\/\/pix.house\/wp-content\/uploads\/2020\/01\/fyrtel-2019-dokumentacja-wernisaz-63.jpg\" alt=\"\" \/><\/div><\/li><li><div style=\"height: 500px; width:750px;\"><img decoding=\"async\" src=\"https:\/\/pix.house\/wp-content\/uploads\/2020\/01\/fyrtel-2019-dokumentacja-wernisaz-62.jpg\" alt=\"\" \/><\/div><\/li><li><div style=\"height: 500px; width:750px;\"><img decoding=\"async\" src=\"https:\/\/pix.house\/wp-content\/uploads\/2020\/01\/fyrtel-2019-dokumentacja-wernisaz-61.jpg\" alt=\"\" \/><\/div><\/li><li><div style=\"height: 500px; width:750px;\"><img decoding=\"async\" src=\"https:\/\/pix.house\/wp-content\/uploads\/2020\/01\/fyrtel-2019-dokumentacja-wernisaz-60.jpg\" alt=\"\" \/><\/div><\/li><li><div style=\"height: 500px; width:750px;\"><img decoding=\"async\" src=\"https:\/\/pix.house\/wp-content\/uploads\/2020\/01\/fyrtel-2019-dokumentacja-wernisaz-59.jpg\" alt=\"\" \/><\/div><\/li><li><div style=\"height: 500px; width:750px;\"><img decoding=\"async\" src=\"https:\/\/pix.house\/wp-content\/uploads\/2020\/01\/fyrtel-2019-dokumentacja-wernisaz-57.jpg\" alt=\"\" \/><\/div><\/li><li><div style=\"height: 500px; width:750px;\"><img decoding=\"async\" src=\"https:\/\/pix.house\/wp-content\/uploads\/2020\/01\/fyrtel-2019-dokumentacja-wernisaz-56.jpg\" alt=\"\" \/><\/div><\/li><li><div style=\"height: 500px; width:750px;\"><img decoding=\"async\" src=\"https:\/\/pix.house\/wp-content\/uploads\/2020\/01\/fyrtel-2019-dokumentacja-wernisaz-55.jpg\" alt=\"\" \/><\/div><\/li><li><div style=\"height: 500px; width:750px;\"><img decoding=\"async\" src=\"https:\/\/pix.house\/wp-content\/uploads\/2020\/01\/fyrtel-2019-dokumentacja-wernisaz-54.jpg\" alt=\"\" \/><\/div><\/li><li><div style=\"height: 500px; width:750px;\"><img decoding=\"async\" src=\"https:\/\/pix.house\/wp-content\/uploads\/2020\/01\/fyrtel-2019-dokumentacja-wernisaz-53.jpg\" alt=\"\" \/><\/div><\/li><li><div style=\"height: 500px; width:750px;\"><img decoding=\"async\" src=\"https:\/\/pix.house\/wp-content\/uploads\/2020\/01\/fyrtel-2019-dokumentacja-wernisaz-52.jpg\" alt=\"\" \/><\/div><\/li><li><div style=\"height: 500px; width:750px;\"><img decoding=\"async\" src=\"https:\/\/pix.house\/wp-content\/uploads\/2020\/01\/fyrtel-2019-dokumentacja-wernisaz-51.jpg\" alt=\"\" \/><\/div><\/li><li><div style=\"height: 500px; width:750px;\"><img decoding=\"async\" src=\"https:\/\/pix.house\/wp-content\/uploads\/2020\/01\/fyrtel-2019-dokumentacja-wernisaz-50.jpg\" alt=\"\" \/><\/div><\/li><li><div style=\"height: 500px; width:750px;\"><img decoding=\"async\" src=\"https:\/\/pix.house\/wp-content\/uploads\/2020\/01\/fyrtel-2019-dokumentacja-wernisaz-49.jpg\" alt=\"\" \/><\/div><\/li><li><div style=\"height: 500px; width:750px;\"><img decoding=\"async\" src=\"https:\/\/pix.house\/wp-content\/uploads\/2020\/01\/fyrtel-2019-dokumentacja-wernisaz-48.jpg\" alt=\"\" \/><\/div><\/li><li><div style=\"height: 500px; width:750px;\"><img decoding=\"async\" src=\"https:\/\/pix.house\/wp-content\/uploads\/2020\/01\/fyrtel-2019-dokumentacja-wernisaz-47.jpg\" alt=\"\" \/><\/div><\/li><li><div style=\"height: 500px; width:750px;\"><img decoding=\"async\" src=\"https:\/\/pix.house\/wp-content\/uploads\/2020\/01\/fyrtel-2019-dokumentacja-wernisaz-46.jpg\" alt=\"\" \/><\/div><\/li><li><div style=\"height: 500px; width:750px;\"><img decoding=\"async\" src=\"https:\/\/pix.house\/wp-content\/uploads\/2020\/01\/fyrtel-2019-dokumentacja-wernisaz-45.jpg\" alt=\"\" \/><\/div><\/li><li><div style=\"height: 500px; width:334px;\"><img decoding=\"async\" src=\"https:\/\/pix.house\/wp-content\/uploads\/2020\/01\/fyrtel-2019-dokumentacja-wernisaz-44.jpg\" alt=\"\" \/><\/div><\/li><li><div style=\"height: 500px; width:750px;\"><img decoding=\"async\" src=\"https:\/\/pix.house\/wp-content\/uploads\/2020\/01\/fyrtel-2019-dokumentacja-wernisaz-43.jpg\" alt=\"\" \/><\/div><\/li><li><div style=\"height: 500px; width:750px;\"><img decoding=\"async\" src=\"https:\/\/pix.house\/wp-content\/uploads\/2020\/01\/fyrtel-2019-dokumentacja-wernisaz-42.jpg\" alt=\"\" \/><\/div><\/li><li><div style=\"height: 500px; width:750px;\"><img decoding=\"async\" src=\"https:\/\/pix.house\/wp-content\/uploads\/2020\/01\/fyrtel-2019-dokumentacja-wernisaz-41.jpg\" alt=\"\" \/><\/div><\/li><li><div style=\"height: 500px; width:750px;\"><img decoding=\"async\" src=\"https:\/\/pix.house\/wp-content\/uploads\/2020\/01\/fyrtel-2019-dokumentacja-wernisaz-40.jpg\" alt=\"\" \/><\/div><\/li><li><div style=\"height: 500px; width:750px;\"><img decoding=\"async\" src=\"https:\/\/pix.house\/wp-content\/uploads\/2020\/01\/fyrtel-2019-dokumentacja-wernisaz-39.jpg\" alt=\"\" \/><\/div><\/li><li><div style=\"height: 500px; width:750px;\"><img decoding=\"async\" src=\"https:\/\/pix.house\/wp-content\/uploads\/2020\/01\/fyrtel-2019-dokumentacja-wernisaz-38.jpg\" alt=\"\" \/><\/div><\/li><li><div style=\"height: 500px; width:750px;\"><img decoding=\"async\" src=\"https:\/\/pix.house\/wp-content\/uploads\/2020\/01\/fyrtel-2019-dokumentacja-wernisaz-37.jpg\" alt=\"\" \/><\/div><\/li><li><div style=\"height: 500px; width:750px;\"><img decoding=\"async\" src=\"https:\/\/pix.house\/wp-content\/uploads\/2020\/01\/fyrtel-2019-dokumentacja-wernisaz-35.jpg\" alt=\"\" \/><\/div><\/li><li><div style=\"height: 500px; width:750px;\"><img decoding=\"async\" src=\"https:\/\/pix.house\/wp-content\/uploads\/2020\/01\/fyrtel-2019-dokumentacja-wernisaz-34.jpg\" alt=\"\" \/><\/div><\/li><li><div style=\"height: 500px; width:750px;\"><img decoding=\"async\" src=\"https:\/\/pix.house\/wp-content\/uploads\/2020\/01\/fyrtel-2019-dokumentacja-wernisaz-33.jpg\" alt=\"\" \/><\/div><\/li><li><div style=\"height: 500px; width:750px;\"><img decoding=\"async\" src=\"https:\/\/pix.house\/wp-content\/uploads\/2020\/01\/fyrtel-2019-dokumentacja-wernisaz-32.jpg\" alt=\"\" \/><\/div><\/li><li><div style=\"height: 500px; width:750px;\"><img decoding=\"async\" src=\"https:\/\/pix.house\/wp-content\/uploads\/2020\/01\/fyrtel-2019-dokumentacja-wernisaz-31.jpg\" alt=\"\" \/><\/div><\/li><li><div style=\"height: 500px; width:750px;\"><img decoding=\"async\" src=\"https:\/\/pix.house\/wp-content\/uploads\/2020\/01\/fyrtel-2019-dokumentacja-wernisaz-30.jpg\" alt=\"\" \/><\/div><\/li><li><div style=\"height: 500px; width:750px;\"><img decoding=\"async\" src=\"https:\/\/pix.house\/wp-content\/uploads\/2020\/01\/wernisaz-fyrtel-2019-3.jpg\" alt=\"\" \/><\/div><\/li><li><div style=\"height: 500px; width:750px;\"><img decoding=\"async\" src=\"https:\/\/pix.house\/wp-content\/uploads\/2020\/01\/fyrtel-2019-dokumentacja-wernisaz-29.jpg\" alt=\"\" \/><\/div><\/li><li><div style=\"height: 500px; width:750px;\"><img decoding=\"async\" src=\"https:\/\/pix.house\/wp-content\/uploads\/2020\/01\/fyrtel-2019-dokumentacja-wernisaz-28.jpg\" alt=\"\" \/><\/div><\/li><li><div style=\"height: 500px; width:750px;\"><img decoding=\"async\" src=\"https:\/\/pix.house\/wp-content\/uploads\/2020\/01\/fyrtel-2019-dokumentacja-wernisaz-27.jpg\" alt=\"\" \/><\/div><\/li><li><div style=\"height: 500px; width:334px;\"><img decoding=\"async\" src=\"https:\/\/pix.house\/wp-content\/uploads\/2020\/01\/fyrtel-2019-dokumentacja-wernisaz-9.jpg\" alt=\"\" \/><\/div><\/li><li><div style=\"height: 500px; width:750px;\"><img decoding=\"async\" src=\"https:\/\/pix.house\/wp-content\/uploads\/2020\/01\/fyrtel-2019-dokumentacja-wernisaz-72.jpg\" alt=\"\" \/><\/div><\/li><\/ul><\/div><div class=\"controls\"><a class=\"prev-slide\" href=\"#\"><span class=\"arrow_carrot-left\"><\/span><\/a><a class=\"next-slide\" href=\"#\"><span class=\"arrow_carrot-right\"><\/span><\/a><\/div><\/div><div     class=\"vc_row wpb_row vc_inner section vc_row-fluid\" style=' text-align:left;'><div class=\"full_section_inner clearfix\"><div class=\"wpb_column vc_column_container vc_col-sm-12\"><div class=\"vc_column-inner\"><div class=\"wpb_wrapper\"><\/div><\/div><\/div><\/div><\/div><\/div><\/div><\/div><\/div><\/div><div     class=\"vc_row wpb_row section vc_row-fluid\" style=' text-align:left;'><div class=\"full_section_inner clearfix\"><div class=\"wpb_column vc_column_container vc_col-sm-12\"><div class=\"vc_column-inner\"><div class=\"wpb_wrapper\">\n\t<div class=\"wpb_text_column wpb_content_element\">\n\t\t<div class=\"wpb_wrapper\">\n\t\t\t<p><strong>Projekty uczestnik\u00f3w:\u00a0<\/strong><\/p>\n\n\t\t<\/div> \n\t<\/div> <div class=\"separator  normal\" style=\"border-color: #ffffff;border-width:0,5px\"><\/div>\n\n\t<div class=\"wpb_text_column wpb_content_element\">\n\t\t<div class=\"wpb_wrapper\">\n\t\t\t<p><strong>Beata Je\u017cak | Moi s\u0105siedzi<br \/>\n<\/strong><br \/>\nKiedy\u015b s\u0105siad by\u0142 po prostu osob\u0105 mieszkaj\u0105c\u0105 bardzo blisko. Z uwagi na to nawi\u0105zywali\u015bmy z nim relacj\u0119 niemal rodzinn\u0105. S\u0105siad by\u0142 nam potrzebny, chcieli\u015bmy mie\u0107 poczucie bliskiej relacji oraz kogo\u015b \u201ena wyci\u0105gni\u0119cie r\u0119ki\u201d.<br \/>\nMi\u0119dzy innymi cyfryzacja i powszechny dost\u0119p do Internetu to zmieni\u0142. Dzi\u015b wybieramy sobie tych metaforycznych \u201es\u0105siad\u00f3w\u201d, kt\u00f3rzy s\u0105 nam bardziej bliscy duchowo \u2013 poprzez zainteresowania, pogl\u0105dy, podobn\u0105 wra\u017cliwo\u015b\u0107.<br \/>\nProjekt przedstawia mieszka\u0144c\u00f3w Poznania w ich pokojach\/mieszkaniach, nawi\u0105zuj\u0105c do s\u0142\u00f3w: \u201cPoka\u017c mi sw\u00f3j pok\u00f3j, a powiem Ci kim jeste\u015b\u201d. Nie s\u0105 to jednak moi s\u0105siedzi z bloku, a bardziej ludzie bliscy mi mentalnie, poniewa\u017c ka\u017cdy z nich obraca si\u0119 w pewnym stopniu w \u015bwiecie sztuki.<\/p>\n\n\t\t<\/div> \n\t<\/div> <div class=\"separator  normal\" style=\"border-color: #ffffff;border-width:0,5px\"><\/div>\n<div class='qode_image_gallery_no_space light highlight_active'><div class='qode_image_gallery_holder' style='height: 500px;'><ul><li><div style=\"height: 500px; width:375px;\"><img decoding=\"async\" src=\"https:\/\/pix.house\/wp-content\/uploads\/2020\/01\/beata-jezak-7.jpg\" alt=\"\" \/><\/div><\/li><li><div style=\"height: 500px; width:375px;\"><img decoding=\"async\" src=\"https:\/\/pix.house\/wp-content\/uploads\/2020\/01\/beata-jezak-20.jpg\" alt=\"\" \/><\/div><\/li><li><div style=\"height: 500px; width:375px;\"><img decoding=\"async\" src=\"https:\/\/pix.house\/wp-content\/uploads\/2020\/01\/beata-jezak-14.jpg\" alt=\"\" \/><\/div><\/li><li><div style=\"height: 500px; width:375px;\"><img decoding=\"async\" src=\"https:\/\/pix.house\/wp-content\/uploads\/2020\/01\/beata-jezak-13.jpg\" alt=\"\" \/><\/div><\/li><li><div style=\"height: 500px; width:375px;\"><img decoding=\"async\" src=\"https:\/\/pix.house\/wp-content\/uploads\/2020\/01\/beata-jezak-12.jpg\" alt=\"\" \/><\/div><\/li><li><div style=\"height: 500px; width:667px;\"><img decoding=\"async\" src=\"https:\/\/pix.house\/wp-content\/uploads\/2020\/01\/beata-jezak-17.jpg\" alt=\"\" \/><\/div><\/li><li><div style=\"height: 500px; width:375px;\"><img decoding=\"async\" src=\"https:\/\/pix.house\/wp-content\/uploads\/2020\/01\/beata-jezak-11.jpg\" alt=\"\" \/><\/div><\/li><li><div style=\"height: 500px; width:375px;\"><img decoding=\"async\" src=\"https:\/\/pix.house\/wp-content\/uploads\/2020\/01\/beata-jezak-10.jpg\" alt=\"\" \/><\/div><\/li><li><div style=\"height: 500px; width:375px;\"><img decoding=\"async\" src=\"https:\/\/pix.house\/wp-content\/uploads\/2020\/01\/beata-jezak-9.jpg\" alt=\"\" \/><\/div><\/li><li><div style=\"height: 500px; width:375px;\"><img decoding=\"async\" src=\"https:\/\/pix.house\/wp-content\/uploads\/2020\/01\/beata-jezak-6.jpg\" alt=\"\" \/><\/div><\/li><li><div style=\"height: 500px; width:375px;\"><img decoding=\"async\" src=\"https:\/\/pix.house\/wp-content\/uploads\/2020\/01\/beata-jezak-5.jpg\" alt=\"\" \/><\/div><\/li><li><div style=\"height: 500px; width:375px;\"><img decoding=\"async\" src=\"https:\/\/pix.house\/wp-content\/uploads\/2020\/01\/beata-jezak-4.jpg\" alt=\"\" \/><\/div><\/li><li><div style=\"height: 500px; width:375px;\"><img decoding=\"async\" src=\"https:\/\/pix.house\/wp-content\/uploads\/2020\/01\/beata-jezak-3.jpg\" alt=\"\" \/><\/div><\/li><li><div style=\"height: 500px; width:375px;\"><img decoding=\"async\" src=\"https:\/\/pix.house\/wp-content\/uploads\/2020\/01\/beata-jezak-2.jpg\" alt=\"\" \/><\/div><\/li><li><div style=\"height: 500px; width:375px;\"><img decoding=\"async\" src=\"https:\/\/pix.house\/wp-content\/uploads\/2020\/01\/beata-jezak-1.jpg\" alt=\"\" \/><\/div><\/li><li><div style=\"height: 500px; width:375px;\"><img decoding=\"async\" src=\"https:\/\/pix.house\/wp-content\/uploads\/2020\/01\/beata-jezak-8.jpg\" alt=\"\" \/><\/div><\/li><li><div style=\"height: 500px; width:375px;\"><img decoding=\"async\" src=\"https:\/\/pix.house\/wp-content\/uploads\/2020\/01\/beata-jezak-19.jpg\" alt=\"\" \/><\/div><\/li><li><div style=\"height: 500px; width:375px;\"><img decoding=\"async\" src=\"https:\/\/pix.house\/wp-content\/uploads\/2020\/01\/beata-jezak-18.jpg\" alt=\"\" \/><\/div><\/li><li><div style=\"height: 500px; width:375px;\"><img decoding=\"async\" src=\"https:\/\/pix.house\/wp-content\/uploads\/2020\/01\/beata-jezak-16.jpg\" alt=\"\" \/><\/div><\/li><li><div style=\"height: 500px; width:375px;\"><img decoding=\"async\" src=\"https:\/\/pix.house\/wp-content\/uploads\/2020\/01\/beata-jezak-15.jpg\" alt=\"\" \/><\/div><\/li><\/ul><\/div><div class=\"controls\"><a class=\"prev-slide\" href=\"#\"><span class=\"arrow_carrot-left\"><\/span><\/a><a class=\"next-slide\" href=\"#\"><span class=\"arrow_carrot-right\"><\/span><\/a><\/div><\/div><div class=\"separator  normal\" style=\"border-color: #ffffff;border-width:0,5px\"><\/div>\n<\/div><\/div><\/div><\/div><\/div><div     class=\"vc_row wpb_row section vc_row-fluid\" style=' text-align:left;'><div class=\"full_section_inner clearfix\"><div class=\"wpb_column vc_column_container vc_col-sm-12\"><div class=\"vc_column-inner\"><div class=\"wpb_wrapper\">\n\t<div class=\"wpb_text_column wpb_content_element\">\n\t\t<div class=\"wpb_wrapper\">\n\t\t\t<p><strong>Damian Mielczarek | Nieobecno\u015b\u0107<\/strong><\/p>\n<p>W p\u0119dz\u0105cym nat\u0142oku informacji i wymuszonych interakcji na platformach spo\u0142eczno\u015bciowych, by chroni\u0107 w\u0142asne JA, uciekamy do wyimaginowanych, bezpiecznych przystani samotno\u015bci. Czy aby na pewno?<\/p>\n\n\t\t<\/div> \n\t<\/div> <div class=\"separator  normal\" style=\"border-color: #ffffff;border-width:0,5px\"><\/div>\n<div class='qode_image_gallery_no_space light highlight_active'><div class='qode_image_gallery_holder' style='height: 500px;'><ul><li><div style=\"height: 500px; width:750px;\"><img decoding=\"async\" src=\"https:\/\/pix.house\/wp-content\/uploads\/2020\/01\/damian-mielczarek-1.jpg\" alt=\"\" \/><\/div><\/li><li><div style=\"height: 500px; width:750px;\"><img decoding=\"async\" src=\"https:\/\/pix.house\/wp-content\/uploads\/2020\/01\/damian-mielczarek-2.jpg\" alt=\"\" \/><\/div><\/li><li><div style=\"height: 500px; width:750px;\"><img decoding=\"async\" src=\"https:\/\/pix.house\/wp-content\/uploads\/2020\/01\/damian-mielczarek-3.jpg\" alt=\"\" \/><\/div><\/li><li><div style=\"height: 500px; width:750px;\"><img decoding=\"async\" src=\"https:\/\/pix.house\/wp-content\/uploads\/2020\/01\/damian-mielczarek-4.jpg\" alt=\"\" \/><\/div><\/li><li><div style=\"height: 500px; width:724px;\"><img decoding=\"async\" src=\"https:\/\/pix.house\/wp-content\/uploads\/2020\/01\/damian-mielczarek-5.jpg\" alt=\"\" \/><\/div><\/li><li><div style=\"height: 500px; width:750px;\"><img decoding=\"async\" src=\"https:\/\/pix.house\/wp-content\/uploads\/2020\/01\/damian-mielczarek-6.jpg\" alt=\"\" \/><\/div><\/li><li><div style=\"height: 500px; width:750px;\"><img decoding=\"async\" src=\"https:\/\/pix.house\/wp-content\/uploads\/2020\/01\/damian-mielczarek-7.jpg\" alt=\"\" \/><\/div><\/li><li><div style=\"height: 500px; width:750px;\"><img decoding=\"async\" src=\"https:\/\/pix.house\/wp-content\/uploads\/2020\/01\/damian-mielczarek-8.jpg\" alt=\"\" \/><\/div><\/li><\/ul><\/div><div class=\"controls\"><a class=\"prev-slide\" href=\"#\"><span class=\"arrow_carrot-left\"><\/span><\/a><a class=\"next-slide\" href=\"#\"><span class=\"arrow_carrot-right\"><\/span><\/a><\/div><\/div><div class=\"separator  normal\" style=\"border-color: #ffffff;border-width:0,5px\"><\/div>\n<\/div><\/div><\/div><\/div><\/div><div     class=\"vc_row wpb_row section vc_row-fluid\" style=' text-align:left;'><div class=\"full_section_inner clearfix\"><div class=\"wpb_column vc_column_container vc_col-sm-12\"><div class=\"vc_column-inner\"><div class=\"wpb_wrapper\">\n\t<div class=\"wpb_text_column wpb_content_element\">\n\t\t<div class=\"wpb_wrapper\">\n\t\t\t<p><strong>Daniel Gnap | Chcia\u0142em pojecha\u0107 nad morze\u2026<\/strong><\/p>\n<div id=\"gtx-trans\" style=\"position: absolute; left: -4px; top: 38px;\">\n<div class=\"gtx-trans-icon\"><\/div>\n<\/div>\n\n\t\t<\/div> \n\t<\/div> <div class=\"separator  normal\" style=\"border-color: #ffffff;border-width:0,5px\"><\/div>\n<div class='qode_image_gallery_no_space light highlight_active'><div class='qode_image_gallery_holder' style='height: 500px;'><ul><li><div style=\"height: 500px; width:750px;\"><img decoding=\"async\" src=\"https:\/\/pix.house\/wp-content\/uploads\/2020\/01\/daniel-gnap-2.jpg\" alt=\"\" \/><\/div><\/li><li><div style=\"height: 500px; width:750px;\"><img decoding=\"async\" src=\"https:\/\/pix.house\/wp-content\/uploads\/2020\/01\/daniel-gnap-6.jpg\" alt=\"\" \/><\/div><\/li><li><div style=\"height: 500px; width:750px;\"><img decoding=\"async\" src=\"https:\/\/pix.house\/wp-content\/uploads\/2020\/01\/daniel-gnap-5.jpg\" alt=\"\" \/><\/div><\/li><li><div style=\"height: 500px; width:750px;\"><img decoding=\"async\" src=\"https:\/\/pix.house\/wp-content\/uploads\/2020\/01\/daniel-gnap-8.jpg\" alt=\"\" \/><\/div><\/li><li><div style=\"height: 500px; width:750px;\"><img decoding=\"async\" src=\"https:\/\/pix.house\/wp-content\/uploads\/2020\/01\/daniel-gnap-9.jpg\" alt=\"\" \/><\/div><\/li><li><div style=\"height: 500px; width:750px;\"><img decoding=\"async\" src=\"https:\/\/pix.house\/wp-content\/uploads\/2020\/01\/daniel-gnap-7.jpg\" alt=\"\" \/><\/div><\/li><li><div style=\"height: 500px; width:750px;\"><img decoding=\"async\" src=\"https:\/\/pix.house\/wp-content\/uploads\/2020\/01\/daniel-gnap-4.jpg\" alt=\"\" \/><\/div><\/li><li><div style=\"height: 500px; width:750px;\"><img decoding=\"async\" src=\"https:\/\/pix.house\/wp-content\/uploads\/2020\/01\/daniel-gnap-3.jpg\" alt=\"\" \/><\/div><\/li><\/ul><\/div><div class=\"controls\"><a class=\"prev-slide\" href=\"#\"><span class=\"arrow_carrot-left\"><\/span><\/a><a class=\"next-slide\" href=\"#\"><span class=\"arrow_carrot-right\"><\/span><\/a><\/div><\/div><div class=\"separator  normal\" style=\"border-color: #ffffff;border-width:0,5px\"><\/div>\n<\/div><\/div><\/div><\/div><\/div><div     class=\"vc_row wpb_row section vc_row-fluid\" style=' text-align:left;'><div class=\"full_section_inner clearfix\"><div class=\"wpb_column vc_column_container vc_col-sm-12\"><div class=\"vc_column-inner\"><div class=\"wpb_wrapper\">\n\t<div class=\"wpb_text_column wpb_content_element\">\n\t\t<div class=\"wpb_wrapper\">\n\t\t\t<p><strong>Janusz Nadolski | Wi\u0119cej nie trzeba<br \/>\n<\/strong><br \/>\nW zakonie si\u00f3str Urszulanek w Lipnicy obecnie przebywa 26 si\u00f3str. Prowadz\u0105 one przedszkole oraz sierociniec. W ostatnich latach zmniejszy\u0142a si\u0119 ilo\u015b\u0107 powo\u0142a\u0144, a co za tym idzie pojawi\u0142y si\u0119 braki personalne. Wi\u0119kszo\u015b\u0107 si\u00f3str to emerytki, \u015brednia wieku wynosi blisko 80 lat. Wiele zakonnic zmaga si\u0119 z chorobami czy dolegliwo\u015bciami, lecz ka\u017cda mimo podesz\u0142ego wieku ma przypisan\u0105 konkretn\u0105 prac\u0119 i obowi\u0105zki do wykonania. Celem projektu jest pokazanie ich skromnego \u017cycia, gdzie\u015b na uboczu \u00f3wczesnego \u015bwiata.<\/p>\n\n\t\t<\/div> \n\t<\/div> <div class=\"separator  normal\" style=\"border-color: #ffffff;border-width:0,5px\"><\/div>\n<div class='qode_image_gallery_no_space light highlight_active'><div class='qode_image_gallery_holder' style='height: 500px;'><ul><li><div style=\"height: 500px; width:755px;\"><img decoding=\"async\" src=\"https:\/\/pix.house\/wp-content\/uploads\/2020\/01\/janusz-nadolski-1.jpg\" alt=\"\" \/><\/div><\/li><li><div style=\"height: 500px; width:750px;\"><img decoding=\"async\" src=\"https:\/\/pix.house\/wp-content\/uploads\/2020\/01\/janusz-nadolski-2.jpg\" alt=\"\" \/><\/div><\/li><li><div style=\"height: 500px; width:755px;\"><img decoding=\"async\" src=\"https:\/\/pix.house\/wp-content\/uploads\/2020\/01\/janusz-nadolski-3.jpg\" alt=\"\" \/><\/div><\/li><li><div style=\"height: 500px; width:755px;\"><img decoding=\"async\" src=\"https:\/\/pix.house\/wp-content\/uploads\/2020\/01\/janusz-nadolski-4.jpg\" alt=\"\" \/><\/div><\/li><li><div style=\"height: 500px; width:755px;\"><img decoding=\"async\" src=\"https:\/\/pix.house\/wp-content\/uploads\/2020\/01\/janusz-nadolski-5.jpg\" alt=\"\" \/><\/div><\/li><\/ul><\/div><div class=\"controls\"><a class=\"prev-slide\" href=\"#\"><span class=\"arrow_carrot-left\"><\/span><\/a><a class=\"next-slide\" href=\"#\"><span class=\"arrow_carrot-right\"><\/span><\/a><\/div><\/div><div class=\"separator  normal\" style=\"border-color: #ffffff;border-width:0,5px\"><\/div>\n<\/div><\/div><\/div><\/div><\/div><div     class=\"vc_row wpb_row section vc_row-fluid\" style=' text-align:left;'><div class=\"full_section_inner clearfix\"><div class=\"wpb_column vc_column_container vc_col-sm-12\"><div class=\"vc_column-inner\"><div class=\"wpb_wrapper\">\n\t<div class=\"wpb_text_column wpb_content_element\">\n\t\t<div class=\"wpb_wrapper\">\n\t\t\t<p><strong>Konrad Baranowski | 12:00<\/strong><\/p>\n<p>Albedo to zdolno\u015b\u0107 odbijania \u015bwiat\u0142a przez cia\u0142a niebieskie, dos\u0142ownie okre\u015blaj\u0105ce ich \u201ebia\u0142o\u015b\u0107\u201d. Najwi\u0119ksza ilo\u015b\u0107 odbitego \u015bwiat\u0142a s\u0142onecznego docieraj\u0105cego do powierzchni Ziemi pochodzi z Ksi\u0119\u017cyca. Z perspektywy Ziemi najsilniejszymi reflektorami \u015bwiat\u0142a s\u0105 pokrywy \u015bnie\u017cne, warstwy chmur i tereny piaszczyste. Projekt (fotografie) to pr\u00f3ba zrejestrowania tego zjawiska.<\/p>\n\n\t\t<\/div> \n\t<\/div> <div class=\"separator  normal\" style=\"border-color: #ffffff;border-width:0,5px\"><\/div>\n<div class='qode_image_gallery_no_space light highlight_active'><div class='qode_image_gallery_holder' style='height: 500px;'><ul><li><div style=\"height: 500px; width:750px;\"><img decoding=\"async\" src=\"https:\/\/pix.house\/wp-content\/uploads\/2020\/01\/konrad-baranowski-1.jpg\" alt=\"\" \/><\/div><\/li><li><div style=\"height: 500px; width:750px;\"><img decoding=\"async\" src=\"https:\/\/pix.house\/wp-content\/uploads\/2020\/01\/konrad-baranowski-2.jpg\" alt=\"\" \/><\/div><\/li><li><div style=\"height: 500px; width:750px;\"><img decoding=\"async\" src=\"https:\/\/pix.house\/wp-content\/uploads\/2020\/01\/konrad-baranowski-3.jpg\" alt=\"\" \/><\/div><\/li><li><div style=\"height: 500px; width:750px;\"><img decoding=\"async\" src=\"https:\/\/pix.house\/wp-content\/uploads\/2020\/01\/konrad-baranowski-4.jpg\" alt=\"\" \/><\/div><\/li><\/ul><\/div><div class=\"controls\"><a class=\"prev-slide\" href=\"#\"><span class=\"arrow_carrot-left\"><\/span><\/a><a class=\"next-slide\" href=\"#\"><span class=\"arrow_carrot-right\"><\/span><\/a><\/div><\/div><div class=\"separator  normal\" style=\"border-color: #ffffff;border-width:0,5px\"><\/div>\n<\/div><\/div><\/div><\/div><\/div><div     class=\"vc_row wpb_row section vc_row-fluid\" style=' text-align:left;'><div class=\"full_section_inner clearfix\"><div class=\"wpb_column vc_column_container vc_col-sm-12\"><div class=\"vc_column-inner\"><div class=\"wpb_wrapper\">\n\t<div class=\"wpb_text_column wpb_content_element\">\n\t\t<div class=\"wpb_wrapper\">\n\t\t\t<p><strong>\u0141ukasz G\u00f3rowiec | Niewidzialna r\u0119ka\u2026<\/strong><\/p>\n<p>Wszyscy znamy historie miejsc, kt\u00f3re t\u0119tni\u0142y \u017cyciem i spe\u0142nia\u0142y potrzeby spo\u0142eczne, ale pomimo tego upad\u0142y, sta\u0142y si\u0119 zb\u0119dne. Dlaczego? Na taki stan rzeczy wp\u0142ywa wiele czynnik\u00f3w &#8211; na przyk\u0142ad ekspansja interes\u00f3w, rozw\u00f3j miast, pa\u0144stwa. Fotografia daj\u0119 szans\u0119 na pr\u00f3b\u0119 uchwycenia \u201etego co by\u0142o\u201d i mo\u017ce w perspektywie lat, czy dekad pozwoli odpowiedzie\u0107 pe\u0142niej na postawione pytanie. Osi\u0105 wsp\u00f3ln\u0105 tych zdj\u0119\u0107 s\u0105 opuszczone miejsca w ci\u0105gu drogi krajowej nr 92 oraz \u201efyrtle\u201d w Poznaniu.<\/p>\n\n\t\t<\/div> \n\t<\/div> <div class=\"separator  normal\" style=\"border-color: #ffffff;border-width:0,5px\"><\/div>\n<div class='qode_image_gallery_no_space light highlight_active'><div class='qode_image_gallery_holder' style='height: 500px;'><ul><li><div style=\"height: 500px; width:750px;\"><img decoding=\"async\" src=\"https:\/\/pix.house\/wp-content\/uploads\/2020\/01\/lukasz-gorowiec-1.jpg\" alt=\"\" \/><\/div><\/li><li><div style=\"height: 500px; width:750px;\"><img decoding=\"async\" src=\"https:\/\/pix.house\/wp-content\/uploads\/2020\/01\/lukasz-gorowiec-8.jpg\" alt=\"\" \/><\/div><\/li><li><div style=\"height: 500px; width:750px;\"><img decoding=\"async\" src=\"https:\/\/pix.house\/wp-content\/uploads\/2020\/01\/lukasz-gorowiec-2.jpg\" alt=\"\" \/><\/div><\/li><li><div style=\"height: 500px; width:805px;\"><img decoding=\"async\" src=\"https:\/\/pix.house\/wp-content\/uploads\/2020\/01\/lukasz-gorowiec-3.jpg\" alt=\"\" \/><\/div><\/li><li><div style=\"height: 500px; width:750px;\"><img decoding=\"async\" src=\"https:\/\/pix.house\/wp-content\/uploads\/2020\/01\/lukasz-gorowiec-5.jpg\" alt=\"\" \/><\/div><\/li><li><div style=\"height: 500px; width:757px;\"><img decoding=\"async\" src=\"https:\/\/pix.house\/wp-content\/uploads\/2020\/01\/lukasz-gorowiec-4.jpg\" alt=\"\" \/><\/div><\/li><li><div style=\"height: 500px; width:735px;\"><img decoding=\"async\" src=\"https:\/\/pix.house\/wp-content\/uploads\/2020\/01\/lukasz-gorowiec-6.jpg\" alt=\"\" \/><\/div><\/li><li><div style=\"height: 500px; width:739px;\"><img decoding=\"async\" src=\"https:\/\/pix.house\/wp-content\/uploads\/2020\/01\/lukasz-gorowiec-7.jpg\" alt=\"\" \/><\/div><\/li><\/ul><\/div><div class=\"controls\"><a class=\"prev-slide\" href=\"#\"><span class=\"arrow_carrot-left\"><\/span><\/a><a class=\"next-slide\" href=\"#\"><span class=\"arrow_carrot-right\"><\/span><\/a><\/div><\/div><div class=\"separator  normal\" style=\"border-color: #ffffff;border-width:0,5px\"><\/div>\n<\/div><\/div><\/div><\/div><\/div><div     class=\"vc_row wpb_row section vc_row-fluid\" style=' text-align:left;'><div class=\"full_section_inner clearfix\"><div class=\"wpb_column vc_column_container vc_col-sm-12\"><div class=\"vc_column-inner\"><div class=\"wpb_wrapper\">\n\t<div class=\"wpb_text_column wpb_content_element\">\n\t\t<div class=\"wpb_wrapper\">\n\t\t\t<p><strong>Ma\u0142gorzata Adamczyk | Poczt\u00f3wki z polskiego lata<\/strong><\/p>\n\n\t\t<\/div> \n\t<\/div> <div class=\"separator  normal\" style=\"border-color: #ffffff;border-width:0,5px\"><\/div>\n<div class='qode_image_gallery_no_space light highlight_active'><div class='qode_image_gallery_holder' style='height: 500px;'><ul><li><div style=\"height: 500px; width:750px;\"><img decoding=\"async\" src=\"https:\/\/pix.house\/wp-content\/uploads\/2020\/01\/malgorzata-adamczyk-1.jpg\" alt=\"\" \/><\/div><\/li><li><div style=\"height: 500px; width:750px;\"><img decoding=\"async\" src=\"https:\/\/pix.house\/wp-content\/uploads\/2020\/01\/malgorzata-adamczyk-2.jpg\" alt=\"\" \/><\/div><\/li><li><div style=\"height: 500px; width:750px;\"><img decoding=\"async\" src=\"https:\/\/pix.house\/wp-content\/uploads\/2020\/01\/malgorzata-adamczyk-3.jpg\" alt=\"\" \/><\/div><\/li><li><div style=\"height: 500px; width:750px;\"><img decoding=\"async\" src=\"https:\/\/pix.house\/wp-content\/uploads\/2020\/01\/malgorzata-adamczyk-4.jpg\" alt=\"\" \/><\/div><\/li><li><div style=\"height: 500px; width:750px;\"><img decoding=\"async\" src=\"https:\/\/pix.house\/wp-content\/uploads\/2020\/01\/malgorzata-adamczyk-5.jpg\" alt=\"\" \/><\/div><\/li><li><div style=\"height: 500px; width:750px;\"><img decoding=\"async\" src=\"https:\/\/pix.house\/wp-content\/uploads\/2020\/01\/malgorzata-adamczyk-6.jpg\" alt=\"\" \/><\/div><\/li><li><div style=\"height: 500px; width:750px;\"><img decoding=\"async\" src=\"https:\/\/pix.house\/wp-content\/uploads\/2020\/01\/malgorzata-adamczyk-7.jpg\" alt=\"\" \/><\/div><\/li><li><div style=\"height: 500px; width:750px;\"><img decoding=\"async\" src=\"https:\/\/pix.house\/wp-content\/uploads\/2020\/01\/malgorzata-adamczyk-8.jpg\" alt=\"\" \/><\/div><\/li><\/ul><\/div><div class=\"controls\"><a class=\"prev-slide\" href=\"#\"><span class=\"arrow_carrot-left\"><\/span><\/a><a class=\"next-slide\" href=\"#\"><span class=\"arrow_carrot-right\"><\/span><\/a><\/div><\/div><div class=\"separator  normal\" style=\"border-color: #ffffff;border-width:0,5px\"><\/div>\n<\/div><\/div><\/div><\/div><\/div><div     class=\"vc_row wpb_row section vc_row-fluid\" style=' text-align:left;'><div class=\"full_section_inner clearfix\"><div class=\"wpb_column vc_column_container vc_col-sm-12\"><div class=\"vc_column-inner\"><div class=\"wpb_wrapper\">\n\t<div class=\"wpb_text_column wpb_content_element\">\n\t\t<div class=\"wpb_wrapper\">\n\t\t\t<p><strong>Ma\u0142gorzata Wakuluk | Dotkn\u0105\u0107 Niedotykalnych<\/strong><\/p>\n<p><em>Mo\u017cemy szanowa\u0107 cz\u0142owieka, dlatego \u017ce jest od nas odmienny i mo\u017cemy go rozumie\u0107, poniewa\u017c jest nam r\u00f3wny.<\/em><\/p>\n<p>Niedotykalni &#8211; potoczne okre\u015blenie najni\u017cszej kasty spo\u0142ecznej w Indiach, do kt\u00f3rej zalicza si\u0119 osoby wykonuj\u0105ce tzw. &#8222;nieczyste&#8221; zawody, zwi\u0105zane mi\u0119dzy innymi: z odbieraniem \u017cycia innym stworzeniom (np. rybacy i rze\u017anicy), zabijaniem byd\u0142a lub usuwaniem pad\u0142ych kr\u00f3w, paleniem zw\u0142ok podczas obrz\u0105dku kremacji, kontaktem ze \u015blin\u0105, moczem, ka\u0142em i potem cz\u0142owieka (np. sprz\u0105tacze latryn i ulic, pracze).<br \/>\nA\u017c do przyj\u0119cia konstytucji niepodleg\u0142ych Indii, Niedotykalni byli poddawani r\u00f3\u017cnego rodzaju szykanom. Pozwalano im mieszka\u0107 jedynie w wydzielonych miejscach (przedmie\u015bcia miast), zakazywano im wchodzenia do \u015bwi\u0105ty\u0144, szk\u00f3\u0142, korzystania ze studni, kt\u00f3rych u\u017cywali cz\u0142onkowie wy\u017cszych kast. Dotkniecie Niedotykalnych lub wej\u015bcie w ich cie\u0144, przez cz\u0142onk\u00f3w wy\u017cszych kast, by\u0142o uwa\u017cane za nieczyste i dlatego wymaga\u0142o przeprowadzenia rytua\u0142u oczyszczaj\u0105cego.<\/p>\n<p>Fotografie powsta\u0142y w Indiach na przestrzeni lat 2018-2019<\/p>\n\n\t\t<\/div> \n\t<\/div> <div class=\"separator  normal\" style=\"border-color: #ffffff;border-width:0,5px\"><\/div>\n<div class='qode_image_gallery_no_space light highlight_active'><div class='qode_image_gallery_holder' style='height: 500px;'><ul><li><div style=\"height: 500px; width:750px;\"><img decoding=\"async\" src=\"https:\/\/pix.house\/wp-content\/uploads\/2020\/01\/malgorzata-wakuluk-1.jpg\" alt=\"\" \/><\/div><\/li><li><div style=\"height: 500px; width:750px;\"><img decoding=\"async\" src=\"https:\/\/pix.house\/wp-content\/uploads\/2020\/01\/malgorzata-wakuluk-2.jpg\" alt=\"\" \/><\/div><\/li><li><div style=\"height: 500px; width:750px;\"><img decoding=\"async\" src=\"https:\/\/pix.house\/wp-content\/uploads\/2020\/01\/malgorzata-wakuluk-3.jpg\" alt=\"\" \/><\/div><\/li><li><div style=\"height: 500px; width:750px;\"><img decoding=\"async\" src=\"https:\/\/pix.house\/wp-content\/uploads\/2020\/01\/malgorzata-wakuluk-4.jpg\" alt=\"\" \/><\/div><\/li><li><div style=\"height: 500px; width:750px;\"><img decoding=\"async\" src=\"https:\/\/pix.house\/wp-content\/uploads\/2020\/01\/malgorzata-wakuluk-5.jpg\" alt=\"\" \/><\/div><\/li><li><div style=\"height: 500px; width:750px;\"><img decoding=\"async\" src=\"https:\/\/pix.house\/wp-content\/uploads\/2020\/01\/malgorzata-wakuluk-6.jpg\" alt=\"\" \/><\/div><\/li><li><div style=\"height: 500px; width:750px;\"><img decoding=\"async\" src=\"https:\/\/pix.house\/wp-content\/uploads\/2020\/01\/malgorzata-wakuluk-7.jpg\" alt=\"\" \/><\/div><\/li><li><div style=\"height: 500px; width:750px;\"><img decoding=\"async\" src=\"https:\/\/pix.house\/wp-content\/uploads\/2020\/01\/malgorzata-wakuluk-8.jpg\" alt=\"\" \/><\/div><\/li><li><div style=\"height: 500px; width:750px;\"><img decoding=\"async\" src=\"https:\/\/pix.house\/wp-content\/uploads\/2020\/01\/malgorzata-wakuluk-9.jpg\" alt=\"\" \/><\/div><\/li><li><div style=\"height: 500px; width:750px;\"><img decoding=\"async\" src=\"https:\/\/pix.house\/wp-content\/uploads\/2020\/01\/malgorzata-wakuluk-10.jpg\" alt=\"\" \/><\/div><\/li><\/ul><\/div><div class=\"controls\"><a class=\"prev-slide\" href=\"#\"><span class=\"arrow_carrot-left\"><\/span><\/a><a class=\"next-slide\" href=\"#\"><span class=\"arrow_carrot-right\"><\/span><\/a><\/div><\/div><div class=\"separator  normal\" style=\"border-color: #ffffff;border-width:0,5px\"><\/div>\n<\/div><\/div><\/div><\/div><\/div><div     class=\"vc_row wpb_row section vc_row-fluid\" style=' text-align:left;'><div class=\"full_section_inner clearfix\"><div class=\"wpb_column vc_column_container vc_col-sm-12\"><div class=\"vc_column-inner\"><div class=\"wpb_wrapper\">\n\t<div class=\"wpb_text_column wpb_content_element\">\n\t\t<div class=\"wpb_wrapper\">\n\t\t\t<p><strong>Mateusz Walkowiak | Naganka Naprz\u00f3d!<\/strong><\/p>\n<p>Jeden z podstawowych sygna\u0142\u00f3w porozumiewawczych. Oznacza rozpocz\u0119cie p\u0119dzenia.<\/p>\n\n\t\t<\/div> \n\t<\/div> <div class=\"separator  normal\" style=\"border-color: #ffffff;border-width:0,5px\"><\/div>\n<div class='qode_image_gallery_no_space light highlight_active'><div class='qode_image_gallery_holder' style='height: 500px;'><ul><li><div style=\"height: 500px; width:334px;\"><img decoding=\"async\" src=\"https:\/\/pix.house\/wp-content\/uploads\/2020\/01\/mateusz-walkowiak-1.jpg\" alt=\"\" \/><\/div><\/li><li><div style=\"height: 500px; width:334px;\"><img decoding=\"async\" src=\"https:\/\/pix.house\/wp-content\/uploads\/2020\/01\/mateusz-walkowiak-2.jpg\" alt=\"\" \/><\/div><\/li><li><div style=\"height: 500px; width:334px;\"><img decoding=\"async\" src=\"https:\/\/pix.house\/wp-content\/uploads\/2020\/01\/mateusz-walkowiak-3.jpg\" alt=\"\" \/><\/div><\/li><li><div style=\"height: 500px; width:334px;\"><img decoding=\"async\" src=\"https:\/\/pix.house\/wp-content\/uploads\/2020\/01\/mateusz-walkowiak-4.jpg\" alt=\"\" \/><\/div><\/li><li><div style=\"height: 500px; width:334px;\"><img decoding=\"async\" src=\"https:\/\/pix.house\/wp-content\/uploads\/2020\/01\/mateusz-walkowiak-5.jpg\" alt=\"\" \/><\/div><\/li><li><div style=\"height: 500px; width:334px;\"><img decoding=\"async\" src=\"https:\/\/pix.house\/wp-content\/uploads\/2020\/01\/mateusz-walkowiak-6.jpg\" alt=\"\" \/><\/div><\/li><li><div style=\"height: 500px; width:334px;\"><img decoding=\"async\" src=\"https:\/\/pix.house\/wp-content\/uploads\/2020\/01\/mateusz-walkowiak-7.jpg\" alt=\"\" \/><\/div><\/li><\/ul><\/div><div class=\"controls\"><a class=\"prev-slide\" href=\"#\"><span class=\"arrow_carrot-left\"><\/span><\/a><a class=\"next-slide\" href=\"#\"><span class=\"arrow_carrot-right\"><\/span><\/a><\/div><\/div><div class=\"separator  normal\" style=\"border-color: #ffffff;border-width:0,5px\"><\/div>\n<\/div><\/div><\/div><\/div><\/div><div     class=\"vc_row wpb_row section vc_row-fluid\" style=' text-align:left;'><div class=\"full_section_inner clearfix\"><div class=\"wpb_column vc_column_container vc_col-sm-12\"><div class=\"vc_column-inner\"><div class=\"wpb_wrapper\">\n\t<div class=\"wpb_text_column wpb_content_element\">\n\t\t<div class=\"wpb_wrapper\">\n\t\t\t<p><strong><em>Natalka Dovha | tylko twoje, tylko moje, tylko nasze <\/em><\/strong><\/p>\n<p><em>W moim wydaniu uczucie jest niszcz\u0105ce. Wznosi budowle\u00a0<\/em><\/p>\n<p><em>nie nadaj\u0105ce si\u0119 do zamieszkania, na widok kt\u00f3rych wszyscy ch\u0119tni\u00a0<\/em><\/p>\n<p><em>rozk\u0142adaj\u0105 r\u0119ce w ge\u015bcie bezradno\u015bci albo wyprowadzaj\u0105 si\u0119\u00a0<\/em><\/p>\n<p><em>czym pr\u0119dzej. Nie ma ciep\u0142ej wody. Nie ma nawet kranu.\u00a0<\/em><\/p>\n<p><strong><em>Jest za to ciep\u0142e mleko<\/em><\/strong><\/p>\n<p>&nbsp;<\/p>\n<p><strong><em>\u00a0\u00a0\u00a0\u00a0\u00a0\u00a0\u00a0\u00a0\u00a0\u00a0\u00a0\u00a0\u00a0\u00a0\u00a0\u00a0\u00a0\u00a0\u00a0\u00a0\u00a0\u00a0\u00a0\u00a0\u00a0\u00a0\u00a0\u00a0\u00a0\u00a0\u00a0\u00a0\u00a0\u00a0i mn\u00f3stwo\u00a0<\/em><\/strong><\/p>\n<p>&nbsp;<\/p>\n<p><strong><em>\u00a0\u00a0\u00a0\u00a0\u00a0\u00a0\u00a0\u00a0\u00a0\u00a0\u00a0\u00a0\u00a0\u00a0\u00a0\u00a0\u00a0\u00a0\u00a0\u00a0\u00a0\u00a0\u00a0\u00a0\u00a0\u00a0\u00a0\u00a0\u00a0\u00a0\u00a0\u00a0\u00a0\u00a0\u00a0\u00a0\u00a0\u00a0\u00a0\u00a0\u00a0\u00a0\u00a0\u00a0\u00a0\u00a0\u00a0\u00a0\u00a0\u00a0\u00a0\u00a0\u00a0\u00a0\u00a0\u00a0\u00a0\u00a0kostek\u00a0<\/em><\/strong><\/p>\n<p>&nbsp;<\/p>\n<p><strong><em>\u00a0\u00a0\u00a0\u00a0\u00a0\u00a0\u00a0\u00a0\u00a0\u00a0\u00a0\u00a0\u00a0\u00a0\u00a0\u00a0\u00a0\u00a0\u00a0\u00a0\u00a0\u00a0\u00a0\u00a0\u00a0\u00a0\u00a0\u00a0\u00a0\u00a0\u00a0\u00a0\u00a0\u00a0\u00a0\u00a0\u00a0\u00a0\u00a0\u00a0\u00a0\u00a0\u00a0\u00a0\u00a0\u00a0\u00a0\u00a0\u00a0\u00a0\u00a0\u00a0\u00a0\u00a0\u00a0\u00a0\u00a0\u00a0\u00a0\u00a0\u00a0\u00a0\u00a0\u00a0\u00a0\u00a0\u00a0\u00a0\u00a0\u00a0lodu<\/em><\/strong><\/p>\n<p>Tekst: Micha\u0142 Szwejkowski<\/p>\n<div id=\"gtx-trans\" style=\"position: absolute; left: -26px; top: -10px;\">\n<div class=\"gtx-trans-icon\"><\/div>\n<\/div>\n\n\t\t<\/div> \n\t<\/div> <div class=\"separator  normal\" style=\"border-color: #ffffff;border-width:0,5px\"><\/div>\n<div class='qode_image_gallery_no_space light highlight_active'><div class='qode_image_gallery_holder' style='height: 500px;'><ul><li><div style=\"height: 500px; width:332px;\"><img decoding=\"async\" src=\"https:\/\/pix.house\/wp-content\/uploads\/2020\/01\/natalka-dovha-1.jpg\" alt=\"\" \/><\/div><\/li><li><div style=\"height: 500px; width:500px;\"><img decoding=\"async\" src=\"https:\/\/pix.house\/wp-content\/uploads\/2020\/01\/natalka-dovha-2.jpg\" alt=\"\" \/><\/div><\/li><li><div style=\"height: 500px; width:756px;\"><img decoding=\"async\" src=\"https:\/\/pix.house\/wp-content\/uploads\/2020\/01\/natalka-dovha-5.jpg\" alt=\"\" \/><\/div><\/li><li><div style=\"height: 500px; width:750px;\"><img decoding=\"async\" src=\"https:\/\/pix.house\/wp-content\/uploads\/2020\/01\/natalka-dovha-3.jpg\" alt=\"\" \/><\/div><\/li><li><div style=\"height: 500px; width:766px;\"><img decoding=\"async\" src=\"https:\/\/pix.house\/wp-content\/uploads\/2020\/01\/natalka-dovha-7.jpg\" alt=\"\" \/><\/div><\/li><li><div style=\"height: 500px; width:495px;\"><img decoding=\"async\" src=\"https:\/\/pix.house\/wp-content\/uploads\/2020\/01\/natalka-dovha-8.jpg\" alt=\"\" \/><\/div><\/li><\/ul><\/div><div class=\"controls\"><a class=\"prev-slide\" href=\"#\"><span class=\"arrow_carrot-left\"><\/span><\/a><a class=\"next-slide\" href=\"#\"><span class=\"arrow_carrot-right\"><\/span><\/a><\/div><\/div><div class=\"separator  normal\" style=\"border-color: #ffffff;border-width:0,5px\"><\/div>\n<\/div><\/div><\/div><\/div><\/div><div     class=\"vc_row wpb_row section vc_row-fluid\" style=' text-align:left;'><div class=\"full_section_inner clearfix\"><div class=\"wpb_column vc_column_container vc_col-sm-12\"><div class=\"vc_column-inner\"><div class=\"wpb_wrapper\">\n\t<div class=\"wpb_text_column wpb_content_element\">\n\t\t<div class=\"wpb_wrapper\">\n\t\t\t<p><strong>Aleksandra \u015amigielska | &#8222;<\/strong><strong>I like to remember things my own way\u201d<\/strong><\/p>\n<p>Lost Highway, re\u017c. David Lynch<\/p>\n<p>&nbsp;<\/p>\n<p>Nie wiem kim jest ta posta\u0107 przede mn\u0105, gdy widz\u0119 swoje odbicie.<\/p>\n<p>Kiedy mia\u0142am kilkana\u015bcie lat stawa\u0142am przed lustrem i mia\u0142am nieodparte wra\u017cenie, \u017ce moje cia\u0142o jest nieprzynale\u017cne do mnie. Spogl\u0105da\u0142am na swoje d\u0142onie odnosz\u0105c wra\u017cenie, \u017ce nie s\u0105 moje. Dusza odrywa\u0142a si\u0119 od cia\u0142a. Stopy tkwi\u0142y w bezruchu nie podejmuj\u0105c \u017cadnego kroku, przytwierdzone silnie do pod\u0142o\u017ca. A jednak to, co pr\u00f3bowa\u0142o usilnie si\u0119 wydrze\u0107 odrzuca\u0142o pow\u0142ok\u0119. Po kilku minutach przera\u017cenia i wewn\u0119trznego b\u0142agania o powr\u00f3t do rzeczywisto\u015bci udawa\u0142o mi si\u0119 odzyska\u0107 siebie. Wpatrywa\u0142am si\u0119 w odbicie jeszcze przez jaki\u015b czas oszo\u0142omiona. Zastanawia\u0142am si\u0119 nad realno\u015bci\u0105 tego odczucia. Co by\u0142o prawdziwe a co nie? Czy ta twarz jest moja? Dlaczego jest moja i czy aby na pewno moja? Czy mog\u0119 wyj\u015b\u0107 poza granic\u0119 tej pow\u0142oki? Wra\u017cenie nieposiadania, wra\u017cenie nie-mnie i nie-mojego.<\/p>\n<p>Ju\u017c niczego nie jestem pewna.<\/p>\n<p>Zastanawiam si\u0119 nad prawd\u0105. Albo mo\u017ce raczej nieprawd\u0105. Zmieniam si\u0119 ka\u017cdego dnia, przybieram inn\u0105 form\u0119. Ucz\u0119 si\u0119 skutecznie chowa\u0107, popada\u0107 w iluzoryczny \u015bwiat chciejstwa, bo takiego go sobie wymy\u015blam. Kto lub co mnie tworzy? \u015aciany, twarze, piana korea\u0144skiego produktu upi\u0119kszaj\u0105cego cer\u0119.<\/p>\n<p>Prawda jawi si\u0119 rozdrapanym strupem.<\/p>\n<p>Delikatnienie.<\/p>\n<p>Kiedy ju\u017c dodrapuj\u0119 si\u0119 do surowej granicy, odczuwam ulg\u0119. Na ko\u0144cu jest \u015bciana z at\u0142asu. Mog\u0119 teraz wytrze\u0107 o ni\u0105 pokrwawione d\u0142onie. Te same, kt\u00f3re moje nie s\u0105 i nigdy nie b\u0119d\u0105. A jednak je czuj\u0119.<\/p>\n\n\t\t<\/div> \n\t<\/div> <div class=\"separator  normal\" style=\"border-color: #ffffff;border-width:0,5px\"><\/div>\n<div class='qode_image_gallery_no_space light highlight_active'><div class='qode_image_gallery_holder' style='height: 500px;'><ul><li><div style=\"height: 500px; width:331px;\"><img decoding=\"async\" src=\"https:\/\/pix.house\/wp-content\/uploads\/2020\/01\/ola-smigielska-1.jpg\" alt=\"\" \/><\/div><\/li><li><div style=\"height: 500px; width:358px;\"><img decoding=\"async\" src=\"https:\/\/pix.house\/wp-content\/uploads\/2020\/01\/ola-smigielska-2.jpg\" alt=\"\" \/><\/div><\/li><li><div style=\"height: 500px; width:500px;\"><img decoding=\"async\" src=\"https:\/\/pix.house\/wp-content\/uploads\/2020\/01\/ola-smigielska-3.jpg\" alt=\"\" \/><\/div><\/li><li><div style=\"height: 500px; width:500px;\"><img decoding=\"async\" src=\"https:\/\/pix.house\/wp-content\/uploads\/2020\/01\/ola-smigielska-4.jpg\" alt=\"\" \/><\/div><\/li><li><div style=\"height: 500px; width:358px;\"><img decoding=\"async\" src=\"https:\/\/pix.house\/wp-content\/uploads\/2020\/01\/ola-smigielska-5.jpg\" alt=\"\" \/><\/div><\/li><li><div style=\"height: 500px; width:331px;\"><img decoding=\"async\" src=\"https:\/\/pix.house\/wp-content\/uploads\/2020\/01\/ola-smigielska-6.jpg\" alt=\"\" \/><\/div><\/li><li><div style=\"height: 500px; width:331px;\"><img decoding=\"async\" src=\"https:\/\/pix.house\/wp-content\/uploads\/2020\/01\/ola-smigielska-7.jpg\" alt=\"\" \/><\/div><\/li><li><div style=\"height: 500px; width:500px;\"><img decoding=\"async\" src=\"https:\/\/pix.house\/wp-content\/uploads\/2020\/01\/ola-smigielska-8.jpg\" alt=\"\" \/><\/div><\/li><li><div style=\"height: 500px; width:358px;\"><img decoding=\"async\" src=\"https:\/\/pix.house\/wp-content\/uploads\/2020\/01\/ola-smigielska-9.jpg\" alt=\"\" \/><\/div><\/li><li><div style=\"height: 500px; width:358px;\"><img decoding=\"async\" src=\"https:\/\/pix.house\/wp-content\/uploads\/2020\/01\/ola-smigielska-10.jpg\" alt=\"\" \/><\/div><\/li><\/ul><\/div><div class=\"controls\"><a class=\"prev-slide\" href=\"#\"><span class=\"arrow_carrot-left\"><\/span><\/a><a class=\"next-slide\" href=\"#\"><span class=\"arrow_carrot-right\"><\/span><\/a><\/div><\/div><div class=\"separator  normal\" style=\"border-color: #ffffff;border-width:0,5px\"><\/div>\n<\/div><\/div><\/div><\/div><\/div><div     class=\"vc_row wpb_row section vc_row-fluid\" style=' text-align:left;'><div class=\"full_section_inner clearfix\"><div class=\"wpb_column vc_column_container vc_col-sm-12\"><div class=\"vc_column-inner\"><div class=\"wpb_wrapper\">\n\t<div class=\"wpb_text_column wpb_content_element\">\n\t\t<div class=\"wpb_wrapper\">\n\t\t\t<p><strong>Oleksii Sokun | Donbas<\/strong><\/p>\n<p>Wspomnienia z \u017cycia regionu, kt\u00f3ry by\u0142 moim domem a\u017c do 2014 roku, kiedy musia\u0142em opu\u015bci\u0107 Donieck.<\/p>\n\n\t\t<\/div> \n\t<\/div> <div class=\"separator  normal\" style=\"border-color: #ffffff;border-width:0,5px\"><\/div>\n<div class='qode_image_gallery_no_space light highlight_active'><div class='qode_image_gallery_holder' style='height: 500px;'><ul><li><div style=\"height: 500px; width:332px;\"><img decoding=\"async\" src=\"https:\/\/pix.house\/wp-content\/uploads\/2020\/01\/oleksii-sokun-1.jpg\" alt=\"\" \/><\/div><\/li><li><div style=\"height: 500px; width:334px;\"><img decoding=\"async\" src=\"https:\/\/pix.house\/wp-content\/uploads\/2020\/01\/oleksii-sokun-2.jpg\" alt=\"\" \/><\/div><\/li><li><div style=\"height: 500px; width:747px;\"><img decoding=\"async\" src=\"https:\/\/pix.house\/wp-content\/uploads\/2020\/01\/oleksii-sokun-3.jpg\" alt=\"\" \/><\/div><\/li><li><div style=\"height: 500px; width:750px;\"><img decoding=\"async\" src=\"https:\/\/pix.house\/wp-content\/uploads\/2020\/01\/oleksii-sokun-5.jpg\" alt=\"\" \/><\/div><\/li><li><div style=\"height: 500px; width:333px;\"><img decoding=\"async\" src=\"https:\/\/pix.house\/wp-content\/uploads\/2020\/01\/oleksii-sokun-6.jpg\" alt=\"\" \/><\/div><\/li><li><div style=\"height: 500px; width:754px;\"><img decoding=\"async\" src=\"https:\/\/pix.house\/wp-content\/uploads\/2020\/01\/oleksii-sokun-7.jpg\" alt=\"\" \/><\/div><\/li><li><div style=\"height: 500px; width:754px;\"><img decoding=\"async\" src=\"https:\/\/pix.house\/wp-content\/uploads\/2020\/01\/oleksii-sokun-8.jpg\" alt=\"\" \/><\/div><\/li><li><div style=\"height: 500px; width:333px;\"><img decoding=\"async\" src=\"https:\/\/pix.house\/wp-content\/uploads\/2020\/01\/oleksii-sokun-9.jpg\" alt=\"\" \/><\/div><\/li><li><div style=\"height: 500px; width:753px;\"><img decoding=\"async\" src=\"https:\/\/pix.house\/wp-content\/uploads\/2020\/01\/oleksii-sokun-10.jpg\" alt=\"\" \/><\/div><\/li><li><div style=\"height: 500px; width:750px;\"><img decoding=\"async\" src=\"https:\/\/pix.house\/wp-content\/uploads\/2020\/01\/oleksii-sokun-4.jpg\" alt=\"\" \/><\/div><\/li><li><div style=\"height: 500px; width:333px;\"><img decoding=\"async\" src=\"https:\/\/pix.house\/wp-content\/uploads\/2020\/01\/oleksii-sokun-11.jpg\" alt=\"\" \/><\/div><\/li><\/ul><\/div><div class=\"controls\"><a class=\"prev-slide\" href=\"#\"><span class=\"arrow_carrot-left\"><\/span><\/a><a class=\"next-slide\" href=\"#\"><span class=\"arrow_carrot-right\"><\/span><\/a><\/div><\/div><div class=\"separator  normal\" style=\"border-color: #ffffff;border-width:0,5px\"><\/div>\n<\/div><\/div><\/div><\/div><\/div><div     class=\"vc_row wpb_row section vc_row-fluid\" style=' text-align:left;'><div class=\"full_section_inner clearfix\"><div class=\"wpb_column vc_column_container vc_col-sm-12\"><div class=\"vc_column-inner\"><div class=\"wpb_wrapper\">\n\t<div class=\"wpb_text_column wpb_content_element\">\n\t\t<div class=\"wpb_wrapper\">\n\t\t\t<p><strong>Patrycja Skwierczy\u0144ska | Bonds<\/strong><\/p>\n<p>Zwi\u0105zek ludzi ze \u015bwiatem przyrody by\u0142 kiedy\u015b nierozerwalny. Wszystkie obrz\u0119dy religijne z czas\u00f3w przedchrze\u015bcija\u0144skich mia\u0142y swoje \u017ar\u00f3d\u0142a w zjawiskach zachodz\u0105cych w przyrodzie. Wielk\u0105 wag\u0119 przyk\u0142adano do przesile\u0144 i r\u00f3wnonocy \u2013 st\u0105d wzi\u0119\u0142o si\u0119 wsp\u00f3\u0142czesne \u015bwi\u0119towanie Bo\u017cego Narodzenia i Wielkanocy, kt\u00f3re przypadaj\u0105 w\u0142a\u015bnie w okresie zimowego i wiosennego przesilenia. Te szczeg\u00f3lne dni w roku stabilizowa\u0142y wszech\u015bwiat, dawa\u0142y poczucie porz\u0105dku, cykliczno\u015bci i przewidywalno\u015bci. \u015awi\u0119towanie przesile\u0144 i r\u00f3wnonocy by\u0142o tak\u017ce wyrazem wiary i nadziei w m\u0105dro\u015b\u0107 \u015bwiata i natury, w tajemniczy porz\u0105dek rzeczy, kt\u00f3ry, mimo, \u017ce niezrozumiany, posiada sw\u00f3j g\u0142\u0119boki sens, dzi\u0119ki kt\u00f3remu \u017cycie mo\u017ce trwa\u0107 i odradza\u0107 si\u0119.<br \/>\nW \u017cadnej epoce oddzielenie cz\u0142owieka od natury nie by\u0142o tak wyra\u017ane jak dzisiaj. Ukojenia powinni\u015bmy szuka\u0107 w przyrodzie, kt\u00f3ra korzystnie wp\u0142ywa na nasz\u0105 r\u00f3wnowag\u0119, wyciszenie, przywraca upragniony balans, wspomaga koncentracj\u0119.<\/p>\n\n\t\t<\/div> \n\t<\/div> <div class=\"separator  normal\" style=\"border-color: #ffffff;border-width:0,5px\"><\/div>\n<div class='qode_image_gallery_no_space light highlight_active'><div class='qode_image_gallery_holder' style='height: 500px;'><ul><li><div style=\"height: 500px; width:750px;\"><img decoding=\"async\" src=\"https:\/\/pix.house\/wp-content\/uploads\/2020\/01\/patrycja-skierczynska-2.jpg\" alt=\"\" \/><\/div><\/li><li><div style=\"height: 500px; width:334px;\"><img decoding=\"async\" src=\"https:\/\/pix.house\/wp-content\/uploads\/2020\/01\/patrycja-skierczynska-5.jpg\" alt=\"\" \/><\/div><\/li><li><div style=\"height: 500px; width:334px;\"><img decoding=\"async\" src=\"https:\/\/pix.house\/wp-content\/uploads\/2020\/01\/patrycja-skierczynska-8.jpg\" alt=\"\" \/><\/div><\/li><li><div style=\"height: 500px; width:334px;\"><img decoding=\"async\" src=\"https:\/\/pix.house\/wp-content\/uploads\/2020\/01\/patrycja-skierczynska-12.jpg\" alt=\"\" \/><\/div><\/li><li><div style=\"height: 500px; width:750px;\"><img decoding=\"async\" src=\"https:\/\/pix.house\/wp-content\/uploads\/2020\/01\/patrycja-skierczynska-10.jpg\" alt=\"\" \/><\/div><\/li><li><div style=\"height: 500px; width:750px;\"><img decoding=\"async\" src=\"https:\/\/pix.house\/wp-content\/uploads\/2020\/01\/patrycja-skierczynska-4.jpg\" alt=\"\" \/><\/div><\/li><\/ul><\/div><div class=\"controls\"><a class=\"prev-slide\" href=\"#\"><span class=\"arrow_carrot-left\"><\/span><\/a><a class=\"next-slide\" href=\"#\"><span class=\"arrow_carrot-right\"><\/span><\/a><\/div><\/div><div class=\"separator  normal\" style=\"border-color: #ffffff;border-width:0,5px\"><\/div>\n<\/div><\/div><\/div><\/div><\/div><div     class=\"vc_row wpb_row section vc_row-fluid\" style=' text-align:left;'><div class=\"full_section_inner clearfix\"><div class=\"wpb_column vc_column_container vc_col-sm-12\"><div class=\"vc_column-inner\"><div class=\"wpb_wrapper\">\n\t<div class=\"wpb_text_column wpb_content_element\">\n\t\t<div class=\"wpb_wrapper\">\n\t\t\t<p><b>Dokumentacja ekspozycji:\u00a0<\/b><\/p>\n\n\t\t<\/div> \n\t<\/div> <div class=\"separator  normal\" style=\"border-color: #ffffff;border-width:0,5px\"><\/div>\n<div class='qode_image_gallery_no_space light highlight_active'><div class='qode_image_gallery_holder' style='height: 500px;'><ul><li><div style=\"height: 500px; width:750px;\"><img decoding=\"async\" src=\"https:\/\/pix.house\/wp-content\/uploads\/2020\/01\/fyrtel-2019-dokumentacja-wernisaz-25.jpg\" alt=\"\" \/><\/div><\/li><li><div style=\"height: 500px; width:750px;\"><img decoding=\"async\" src=\"https:\/\/pix.house\/wp-content\/uploads\/2020\/01\/fyrtel-2019-dokumentacja-wernisaz-24.jpg\" alt=\"\" \/><\/div><\/li><li><div style=\"height: 500px; width:750px;\"><img decoding=\"async\" src=\"https:\/\/pix.house\/wp-content\/uploads\/2020\/01\/fyrtel-2019-dokumentacja-wernisaz-23.jpg\" alt=\"\" \/><\/div><\/li><li><div style=\"height: 500px; width:750px;\"><img decoding=\"async\" src=\"https:\/\/pix.house\/wp-content\/uploads\/2020\/01\/fyrtel-2019-dokumentacja-wernisaz-26.jpg\" alt=\"\" \/><\/div><\/li><li><div style=\"height: 500px; width:750px;\"><img decoding=\"async\" src=\"https:\/\/pix.house\/wp-content\/uploads\/2020\/01\/fyrtel-2019-dokumentacja-wernisaz-22.jpg\" alt=\"\" \/><\/div><\/li><li><div style=\"height: 500px; width:750px;\"><img decoding=\"async\" src=\"https:\/\/pix.house\/wp-content\/uploads\/2020\/01\/fyrtel-2019-dokumentacja-wernisaz-19.jpg\" alt=\"\" \/><\/div><\/li><li><div style=\"height: 500px; width:750px;\"><img decoding=\"async\" src=\"https:\/\/pix.house\/wp-content\/uploads\/2020\/01\/fyrtel-2019-dokumentacja-wernisaz-20.jpg\" alt=\"\" \/><\/div><\/li><li><div style=\"height: 500px; width:750px;\"><img decoding=\"async\" src=\"https:\/\/pix.house\/wp-content\/uploads\/2020\/01\/fyrtel-2019-dokumentacja-wernisaz-18.jpg\" alt=\"\" \/><\/div><\/li><li><div style=\"height: 500px; width:750px;\"><img decoding=\"async\" src=\"https:\/\/pix.house\/wp-content\/uploads\/2020\/01\/fyrtel-2019-dokumentacja-wernisaz-16.jpg\" alt=\"\" \/><\/div><\/li><li><div style=\"height: 500px; width:750px;\"><img decoding=\"async\" src=\"https:\/\/pix.house\/wp-content\/uploads\/2020\/01\/fyrtel-2019-dokumentacja-wernisaz-12.jpg\" alt=\"\" \/><\/div><\/li><li><div style=\"height: 500px; width:334px;\"><img decoding=\"async\" src=\"https:\/\/pix.house\/wp-content\/uploads\/2020\/01\/fyrtel-2019-dokumentacja-wernisaz-7.jpg\" alt=\"\" \/><\/div><\/li><li><div style=\"height: 500px; width:750px;\"><img decoding=\"async\" src=\"https:\/\/pix.house\/wp-content\/uploads\/2020\/01\/fyrtel-2019-dokumentacja-wernisaz-5.jpg\" alt=\"\" \/><\/div><\/li><li><div style=\"height: 500px; width:334px;\"><img decoding=\"async\" src=\"https:\/\/pix.house\/wp-content\/uploads\/2020\/01\/fyrtel-2019-dokumentacja-wernisaz-4.jpg\" alt=\"\" \/><\/div><\/li><li><div style=\"height: 500px; width:750px;\"><img decoding=\"async\" src=\"https:\/\/pix.house\/wp-content\/uploads\/2020\/01\/fyrtel-2019-dokumentacja-wernisaz-2.jpg\" alt=\"\" \/><\/div><\/li><\/ul><\/div><div class=\"controls\"><a class=\"prev-slide\" href=\"#\"><span class=\"arrow_carrot-left\"><\/span><\/a><a class=\"next-slide\" href=\"#\"><span class=\"arrow_carrot-right\"><\/span><\/a><\/div><\/div><div class=\"separator  normal\" style=\"border-color: #ffffff;border-width:0,5px\"><\/div>\n<\/div><\/div><\/div><\/div><\/div><div     class=\"vc_row wpb_row section vc_row-fluid\" style=' text-align:left;'><div class=\"full_section_inner clearfix\"><div class=\"wpb_column vc_column_container vc_col-sm-12\"><div class=\"vc_column-inner\"><div class=\"wpb_wrapper\">\n\t<div class=\"wpb_text_column wpb_content_element\">\n\t\t<div class=\"wpb_wrapper\">\n\t\t\t<p style=\"text-align: justify;\"><b>Podzi\u0119kowania!\u00a0<\/b><\/p>\n<p style=\"text-align: justify;\">Serdecznie dzi\u0119kujemy wszystkim <strong>uczestnikom <\/strong>warsztat\u00f3w &#8211; r\u00f3wnie\u017c tym, kt\u00f3rym z r\u00f3\u017cnych powod\u00f3w nie uda\u0142o si\u0119 dotrwa\u0107 do wystawy. W\u0142o\u017cyli\u015bcie kawa\u0142 serca i ogrom pracy w ten projekt. Dzi\u0119kujemy!<\/p>\n<p>&nbsp;<\/p>\n<p style=\"text-align: justify;\">Warsztaty odbywa\u0142y si\u0119 w przestrzeni Fundacji PIX.HOUSE &#8211; tworzymy miejsce dla fotografii!<\/p>\n\n\t\t<\/div> \n\t<\/div> <\/div><\/div><\/div><\/div><\/div>\n<\/div>","protected":false},"excerpt":{"rendered":"Zako\u0144czy\u0142a si\u0119 p\u00f3\u0142roczna przygoda z warsztatami M\u00f3j Fyrtel \/ Moja przestrze\u0144 2019. Na spotkaniach uczestnicy zg\u0142\u0119bili wiedz\u0119 dotycz\u0105c\u0105 fotografii dokumentalnej. Jakie efekty przynios\u0142a ich praca na w\u0142asnym d\u0142ugoterminowym projektem? Stworzyli\u015bmy wsp\u00f3lnie dokumentalny obraz naszej przestrzeni. Przestrzeni rozumianej nie wprost - jako miejsce, ale jako co\u015b,...","protected":false},"author":11,"featured_media":31190,"comment_status":"open","ping_status":"open","sticky":false,"template":"","format":"standard","meta":{"_monsterinsights_skip_tracking":false,"_monsterinsights_sitenote_active":false,"_monsterinsights_sitenote_note":"","_monsterinsights_sitenote_category":0,"footnotes":""},"categories":[59],"tags":[],"class_list":["post-30980","post","type-post","status-publish","format-standard","has-post-thumbnail","hentry","category-co-z-ta-fotografia"],"_links":{"self":[{"href":"https:\/\/pix.house\/en\/wp-json\/wp\/v2\/posts\/30980","targetHints":{"allow":["GET"]}}],"collection":[{"href":"https:\/\/pix.house\/en\/wp-json\/wp\/v2\/posts"}],"about":[{"href":"https:\/\/pix.house\/en\/wp-json\/wp\/v2\/types\/post"}],"author":[{"embeddable":true,"href":"https:\/\/pix.house\/en\/wp-json\/wp\/v2\/users\/11"}],"replies":[{"embeddable":true,"href":"https:\/\/pix.house\/en\/wp-json\/wp\/v2\/comments?post=30980"}],"version-history":[{"count":11,"href":"https:\/\/pix.house\/en\/wp-json\/wp\/v2\/posts\/30980\/revisions"}],"predecessor-version":[{"id":31732,"href":"https:\/\/pix.house\/en\/wp-json\/wp\/v2\/posts\/30980\/revisions\/31732"}],"wp:featuredmedia":[{"embeddable":true,"href":"https:\/\/pix.house\/en\/wp-json\/wp\/v2\/media\/31190"}],"wp:attachment":[{"href":"https:\/\/pix.house\/en\/wp-json\/wp\/v2\/media?parent=30980"}],"wp:term":[{"taxonomy":"category","embeddable":true,"href":"https:\/\/pix.house\/en\/wp-json\/wp\/v2\/categories?post=30980"},{"taxonomy":"post_tag","embeddable":true,"href":"https:\/\/pix.house\/en\/wp-json\/wp\/v2\/tags?post=30980"}],"curies":[{"name":"wp","href":"https:\/\/api.w.org\/{rel}","templated":true}]}}