{"id":31286,"date":"2020-03-02T17:33:55","date_gmt":"2020-03-02T16:33:55","guid":{"rendered":"https:\/\/pix.house\/?p=31286"},"modified":"2020-03-02T17:34:13","modified_gmt":"2020-03-02T16:34:13","slug":"pies","status":"publish","type":"post","link":"https:\/\/pix.house\/en\/pies\/","title":{"rendered":"Pies o dw\u00f3ch ogonach | Micha\u0142 Adamski"},"content":{"rendered":"<div class=\"wpb-content-wrapper\"><div class=\"vc_row wpb_row section vc_row-fluid\" style=' text-align:left;'><div class=\"full_section_inner clearfix\"><div class=\"wpb_column vc_column_container vc_col-sm-12\"><div class=\"vc_column-inner\"><div class=\"wpb_wrapper\">\n\t<div class=\"wpb_text_column wpb_content_element\">\n\t\t<div class=\"wpb_wrapper\">\n\t\t\t<p><b>PIES O DW\u00d3CH OGONACH | Micha\u0142 Adamski<\/b><\/p>\n<p>&nbsp;<\/p>\n<p><b>TERMIN WYSTAWY<\/b>: 06.03.2020 \u2013 21.03.2020<\/p>\n<p>wernisa\u017c, spotkanie z autorem : 06.03.2020 | 18:00<\/p>\n<p><b>MIEJSCE WYSTAWY<\/b>: galeria Pix.house ul. G\u0142ogowska 35a Pozna\u0144<\/p>\n<p>&nbsp;<\/p>\n<p><b>WST\u0118P WOLNY<\/b><\/p>\n\n\t\t<\/div> \n\t<\/div> \n\t<div class=\"wpb_single_image wpb_content_element vc_align_left\">\n\t\t<div class=\"wpb_wrapper\">\n\t\t\t\n\t\t\t<div class=\"vc_single_image-wrapper   vc_box_border_grey\"><img loading=\"lazy\" decoding=\"async\" width=\"2000\" height=\"1500\" src=\"https:\/\/pix.house\/wp-content\/uploads\/2020\/03\/Micha\u0142-Adamski_Pies-o-dwoch-ogonach_003.jpg\" class=\"vc_single_image-img attachment-full\" alt=\"\" title=\"Micha\u0142 Adamski_Pies o dwoch ogonach_003\" srcset=\"https:\/\/pix.house\/wp-content\/uploads\/2020\/03\/Micha\u0142-Adamski_Pies-o-dwoch-ogonach_003.jpg 2000w, https:\/\/pix.house\/wp-content\/uploads\/2020\/03\/Micha\u0142-Adamski_Pies-o-dwoch-ogonach_003-300x225.jpg 300w, https:\/\/pix.house\/wp-content\/uploads\/2020\/03\/Micha\u0142-Adamski_Pies-o-dwoch-ogonach_003-800x600.jpg 800w, https:\/\/pix.house\/wp-content\/uploads\/2020\/03\/Micha\u0142-Adamski_Pies-o-dwoch-ogonach_003-1280x960.jpg 1280w, https:\/\/pix.house\/wp-content\/uploads\/2020\/03\/Micha\u0142-Adamski_Pies-o-dwoch-ogonach_003-768x576.jpg 768w, https:\/\/pix.house\/wp-content\/uploads\/2020\/03\/Micha\u0142-Adamski_Pies-o-dwoch-ogonach_003-600x450.jpg 600w, https:\/\/pix.house\/wp-content\/uploads\/2020\/03\/Micha\u0142-Adamski_Pies-o-dwoch-ogonach_003-1536x1152.jpg 1536w, https:\/\/pix.house\/wp-content\/uploads\/2020\/03\/Micha\u0142-Adamski_Pies-o-dwoch-ogonach_003-700x525.jpg 700w, https:\/\/pix.house\/wp-content\/uploads\/2020\/03\/Micha\u0142-Adamski_Pies-o-dwoch-ogonach_003-1100x825.jpg 1100w, https:\/\/pix.house\/wp-content\/uploads\/2020\/03\/Micha\u0142-Adamski_Pies-o-dwoch-ogonach_003-1320x990.jpg 1320w\" sizes=\"auto, (max-width: 2000px) 100vw, 2000px\" \/><\/div>\n\t\t<\/div>\n\t<\/div>\n<\/div><\/div><\/div><div class=\"wpb_column vc_column_container vc_col-sm-12\"><div class=\"vc_column-inner\"><div class=\"wpb_wrapper\">\n\t<div class=\"wpb_text_column wpb_content_element\">\n\t\t<div class=\"wpb_wrapper\">\n\t\t\t<p><strong>W\u0119gry le\u017c\u0105ce mi\u0119dzy wschodem a zachodem zawsze szuka\u0142y swojej to\u017csamo\u015bci i miejsca na mapie Europy.<\/strong><\/p>\n<p><strong>Powstanie w 1848 roku,\u00a0 Pakt w Trianon w 1920, czy Rewolucja w 1956 roku to daty, kt\u00f3re zna ka\u017cdy W\u0119gier i powo\u0142a si\u0119 na nie w ka\u017cdej rozmowie o tym, co si\u0119 w kraju nie uda\u0142o, a mog\u0142o.<\/strong><\/p>\n\n\t\t<\/div> \n\t<\/div> <div class=\"separator  normal\" style=\"border-color: #ffffff;border-width:1px\"><\/div>\n<div class=\"separator  normal\" style=\"border-color: #ffffff;border-width:1px\"><\/div>\n<div class='qode_image_gallery_no_space light highlight_active'><div class='qode_image_gallery_holder' style='height: 500px;'><ul><li><div style=\"height: 500px; width:667px;\"><img decoding=\"async\" src=\"https:\/\/pix.house\/wp-content\/uploads\/2020\/03\/Micha\u0142-Adamski_Pies-o-dwoch-ogonach_002.jpg\" alt=\"\" \/><\/div><\/li><li><div style=\"height: 500px; width:667px;\"><img decoding=\"async\" src=\"https:\/\/pix.house\/wp-content\/uploads\/2020\/03\/Micha\u0142-Adamski_Pies-o-dwoch-ogonach_008.jpg\" alt=\"\" \/><\/div><\/li><li><div style=\"height: 500px; width:375px;\"><img decoding=\"async\" src=\"https:\/\/pix.house\/wp-content\/uploads\/2020\/03\/Micha\u0142-Adamski_Pies-o-dwoch-ogonach_005.jpg\" alt=\"\" \/><\/div><\/li><li><div style=\"height: 500px; width:375px;\"><img decoding=\"async\" src=\"https:\/\/pix.house\/wp-content\/uploads\/2020\/03\/Micha\u0142-Adamski_Pies-o-dwoch-ogonach_004.jpg\" alt=\"\" \/><\/div><\/li><li><div style=\"height: 500px; width:667px;\"><img decoding=\"async\" src=\"https:\/\/pix.house\/wp-content\/uploads\/2020\/03\/Micha\u0142-Adamski_Pies-o-dwoch-ogonach_006.jpg\" alt=\"\" \/><\/div><\/li><li><div style=\"height: 500px; width:667px;\"><img decoding=\"async\" src=\"https:\/\/pix.house\/wp-content\/uploads\/2020\/03\/Micha\u0142-Adamski_Pies-o-dwoch-ogonach_007.jpg\" alt=\"\" \/><\/div><\/li><\/ul><\/div><div class=\"controls\"><a class=\"prev-slide\" href=\"#\"><span class=\"arrow_carrot-left\"><\/span><\/a><a class=\"next-slide\" href=\"#\"><span class=\"arrow_carrot-right\"><\/span><\/a><\/div><\/div><\/div><\/div><\/div><\/div><\/div><div     class=\"vc_row wpb_row section vc_row-fluid\" style=' text-align:left;'><div class=\"full_section_inner clearfix\"><div class=\"wpb_column vc_column_container vc_col-sm-12\"><div class=\"vc_column-inner\"><div class=\"wpb_wrapper\">\n\t<div class=\"wpb_text_column wpb_content_element\">\n\t\t<div class=\"wpb_wrapper\">\n\t\t\t<p>Przemiany, kt\u00f3re nast\u0105pi\u0142y w ostatnich trzydziestu latach doprowadzi\u0142y do tego, \u017ce wolno\u015b\u0107 W\u0119gr\u00f3w sta\u0142a si\u0119 przyczyn\u0105 ich zagubienia, a kraj wydaje si\u0119 by\u0107 wewn\u0119trznie podzielony. Niezadowolenie i rozczarowanie spowodowa\u0142o, \u017ce cz\u0119\u015b\u0107 spo\u0142ecze\u0144stwa sta\u0142a si\u0119 \u0142atwym celem dla populistycznych hase\u0142, kt\u00f3re g\u0142osz\u0105 rz\u0105dz\u0105cy.<\/p>\n<p>Rz\u0105d skutecznie manipuluje i wykorzystuje emocje W\u0119gr\u00f3w. Kreuje wizj\u0119 \u015bwiata pe\u0142nego wrog\u00f3w narodu. Odwo\u0142uje si\u0119 przy tym do idei patriotyzmu, kt\u00f3ry jest mieszank\u0105 dumy narodowej, poczucia krzywdy oraz sentymentu do historycznych Wielkich W\u0119gier. Uwaga rz\u0105dz\u0105cych tylko pozornie skierowana jest w kierunku spo\u0142ecze\u0144stwa, skupia si\u0119 na zdobywaniu i utrzymaniu w\u0142adzy.<\/p>\n<p>Fotografuj\u0105c wsp\u00f3\u0142czesne W\u0119gry skupi\u0142em si\u0119 na relacjach mi\u0119dzy rz\u0105dem a spo\u0142ecze\u0144stwem, stoj\u0105cym pomi\u0119dzy rzeczywisto\u015bci\u0105 a propagandow\u0105 wizj\u0105 silnego pa\u0144stwa. Fotografie przedstawiaj\u0105 symbole, miejsca, wydarzenia, ale przede wszystkim pokazuj\u0105 cz\u0142owieka uwik\u0142anego w polityczne procesy zdobywania w\u0142adzy. Cz\u0142owieka, kt\u00f3rego \u0142atwo kupi\u0107 prostymi sloganami wyborczymi.<\/p>\n<p>W swojej opowie\u015bci nie chc\u0119 analizowa\u0107, ani stawia\u0107 wniosk\u00f3w. Intuicyjnie pod\u0105\u017cam od miejsca do miejsca, by da\u0107 si\u0119 zwie\u015b\u0107 nastrojowi zagubienia w rzeczywisto\u015bci stworzonej przez Viktora Orbana.<\/p>\n<p>Tytu\u0142owy Pies o dw\u00f3ch ogonach to partia polityczna za\u0142o\u017cona przez grup\u0119 artyst\u00f3w, kt\u00f3rzy w swoich dzia\u0142aniach performatywnych i happeningach wy\u015bmiewaj\u0105 rz\u0105dz\u0105cych i ich sposoby zdobywania w\u0142adzy. \u017bycie wieczne, darmowe piwo, dwa zachody s\u0142o\u0144ca dziennie czy zakaz chor\u00f3b jako rozwi\u0105zanie problem\u00f3w s\u0142u\u017cby zdrowia to tylko niekt\u00f3re has\u0142a z ich programu wyborczego. Ich ironiczne spojrzenie na rzeczywisto\u015b\u0107 sta\u0142o si\u0119 dla mnie kluczem do opowiedzenia o umacniaj\u0105cym si\u0119 autorytaryzmie Viktora Orbana.<\/p>\n\n\t\t<\/div> \n\t<\/div> \n\t<div class=\"wpb_single_image wpb_content_element vc_align_left\">\n\t\t<div class=\"wpb_wrapper\">\n\t\t\t\n\t\t\t<div class=\"vc_single_image-wrapper   vc_box_border_grey\"><img loading=\"lazy\" decoding=\"async\" width=\"1500\" height=\"1125\" src=\"https:\/\/pix.house\/wp-content\/uploads\/2020\/03\/ok\u0142adka3.jpg\" class=\"vc_single_image-img attachment-full\" alt=\"\" title=\"ok\u0142adka3\" srcset=\"https:\/\/pix.house\/wp-content\/uploads\/2020\/03\/ok\u0142adka3.jpg 1500w, https:\/\/pix.house\/wp-content\/uploads\/2020\/03\/ok\u0142adka3-300x225.jpg 300w, https:\/\/pix.house\/wp-content\/uploads\/2020\/03\/ok\u0142adka3-800x600.jpg 800w, https:\/\/pix.house\/wp-content\/uploads\/2020\/03\/ok\u0142adka3-1280x960.jpg 1280w, https:\/\/pix.house\/wp-content\/uploads\/2020\/03\/ok\u0142adka3-768x576.jpg 768w, https:\/\/pix.house\/wp-content\/uploads\/2020\/03\/ok\u0142adka3-600x450.jpg 600w, https:\/\/pix.house\/wp-content\/uploads\/2020\/03\/ok\u0142adka3-700x525.jpg 700w, https:\/\/pix.house\/wp-content\/uploads\/2020\/03\/ok\u0142adka3-1100x825.jpg 1100w, https:\/\/pix.house\/wp-content\/uploads\/2020\/03\/ok\u0142adka3-1320x990.jpg 1320w\" sizes=\"auto, (max-width: 1500px) 100vw, 1500px\" \/><\/div>\n\t\t<\/div>\n\t<\/div>\n<\/div><\/div><\/div><\/div><\/div><div     class=\"vc_row wpb_row section vc_row-fluid\" style=' text-align:left;'><div class=\"full_section_inner clearfix\"><div class=\"wpb_column vc_column_container vc_col-sm-12\"><div class=\"vc_column-inner\"><div class=\"wpb_wrapper\">\n\t<div class=\"wpb_text_column wpb_content_element\">\n\t\t<div class=\"wpb_wrapper\">\n\t\t\t<p><b>Ksi\u0105\u017cka Pies o dw\u00f3ch ogonach<\/b><\/p>\n<p>&nbsp;<\/p>\n<p>Informacje og\u00f3lne:<\/p>\n<p><strong>Zdj\u0119cia:<\/strong> Micha\u0142 Adamski<\/p>\n<p><strong>Edycja zdj\u0119\u0107:<\/strong> Ewa Meissner | Filip \u0106wik<\/p>\n<p><strong>Projekt graficzny:<\/strong> Andrzej Dobosz<\/p>\n<p><strong>Wydawca:<\/strong> fundacja PIX.HOUSE \/ Micha\u0142 Adamski<\/p>\n<p><strong>Nak\u0142ad:<\/strong> 300 sztuk<\/p>\n<p><strong>Ok\u0142adka:<\/strong> twarda<\/p>\n<p><strong>J\u0119zyk:<\/strong> angielski<\/p>\n<p><strong>Rok wydania:<\/strong> 2019<\/p>\n\n\t\t<\/div> \n\t<\/div> \n\t<div class=\"wpb_text_column wpb_content_element\">\n\t\t<div class=\"wpb_wrapper\">\n\t\t\t<p><b>Autor:<\/b><\/p>\n<p><b>Micha\u0142 Adamsk<\/b>i &#8211; fotograf, dokumentalista. Student Instytutu Tw\u00f3rczej Fotografii w Opawie (Czechy). Jest cz\u0142onkiem Zwi\u0105zku Polskich Artyst\u00f3w Fotografik\u00f3w. Stypendysta Ministra Kultury i dziedzictwa Narodowego oraz Marsza\u0142ka Wojew\u00f3dztwa Wielkopolskiego. Zajmuje si\u0119 realizacj\u0105 d\u0142ugoterminowych projekt\u00f3w dokumentalnych. Skupia si\u0119 na tworzeniu szczerych historii, ale naznaczonych autorsk\u0105 interpretacj\u0105 rzeczywisto\u015bci. W swojej fotografii porusza tematy spo\u0142eczne, w kt\u00f3rych wa\u017cny jest cz\u0142owiek i jego \u017cycie we wsp\u00f3\u0142czesnym \u015bwiecie. W 2019 roku wyda\u0142 album \u201cPies o dw\u00f3ch ogonach\u201d, kt\u00f3ry jest fotograficzn\u0105 opowie\u015bci\u0105 o kraju targanym emocjami i rz\u0105dami Viktora Orbana.<\/p>\n\n\t\t<\/div> \n\t<\/div> <div class=\"separator  normal\" style=\"border-color: #ffffff;border-width:1px\"><\/div>\n<\/div><\/div><\/div><\/div><\/div><div     class=\"vc_row wpb_row section vc_row-fluid\" style=' text-align:left;'><div class=\"full_section_inner clearfix\"><div class=\"wpb_column vc_column_container vc_col-sm-6\"><div class=\"vc_column-inner\"><div class=\"wpb_wrapper\">\n\t<div class=\"wpb_text_column wpb_content_element\">\n\t\t<div class=\"wpb_wrapper\">\n\t\t\t<h4>WYSTAWA ORAZ KSI\u0104\u017bKA POWSTA\u0141A DZI\u0118KI WSPARCIU MIASTA POZNA\u0143<\/h4>\n\n\t\t<\/div> \n\t<\/div> \n\t<div class=\"wpb_single_image wpb_content_element vc_align_left\">\n\t\t<div class=\"wpb_wrapper\">\n\t\t\t\n\t\t\t<div class=\"vc_single_image-wrapper   vc_box_border_grey\"><img loading=\"lazy\" decoding=\"async\" width=\"300\" height=\"87\" src=\"https:\/\/pix.house\/wp-content\/uploads\/2019\/11\/LOGO_POZnan_PL_RGB_PNG-e1605284264424-300x87.png\" class=\"vc_single_image-img attachment-medium\" alt=\"\" title=\"LOGO_POZnan_PL_RGB_PNG\" srcset=\"https:\/\/pix.house\/wp-content\/uploads\/2019\/11\/LOGO_POZnan_PL_RGB_PNG-e1605284264424-300x87.png 300w, https:\/\/pix.house\/wp-content\/uploads\/2019\/11\/LOGO_POZnan_PL_RGB_PNG-e1605284264424-700x204.png 700w, https:\/\/pix.house\/wp-content\/uploads\/2019\/11\/LOGO_POZnan_PL_RGB_PNG-e1605284264424.png 739w\" sizes=\"auto, (max-width: 300px) 100vw, 300px\" \/><\/div>\n\t\t<\/div>\n\t<\/div>\n\n\t<div class=\"wpb_text_column wpb_content_element\">\n\t\t<div class=\"wpb_wrapper\">\n\t\t\t<h4>produkcja wystawy<\/h4>\n<div id=\"gtx-trans\" style=\"position: absolute; left: -37px; top: 43.2656px;\">\n<div class=\"gtx-trans-icon\"><\/div>\n<\/div>\n\n\t\t<\/div> \n\t<\/div> \n\t<div class=\"wpb_single_image wpb_content_element vc_align_left\">\n\t\t<div class=\"wpb_wrapper\">\n\t\t\t\n\t\t\t<div class=\"vc_single_image-wrapper   vc_box_border_grey\"><img loading=\"lazy\" decoding=\"async\" width=\"300\" height=\"107\" src=\"https:\/\/pix.house\/wp-content\/uploads\/2019\/02\/falter-300x107.jpg\" class=\"vc_single_image-img attachment-medium\" alt=\"\" title=\"falter\" srcset=\"https:\/\/pix.house\/wp-content\/uploads\/2019\/02\/falter-300x107.jpg 300w, https:\/\/pix.house\/wp-content\/uploads\/2019\/02\/falter-800x285.jpg 800w, https:\/\/pix.house\/wp-content\/uploads\/2019\/02\/falter-768x273.jpg 768w, https:\/\/pix.house\/wp-content\/uploads\/2019\/02\/falter-1280x456.jpg 1280w, https:\/\/pix.house\/wp-content\/uploads\/2019\/02\/falter-600x214.jpg 600w, https:\/\/pix.house\/wp-content\/uploads\/2019\/02\/falter-700x249.jpg 700w, https:\/\/pix.house\/wp-content\/uploads\/2019\/02\/falter-1100x392.jpg 1100w, https:\/\/pix.house\/wp-content\/uploads\/2019\/02\/falter-1320x470.jpg 1320w\" sizes=\"auto, (max-width: 300px) 100vw, 300px\" \/><\/div>\n\t\t<\/div>\n\t<\/div>\n<\/div><\/div><\/div><div class=\"wpb_column vc_column_container vc_col-sm-6\"><div class=\"vc_column-inner\"><div class=\"wpb_wrapper\"><\/div><\/div><\/div><\/div><\/div>\n<\/div>","protected":false},"excerpt":{"rendered":"PIES O DW\u00d3CH OGONACH | Micha\u0142 Adamski &nbsp; TERMIN WYSTAWY: 06.03.2020 \u2013 21.03.2020 wernisa\u017c, spotkanie z autorem : 06.03.2020 | 18:00 MIEJSCE WYSTAWY: galeria Pix.house ul. G\u0142ogowska 35a Pozna\u0144 &nbsp; WST\u0118P WOLNY W\u0119gry le\u017c\u0105ce mi\u0119dzy wschodem a zachodem zawsze szuka\u0142y swojej to\u017csamo\u015bci i miejsca na...","protected":false},"author":11,"featured_media":31281,"comment_status":"open","ping_status":"open","sticky":false,"template":"","format":"standard","meta":{"_monsterinsights_skip_tracking":false,"_monsterinsights_sitenote_active":false,"_monsterinsights_sitenote_note":"","_monsterinsights_sitenote_category":0,"footnotes":""},"categories":[47],"tags":[],"class_list":["post-31286","post","type-post","status-publish","format-standard","has-post-thumbnail","hentry","category-wystawy"],"_links":{"self":[{"href":"https:\/\/pix.house\/en\/wp-json\/wp\/v2\/posts\/31286","targetHints":{"allow":["GET"]}}],"collection":[{"href":"https:\/\/pix.house\/en\/wp-json\/wp\/v2\/posts"}],"about":[{"href":"https:\/\/pix.house\/en\/wp-json\/wp\/v2\/types\/post"}],"author":[{"embeddable":true,"href":"https:\/\/pix.house\/en\/wp-json\/wp\/v2\/users\/11"}],"replies":[{"embeddable":true,"href":"https:\/\/pix.house\/en\/wp-json\/wp\/v2\/comments?post=31286"}],"version-history":[{"count":5,"href":"https:\/\/pix.house\/en\/wp-json\/wp\/v2\/posts\/31286\/revisions"}],"predecessor-version":[{"id":31292,"href":"https:\/\/pix.house\/en\/wp-json\/wp\/v2\/posts\/31286\/revisions\/31292"}],"wp:featuredmedia":[{"embeddable":true,"href":"https:\/\/pix.house\/en\/wp-json\/wp\/v2\/media\/31281"}],"wp:attachment":[{"href":"https:\/\/pix.house\/en\/wp-json\/wp\/v2\/media?parent=31286"}],"wp:term":[{"taxonomy":"category","embeddable":true,"href":"https:\/\/pix.house\/en\/wp-json\/wp\/v2\/categories?post=31286"},{"taxonomy":"post_tag","embeddable":true,"href":"https:\/\/pix.house\/en\/wp-json\/wp\/v2\/tags?post=31286"}],"curies":[{"name":"wp","href":"https:\/\/api.w.org\/{rel}","templated":true}]}}