{"id":31925,"date":"2020-06-30T08:55:42","date_gmt":"2020-06-30T06:55:42","guid":{"rendered":"https:\/\/pix.house\/?p=31925"},"modified":"2020-07-03T10:15:20","modified_gmt":"2020-07-03T08:15:20","slug":"talent-roku-2020-zgloszenia","status":"publish","type":"post","link":"https:\/\/pix.house\/en\/talent-roku-2020-zgloszenia\/","title":{"rendered":"Talent Roku 2020 &#8211; zg\u0142oszenia"},"content":{"rendered":"<p style=\"text-align: justify;\"><span style=\"font-weight: 400;\">Serdecznie zapraszamy do udzia\u0142u w kolejnej edycji konkursu <\/span><b>TALENT ROKU. <\/b><b><br \/>\n<\/b><b><br \/>\n<\/b><\/p>\n<p style=\"text-align: justify;\"><span style=\"font-weight: 400;\">G\u0142\u00f3wn\u0105 nagrod\u0105 w kategorii <strong>ZIN CALL<\/strong> jest tytu\u0142 TALENT ROKU oraz warsztaty edycyjne z Krzy\u015bkiem Or\u0142owskim zako\u0144czone <\/span><b>wydaniem ma\u0142ej publikacji \/ zina<\/b><span style=\"font-weight: 400;\"> fotograficznego, kt\u00f3rego premiera odb\u0119dzie si\u0119 na festiwalu XPRINT. Ze wzgl\u0119du na czas pandemii przygotowali\u015bmy tak\u017ce drug\u0105 kategori\u0119 konkursow\u0105: <strong>SCHOLAR<\/strong> &#8211; stypendium\/nagrod\u0119 <strong>3000 z\u0142<\/strong> na doko\u0144czenie projektu fotograficznego.\u00a0<\/span><\/p>\n<p>&nbsp;<\/p>\n<p style=\"text-align: justify;\"><span style=\"font-weight: 400;\">Do wsp\u00f3\u0142pracy zaprosili\u015bmy ekspert\u00f3w w dziedzinie fotografii i publikacji fotograficznych. W <\/span><b>jury ZIN CALL <\/b><span style=\"font-weight: 400;\">zasi\u0105d\u0105: <\/span><b>Ewa \u0141ow\u017cy\u0142<\/b><span style=\"font-weight: 400;\"> (fotografka, animatorka kultury, pomys\u0142odawczyni projektu KontenerART), <\/span><b>Krzysiek Or\u0142owski<\/b><span style=\"font-weight: 400;\"> (8991 publishing, Zinteka), <\/span><b>Mariusz Forecki<\/b><span style=\"font-weight: 400;\"> (Pix.house). Przygotowaniem publikacji zwyci\u0119skiego projektu zajmie si\u0119 Krzysiek Or\u0142owski. <strong>Jury\u00a0<\/strong><strong>SCHOLAR, <\/strong>kt\u00f3re oceni Wasze zg\u0142oszenia do stypendium to:<strong> Anna Molter, Micha\u0142 Adamski, Adrian Wykrota <\/strong>(Pix.house).\u00a0<\/span><\/p>\n<p>Dzi\u0119ki wsparciu <strong>miasta Pozna\u0144 i partner\u00f3w<\/strong> og\u00f3lna pula nagr\u00f3d w konkursie to <strong>9000 z\u0142.\u00a0<\/strong><\/p>\n<p>&nbsp;<\/p>\n<p style=\"text-align: justify;\"><span style=\"font-weight: 400;\">Interesuj\u0105 nas opowie\u015bci o cz\u0142owieku, kt\u00f3re s\u0105 na tyle rozbudowane by mog\u0142y zamkn\u0105\u0107 si\u0119 w ma\u0142\u0105 publikacj\u0119\/zina lub na takim etapie realizacji, by mog\u0142y zosta\u0107 doko\u0144czone w ramach stypendium. Czekamy na tematy wa\u017cne globalnie \u2013 jak procesy spo\u0142eczne, ale i lokalnie \u2013 jak intymne opowie\u015bci o Waszych bohaterach. Poruszamy si\u0119 g\u0142\u00f3wnie w nurcie szeroko rozumianej fotografii dokumentalnej.<\/span><\/p>\n<p style=\"text-align: justify;\"><strong>L<\/strong><span style=\"font-weight: 400;\"><strong>aureatami<\/strong> poprzednich edycji konkursu byli: Dawid \u017buchowicz, Jakub Ochnio, Pawe\u0142 Piotrowski, Jan Jurczak oraz Alicja Wr\u00f3blewska. Wyr\u00f3\u017cnienia otrzymali mi\u0119dzy innymi: Kamil \u015aleszy\u0144ski i Ola \u015amigielska.\u00a0<\/span><\/p>\n<h4 style=\"text-align: justify;\"><span style=\"font-weight: 400;\">\u00a0<\/span><\/h4>\n<h4 style=\"text-align: justify;\"><span style=\"font-weight: 400;\">\u00a0<\/span><b>ZG\u0141OSZENIA:\u00a0<\/b><\/h4>\n<p>&nbsp;<\/p>\n<ol style=\"text-align: justify;\">\n<li><span style=\"font-weight: 400;\"> W kategorii <strong>ZIN CALL<\/strong> nale\u017cy zg\u0142asza\u0107 projekty fotograficzne (do <strong>20 zdj\u0119\u0107<\/strong>) lub wst\u0119pnie opracowany pdf ze zdj\u0119ciami. Nie oczekujemy gotowego projektu graficznego (tym zajmiemy si\u0119 p\u00f3\u017aniej), ale chcemy zobaczy\u0107 Wasze zdj\u0119cia wst\u0119pnie wyedytowane (kolejno\u015b\u0107, narracja). W zg\u0142oszeniu powinien znale\u017a\u0107 si\u0119 tak\u017ce <strong>tekst<\/strong> wprowadzaj\u0105cy \/ opisuj\u0105cy projekt lub teksty, kt\u00f3re zostan\u0105 wykorzystane przy projekcie zina.\u00a0<\/span><\/li>\n<li>W kategorii <strong>SCHOLAR<\/strong> nale\u017cy zg\u0142asza\u0107 rozpocz\u0119te, ale jeszcze nieuko\u0144czone projekty fotograficzne (do <strong>20 zdj\u0119\u0107<\/strong>) wraz z <strong>opisem<\/strong> (wprowadzenie do projektu oraz spos\u00f3b kontynuowania pracy po ustaniu pandemii).<\/li>\n<li><span style=\"font-weight: 400;\"> Przy pomocy odpowiedniego formularza zg\u0142oszeniowego (na dole strony) Autorka \/ Autor wysy\u0142a zg\u0142oszenie.<\/span><\/li>\n<li><span style=\"font-weight: 400;\"> Wybierzemy jeden projekt, kt\u00f3ry zostanie wydany w formie <strong>zina<\/strong> (100 egzemplarzy = 50 egzemplarzy dla autorki\/autora + 50 do promocji konkursu \/ partner\u00f3w). Publikacja zostanie zaprezentowana na festiwalu ksi\u0105\u017cek fotograficznych XPRINT. Trzech tw\u00f3rc\u00f3w zostanie zaproszone na <strong>warsztaty edycyjne<\/strong> z Krzy\u015bkiem Or\u0142owskim. Wybierzemy tak\u017ce jeden projekt w kategorii SCHOLAR (<strong>stypendium\/nagroda 3000z\u0142<\/strong>). Przyznamy tak\u017ce 3 wyr\u00f3\u017cnienia (nagrody ksi\u0105\u017ckowe).\u00a0<\/span><\/li>\n<\/ol>\n<p style=\"text-align: justify;\"><span style=\"font-weight: 400;\">\u00a0<\/span><\/p>\n<h4><b>TERMINY:\u00a0<\/b><\/h4>\n<p style=\"text-align: justify;\"><span style=\"font-weight: 400;\">Na Wasze projekty czekamy do<\/span><b> 30.06.2020 r. <\/b><span style=\"font-weight: 400;\">Rozstrzygni\u0119cie konkursu nast\u0105pi do dnia <\/span><b>20.07.2020 r. <\/b><span style=\"font-weight: 400;\">Premiera publikacji planowana jest na <\/span><b>koniec listopada 2020 roku<\/b><span style=\"font-weight: 400;\">. Wyp\u0142ata stypendium nast\u0105pi w sierpniu 2020r.\u00a0<\/span><\/p>\n<p>&nbsp;<\/p>\n<h4><b>NAGRODY:\u00a0<\/b><\/h4>\n<ul style=\"text-align: justify;\">\n<li style=\"font-weight: 400;\"><span style=\"font-weight: 400;\">warsztaty edycyjne (3x), projekt publikacji, druk, oprawa, wydruk zina (1x) &#8211; 100 egzemplarzy<\/span><\/li>\n<li style=\"font-weight: 400;\"><span style=\"font-weight: 400;\">stypendium \/ nagroda na doko\u0144czenie projektu &#8211; 3000z\u0142 (1x)\u00a0<\/span><\/li>\n<li style=\"font-weight: 400;\"><span style=\"font-weight: 400;\">zestawy fotograficznych publikacji ksi\u0105\u017ckowych (3x)<\/span><\/li>\n<\/ul>\n<p>&nbsp;<\/p>\n<h4><b>SZCZEG\u00d3\u0141Y TECHNICZNE:\u00a0<\/b><\/h4>\n<ul style=\"text-align: justify;\">\n<li style=\"font-weight: 400;\"><span style=\"font-weight: 400;\">zg\u0142oszenie powinno zosta\u0107 dostarczone przy u\u017cyciu formularza znajduj\u0105cego si\u0119 na dole strony<\/span><\/li>\n<li style=\"font-weight: 400;\"><span style=\"font-weight: 400;\">prosimy o przes\u0142anie maksymalnie 20 zdj\u0119\u0107 lub pliku pdf ze zdj\u0119ciami oraz opisu projektu\u00a0<\/span><\/li>\n<li style=\"font-weight: 400;\"><span style=\"font-weight: 400;\">jedna autorka\/autor mo\u017ce zg\u0142osi\u0107 maksymalnie 2 projekty\u00a0<\/span><\/li>\n<li style=\"font-weight: 400;\"><span style=\"font-weight: 400;\"><strong>maksymalny, \u0142\u0105czny rozmiar plik\u00f3w to 5 mb<\/strong>\u00a0<\/span><\/li>\n<\/ul>\n<p>&nbsp;<\/p>\n<h4 style=\"text-align: justify;\"><b>Szczeg\u00f3\u0142owy regulamin konkursu:<\/b><\/h4>\n<p style=\"text-align: justify;\"><strong>A. Postanowienia og\u00f3lne.<\/strong><br \/>\n1. Konkurs fotograficzny TALENT ROKU \u2013 (zwany dalej \u201eKonkursem\u201d), jest organizowany przez Fundacj\u0119 PIX.HOUSE (zwanej dalej \u201eOrganizator\u201d). Niniejszy regulamin okre\u015bla zasady organizacji i przebiegu Konkursu.<br \/>\n2. Informacje dostarczone przez Uczestnika mog\u0105 by\u0107 wykorzystane na potrzeby prawid\u0142owego przeprowadzenia Konkursu w tym, w celu dostarczenia zwyci\u0119zcy ewentualnej nagrody.<\/p>\n<p style=\"text-align: justify;\"><strong>B. Czas trwania Konkursu.<\/strong><br \/>\nKonkurs trwa w dniach od 11.05.2020 do 30.06.2020 roku.<\/p>\n<p style=\"text-align: justify;\"><strong>C. Komisja Konkursowa.<\/strong><br \/>\nOrganizatorem konkursu jest Fundacja PIX.HOUSE, kt\u00f3ra powo\u0142uje \u201eJury\u201d w sk\u0142adzie: kategoria <b>ZIN CALL<\/b><span style=\"font-weight: 400;\">: <\/span><b>Ewa \u0141ow\u017cy\u0142<\/b><span style=\"font-weight: 400;\"> (fotografka, animatorka zwi\u0105zana z KonterArt), <\/span><b>Krzysiek Or\u0142owski<\/b><span style=\"font-weight: 400;\"> (8991 publishing, Zinteka), <\/span><b>Mariusz Forecki<\/b><span style=\"font-weight: 400;\"> (Pix.house). Jury kategorii <strong>SCHOLAR<\/strong>:<strong> Anna Molter, Micha\u0142 Admaski, Adrian Wykrota <\/strong>(Pix.house). <\/span>\u00a0Jury zajmuje si\u0119 ocen\u0105 nades\u0142anych fotografii i wyborem laureat\u00f3w Konkursu. Decyzje podj\u0119te przez Jury Konkursowe s\u0105 ostateczne i nie podlegaj\u0105 zaskar\u017ceniu. W konkursie nie mog\u0105 bra\u0107 udzia\u0142u prace cz\u0142onk\u00f3w jury, ani prace rodziny cz\u0142onk\u00f3w Jury.<\/p>\n<p style=\"text-align: justify;\"><strong>D. Nagrody<\/strong><\/p>\n<ul style=\"text-align: justify;\">\n<li style=\"font-weight: 400;\"><span style=\"font-weight: 400;\">warsztaty edycyjne (3x), projekt publikacji, druk, oprawa, wydruk zina (1x) &#8211; 100 egzemplarzy<\/span><\/li>\n<li style=\"font-weight: 400;\"><span style=\"font-weight: 400;\">stypendium \/ nagroda na doko\u0144czenie projektu &#8211; 3000z\u0142 (1x)\u00a0<\/span><\/li>\n<li style=\"font-weight: 400;\"><span style=\"font-weight: 400;\">zestawy fotograficznych publikacji ksi\u0105\u017ckowych (3x)<\/span><\/li>\n<\/ul>\n<p style=\"text-align: justify;\"><strong>E . Przebieg konkursu.<\/strong><br \/>\n1. Udzia\u0142 w konkursie mog\u0105 wzi\u0105\u0107 osoby pe\u0142noletnie lub posiadaj\u0105ce pisemn\u0105 zgod\u0119 rodzic\u00f3w lub opiekun\u00f3w na udzia\u0142 w konkursie.<br \/>\n2. Prace konkursowe przyjmowane s\u0105 w terminie 11.05.2020 do 30.06.2020 roku.<br \/>\n3. Uczestnik Konkursu mo\u017ce zg\u0142osi\u0107 maksymalnie 2 projekty.<br \/>\n4. Nadsy\u0142aj\u0105c fotografi\u0119 Uczestnik o\u015bwiadcza, \u017ce jest jej autorem i posiada wszelkie prawa do dysponowania t\u0105 fotografi\u0105. Ponadto Uczestnik o\u015bwiadcza, \u017ce nades\u0142ana fotografia nie narusza praw os\u00f3b trzecich, w szczeg\u00f3lno\u015bci wszystkich os\u00f3b widocznych na fotografii oraz \u017ce osoby te wyrazi\u0142y zgod\u0119 na wykorzystanie fotografii w Konkursie, w tym \u2013 na rozpowszechnianie prawa do ich wizerunku. W przypadku braku takowej zgody Uczestnik bierze na siebie odpowiedzialno\u015b\u0107 za wszelkie uzasadnione roszczenia tych os\u00f3b.<br \/>\n5. Zg\u0142oszenia do Konkursu przyjmowane s\u0105 za po\u015brednictwem formularzu na stronie.<br \/>\n6. Nieprzekraczalny termin nadsy\u0142ania zg\u0142osze\u0144 oraz prac konkursowych to 30.06.2020 r., godz. 23.59.<br \/>\n7. Technika wykonania fotografii jest dowolna, jednak\u017ce zdj\u0119cia nie mog\u0105 by\u0107 poddane obr\u00f3bce innej, ni\u017c konieczna do stworzenia ko\u0144cowego obrazu jak najbardziej zbli\u017conego do orygina\u0142u, a w szczeg\u00f3lno\u015bci nie mog\u0105 by\u0107 monta\u017cem, a \u017cadne jego elementy nie mog\u0105 by\u0107 usuwane ani dodawane w procesie postprodukcji. Organizator konkursu zastrzega sobie w przypadku w\u0105tpliwo\u015bci wgl\u0105d w oryginalny no\u015bnik zdj\u0119cia (negatyw, pozytyw, odbitka papierowa lub plik cyfrowy).<br \/>\n8. Laureaci konkursu zostan\u0105 poproszeni o dostarczenie plik\u00f3w cyfrowych w pe\u0142nej rozdzielczo\u015bci bezzw\u0142ocznie (w terminie 2 dni) po wy\u0142onieniu nagrodzonych prac. W przypadku nie posiadania lub nie dostarczenia przez Laureata takich plik\u00f3w, Organizator mo\u017ce odst\u0105pi\u0107 od przyznania nagrody.<br \/>\n9. Autorka\/autor udziela Organizatorowi Konkursu bezp\u0142atnej, nieograniczonej czasowo i terytorialnie licencji do korzystania z nagrodzonych i wyr\u00f3\u017cnionych zdj\u0119\u0107 w celach tylko i wy\u0142\u0105cznie zwi\u0105zanych z przeprowadzeniem Konkursu i popularyzacj\u0105 projektu TALENT ROKU, jego marketingiem i prezentacj\u0105 wynik\u00f3w, w tym publikacji w prasie, na stronach internetowych, na wystawie i pokazie slajd\u00f3w. Licencja jest udzielana na nast\u0119puj\u0105ce pola eksploatacji: I. w zakresie utrwalania i zwielokrotniania utwor\u00f3w \u2013 wytwarzania okre\u015blon\u0105 technik\u0105 egzemplarzy utworu w tym technik\u0105 drukarsk\u0105, reprograficzn\u0105, zapisu magnetycznego oraz technik\u0105 cyfrow\u0105, II. w zakresie rozpowszechniania utworu w spos\u00f3b inny ni\u017c okre\u015blony w punkcie I, powy\u017cej \u2013 publiczne wystawienie, wy\u015bwietlenie, odtworzenie oraz nadawanie i reemitowanie, a tak\u017ce publiczne udost\u0119pnienie utworu w taki spos\u00f3b, aby ka\u017cdy m\u00f3g\u0142 mie\u0107 do niego dost\u0119p w miejscu i w czasie przez siebie wybranym. W szczeg\u00f3lno\u015bci uprawnia Organizatora konkursu do bezp\u0142atnego korzystania z utwor\u00f3w poprzez umieszczanie ich w Internecie, publikacjach prasowych zwi\u0105zanych z Konkursem, wystawach pokonkursowych, plakatach i innych materia\u0142ach reklamowych promuj\u0105cych Konkurs oraz jego przysz\u0142e edycje i wszelkie wydawnictwa zwi\u0105zane z Konkursem.<br \/>\n10. Wyniki Konkursu zostan\u0105 opublikowane na nast\u0119puj\u0105cych platformach informacyjnych: https:\/\/pix.house\/ oraz na serwisie spo\u0142eczno\u015bciowym Facebook i INSTAGRAM.<br \/>\n11. Organizator poinformuje laureat\u00f3w o wynikach konkursu drog\u0105 mailow\u0105, na podany w formularzy zg\u0142oszeniowym adres e-mail lub telefonicznie.<\/p>\n<p style=\"text-align: justify;\"><strong>F . Postanowienia ko\u0144cowe.<\/strong><br \/>\n1. Organizator zastrzega sobie prawo weryfikacji, czy laureaci Konkursu spe\u0142niaj\u0105 warunki okre\u015blone w niniejszym regulaminie, jak r\u00f3wnie\u017c w przepisach prawa. W tym celu Organizator mo\u017ce \u017c\u0105da\u0107 od uczestnika z\u0142o\u017cenia okre\u015blonych o\u015bwiadcze\u0144, podania okre\u015blonych danych b\u0105d\u017a przed\u0142o\u017cenia okre\u015blonych dokument\u00f3w.<br \/>\n2. Dane osobowe Uczestnik\u00f3w Konkursu, b\u0119d\u0105 przetwarzane zgodnie z warunkami okre\u015blonymi w ustawie z dnia 29 sierpnia 1997 r. o ochronie danych osobowych (tekst jednolity: Dz. U. z 2002 r., Nr 101 poz. 926 ze zm.), przez Organizatora konkursu, wy\u0142\u0105cznie na zasadach okre\u015blonych w regulaminie, w szczeg\u00f3lno\u015bci w celu przeprowadzenia Konkursu, opublikowania wynik\u00f3w konkursu, oraz przekazania laureatom nagr\u00f3d konkursowych. Podaj\u0105c swoje dane osobowe, Uczestnik wyra\u017ca zgod\u0119 na ich przetwarzanie. Administratorem danych osobowych Uczestnik\u00f3w Konkursu jest Organizator. Uczestnikowi przys\u0142uguje prawo dost\u0119pu do danych oraz ich poprawiania.<br \/>\n3. Zg\u0142aszaj\u0105c sw\u00f3j udzia\u0142 w Konkursie i bior\u0105c w nim udzia\u0142 uczestnik, podporz\u0105dkowuje si\u0119 postanowieniom niniejszego regulaminu Konkursu i wyra\u017ca zgod\u0119 na jego tre\u015b\u0107.<br \/>\n4. Konkurs nie jest loteri\u0105 promocyjn\u0105 w rozumieniu art. 2 ust. 1 pkt. 9 Ustawy o grach i zak\u0142adach wzajemnych z dnia 29.07.1992 r. (Dz. U. z 2004r., Nr 4, poz. 27, z p\u00f3\u017an. zm.) i nie podlega regu\u0142om zawartym w ww. ustawie, rozporz\u0105dzeniach wykonawczych do tej ustawy.<br \/>\n5. Konkurs ma charakter og\u00f3lnopolski.<\/p>\n<h4><span style=\"color: #ffffff;\">.<\/span><\/h4>\n<h4 style=\"text-align: justify;\"><b>JURY:<\/b><span style=\"font-weight: 400;\">\u00a0<\/span><\/h4>\n<p style=\"text-align: justify;\"><strong>Ewa \u0141ow\u017cy\u0142 <\/strong>&#8211; artystka fotografik, animatorka, pomys\u0142odawczyni i wsp\u00f3\u0142tw\u00f3rczyni projektu Ch\u00f3r Czarownic, wsp\u00f3\u0142tw\u00f3rczyni projektu KontenerART, wsp\u00f3\u0142autorka projektu Memento Vulgarii, kuratorka galerii Cargo, tw\u00f3rczyni projektu Plemiona dotycza\u0328cego trybalizacji spo\u0142ecznej.<\/p>\n<p><strong>Krzysiek Or\u0142owski <\/strong>&#8211; fotograf, edytor, wydawca zin\u00f3w. Absolwent Wy\u017cszej Szko\u0142y Fotografii AFA we Wroc\u0142awiu. Obecnie student Institut tv\u016fr\u010d\u00ed fotografie w Opavie (Czechy). Za\u0142o\u017cyciel ma\u0142ego wydawnictwa i biblioteki zin\u00f3w: Zinteka. Poprzednio wsp\u00f3\u0142tworzy\u0142 wydawnictwo zinowe 8991publishing.<\/p>\n<p><strong>Mariusz Forecki <\/strong>&#8211; fotograf dokumentalista, cz\u0142onek Zwi\u0105zku Polskich Artyst\u00f3w Fotografik\u00f3w. Autor wielu projekt\u00f3w rejestruj\u0105cych zmiany zachodz\u0105ce w Polsce po 1989 roku. Autor ksi\u0105\u017cek, zdobywca wielu nagr\u00f3d w konkursach fotografii prasowej.<\/p>\n<p><strong>Anna Molter <\/strong>&#8211; kulturoznawczyni. Tw\u00f3rczyni i koordynatorka projekt\u00f3w interdyscyplinarnych, obserwatorka praktyk fotograficznych. Redaktorka i korektorka tekst\u00f3w m.in. &#8222;Kruche medium. Rozmowy o fotografii&#8221; Macieja Fr\u0105ckowiaka, &#8222;NIE&#8221; Adriana Wykroty, &#8222;Saraha&#8221; Macieja Moskwy. Molek czytelni ksi\u0105\u017cek fotograficznych PIX.HOUSE.<\/p>\n<p><strong>Micha\u0142 Adamski<\/strong> &#8211; fotograf dokumentalista. Zajmuje si\u0119 realizacj\u0105 temat\u00f3w spo\u0142ecznych i dokumentalnych, w kt\u00f3rych wa\u017cny jest cz\u0142owiek i jego \u017cycie we wsp\u00f3\u0142czesnym \u015bwiecie. Stypendysta Marsza\u0142ka Wojew\u00f3dztwa Wielkopolskiego oraz Ministra Kultury i Dziedzictwa Narodowego. Laureat konkurs\u00f3w fotograficznych. Autor ksi\u0105\u017cek fotograficznych.<\/p>\n<p><strong>Adrian Wykrota <\/strong>&#8211; fotograf, dokumentalista, pomys\u0142odawca i wsp\u00f3\u0142za\u0142o\u017cyciel galerii PIX.HOUSE. Cz\u0142onek ZPAF i kolektywu UNPOSED. Uko\u0144czy\u0142 z wyr\u00f3\u017cnieniem Instytut Tw\u00f3rczej Fotografii Uniwersytetu \u015al\u0105skiego w czeskiej Opawie oraz kulturoznawstwo \u2013 medioznawstwo i filologi\u0119 angielsk\u0105. Student studi\u00f3w doktorskich ITF SU.<\/p>\n<h4><b>Organizatorzy:\u00a0<\/b><\/h4>\n<p style=\"text-align: justify;\"><span style=\"font-weight: 400;\">Fundacja <strong>Pix.house\u00a0<\/strong><\/span><\/p>\n<p style=\"text-align: justify;\"><span style=\"font-weight: 400;\">koordynacja dzia\u0142a\u0144: Adrian Wykrota<\/span><\/p>\n<p style=\"text-align: justify;\"><img loading=\"lazy\" decoding=\"async\" class=\"wp-image-23802 alignleft\" src=\"https:\/\/pix.house\/wp-content\/uploads\/2016\/10\/pix_logo_bez_tla-copy-e1589265930442.png\" alt=\"\" width=\"127\" height=\"154\" srcset=\"https:\/\/pix.house\/wp-content\/uploads\/2016\/10\/pix_logo_bez_tla-copy-e1589265930442.png 330w, https:\/\/pix.house\/wp-content\/uploads\/2016\/10\/pix_logo_bez_tla-copy-e1589265930442-248x300.png 248w, https:\/\/pix.house\/wp-content\/uploads\/2016\/10\/pix_logo_bez_tla-copy-e1589265930442-300x364.png 300w\" sizes=\"auto, (max-width: 127px) 100vw, 127px\" \/><\/p>\n<p>&nbsp;<\/p>\n<p>&nbsp;<\/p>\n<p>&nbsp;<\/p>\n<p>&nbsp;<\/p>\n<p>&nbsp;<\/p>\n<p style=\"text-align: justify;\"><strong>Zinteka\u00a0<\/strong><\/p>\n<p style=\"text-align: justify;\"><span style=\"font-weight: 400;\">Krzysiek Or\u0142owski\u00a0<\/span><\/p>\n<p style=\"text-align: justify;\"><img loading=\"lazy\" decoding=\"async\" class=\"wp-image-29748 alignleft\" src=\"https:\/\/pix.house\/wp-content\/uploads\/2019\/07\/Zinteka-png-logo-e1589219199676-1023x1280.png\" alt=\"\" width=\"150\" height=\"187\" \/><\/p>\n<p>&nbsp;<\/p>\n<p>&nbsp;<\/p>\n<p>&nbsp;<\/p>\n<p>&nbsp;<\/p>\n<p>&nbsp;<\/p>\n<p>&nbsp;<\/p>\n<p style=\"text-align: left;\"><b>Projekt realizowany dzi\u0119ki wsparciu:\u00a0<\/b><\/p>\n<p style=\"text-align: justify;\"><img loading=\"lazy\" decoding=\"async\" class=\"wp-image-26656 alignleft\" src=\"https:\/\/pix.house\/wp-content\/uploads\/2017\/09\/LOGO_POZnan_RGB_JPEG-e1589266011785.jpg\" alt=\"\" width=\"234\" height=\"118\" srcset=\"https:\/\/pix.house\/wp-content\/uploads\/2017\/09\/LOGO_POZnan_RGB_JPEG-e1589266011785.jpg 751w, https:\/\/pix.house\/wp-content\/uploads\/2017\/09\/LOGO_POZnan_RGB_JPEG-e1589266011785-300x151.jpg 300w, https:\/\/pix.house\/wp-content\/uploads\/2017\/09\/LOGO_POZnan_RGB_JPEG-e1589266011785-600x302.jpg 600w, https:\/\/pix.house\/wp-content\/uploads\/2017\/09\/LOGO_POZnan_RGB_JPEG-e1589266011785-700x352.jpg 700w\" sizes=\"auto, (max-width: 234px) 100vw, 234px\" \/><\/p>\n<p>&nbsp;<\/p>\n<p>&nbsp;<\/p>\n<p>&nbsp;<\/p>\n<p>&nbsp;<\/p>\n<p><img loading=\"lazy\" decoding=\"async\" class=\"wp-image-31635 alignleft\" src=\"https:\/\/pix.house\/wp-content\/uploads\/2020\/05\/pobrane-e1589219260528.jpeg\" alt=\"\" width=\"237\" height=\"94\" srcset=\"https:\/\/pix.house\/wp-content\/uploads\/2020\/05\/pobrane-e1589219260528.jpeg 348w, https:\/\/pix.house\/wp-content\/uploads\/2020\/05\/pobrane-e1589219260528-300x119.jpeg 300w, https:\/\/pix.house\/wp-content\/uploads\/2020\/05\/pobrane-e1589219260528-345x138.jpeg 345w\" sizes=\"auto, (max-width: 237px) 100vw, 237px\" \/><\/p>\n<p>&nbsp;<\/p>\n<p>&nbsp;<\/p>\n<p>&nbsp;<\/p>\n<p>&nbsp;<\/p>\n<p style=\"text-align: left;\"><b>Wsp\u00f3\u0142praca: <\/b><\/p>\n<p>&nbsp;<\/p>\n<p><img loading=\"lazy\" decoding=\"async\" class=\"wp-image-31636 alignleft\" src=\"https:\/\/pix.house\/wp-content\/uploads\/2020\/05\/97204546_981569545619841_1212219996348874752_n-1280x683.jpg\" alt=\"\" width=\"176\" height=\"94\" srcset=\"https:\/\/pix.house\/wp-content\/uploads\/2020\/05\/97204546_981569545619841_1212219996348874752_n-1280x683.jpg 1280w, https:\/\/pix.house\/wp-content\/uploads\/2020\/05\/97204546_981569545619841_1212219996348874752_n-800x427.jpg 800w, https:\/\/pix.house\/wp-content\/uploads\/2020\/05\/97204546_981569545619841_1212219996348874752_n-300x160.jpg 300w, https:\/\/pix.house\/wp-content\/uploads\/2020\/05\/97204546_981569545619841_1212219996348874752_n-768x410.jpg 768w, https:\/\/pix.house\/wp-content\/uploads\/2020\/05\/97204546_981569545619841_1212219996348874752_n-600x320.jpg 600w, https:\/\/pix.house\/wp-content\/uploads\/2020\/05\/97204546_981569545619841_1212219996348874752_n-1536x820.jpg 1536w, https:\/\/pix.house\/wp-content\/uploads\/2020\/05\/97204546_981569545619841_1212219996348874752_n-700x374.jpg 700w, https:\/\/pix.house\/wp-content\/uploads\/2020\/05\/97204546_981569545619841_1212219996348874752_n-1100x587.jpg 1100w, https:\/\/pix.house\/wp-content\/uploads\/2020\/05\/97204546_981569545619841_1212219996348874752_n-1320x704.jpg 1320w, https:\/\/pix.house\/wp-content\/uploads\/2020\/05\/97204546_981569545619841_1212219996348874752_n.jpg 1816w\" sizes=\"auto, (max-width: 176px) 100vw, 176px\" \/><\/p>\n<p><img loading=\"lazy\" decoding=\"async\" class=\"wp-image-31637 alignleft\" src=\"https:\/\/pix.house\/wp-content\/uploads\/2020\/05\/85008419_617201732431931_9056539641468944384_n-1280x1280.jpg\" alt=\"\" width=\"93\" height=\"93\" srcset=\"https:\/\/pix.house\/wp-content\/uploads\/2020\/05\/85008419_617201732431931_9056539641468944384_n-1280x1280.jpg 1280w, https:\/\/pix.house\/wp-content\/uploads\/2020\/05\/85008419_617201732431931_9056539641468944384_n-100x100.jpg 100w, https:\/\/pix.house\/wp-content\/uploads\/2020\/05\/85008419_617201732431931_9056539641468944384_n-800x800.jpg 800w, https:\/\/pix.house\/wp-content\/uploads\/2020\/05\/85008419_617201732431931_9056539641468944384_n-300x300.jpg 300w, https:\/\/pix.house\/wp-content\/uploads\/2020\/05\/85008419_617201732431931_9056539641468944384_n-150x150.jpg 150w, https:\/\/pix.house\/wp-content\/uploads\/2020\/05\/85008419_617201732431931_9056539641468944384_n-768x768.jpg 768w, https:\/\/pix.house\/wp-content\/uploads\/2020\/05\/85008419_617201732431931_9056539641468944384_n-600x600.jpg 600w, https:\/\/pix.house\/wp-content\/uploads\/2020\/05\/85008419_617201732431931_9056539641468944384_n-1536x1536.jpg 1536w, https:\/\/pix.house\/wp-content\/uploads\/2020\/05\/85008419_617201732431931_9056539641468944384_n-550x550.jpg 550w, https:\/\/pix.house\/wp-content\/uploads\/2020\/05\/85008419_617201732431931_9056539641468944384_n-500x500.jpg 500w, https:\/\/pix.house\/wp-content\/uploads\/2020\/05\/85008419_617201732431931_9056539641468944384_n-1000x1000.jpg 1000w, https:\/\/pix.house\/wp-content\/uploads\/2020\/05\/85008419_617201732431931_9056539641468944384_n-700x700.jpg 700w, https:\/\/pix.house\/wp-content\/uploads\/2020\/05\/85008419_617201732431931_9056539641468944384_n-1100x1100.jpg 1100w, https:\/\/pix.house\/wp-content\/uploads\/2020\/05\/85008419_617201732431931_9056539641468944384_n-1320x1320.jpg 1320w, https:\/\/pix.house\/wp-content\/uploads\/2020\/05\/85008419_617201732431931_9056539641468944384_n.jpg 1862w\" sizes=\"auto, (max-width: 93px) 100vw, 93px\" \/><\/p>\n<p>&nbsp;<\/p>\n<p>&nbsp;<\/p>\n<p>&nbsp;<\/p>\n<p>&nbsp;<\/p>\n<h2><\/h2>\n<h2>DZI\u0118KUJEMY ZA ZG\u0141OSZENIA!<\/h2>","protected":false},"excerpt":{"rendered":"<p>Serdecznie zapraszamy do udzia\u0142u w kolejnej edycji konkursu TALENT ROKU. G\u0142\u00f3wn\u0105 nagrod\u0105 w kategorii ZIN CALL jest tytu\u0142 TALENT ROKU oraz warsztaty edycyjne z Krzy\u015bkiem Or\u0142owskim zako\u0144czone wydaniem ma\u0142ej publikacji \/ zina fotograficznego, kt\u00f3rego premiera odb\u0119dzie si\u0119 na festiwalu XPRINT. Ze wzgl\u0119du na czas pandemii&#8230;<\/p>","protected":false},"author":11,"featured_media":31643,"comment_status":"open","ping_status":"open","sticky":false,"template":"","format":"standard","meta":{"_monsterinsights_skip_tracking":false,"_monsterinsights_sitenote_active":false,"_monsterinsights_sitenote_note":"","_monsterinsights_sitenote_category":0,"footnotes":""},"categories":[59],"tags":[],"class_list":["post-31925","post","type-post","status-publish","format-standard","has-post-thumbnail","hentry","category-co-z-ta-fotografia"],"_links":{"self":[{"href":"https:\/\/pix.house\/en\/wp-json\/wp\/v2\/posts\/31925","targetHints":{"allow":["GET"]}}],"collection":[{"href":"https:\/\/pix.house\/en\/wp-json\/wp\/v2\/posts"}],"about":[{"href":"https:\/\/pix.house\/en\/wp-json\/wp\/v2\/types\/post"}],"author":[{"embeddable":true,"href":"https:\/\/pix.house\/en\/wp-json\/wp\/v2\/users\/11"}],"replies":[{"embeddable":true,"href":"https:\/\/pix.house\/en\/wp-json\/wp\/v2\/comments?post=31925"}],"version-history":[{"count":7,"href":"https:\/\/pix.house\/en\/wp-json\/wp\/v2\/posts\/31925\/revisions"}],"predecessor-version":[{"id":32026,"href":"https:\/\/pix.house\/en\/wp-json\/wp\/v2\/posts\/31925\/revisions\/32026"}],"wp:featuredmedia":[{"embeddable":true,"href":"https:\/\/pix.house\/en\/wp-json\/wp\/v2\/media\/31643"}],"wp:attachment":[{"href":"https:\/\/pix.house\/en\/wp-json\/wp\/v2\/media?parent=31925"}],"wp:term":[{"taxonomy":"category","embeddable":true,"href":"https:\/\/pix.house\/en\/wp-json\/wp\/v2\/categories?post=31925"},{"taxonomy":"post_tag","embeddable":true,"href":"https:\/\/pix.house\/en\/wp-json\/wp\/v2\/tags?post=31925"}],"curies":[{"name":"wp","href":"https:\/\/api.w.org\/{rel}","templated":true}]}}