{"id":32040,"date":"2020-07-10T12:21:45","date_gmt":"2020-07-10T10:21:45","guid":{"rendered":"https:\/\/pix.house\/?p=32040"},"modified":"2020-09-30T19:23:50","modified_gmt":"2020-09-30T17:23:50","slug":"talent2020_wyniki","status":"publish","type":"post","link":"https:\/\/pix.house\/en\/talent2020_wyniki\/","title":{"rendered":"Talent Roku 2020 | wyniki"},"content":{"rendered":"<div class=\"wpb-content-wrapper\"><div class=\"vc_row wpb_row section vc_row-fluid\" style=' padding-top:2px; text-align:left;'><div class=\"full_section_inner clearfix\"><div class=\"wpb_column vc_column_container vc_col-sm-12\"><div class=\"vc_column-inner\"><div class=\"wpb_wrapper\">\n\t<div class=\"wpb_text_column wpb_content_element\">\n\t\t<div class=\"wpb_wrapper\">\n\t\t\t<p style=\"text-align: justify;\">Wy\u0142onili\u015bmy zwyci\u0119zc\u00f3w i wyr\u00f3\u017cnionych w konkursie <strong>Talent Roku 2020<\/strong>. Na pi\u0105t\u0105 edycj\u0119 organizowanego przez Pix.house konkursu wp\u0142yn\u0119\u0142o 193 zg\u0142oszenia (oko\u0142o 1800 fotografii).<\/p>\n<p style=\"text-align: justify;\">To nie koniec dobrych wiadomo\u015bci! Dzi\u0119ki wsparciu NCK (Kultura w sieci) wszyscy wyr\u00f3\u017cnieni wezm\u0105 udzia\u0142 w przegl\u0105dzie portfolio \u2013 otrzymaj\u0105 feedback do swoich projekt\u00f3w. Na koniec powalcz\u0105 o tytu\u0142 Talent Roku i nagrod\u0119 finansow\u0105 (2200z\u0142). Projekty uczestnik\u00f3w b\u0119d\u0105 ocenia\u0107 eksperci w dziedzinie fotografii, ale tak\u017ce publiczno\u015b\u0107. Wsp\u00f3lnie zdecydujemy, kt\u00f3ry projekt ma najwi\u0119ksze oddzia\u0142ywanie spo\u0142eczne.<\/p>\n<p>&nbsp;<\/p>\n<p><strong>kategoria ZIN CALL<\/strong><\/p>\n<p>zwyci\u0119\u017cczyni (wydanie zina, udzia\u0142 w warsztatach): <strong>Marta Bogda\u0144ska<\/strong><br \/>\nwyr\u00f3\u017cnienia (udzia\u0142 w warsztatach): <strong>Julka Ko\u0142odziejczyk, Justyna G\u00f3rniak<\/strong><br \/>\n<strong>jury:<\/strong> Ewa \u0141ow\u017cy\u0142, Krzysiek Or\u0142owski, Mariusz Forecki<\/p>\n<p>&nbsp;<\/p>\n<p><strong>kategoria SCHOLAR<\/strong><\/p>\n<p>zwyci\u0119zcy:<br \/>\n<strong>Natalia Godek<\/strong> (1500z\u0142)<br \/>\n<strong>Marcin Kruk<\/strong> (1500z\u0142)<\/p>\n<p>wyr\u00f3\u017cnienia:<br \/>\n<strong>Tomasz Kawecki<\/strong> (zestaw publikacji Pix.house)<br \/>\n<strong>Maciej Ja\u017awiecki<\/strong> (zaproszenie do udzia\u0142u w wystawie Klamra)<\/p>\n<p><strong>jury:<\/strong> Anna Molter, Micha\u0142 Adamski, Adrian Wykrota<\/p>\n<p>&nbsp;<\/p>\n<p><img loading=\"lazy\" decoding=\"async\" class=\"size-large wp-image-31642 alignleft\" src=\"https:\/\/pix.house\/wp-content\/uploads\/2020\/05\/talent-roku-2020-t\u0142o-fb-1-1280x499.jpg\" alt=\"\" width=\"1060\" height=\"413\" srcset=\"https:\/\/pix.house\/wp-content\/uploads\/2020\/05\/talent-roku-2020-t\u0142o-fb-1-1280x499.jpg 1280w, https:\/\/pix.house\/wp-content\/uploads\/2020\/05\/talent-roku-2020-t\u0142o-fb-1-scaled-800x312.jpg 800w, https:\/\/pix.house\/wp-content\/uploads\/2020\/05\/talent-roku-2020-t\u0142o-fb-1-scaled-300x117.jpg 300w, https:\/\/pix.house\/wp-content\/uploads\/2020\/05\/talent-roku-2020-t\u0142o-fb-1-768x299.jpg 768w, https:\/\/pix.house\/wp-content\/uploads\/2020\/05\/talent-roku-2020-t\u0142o-fb-1-600x234.jpg 600w, https:\/\/pix.house\/wp-content\/uploads\/2020\/05\/talent-roku-2020-t\u0142o-fb-1-1536x598.jpg 1536w, https:\/\/pix.house\/wp-content\/uploads\/2020\/05\/talent-roku-2020-t\u0142o-fb-1-2048x798.jpg 2048w, https:\/\/pix.house\/wp-content\/uploads\/2020\/05\/talent-roku-2020-t\u0142o-fb-1-700x273.jpg 700w, https:\/\/pix.house\/wp-content\/uploads\/2020\/05\/talent-roku-2020-t\u0142o-fb-1-1100x428.jpg 1100w, https:\/\/pix.house\/wp-content\/uploads\/2020\/05\/talent-roku-2020-t\u0142o-fb-1-1320x514.jpg 1320w\" sizes=\"auto, (max-width: 1060px) 100vw, 1060px\" \/><\/p>\n\n\t\t<\/div> \n\t<\/div> <\/div><\/div><\/div><\/div><\/div><div     class=\"vc_row wpb_row section vc_row-fluid\" style=' text-align:left;'><div class=\"full_section_inner clearfix\"><div class=\"wpb_column vc_column_container vc_col-sm-12\"><div class=\"vc_column-inner\"><div class=\"wpb_wrapper\">\n\t<div class=\"wpb_text_column wpb_content_element\">\n\t\t<div class=\"wpb_wrapper\">\n\t\t\t<p><b>Nagrodzone<\/b><strong>\u00a0projekty:\u00a0<\/strong><\/p>\n<div id=\"gtx-trans\" style=\"position: absolute; left: -26px; top: -9.22396px;\">\n<div class=\"gtx-trans-icon\"><\/div>\n<\/div>\n\n\t\t<\/div> \n\t<\/div> \n\t<div class=\"wpb_text_column wpb_content_element\">\n\t\t<div class=\"wpb_wrapper\">\n\t\t\t<p><b>ZIN CALL<\/b><\/p>\n<div id=\"gtx-trans\" style=\"position: absolute; left: -14px; top: -9.22396px;\">\n<div class=\"gtx-trans-icon\"><\/div>\n<\/div>\n\n\t\t<\/div> \n\t<\/div> <div class=\"separator  normal\" style=\"border-color: #ffffff;border-width:0,5px\"><\/div>\n\n\t<div class=\"wpb_text_column wpb_content_element\">\n\t\t<div class=\"wpb_wrapper\">\n\t\t\t<p style=\"text-align: justify;\"><em>zwyci\u0119\u017cczyni (wydanie zina, udzia\u0142 w warsztatach)<\/em><\/p>\n<p style=\"text-align: justify;\"><strong>Marta Bogda\u0144ska <\/strong><\/p>\n<p style=\"text-align: justify;\">Plaintext, w j\u0119zyku szpiegowskim oznacza zwyk\u0142y tekst, czyli wiadomo\u015b\u0107 przed szyfrowaniem lub po rozszyfrowaniu, czyteln\u0105 dla ludzi. Po zakodowaniu staje si\u0119 ona nieczytelna bez klucza. S\u0142owo to stosuj\u0119 jako metafor\u0119 dla mojego projektu. Liban, a szczeg\u00f3lnie jego stolica Bejrut, znane s\u0105 z historii szpiegowskich. Kraj ten przyci\u0105ga uwag\u0119 medi\u00f3w, ale z regu\u0142y przedstawiany jest stereotypowo i sensacyjnie. Dla mnie jednak Liban sta\u0142 si\u0119 drugim domem. Od 2008 roku mieszka\u0142am tam i pracowa\u0142am przez ponad osiem lat. Plaintext jest projektem, kt\u00f3ry \u015bledzi moje odczucia i wra\u017cenia zwi\u0105zane z tym miejscem, a zarazem pr\u00f3buje odkodowa\u0107 moj\u0105 z nim relacj\u0119 na tle szerszego kontekstu geopolitycznego. Przez prawie rok \u017cycia w Libanie otrzymywa\u0142am szczeg\u00f3lny rodzaj wiadomo\u015bci na telefon kom\u00f3rkowy, w czasie gdy pracowa\u0142am dla mi\u0119dzynarodowej organizacji pozarz\u0105dowej. Te wiadomo\u015bci w aplikacji Whats App na tak zwanej \u201cgrupie bezpiecze\u0144stwa\u201d przychodzi\u0142y czasami kilka razy dziennie i by\u0142y dla mnie ca\u0142kowicie odmiennym sposobem \u017cycia w Libanie od tego, jaki zna\u0142am wcze\u015bniej. Postanowi\u0142am przyjrze\u0107 si\u0119 tym wiadomo\u015bciom, wczyta\u0107 si\u0119 w ich kody i klucze, i zobaczy\u0107 w jaki spos\u00f3b odnosz\u0105 si\u0119 do Libanu, jaki znam. Ka\u017cda z tych wiadomo\u015bci jest pisana w podobny spos\u00f3b, systemem pe\u0142nym skr\u00f3t\u00f3w, map i nazw miejscowo\u015bci. W pierwszej chwili wydaj\u0105 si\u0119 one ca\u0142kowicie jasne i informacyjne, ale w rzeczywisto\u015bci ukrywaj\u0105 to, czym jest Liban. Ukrywaj\u0105 wprost w swojej czytelno\u015bci.<\/p>\n<p style=\"text-align: justify;\">Plaintext \u017congluje znaczeniami zwyk\u0142ego i kodowanego tekstu. By\u0107 mo\u017ce za\u0142o\u017cenie, \u017ce ten odkodowany i informacyjny tekst, jak w u\u017cytych przeze mnie wiadomo\u015bciach Whats App, jest czytelny i zrozumia\u0142y, jest b\u0142\u0119dne? Mo\u017ce jest na odwr\u00f3t?<\/p>\n\n\t\t<\/div> \n\t<\/div> <div class=\"separator  normal\" style=\"border-color: #ffffff;border-width:0,5px\"><\/div>\n<div class='qode_image_gallery_no_space light highlight_active'><div class='qode_image_gallery_holder' style='height: 350px;'><ul><li><div style=\"height: 350px; width:990px;\"><img decoding=\"async\" src=\"https:\/\/pix.house\/wp-content\/uploads\/2020\/07\/1593551981-marta-bogda\u0144ska-talent-roku-2020-zin-call-2020-2.jpg\" alt=\"\" \/><\/div><\/li><li><div style=\"height: 350px; width:990px;\"><img decoding=\"async\" src=\"https:\/\/pix.house\/wp-content\/uploads\/2020\/07\/1593551981-marta-bogda\u0144ska-talent-roku-2020-zin-call-2020-3.jpg\" alt=\"\" \/><\/div><\/li><li><div style=\"height: 350px; width:990px;\"><img decoding=\"async\" src=\"https:\/\/pix.house\/wp-content\/uploads\/2020\/07\/1593551981-marta-bogda\u0144ska-talent-roku-2020-zin-call-2020-8.jpg\" alt=\"\" \/><\/div><\/li><li><div style=\"height: 350px; width:990px;\"><img decoding=\"async\" src=\"https:\/\/pix.house\/wp-content\/uploads\/2020\/07\/1593551981-marta-bogda\u0144ska-talent-roku-2020-zin-call-2020-9.jpg\" alt=\"\" \/><\/div><\/li><li><div style=\"height: 350px; width:990px;\"><img decoding=\"async\" src=\"https:\/\/pix.house\/wp-content\/uploads\/2020\/07\/1593551981-marta-bogda\u0144ska-talent-roku-2020-zin-call-2020-11.jpg\" alt=\"\" \/><\/div><\/li><li><div style=\"height: 350px; width:990px;\"><img decoding=\"async\" src=\"https:\/\/pix.house\/wp-content\/uploads\/2020\/07\/1593551981-marta-bogda\u0144ska-talent-roku-2020-zin-call-2020-12.jpg\" alt=\"\" \/><\/div><\/li><li><div style=\"height: 350px; width:990px;\"><img decoding=\"async\" src=\"https:\/\/pix.house\/wp-content\/uploads\/2020\/07\/1593551981-marta-bogda\u0144ska-talent-roku-2020-zin-call-2020-15.jpg\" alt=\"\" \/><\/div><\/li><li><div style=\"height: 350px; width:990px;\"><img decoding=\"async\" src=\"https:\/\/pix.house\/wp-content\/uploads\/2020\/07\/1593551981-marta-bogda\u0144ska-talent-roku-2020-zin-call-2020-19.jpg\" alt=\"\" \/><\/div><\/li><li><div style=\"height: 350px; width:990px;\"><img decoding=\"async\" src=\"https:\/\/pix.house\/wp-content\/uploads\/2020\/07\/1593551981-marta-bogda\u0144ska-talent-roku-2020-zin-call-2020-23.jpg\" alt=\"\" \/><\/div><\/li><\/ul><\/div><div class=\"controls\"><a class=\"prev-slide\" href=\"#\"><span class=\"arrow_carrot-left\"><\/span><\/a><a class=\"next-slide\" href=\"#\"><span class=\"arrow_carrot-right\"><\/span><\/a><\/div><\/div><div class=\"separator  normal\" style=\"border-color: #ffffff;border-width:0,5px\"><\/div>\n<\/div><\/div><\/div><\/div><\/div><div     class=\"vc_row wpb_row section vc_row-fluid\" style=' text-align:left;'><div class=\"full_section_inner clearfix\"><div class=\"wpb_column vc_column_container vc_col-sm-12\"><div class=\"vc_column-inner\"><div class=\"wpb_wrapper\">\n\t<div class=\"wpb_text_column wpb_content_element\">\n\t\t<div class=\"wpb_wrapper\">\n\t\t\t<p style=\"text-align: justify;\"><em>wyr\u00f3\u017cnienie (udzia\u0142 w warsztatach)<\/em><\/p>\n<p style=\"text-align: justify;\"><strong>Julka Ko\u0142odziejczyk <\/strong><\/p>\n<p style=\"text-align: justify;\">\u201eSzybowanie&#8221; to projekt, kt\u00f3ry powsta\u0142 kiedy ja i wszyscy moi przyjaciele wyprowadzali\u015bmy si\u0119 po maturach z naszego rodzinnego miasteczka i zacz\u0119li\u015bmy pracowa\u0107 lub studiowa\u0107. By\u0142 to okres &#8222;wylotu z gniazda\u201d. Z wielkimi nadziejami zamieszkali\u015bmy w stolicy licz\u0105c na co\u015b ekscytuj\u0105cego. Rzeczywisto\u015b\u0107 okaza\u0142a si\u0119 czym\u015b innym. Nie znaj\u0105c miasta i ludzi oraz nie posiadaj\u0105c pieni\u0119dzy nasze \u017cycie by\u0142o monotonne i nudne. Nie imprezowali\u015bmy, a siedzieli\u015bmy ze sob\u0105. Przepe\u0142nia\u0142o nas rozerwanie pomi\u0119dzy t\u0119sknot\u0105 za domem, a mo\u017cliwo\u015bci\u0105 nowego, lepszego \u017cycia.<\/p>\n<p style=\"text-align: justify;\">To historia o m\u0142odych ludziach, kt\u00f3rzy s\u0105 zmuszeni wydoro\u015ble\u0107 i zadba\u0107 o siebie, pomimo tego \u017ce nie koniecznie tego chc\u0105 i nie s\u0105 gotowi na doros\u0142o\u015b\u0107. Rzuceni na g\u0142\u0119bok\u0105 wod\u0119 staramy si\u0119 zrozumie\u0107 co si\u0119 dzieje wok\u00f3\u0142 nas.<\/p>\n<div id=\"gtx-trans\" style=\"position: absolute; left: -1px; top: -9.22396px;\">\n<div class=\"gtx-trans-icon\"><\/div>\n<\/div>\n\n\t\t<\/div> \n\t<\/div> <div class=\"separator  normal\" style=\"border-color: #ffffff;border-width:0,5px\"><\/div>\n<div class='qode_image_gallery_no_space light highlight_active'><div class='qode_image_gallery_holder' style='height: 500px;'><ul><li><div style=\"height: 500px; width:353px;\"><img decoding=\"async\" src=\"https:\/\/pix.house\/wp-content\/uploads\/2020\/07\/1593022100-julka-ko\u0142odziejczyk-talent-roku-2020-zin-call-2020-1.jpg\" alt=\"\" \/><\/div><\/li><li><div style=\"height: 500px; width:789px;\"><img decoding=\"async\" src=\"https:\/\/pix.house\/wp-content\/uploads\/2020\/07\/1593022100-julka-ko\u0142odziejczyk-talent-roku-2020-zin-call-2020-3.jpg\" alt=\"\" \/><\/div><\/li><li><div style=\"height: 500px; width:726px;\"><img decoding=\"async\" src=\"https:\/\/pix.house\/wp-content\/uploads\/2020\/07\/1593022100-julka-ko\u0142odziejczyk-talent-roku-2020-zin-call-2020-9.jpg\" alt=\"\" \/><\/div><\/li><li><div style=\"height: 500px; width:500px;\"><img decoding=\"async\" src=\"https:\/\/pix.house\/wp-content\/uploads\/2020\/07\/1593022100-julka-ko\u0142odziejczyk-talent-roku-2020-zin-call-2020-11.jpg\" alt=\"\" \/><\/div><\/li><li><div style=\"height: 500px; width:334px;\"><img decoding=\"async\" src=\"https:\/\/pix.house\/wp-content\/uploads\/2020\/07\/1593022100-julka-ko\u0142odziejczyk-talent-roku-2020-zin-call-2020-12.jpg\" alt=\"\" \/><\/div><\/li><li><div style=\"height: 500px; width:705px;\"><img decoding=\"async\" src=\"https:\/\/pix.house\/wp-content\/uploads\/2020\/07\/1593022100-julka-ko\u0142odziejczyk-talent-roku-2020-zin-call-2020-21.jpg\" alt=\"\" \/><\/div><\/li><li><div style=\"height: 500px; width:291px;\"><img decoding=\"async\" src=\"https:\/\/pix.house\/wp-content\/uploads\/2020\/07\/1593022100-julka-ko\u0142odziejczyk-talent-roku-2020-zin-call-2020-22.jpg\" alt=\"\" \/><\/div><\/li><li><div style=\"height: 500px; width:321px;\"><img decoding=\"async\" src=\"https:\/\/pix.house\/wp-content\/uploads\/2020\/07\/1593022100-julka-ko\u0142odziejczyk-talent-roku-2020-zin-call-2020-23.jpg\" alt=\"\" \/><\/div><\/li><\/ul><\/div><div class=\"controls\"><a class=\"prev-slide\" href=\"#\"><span class=\"arrow_carrot-left\"><\/span><\/a><a class=\"next-slide\" href=\"#\"><span class=\"arrow_carrot-right\"><\/span><\/a><\/div><\/div><div class=\"separator  normal\" style=\"border-color: #ffffff;border-width:0,5px\"><\/div>\n<\/div><\/div><\/div><\/div><\/div><div     class=\"vc_row wpb_row section vc_row-fluid\" style=' text-align:left;'><div class=\"full_section_inner clearfix\"><div class=\"wpb_column vc_column_container vc_col-sm-12\"><div class=\"vc_column-inner\"><div class=\"wpb_wrapper\">\n\t<div class=\"wpb_text_column wpb_content_element\">\n\t\t<div class=\"wpb_wrapper\">\n\t\t\t<p><em>wyr\u00f3\u017cnienie (udzia\u0142 w warsztatach)<\/em><\/p>\n<p><strong>Justyna G\u00f3rniak<\/strong><\/p>\n<p>Krym zosta\u0142 zaanektowany przez Rosj\u0119 w marcu 2014 r. po przeprowadzonym tam, ale nieuznawanym przez wi\u0119kszo\u015b\u0107 pa\u0144stw referendum. Wi\u0119kszo\u015b\u0107 Tatar\u00f3w Krymskich, rdzennych mieszka\u0144c\u00f3w p\u00f3\u0142wyspu, zbojkotowa\u0142o g\u0142osowanie. Tysi\u0105ce z nich w obawie przed represjami, lub po prostu nie zgadzaj\u0105c si\u0119 na rz\u0105dy pod now\u0105 flag\u0105, opu\u015bci\u0142o Krym. Szacunkowo ok. 20 tys. Tatar\u00f3w Krymskich znalaz\u0142o schronienie w kontynentalnej cz\u0119\u015bci Ukrainy.<\/p>\n<p>W Drohobyczu na zachodzie Ukrainy \u017cyje dzi\u015b oko\u0142o 20 krymskotatarskich, w wi\u0119kszo\u015bci religijnych rodzin. Z \u201eprzyjezdnych\u201d stali si\u0119 s\u0105siadami, ich \u017cycie toczy si\u0119 w Drohobyczu, ale my\u015blami wci\u0105\u017c wracaj\u0105 na Krym.<\/p>\n<p>Krymskotatarska to\u017csamo\u015b\u0107 jest silnie zwi\u0105zana z miejscem, ich rodzinn\u0105 ziemi\u0105, Krymem. W 1944 r. decyzj\u0105 w\u0142adz radzieckich ca\u0142a spo\u0142eczno\u015b\u0107 &#8211; ok. 200 tys. Tatar\u00f3w Krymskich zosta\u0142o stamt\u0105d przymusowo wysiedlonych do Azji \u015arodkowej. Dopiero niedawno, bo na prze\u0142omie lat 80. i 90. mogli wr\u00f3ci\u0107 do utraconej ziemi.<\/p>\n<p>Ci, kt\u00f3rzy w wyniku aneksji Krymu przez Rosj\u0119 musieli opu\u015bci\u0107 p\u00f3\u0142wysep czuj\u0105, \u017ce zn\u00f3w zostali pozbawieni swojej historycznej ojczyzny. Jednocze\u015bnie do\u015bwiadczenie poprzednich pokole\u0144 pozwala im by\u0107 cierpliwym i mie\u0107 pewno\u015b\u0107, \u017ce kiedy\u015b wr\u00f3c\u0105 do siebie, na Krym.<\/p>\n<p>Projekt skupia si\u0119 na relacji pomi\u0119dzy codzienno\u015bci\u0105 i rytua\u0142ami, bezsilno\u015bci\u0105 wobec geopolityki i si\u0142\u0105 wsp\u00f3lnotowo\u015bci.<\/p>\n<p>\u201eHaytarma\u201d to tradycyjny krymskotatarski taniec, kt\u00f3rego nazw\u0119 mo\u017cna t\u0142umaczy\u0107 jako \u201epowr\u00f3t\u201d.<\/p>\n<div id=\"gtx-trans\" style=\"position: absolute; left: -25px; top: -9.22396px;\">\n<div class=\"gtx-trans-icon\"><\/div>\n<\/div>\n\n\t\t<\/div> \n\t<\/div> <div class=\"separator  normal\" style=\"border-color: #ffffff;border-width:0,5px\"><\/div>\n<div class='qode_image_gallery_no_space light highlight_active'><div class='qode_image_gallery_holder' style='height: 500px;'><ul><li><div style=\"height: 500px; width:334px;\"><img decoding=\"async\" src=\"https:\/\/pix.house\/wp-content\/uploads\/2020\/07\/1592902113-justyna-g\u00f3rniak-talent-roku-2020-zin-call-2020-1.jpg\" alt=\"\" \/><\/div><\/li><li><div style=\"height: 500px; width:334px;\"><img decoding=\"async\" src=\"https:\/\/pix.house\/wp-content\/uploads\/2020\/07\/1592902113-justyna-g\u00f3rniak-talent-roku-2020-zin-call-2020-2.jpg\" alt=\"\" \/><\/div><\/li><li><div style=\"height: 500px; width:334px;\"><img decoding=\"async\" src=\"https:\/\/pix.house\/wp-content\/uploads\/2020\/07\/1592902113-justyna-g\u00f3rniak-talent-roku-2020-zin-call-2020-3.jpg\" alt=\"\" \/><\/div><\/li><li><div style=\"height: 500px; width:750px;\"><img decoding=\"async\" src=\"https:\/\/pix.house\/wp-content\/uploads\/2020\/07\/1592902113-justyna-g\u00f3rniak-talent-roku-2020-zin-call-2020-4.jpg\" alt=\"\" \/><\/div><\/li><li><div style=\"height: 500px; width:334px;\"><img decoding=\"async\" src=\"https:\/\/pix.house\/wp-content\/uploads\/2020\/07\/1592902113-justyna-g\u00f3rniak-talent-roku-2020-zin-call-2020-5.jpg\" alt=\"\" \/><\/div><\/li><li><div style=\"height: 500px; width:334px;\"><img decoding=\"async\" src=\"https:\/\/pix.house\/wp-content\/uploads\/2020\/07\/1592902113-justyna-g\u00f3rniak-talent-roku-2020-zin-call-2020-6.jpg\" alt=\"\" \/><\/div><\/li><li><div style=\"height: 500px; width:334px;\"><img decoding=\"async\" src=\"https:\/\/pix.house\/wp-content\/uploads\/2020\/07\/1592902113-justyna-g\u00f3rniak-talent-roku-2020-zin-call-2020-7.jpg\" alt=\"\" \/><\/div><\/li><li><div style=\"height: 500px; width:750px;\"><img decoding=\"async\" src=\"https:\/\/pix.house\/wp-content\/uploads\/2020\/07\/1592902113-justyna-g\u00f3rniak-talent-roku-2020-zin-call-2020-8.jpg\" alt=\"\" \/><\/div><\/li><li><div style=\"height: 500px; width:334px;\"><img decoding=\"async\" src=\"https:\/\/pix.house\/wp-content\/uploads\/2020\/07\/1592902113-justyna-g\u00f3rniak-talent-roku-2020-zin-call-2020-9.jpg\" alt=\"\" \/><\/div><\/li><li><div style=\"height: 500px; width:334px;\"><img decoding=\"async\" src=\"https:\/\/pix.house\/wp-content\/uploads\/2020\/07\/1592902113-justyna-g\u00f3rniak-talent-roku-2020-zin-call-2020-10.jpg\" alt=\"\" \/><\/div><\/li><li><div style=\"height: 500px; width:334px;\"><img decoding=\"async\" src=\"https:\/\/pix.house\/wp-content\/uploads\/2020\/07\/1592902113-justyna-g\u00f3rniak-talent-roku-2020-zin-call-2020-11.jpg\" alt=\"\" \/><\/div><\/li><li><div style=\"height: 500px; width:334px;\"><img decoding=\"async\" src=\"https:\/\/pix.house\/wp-content\/uploads\/2020\/07\/1592902113-justyna-g\u00f3rniak-talent-roku-2020-zin-call-2020-12.jpg\" alt=\"\" \/><\/div><\/li><li><div style=\"height: 500px; width:752px;\"><img decoding=\"async\" src=\"https:\/\/pix.house\/wp-content\/uploads\/2020\/07\/1592902113-justyna-g\u00f3rniak-talent-roku-2020-zin-call-2020-13.jpg\" alt=\"\" \/><\/div><\/li><li><div style=\"height: 500px; width:334px;\"><img decoding=\"async\" src=\"https:\/\/pix.house\/wp-content\/uploads\/2020\/07\/1592902113-justyna-g\u00f3rniak-talent-roku-2020-zin-call-2020-14.jpg\" alt=\"\" \/><\/div><\/li><\/ul><\/div><div class=\"controls\"><a class=\"prev-slide\" href=\"#\"><span class=\"arrow_carrot-left\"><\/span><\/a><a class=\"next-slide\" href=\"#\"><span class=\"arrow_carrot-right\"><\/span><\/a><\/div><\/div><div class=\"separator  normal\" style=\"border-color: #ffffff;border-width:0,5px\"><\/div>\n<\/div><\/div><\/div><\/div><\/div><div     class=\"vc_row wpb_row section vc_row-fluid\" style=' text-align:left;'><div class=\"full_section_inner clearfix\"><div class=\"wpb_column vc_column_container vc_col-sm-12\"><div class=\"vc_column-inner\"><div class=\"wpb_wrapper\">\n\t<div class=\"wpb_text_column wpb_content_element\">\n\t\t<div class=\"wpb_wrapper\">\n\t\t\t<p><strong>kategoria SCHOLAR<\/strong><\/p>\n<p><strong>zwyci\u0119zcy: <\/strong><\/p>\n<div id=\"gtx-trans\" style=\"position: absolute; left: -115px; top: -9.22396px;\">\n<div class=\"gtx-trans-icon\"><\/div>\n<\/div>\n\n\t\t<\/div> \n\t<\/div> \n\t<div class=\"wpb_text_column wpb_content_element\">\n\t\t<div class=\"wpb_wrapper\">\n\t\t\t<p style=\"text-align: justify;\"><strong>Natalia Godek<\/strong> (nagroda 1500z\u0142)<\/p>\n<p style=\"text-align: justify;\">M\u00f3j projekt d\u0142ugoterminowy jest opowie\u015bci\u0105 o ludziach \u017cyj\u0105cych w Domu Pomocy Spo\u0142ecznej dla psychicznie chorych na Podkarpaciu. Chc\u0119 by ludzie zastanowili si\u0119 dlaczego \u017cyj\u0105 oni w zamkni\u0119ciu i izolacji, czy nie mo\u017cemy si\u0119 czego\u015b od nich nauczy\u0107? Kiedy\u015b osoby z zaburzeniami psychicznymi by\u0142y traktowane jak szamani, prorocy, czarownice itp. i cieszyli si\u0119 szacunkiem. R\u00f3wnie\u017c Sokrates porusza\u0142 ten temat i pozytywne aspekty szale\u0144stwa jak prorokowanie, kreatywno\u015b\u0107, inspiracja tw\u00f3rcza, prze\u017cycia mistyczne. W projekcie tym chc\u0119 te\u017c mieszka\u0144c\u00f3w tego zak\u0142adu pokaza\u0107 w troch\u0119 weselszy spos\u00f3b, skupi\u0107 si\u0119 na codziennych ma\u0142ych rado\u015bciach i sposobach sp\u0119dzania wolnego czasu przez pacjent\u00f3w. Przedstawi\u0107 ich jako barwne, r\u00f3\u017cne i skomplikowane osobowo\u015bci. Nie przedstawia\u0107 choroby jako s\u0142abo\u015bci, a raczej jako ponad przeci\u0119tn\u0105 wra\u017cliwo\u015b\u0107. Oczywi\u015bcie nale\u017cy pami\u0119ta\u0107, \u017ce choroby umys\u0142owe tak jak fizyczne \u0142\u0105cz\u0105 si\u0119 z cierpieniem, izolacj\u0105, cz\u0119sto tak\u017ce z uci\u0105\u017cliwym i nie zawsze skutecznym procesem leczenia. Jednak z pewno\u015bci\u0105 mog\u0119 stwierdzi\u0107 ,\u017ce osoby te wzbudzaj\u0105 najcz\u0119\u015bciej skrajne emocje, niekt\u00f3rych przera\u017caj\u0105, a innych fascynuj\u0105. Z jednej strony do\u015bwiadczaj\u0105 rozmaitych form wykluczenia, a z drugiej jednak widzimy w nich co\u015b pi\u0119knie nieprzeci\u0119tnego. Po ustaniu pandemii chc\u0119 jeszcze dok\u0142adniej pozna\u0107 ka\u017cdego pacjenta, jego schorzenia i histori\u0119. Przedyskutowa\u0107 z pani\u0105 psycholog, kt\u00f3ra pracuje tam ju\u017c kilka lat, r\u00f3\u017cne choroby i stany psychiczne tam wyst\u0119puj\u0105ce, mo\u017ce mi podpowiedzie\u0107 np. kt\u00f3rego pacjenta co wyr\u00f3\u017cnia i jakie s\u0105 jego mocne strony. My\u015bl\u0119, \u017ce pozwoli to mi bardziej dotrze\u0107 do psychologicznej prawdy portretowanego i r\u00f3\u017cnych stan\u00f3w \u015bwiadomo\u015bci. Wa\u017cny -w tym projekcie- jest dla mnie r\u00f3wnie\u017c kolor, chcia\u0142abym aby budowa\u0142 t\u0119 histori\u0119 i ten projekt po jego uko\u0144czeniu.<\/p>\n\n\t\t<\/div> \n\t<\/div> <div class=\"separator  normal\" style=\"border-color: #ffffff;border-width:0,5px\"><\/div>\n<div class='qode_image_gallery_no_space light highlight_active'><div class='qode_image_gallery_holder' style='height: 500px;'><ul><li><div style=\"height: 500px; width:750px;\"><img decoding=\"async\" src=\"https:\/\/pix.house\/wp-content\/uploads\/2020\/07\/natalia-godek-1.jpg\" alt=\"\" \/><\/div><\/li><li><div style=\"height: 500px; width:750px;\"><img decoding=\"async\" src=\"https:\/\/pix.house\/wp-content\/uploads\/2020\/07\/natalia-godek-2.jpg\" alt=\"\" \/><\/div><\/li><li><div style=\"height: 500px; width:750px;\"><img decoding=\"async\" src=\"https:\/\/pix.house\/wp-content\/uploads\/2020\/07\/natalia-godek-3.jpg\" alt=\"\" \/><\/div><\/li><li><div style=\"height: 500px; width:750px;\"><img decoding=\"async\" src=\"https:\/\/pix.house\/wp-content\/uploads\/2020\/07\/natalia-godek-4.jpg\" alt=\"\" \/><\/div><\/li><li><div style=\"height: 500px; width:750px;\"><img decoding=\"async\" src=\"https:\/\/pix.house\/wp-content\/uploads\/2020\/07\/natalia-godek-5.jpg\" alt=\"\" \/><\/div><\/li><li><div style=\"height: 500px; width:750px;\"><img decoding=\"async\" src=\"https:\/\/pix.house\/wp-content\/uploads\/2020\/07\/natalia-godek-6.jpg\" alt=\"\" \/><\/div><\/li><li><div style=\"height: 500px; width:750px;\"><img decoding=\"async\" src=\"https:\/\/pix.house\/wp-content\/uploads\/2020\/07\/natalia-godek-7.jpg\" alt=\"\" \/><\/div><\/li><li><div style=\"height: 500px; width:750px;\"><img decoding=\"async\" src=\"https:\/\/pix.house\/wp-content\/uploads\/2020\/07\/natalia-godek-8.jpg\" alt=\"\" \/><\/div><\/li><li><div style=\"height: 500px; width:750px;\"><img decoding=\"async\" src=\"https:\/\/pix.house\/wp-content\/uploads\/2020\/07\/natalia-godek-9.jpg\" alt=\"\" \/><\/div><\/li><\/ul><\/div><div class=\"controls\"><a class=\"prev-slide\" href=\"#\"><span class=\"arrow_carrot-left\"><\/span><\/a><a class=\"next-slide\" href=\"#\"><span class=\"arrow_carrot-right\"><\/span><\/a><\/div><\/div><div class=\"separator  normal\" style=\"border-color: #ffffff;border-width:0,5px\"><\/div>\n<\/div><\/div><\/div><\/div><\/div><div     class=\"vc_row wpb_row section vc_row-fluid\" style=' text-align:left;'><div class=\"full_section_inner clearfix\"><div class=\"wpb_column vc_column_container vc_col-sm-12\"><div class=\"vc_column-inner\"><div class=\"wpb_wrapper\">\n\t<div class=\"wpb_text_column wpb_content_element\">\n\t\t<div class=\"wpb_wrapper\">\n\t\t\t<p style=\"text-align: justify;\"><strong>Marcin Kruk<\/strong> (nagroda 1500z\u0142)<\/p>\n<p style=\"text-align: justify;\">&#8222;Ile dam rady przej\u015b\u0107&#8221;<\/p>\n<p style=\"text-align: justify;\">W moim projekcie, nad kt\u00f3rym pracuj\u0119 od 2017 roku, staram si\u0119 udokumentowa\u0107 autoagresywn\u0105 chorob\u0119 mojej \u017cony \u2013 miopati\u0119. Moja \u017cona, Ma\u0142gorzata (l 37), \u017cyje z dnia na dzie\u0144, budz\u0105c si\u0119 rano sztywna z b\u00f3lem, zastanawia si\u0119 ile da rady przej\u015b\u0107, ka\u017cdego dnia. Obrazy powsta\u0142y w r\u00f3\u017cnych momentach, pr\u00f3buj\u0105c skonstruowa\u0107 portret b\u00f3lu i codziennego cierpienia.<\/p>\n<p style=\"text-align: justify;\">Miopatia jako choroba mitochondrialna, jest tak\u017ce chorob\u0105 dziedziczn\u0105 w linii matczynej, przekazywanej przez kobiety. Prze\u017cywalno\u015b\u0107 szacuje si\u0119 na ok. 10 lat.Na choroby mitochondrialne zapada 1 na 15 000 os\u00f3b.<\/p>\n\n\t\t<\/div> \n\t<\/div> <div class=\"separator  normal\" style=\"border-color: #ffffff;border-width:0,5px\"><\/div>\n<div class='qode_image_gallery_no_space light highlight_active'><div class='qode_image_gallery_holder' style='height: 500px;'><ul><li><div style=\"height: 500px; width:375px;\"><img decoding=\"async\" src=\"https:\/\/pix.house\/wp-content\/uploads\/2020\/07\/1590156439-marcin-kruk-talent-roku-2020-zin-call-2020.jpg\" alt=\"\" \/><\/div><\/li><li><div style=\"height: 500px; width:375px;\"><img decoding=\"async\" src=\"https:\/\/pix.house\/wp-content\/uploads\/2020\/07\/1590156439-marcin-kruk-talent-roku-2020-zin-call-2020-1.jpg\" alt=\"\" \/><\/div><\/li><li><div style=\"height: 500px; width:375px;\"><img decoding=\"async\" src=\"https:\/\/pix.house\/wp-content\/uploads\/2020\/07\/1590156439-marcin-kruk-talent-roku-2020-zin-call-2020-2.jpg\" alt=\"\" \/><\/div><\/li><li><div style=\"height: 500px; width:375px;\"><img decoding=\"async\" src=\"https:\/\/pix.house\/wp-content\/uploads\/2020\/07\/1590156439-marcin-kruk-talent-roku-2020-zin-call-2020-3.jpg\" alt=\"\" \/><\/div><\/li><li><div style=\"height: 500px; width:375px;\"><img decoding=\"async\" src=\"https:\/\/pix.house\/wp-content\/uploads\/2020\/07\/1590156439-marcin-kruk-talent-roku-2020-zin-call-2020-4.jpg\" alt=\"\" \/><\/div><\/li><li><div style=\"height: 500px; width:375px;\"><img decoding=\"async\" src=\"https:\/\/pix.house\/wp-content\/uploads\/2020\/07\/1590156439-marcin-kruk-talent-roku-2020-zin-call-2020-5.jpg\" alt=\"\" \/><\/div><\/li><li><div style=\"height: 500px; width:375px;\"><img decoding=\"async\" src=\"https:\/\/pix.house\/wp-content\/uploads\/2020\/07\/1590156439-marcin-kruk-talent-roku-2020-zin-call-2020-6.jpg\" alt=\"\" \/><\/div><\/li><li><div style=\"height: 500px; width:375px;\"><img decoding=\"async\" src=\"https:\/\/pix.house\/wp-content\/uploads\/2020\/07\/1590156439-marcin-kruk-talent-roku-2020-zin-call-2020-7.jpg\" alt=\"\" \/><\/div><\/li><li><div style=\"height: 500px; width:375px;\"><img decoding=\"async\" src=\"https:\/\/pix.house\/wp-content\/uploads\/2020\/07\/1590156439-marcin-kruk-talent-roku-2020-zin-call-2020-8.jpg\" alt=\"\" \/><\/div><\/li><li><div style=\"height: 500px; width:375px;\"><img decoding=\"async\" src=\"https:\/\/pix.house\/wp-content\/uploads\/2020\/07\/1590156439-marcin-kruk-talent-roku-2020-zin-call-2020-9.jpg\" alt=\"\" \/><\/div><\/li><li><div style=\"height: 500px; width:375px;\"><img decoding=\"async\" src=\"https:\/\/pix.house\/wp-content\/uploads\/2020\/07\/1590156439-marcin-kruk-talent-roku-2020-zin-call-2020-10.jpg\" alt=\"\" \/><\/div><\/li><li><div style=\"height: 500px; width:375px;\"><img decoding=\"async\" src=\"https:\/\/pix.house\/wp-content\/uploads\/2020\/07\/1590156439-marcin-kruk-talent-roku-2020-zin-call-2020-11.jpg\" alt=\"\" \/><\/div><\/li><li><div style=\"height: 500px; width:375px;\"><img decoding=\"async\" src=\"https:\/\/pix.house\/wp-content\/uploads\/2020\/07\/1590156439-marcin-kruk-talent-roku-2020-zin-call-2020-12.jpg\" alt=\"\" \/><\/div><\/li><li><div style=\"height: 500px; width:375px;\"><img decoding=\"async\" src=\"https:\/\/pix.house\/wp-content\/uploads\/2020\/07\/1590156439-marcin-kruk-talent-roku-2020-zin-call-2020-13.jpg\" alt=\"\" \/><\/div><\/li><\/ul><\/div><div class=\"controls\"><a class=\"prev-slide\" href=\"#\"><span class=\"arrow_carrot-left\"><\/span><\/a><a class=\"next-slide\" href=\"#\"><span class=\"arrow_carrot-right\"><\/span><\/a><\/div><\/div><div class=\"separator  normal\" style=\"border-color: #ffffff;border-width:0,5px\"><\/div>\n<\/div><\/div><\/div><\/div><\/div><div     class=\"vc_row wpb_row section vc_row-fluid\" style=' text-align:left;'><div class=\"full_section_inner clearfix\"><div class=\"wpb_column vc_column_container vc_col-sm-12\"><div class=\"vc_column-inner\"><div class=\"wpb_wrapper\">\n\t<div class=\"wpb_text_column wpb_content_element\">\n\t\t<div class=\"wpb_wrapper\">\n\t\t\t<p style=\"text-align: justify;\"><em>wyr\u00f3\u017cnienie<\/em><\/p>\n<p style=\"text-align: justify;\"><strong>Tomasz Kawecki<\/strong> (nagroda: zestaw publikacji Pix.house)<\/p>\n<p style=\"text-align: justify;\">Projekt Le\u017ce mo\u017cna nazwa\u0107 archiwum kolekcjonerskim. Kobieta na zdj\u0119ciach to moja babka, kt\u00f3ra przez ca\u0142e \u017cycie kolekcjonowa\u0142a przer\u00f3\u017cne rzeczy; korzenie z lasu, suche kwiaty, zegarki, pi\u00f3ra, figurki, muszelki czy cho\u0107by puste pude\u0142ka po jogurtach. Rzeczy na poz\u00f3r bezu\u017cyteczne maj\u0105 dla niej warto\u015b\u0107 sentymentaln\u0105. Gromadzi je wok\u00f3\u0142 siebie dzi\u0119ki czemu oswaja swoj\u0105 przestrze\u0144 i tworzy w\u0142asn\u0105 narracj\u0119.<\/p>\n<p style=\"text-align: justify;\">Ja sam fotografuj\u0105c moj\u0105 babci\u0119 i te przedmioty kolekcjonuj\u0119 fragmenty jej \u017cycia. Staram si\u0119 nakre\u015bli\u0107 pe\u0142en obraz jej osoby. U\u017cywam do tego r\u00f3wnie\u017c zdj\u0119\u0107 archiwalnych, kt\u00f3re znajduj\u0119 w jej mieszkaniu.<\/p>\n<p style=\"text-align: justify;\">Na czas pandemii zamieszka\u0142em wraz ze swoj\u0105 dziewczyn\u0105 w jej domu letniskowym w Witowicach Dolnych. Dom, w kt\u00f3rym zamieszkali\u015bmy jest istnym magazynem zasob\u00f3w babci. Ogranicza\u0142o to nasz\u0105 swobod\u0119 ruch\u00f3w, rozpocz\u0119li\u015bmy wi\u0119c z Aleksandr\u0105 porz\u0105dki owocuj\u0105ce w dzia\u0142ania artystyczne. Pierwszym by\u0142o splecenie ogromnego wianka z zasuszonych kwiat\u00f3w. Wianek w tradycjach s\u0142owia\u0144skich symbolizuje odrodzenie i ma te\u017c funkcj\u0119 ochronn\u0105. Aleksandra w\u0142o\u017cy\u0142a ten wianek na g\u0142ow\u0119, by\u0142 tak ci\u0119\u017cki \u017ce zacz\u0105\u0142 ja przekrzywia\u0107 i kr\u0119powa\u0107 jej ruchy. Drug\u0105 jego cz\u0119\u015bci\u0105 by\u0142o zrobienie z tych \u017ce samych kwiat\u00f3w chocho\u0142a. Nie\u015bli\u015bmy go przez ca\u0142\u0105 wie\u015b do lasu i tam w stawie rytualnie spalili\u015bmy. Rok w rok od pokole\u0144 ludzie na wiosn\u0119 zdejmuj\u0105 chocho\u0142y, kt\u00f3re pozwoli\u0142y przetrwa\u0107 zim\u0119, by da\u0107 szans\u0119 nowemu \u017cyciu. Trzecie dzia\u0142anie wi\u0105\u017ce si\u0119 ze starymi ubraniami babci i zmar\u0142ego dziadka. Nie potrafi\u0142em ich wyrzuci\u0107 ze wzgl\u0119du na ich sentymentaln\u0105 warto\u015b\u0107 dla niej. Wykona\u0142em performance w kt\u00f3rym po kolei wyci\u0105gam ubrania z jej szafy i zak\u0142adam jedno za drugim na siebie. W ko\u0144cu ich ilo\u015b\u0107 mnie przeci\u0105\u017cy\u0142a i nie mog\u0142em si\u0119 ruszy\u0107 ani swobodnie oddycha\u0107.<\/p>\n<p style=\"text-align: justify;\">W dalszej cz\u0119\u015bci pracy nad tym projektem chcia\u0142bym kontynuowa\u0107 tego typu dzia\u0142ania. Dokumentowa\u0107 je i \u0142\u0105czy\u0107 z histori\u0105 mojej babci, kt\u00f3r\u0105 rysuj\u0119.<\/p>\n\n\t\t<\/div> \n\t<\/div> <div class=\"separator  normal\" style=\"border-color: #ffffff;border-width:0,5px\"><\/div>\n<div class='qode_image_gallery_no_space light highlight_active'><div class='qode_image_gallery_holder' style='height: 500px;'><ul><li><div style=\"height: 500px; width:396px;\"><img decoding=\"async\" src=\"https:\/\/pix.house\/wp-content\/uploads\/2020\/07\/1593518284-tomasz-kawecki-talent-roku-2020-scholar-2020.jpg\" alt=\"\" \/><\/div><\/li><li><div style=\"height: 500px; width:410px;\"><img decoding=\"async\" src=\"https:\/\/pix.house\/wp-content\/uploads\/2020\/07\/1593518284-tomasz-kawecki-talent-roku-2020-scholar-2020-1.jpg\" alt=\"\" \/><\/div><\/li><li><div style=\"height: 500px; width:602px;\"><img decoding=\"async\" src=\"https:\/\/pix.house\/wp-content\/uploads\/2020\/07\/1593518284-tomasz-kawecki-talent-roku-2020-scholar-2020-2.jpg\" alt=\"\" \/><\/div><\/li><li><div style=\"height: 500px; width:771px;\"><img decoding=\"async\" src=\"https:\/\/pix.house\/wp-content\/uploads\/2020\/07\/1593518284-tomasz-kawecki-talent-roku-2020-scholar-2020-3.jpg\" alt=\"\" \/><\/div><\/li><li><div style=\"height: 500px; width:601px;\"><img decoding=\"async\" src=\"https:\/\/pix.house\/wp-content\/uploads\/2020\/07\/1593518284-tomasz-kawecki-talent-roku-2020-scholar-2020-4.jpg\" alt=\"\" \/><\/div><\/li><li><div style=\"height: 500px; width:649px;\"><img decoding=\"async\" src=\"https:\/\/pix.house\/wp-content\/uploads\/2020\/07\/1593518284-tomasz-kawecki-talent-roku-2020-scholar-2020-5.jpg\" alt=\"\" \/><\/div><\/li><li><div style=\"height: 500px; width:407px;\"><img decoding=\"async\" src=\"https:\/\/pix.house\/wp-content\/uploads\/2020\/07\/1593518284-tomasz-kawecki-talent-roku-2020-scholar-2020-6.jpg\" alt=\"\" \/><\/div><\/li><li><div style=\"height: 500px; width:625px;\"><img decoding=\"async\" src=\"https:\/\/pix.house\/wp-content\/uploads\/2020\/07\/1593518284-tomasz-kawecki-talent-roku-2020-scholar-2020-7.jpg\" alt=\"\" \/><\/div><\/li><li><div style=\"height: 500px; width:600px;\"><img decoding=\"async\" src=\"https:\/\/pix.house\/wp-content\/uploads\/2020\/07\/1593518284-tomasz-kawecki-talent-roku-2020-scholar-2020-8.jpg\" alt=\"\" \/><\/div><\/li><li><div style=\"height: 500px; width:400px;\"><img decoding=\"async\" src=\"https:\/\/pix.house\/wp-content\/uploads\/2020\/07\/1593518284-tomasz-kawecki-talent-roku-2020-scholar-2020-9.jpg\" alt=\"\" \/><\/div><\/li><li><div style=\"height: 500px; width:628px;\"><img decoding=\"async\" src=\"https:\/\/pix.house\/wp-content\/uploads\/2020\/07\/1593518284-tomasz-kawecki-talent-roku-2020-scholar-2020-10.jpg\" alt=\"\" \/><\/div><\/li><li><div style=\"height: 500px; width:514px;\"><img decoding=\"async\" src=\"https:\/\/pix.house\/wp-content\/uploads\/2020\/07\/1593518284-tomasz-kawecki-talent-roku-2020-scholar-2020-11.jpg\" alt=\"\" \/><\/div><\/li><li><div style=\"height: 500px; width:732px;\"><img decoding=\"async\" src=\"https:\/\/pix.house\/wp-content\/uploads\/2020\/07\/1593518284-tomasz-kawecki-talent-roku-2020-scholar-2020-12.jpg\" alt=\"\" \/><\/div><\/li><li><div style=\"height: 500px; width:750px;\"><img decoding=\"async\" src=\"https:\/\/pix.house\/wp-content\/uploads\/2020\/07\/1593518284-tomasz-kawecki-talent-roku-2020-scholar-2020-13.jpg\" alt=\"\" \/><\/div><\/li><li><div style=\"height: 500px; width:789px;\"><img decoding=\"async\" src=\"https:\/\/pix.house\/wp-content\/uploads\/2020\/07\/1593518284-tomasz-kawecki-talent-roku-2020-scholar-2020-14.jpg\" alt=\"\" \/><\/div><\/li><li><div style=\"height: 500px; width:698px;\"><img decoding=\"async\" src=\"https:\/\/pix.house\/wp-content\/uploads\/2020\/07\/1593518284-tomasz-kawecki-talent-roku-2020-scholar-2020-15.jpg\" alt=\"\" \/><\/div><\/li><li><div style=\"height: 500px; width:396px;\"><img decoding=\"async\" src=\"https:\/\/pix.house\/wp-content\/uploads\/2020\/07\/1593518284-tomasz-kawecki-talent-roku-2020-scholar-2020-16.jpg\" alt=\"\" \/><\/div><\/li><li><div style=\"height: 500px; width:622px;\"><img decoding=\"async\" src=\"https:\/\/pix.house\/wp-content\/uploads\/2020\/07\/1593518284-tomasz-kawecki-talent-roku-2020-scholar-2020-17.jpg\" alt=\"\" \/><\/div><\/li><li><div style=\"height: 500px; width:320px;\"><img decoding=\"async\" src=\"https:\/\/pix.house\/wp-content\/uploads\/2020\/07\/1593518284-tomasz-kawecki-talent-roku-2020-scholar-2020-18.jpg\" alt=\"\" \/><\/div><\/li><\/ul><\/div><div class=\"controls\"><a class=\"prev-slide\" href=\"#\"><span class=\"arrow_carrot-left\"><\/span><\/a><a class=\"next-slide\" href=\"#\"><span class=\"arrow_carrot-right\"><\/span><\/a><\/div><\/div><div class=\"separator  normal\" style=\"border-color: #ffffff;border-width:0,5px\"><\/div>\n<\/div><\/div><\/div><\/div><\/div><div     class=\"vc_row wpb_row section vc_row-fluid\" style=' text-align:left;'><div class=\"full_section_inner clearfix\"><div class=\"wpb_column vc_column_container vc_col-sm-12\"><div class=\"vc_column-inner\"><div class=\"wpb_wrapper\">\n\t<div class=\"wpb_text_column wpb_content_element\">\n\t\t<div class=\"wpb_wrapper\">\n\t\t\t<p><em>wyr\u00f3\u017cnienie<\/em><\/p>\n<p style=\"text-align: justify;\"><strong>Maciej Ja\u017awiecki<\/strong> (zaproszenie do udzia\u0142u w wystawie Klamra)<\/p>\n<p style=\"text-align: justify;\">Oficjalna narracja w\u0142adzy i propaganda sukcesu w walce z kryzysem powoli oswaja spo\u0142ecze\u0144stwo z ewentualnym zagro\u017ceniem. Pr\u00f3ba negowania, a w najlepszym wypadku bagatelizowania pandemii sta\u0142a si\u0119 impulsem do realizacji tego materia\u0142u.<\/p>\n<p style=\"text-align: justify;\">Hidden landscape (tytu\u0142 roboczy) to opowie\u015b\u0107 o nowej rzeczywisto\u015bci oraz zjawiskach, kt\u00f3re pojawi\u0142y si\u0119 w zwi\u0105zku z pandemi\u0105 ale nie s\u0105 widoczne z poziomu przechodnia. Po\u0142owa prezentowanych zdj\u0119\u0107 zosta\u0142a zrealizowana w jednoimiennych szpitalach zaka\u017anych, pozosta\u0142a cz\u0119\u015b\u0107 przedstawia bohater\u00f3w, kt\u00f3rzy zawodowo (jak naukowcy czy urz\u0119dnicy) zmagaj\u0105 si\u0119 ze skutkami pandemii, pr\u00f3buj\u0105 im przeciwdzia\u0142a\u0107 lub ( jak seniorzy) staj\u0105 si\u0119 ofiar\u0105 kryzysu.<\/p>\n<p style=\"text-align: justify;\">Przez ostatnie miesi\u0105ce pracowa\u0142em w miejscach i z bohaterami, kt\u00f3rych \u017cycie i codzienno\u015b\u0107 zosta\u0142y podporz\u0105dkowane nowej rzeczywisto\u015bci lub ca\u0142kowicie wywr\u00f3ci\u0142y si\u0119 do g\u00f3ry nogami. Pr\u00f3ba negowania ich do\u015bwiadcze\u0144 budzi m\u00f3j sprzeciw, dlatego jako fotograf i dokumentalista postanowi\u0142em o nich opowiedzie\u0107.<\/p>\n<p style=\"text-align: justify;\">Kontynuacja:<\/p>\n<p style=\"text-align: justify;\">Na pocz\u0105tku pracy nad projektem stworzy\u0142em map\u0119 miejsc, kt\u00f3re chcia\u0142bym sfotografowa\u0107. W trakcie realizacji mapa wci\u0105\u017c si\u0119 zmienia\u0142a, przybywa\u0142y i odpada\u0142y kolejne pozycje. Kontynuacja projektu zak\u0142ada d\u0142ugotrwa\u0142y research, budowanie zaufania w\u015br\u00f3d bohater\u00f3w oraz za\u0142atwianie (tam gdzie jest taka konieczno\u015b\u0107) oficjalnych zg\u00f3d i pozwole\u0144. Zale\u017cy mi, na tym, aby dotrze\u0107 do \u201eukrytych\u201d miejsc i bohater\u00f3w w r\u00f3\u017cnych miejscach Polski. Chcia\u0142bym, aby finalnie cz\u0119\u015b\u0107 realizowana w szpitalach stanowi\u0142a jedynie fragment szerszej i zr\u00f3\u017cnicowanej opowie\u015bci.<\/p>\n<p style=\"text-align: justify;\">Planuje uko\u0144czy\u0107 projekt w grudniu 2020.<\/p>\n\n\t\t<\/div> \n\t<\/div> <div class=\"separator  normal\" style=\"border-color: #ffffff;border-width:0,5px\"><\/div>\n<div class='qode_image_gallery_no_space light highlight_active'><div class='qode_image_gallery_holder' style='height: 500px;'><ul><li><div style=\"height: 500px; width:750px;\"><img decoding=\"async\" src=\"https:\/\/pix.house\/wp-content\/uploads\/2020\/07\/maciej-jezwiecki-1.jpg\" alt=\"\" \/><\/div><\/li><li><div style=\"height: 500px; width:750px;\"><img decoding=\"async\" src=\"https:\/\/pix.house\/wp-content\/uploads\/2020\/07\/maciej-jezwiecki-2.jpg\" alt=\"\" \/><\/div><\/li><li><div style=\"height: 500px; width:750px;\"><img decoding=\"async\" src=\"https:\/\/pix.house\/wp-content\/uploads\/2020\/07\/maciej-jezwiecki-3.jpg\" alt=\"\" \/><\/div><\/li><li><div style=\"height: 500px; width:750px;\"><img decoding=\"async\" src=\"https:\/\/pix.house\/wp-content\/uploads\/2020\/07\/maciej-jezwiecki-4.jpg\" alt=\"\" \/><\/div><\/li><li><div style=\"height: 500px; width:750px;\"><img decoding=\"async\" src=\"https:\/\/pix.house\/wp-content\/uploads\/2020\/07\/maciej-jezwiecki-5.jpg\" alt=\"\" \/><\/div><\/li><li><div style=\"height: 500px; width:750px;\"><img decoding=\"async\" src=\"https:\/\/pix.house\/wp-content\/uploads\/2020\/07\/maciej-jezwiecki-6.jpg\" alt=\"\" \/><\/div><\/li><li><div style=\"height: 500px; width:750px;\"><img decoding=\"async\" src=\"https:\/\/pix.house\/wp-content\/uploads\/2020\/07\/maciej-jezwiecki-7.jpg\" alt=\"\" \/><\/div><\/li><li><div style=\"height: 500px; width:750px;\"><img decoding=\"async\" src=\"https:\/\/pix.house\/wp-content\/uploads\/2020\/07\/maciej-jezwiecki-8.jpg\" alt=\"\" \/><\/div><\/li><li><div style=\"height: 500px; width:750px;\"><img decoding=\"async\" src=\"https:\/\/pix.house\/wp-content\/uploads\/2020\/07\/maciej-jezwiecki-9.jpg\" alt=\"\" \/><\/div><\/li><li><div style=\"height: 500px; width:668px;\"><img decoding=\"async\" src=\"https:\/\/pix.house\/wp-content\/uploads\/2020\/07\/maciej-jezwiecki-10.jpg\" alt=\"\" \/><\/div><\/li><\/ul><\/div><div class=\"controls\"><a class=\"prev-slide\" href=\"#\"><span class=\"arrow_carrot-left\"><\/span><\/a><a class=\"next-slide\" href=\"#\"><span class=\"arrow_carrot-right\"><\/span><\/a><\/div><\/div><div class=\"separator  normal\" style=\"border-color: #ffffff;border-width:0,5px\"><\/div>\n<\/div><\/div><\/div><\/div><\/div><div     class=\"vc_row wpb_row section vc_row-fluid\" style=' text-align:left;'><div class=\"full_section_inner clearfix\"><div class=\"wpb_column vc_column_container vc_col-sm-12\"><div class=\"vc_column-inner\"><div class=\"wpb_wrapper\">\n\t<div class=\"wpb_text_column wpb_content_element\">\n\t\t<div class=\"wpb_wrapper\">\n\t\t\t<p><strong>przegl\u0105d portfolio dla m\u0142odych tw\u00f3rc\u00f3w<\/strong><\/p>\n<p><em>Finali\u015bci konkursu Talent Roku wzieli udzia\u0142 w przegl\u0105dzie portfolio \u2013 otrzymali feedback do swoich projekt\u00f3w. Na koniec powalczyli o tytu\u0142 Talent Roku i nagrod\u0119 finansow\u0105 (2200z\u0142). Projekty uczestnik\u00f3w oceniali eksperci w dziedzinie fotografii &#8211; Nina Giba (Rybnicki Festiwal Fotografii), Grzegorz Jarmocewicz (Interphoto Bia\u0142ystok), Adrian Wykrota i Mariusz Forecki (Pix.house), ale tak\u017ce publiczno\u015b\u0107.<\/em><\/p>\n<p>W przegl\u0105dzie udzia\u0142 wzi\u0119li: Marta Bogda\u0144ska, Julka Ko\u0142odziejczyk, Justyna G\u00f3rniak, Natalia Godek, Marcin Kruk, Tomasz Kawecki, Maciej Ja\u017awiecki<\/p>\n\n\t\t<\/div> \n\t<\/div> \n\t<div class=\"wpb_text_column wpb_content_element\">\n\t\t<div class=\"wpb_wrapper\">\n\t\t\t<p><iframe loading=\"lazy\" src=\"https:\/\/www.youtube.com\/embed\/videoseries?list=PLz2vrRxJvYMwe_xGGWkERFN2AzGf2tbg9\" width=\"1100\" height=\"600\" frameborder=\"0\" allowfullscreen=\"allowfullscreen\"><\/iframe><\/p>\n\n\t\t<\/div> \n\t<\/div> \n\t<div class=\"wpb_text_column wpb_content_element\">\n\t\t<div class=\"wpb_wrapper\">\n\t\t\t<p><strong>Tomasz Kawecki zwyci\u0119zc\u0105 przegl\u0105du portfolio Talent Roku!<\/strong><\/p>\n<p>Po zliczeniu g\u0142os\u00f3w jury oraz g\u0142os\u00f3w od Was znamy zwyci\u0119zc\u0119 przegl\u0105du portfolio #talentroku.<\/p>\n<p>&nbsp;<\/p>\n<p>Wyniki s\u0105 nast\u0119puj\u0105ce:<\/p>\n<p>Marcin Kruk &#8211; 11 pkt jury + 1 pkt od publiczno\u015bci (\u0142\u0105cznie 12 pkt)<br \/>\nMarta Bogda\u0144ska &#8211; 14 pkt jury + 2 pkt od publiczno\u015bci (\u0142\u0105cznie 16 pkt)<br \/>\nTomasz Kawecki &#8211; 14 pkt jury + 3 pkt od publiczno\u015bci (\u0142\u0105cznie 17 pkt)<\/p>\n<p>&nbsp;<\/p>\n<p>Przegl\u0105d wygrywa g\u0142osami jury i publiczno\u015bci Tomasz Kawecki!<\/p>\n<p>&nbsp;<\/p>\n<p>Ze wzgl\u0119du na zaci\u0119t\u0105 rywalizacj\u0119 nagroda g\u0142\u00f3wna zostaje podzielona na Tomasza Kaweckiego(1500 z\u0142) oraz Mart\u0119 Bogda\u0144sk\u0105 (700 z\u0142) Marcin Kruk otrzymuje zestaw publikacji Pix.house.<\/p>\n<p>Dzi\u0119kujemy wszystkim uczestnikom przegl\u0105du &#8211; wszyscy jeste\u015bcie zwyci\u0119zcami &#8211; robicie kawa\u0142 \u015bwietnej fotograficznej roboty.<\/p>\n<p>Serdecznie gratulujemy wyr\u00f3\u017cnionym! Dzi\u0119kujemy tak\u017ce za setki Waszych g\u0142os\u00f3w oddanych na finalist\u00f3w przegl\u0105du.<\/p>\n\n\t\t<\/div> \n\t<\/div> <div class=\"separator  normal\" style=\"border-color: #ffffff;border-width:0,5px\"><\/div>\n<\/div><\/div><\/div><\/div><\/div><div     class=\"vc_row wpb_row section vc_row-fluid\" style=' text-align:left;'><div class=\"full_section_inner clearfix\"><div class=\"wpb_column vc_column_container vc_col-sm-12\"><div class=\"vc_column-inner\"><div class=\"wpb_wrapper\">\n\t<div class=\"wpb_text_column wpb_content_element\">\n\t\t<div class=\"wpb_wrapper\">\n\t\t\t<p style=\"text-align: justify;\"><b>Podzi\u0119kowania!\u00a0<\/b><\/p>\n<p style=\"text-align: justify;\">Serdecznie dzi\u0119kujemy wszystkim<b>, <\/b>kt\u00f3rzy wys\u0142ali swoje zg\u0142oszenia. Poziom by\u0142 bardzo wysoki. Gratulujemy Wam wra\u017cliwo\u015bci i fotograficznego spojrzenia na nasz\u0105 rzeczywisto\u015b\u0107.<\/p>\n<p>&nbsp;<\/p>\n<p>Dzi\u0119kujemy tak\u017ce cz\u0142onkom jury oraz partnerom &#8211; Zinteka, Miasto Pozna\u0144, Urz\u0105d Marsza\u0142kowski Wojew\u00f3dztwa Wielkopolskiego, KontenerArt, Ogr\u00f3d Szel\u0105g, NCK.<\/p>\n<p>&nbsp;<\/p>\n<p style=\"text-align: justify;\"><b>Organizatorzy:\u00a0<\/b><\/p>\n<p style=\"text-align: justify;\"><span style=\"font-weight: 400;\">Fundacja <strong>Pix.house\u00a0<\/strong><\/span><\/p>\n<p style=\"text-align: justify;\"><span style=\"font-weight: 400;\">koordynacja dzia\u0142a\u0144: Adrian Wykrota<\/span><\/p>\n<p style=\"text-align: justify;\"><img loading=\"lazy\" decoding=\"async\" class=\"wp-image-23802 alignleft\" src=\"https:\/\/pix.house\/wp-content\/uploads\/2016\/10\/pix_logo_bez_tla-copy-e1589265930442.png\" alt=\"\" width=\"127\" height=\"154\" srcset=\"https:\/\/pix.house\/wp-content\/uploads\/2016\/10\/pix_logo_bez_tla-copy-e1589265930442.png 330w, https:\/\/pix.house\/wp-content\/uploads\/2016\/10\/pix_logo_bez_tla-copy-e1589265930442-248x300.png 248w, https:\/\/pix.house\/wp-content\/uploads\/2016\/10\/pix_logo_bez_tla-copy-e1589265930442-300x364.png 300w\" sizes=\"auto, (max-width: 127px) 100vw, 127px\" \/><\/p>\n<p>&nbsp;<\/p>\n<p>&nbsp;<\/p>\n<p>&nbsp;<\/p>\n<p>&nbsp;<\/p>\n<p>&nbsp;<\/p>\n<p>&nbsp;<\/p>\n<p style=\"text-align: justify;\"><strong>Zinteka\u00a0<\/strong><\/p>\n<p style=\"text-align: justify;\"><span style=\"font-weight: 400;\">Krzysiek Or\u0142owski\u00a0<\/span><\/p>\n<p style=\"text-align: justify;\"><img loading=\"lazy\" decoding=\"async\" class=\"wp-image-29748 alignleft\" src=\"https:\/\/pix.house\/wp-content\/uploads\/2019\/07\/Zinteka-png-logo-e1589219199676-1023x1280.png\" alt=\"\" width=\"150\" height=\"187\" \/><\/p>\n<p>&nbsp;<\/p>\n<p>&nbsp;<\/p>\n<p>&nbsp;<\/p>\n<p>&nbsp;<\/p>\n<p>&nbsp;<\/p>\n<p>&nbsp;<\/p>\n<p>&nbsp;<\/p>\n<p style=\"text-align: left;\"><b>Projekt realizowany dzi\u0119ki wsparciu:\u00a0<\/b><\/p>\n<p style=\"text-align: justify;\"><img loading=\"lazy\" decoding=\"async\" class=\"wp-image-26656 alignleft\" src=\"https:\/\/pix.house\/wp-content\/uploads\/2017\/09\/LOGO_POZnan_RGB_JPEG-e1589266011785.jpg\" alt=\"\" width=\"234\" height=\"118\" srcset=\"https:\/\/pix.house\/wp-content\/uploads\/2017\/09\/LOGO_POZnan_RGB_JPEG-e1589266011785.jpg 751w, https:\/\/pix.house\/wp-content\/uploads\/2017\/09\/LOGO_POZnan_RGB_JPEG-e1589266011785-300x151.jpg 300w, https:\/\/pix.house\/wp-content\/uploads\/2017\/09\/LOGO_POZnan_RGB_JPEG-e1589266011785-600x302.jpg 600w, https:\/\/pix.house\/wp-content\/uploads\/2017\/09\/LOGO_POZnan_RGB_JPEG-e1589266011785-700x352.jpg 700w\" sizes=\"auto, (max-width: 234px) 100vw, 234px\" \/><\/p>\n<p>&nbsp;<\/p>\n<p>&nbsp;<\/p>\n<p>&nbsp;<\/p>\n<p>&nbsp;<\/p>\n<p><img loading=\"lazy\" decoding=\"async\" class=\"wp-image-31635 alignleft\" src=\"https:\/\/pix.house\/wp-content\/uploads\/2020\/05\/pobrane-e1589219260528.jpeg\" alt=\"\" width=\"237\" height=\"94\" srcset=\"https:\/\/pix.house\/wp-content\/uploads\/2020\/05\/pobrane-e1589219260528.jpeg 348w, https:\/\/pix.house\/wp-content\/uploads\/2020\/05\/pobrane-e1589219260528-300x119.jpeg 300w, https:\/\/pix.house\/wp-content\/uploads\/2020\/05\/pobrane-e1589219260528-345x138.jpeg 345w\" sizes=\"auto, (max-width: 237px) 100vw, 237px\" \/><\/p>\n<p>&nbsp;<\/p>\n<p>&nbsp;<\/p>\n<p>&nbsp;<\/p>\n<p>&nbsp;<\/p>\n<p style=\"text-align: left;\"><b>Wsp\u00f3\u0142praca: <\/b><\/p>\n<p>&nbsp;<\/p>\n<p><img loading=\"lazy\" decoding=\"async\" class=\"wp-image-31636 alignleft\" src=\"https:\/\/pix.house\/wp-content\/uploads\/2020\/05\/97204546_981569545619841_1212219996348874752_n-1280x683.jpg\" alt=\"\" width=\"176\" height=\"94\" srcset=\"https:\/\/pix.house\/wp-content\/uploads\/2020\/05\/97204546_981569545619841_1212219996348874752_n-1280x683.jpg 1280w, https:\/\/pix.house\/wp-content\/uploads\/2020\/05\/97204546_981569545619841_1212219996348874752_n-800x427.jpg 800w, https:\/\/pix.house\/wp-content\/uploads\/2020\/05\/97204546_981569545619841_1212219996348874752_n-300x160.jpg 300w, https:\/\/pix.house\/wp-content\/uploads\/2020\/05\/97204546_981569545619841_1212219996348874752_n-768x410.jpg 768w, https:\/\/pix.house\/wp-content\/uploads\/2020\/05\/97204546_981569545619841_1212219996348874752_n-600x320.jpg 600w, https:\/\/pix.house\/wp-content\/uploads\/2020\/05\/97204546_981569545619841_1212219996348874752_n-1536x820.jpg 1536w, https:\/\/pix.house\/wp-content\/uploads\/2020\/05\/97204546_981569545619841_1212219996348874752_n-700x374.jpg 700w, https:\/\/pix.house\/wp-content\/uploads\/2020\/05\/97204546_981569545619841_1212219996348874752_n-1100x587.jpg 1100w, https:\/\/pix.house\/wp-content\/uploads\/2020\/05\/97204546_981569545619841_1212219996348874752_n-1320x704.jpg 1320w, https:\/\/pix.house\/wp-content\/uploads\/2020\/05\/97204546_981569545619841_1212219996348874752_n.jpg 1816w\" sizes=\"auto, (max-width: 176px) 100vw, 176px\" \/><\/p>\n<p><img loading=\"lazy\" decoding=\"async\" class=\"wp-image-31637 alignleft\" src=\"https:\/\/pix.house\/wp-content\/uploads\/2020\/05\/85008419_617201732431931_9056539641468944384_n-1280x1280.jpg\" alt=\"\" width=\"93\" height=\"93\" srcset=\"https:\/\/pix.house\/wp-content\/uploads\/2020\/05\/85008419_617201732431931_9056539641468944384_n-1280x1280.jpg 1280w, https:\/\/pix.house\/wp-content\/uploads\/2020\/05\/85008419_617201732431931_9056539641468944384_n-100x100.jpg 100w, https:\/\/pix.house\/wp-content\/uploads\/2020\/05\/85008419_617201732431931_9056539641468944384_n-800x800.jpg 800w, https:\/\/pix.house\/wp-content\/uploads\/2020\/05\/85008419_617201732431931_9056539641468944384_n-300x300.jpg 300w, https:\/\/pix.house\/wp-content\/uploads\/2020\/05\/85008419_617201732431931_9056539641468944384_n-150x150.jpg 150w, https:\/\/pix.house\/wp-content\/uploads\/2020\/05\/85008419_617201732431931_9056539641468944384_n-768x768.jpg 768w, https:\/\/pix.house\/wp-content\/uploads\/2020\/05\/85008419_617201732431931_9056539641468944384_n-600x600.jpg 600w, https:\/\/pix.house\/wp-content\/uploads\/2020\/05\/85008419_617201732431931_9056539641468944384_n-1536x1536.jpg 1536w, https:\/\/pix.house\/wp-content\/uploads\/2020\/05\/85008419_617201732431931_9056539641468944384_n-550x550.jpg 550w, https:\/\/pix.house\/wp-content\/uploads\/2020\/05\/85008419_617201732431931_9056539641468944384_n-500x500.jpg 500w, https:\/\/pix.house\/wp-content\/uploads\/2020\/05\/85008419_617201732431931_9056539641468944384_n-1000x1000.jpg 1000w, https:\/\/pix.house\/wp-content\/uploads\/2020\/05\/85008419_617201732431931_9056539641468944384_n-700x700.jpg 700w, https:\/\/pix.house\/wp-content\/uploads\/2020\/05\/85008419_617201732431931_9056539641468944384_n-1100x1100.jpg 1100w, https:\/\/pix.house\/wp-content\/uploads\/2020\/05\/85008419_617201732431931_9056539641468944384_n-1320x1320.jpg 1320w, https:\/\/pix.house\/wp-content\/uploads\/2020\/05\/85008419_617201732431931_9056539641468944384_n.jpg 1862w\" sizes=\"auto, (max-width: 93px) 100vw, 93px\" \/><\/p>\n<p>&nbsp;<\/p>\n<p>&nbsp;<\/p>\n<p>&nbsp;<\/p>\n<p>&nbsp;<\/p>\n<p>&nbsp;<\/p>\n<p>Nagroda dodatkowa dofinansowana ze \u015brodk\u00f3w<strong> Narodowego Centrum Kultury<\/strong> w ramach Programu Kultura w sieci.<\/p>\n<p style=\"text-align: justify;\"><img loading=\"lazy\" decoding=\"async\" class=\"wp-image-32041 alignnone\" src=\"https:\/\/pix.house\/wp-content\/uploads\/2020\/07\/2020-NCK_dofinans_kulturawsieci-mono.jpg\" alt=\"\" width=\"538\" height=\"138\" srcset=\"https:\/\/pix.house\/wp-content\/uploads\/2020\/07\/2020-NCK_dofinans_kulturawsieci-mono.jpg 1200w, https:\/\/pix.house\/wp-content\/uploads\/2020\/07\/2020-NCK_dofinans_kulturawsieci-mono-800x205.jpg 800w, https:\/\/pix.house\/wp-content\/uploads\/2020\/07\/2020-NCK_dofinans_kulturawsieci-mono-300x77.jpg 300w, https:\/\/pix.house\/wp-content\/uploads\/2020\/07\/2020-NCK_dofinans_kulturawsieci-mono-768x197.jpg 768w, https:\/\/pix.house\/wp-content\/uploads\/2020\/07\/2020-NCK_dofinans_kulturawsieci-mono-600x154.jpg 600w, https:\/\/pix.house\/wp-content\/uploads\/2020\/07\/2020-NCK_dofinans_kulturawsieci-mono-700x180.jpg 700w, https:\/\/pix.house\/wp-content\/uploads\/2020\/07\/2020-NCK_dofinans_kulturawsieci-mono-1100x282.jpg 1100w\" sizes=\"auto, (max-width: 538px) 100vw, 538px\" \/><\/p>\n<p>&nbsp;<\/p>\n<p style=\"text-align: justify;\">PIX.HOUSE &#8211; razem tworzymy miejsce dla fotografii!<\/p>\n\n\t\t<\/div> \n\t<\/div> <\/div><\/div><\/div><\/div><\/div>\n<\/div>","protected":false},"excerpt":{"rendered":"Wy\u0142onili\u015bmy zwyci\u0119zc\u00f3w i wyr\u00f3\u017cnionych w konkursie Talent Roku 2020. Na pi\u0105t\u0105 edycj\u0119 organizowanego przez Pix.house konkursu wp\u0142yn\u0119\u0142o 193 zg\u0142oszenia (oko\u0142o 1800 fotografii). To nie koniec dobrych wiadomo\u015bci! Dzi\u0119ki wsparciu NCK (Kultura w sieci) wszyscy wyr\u00f3\u017cnieni wezm\u0105 udzia\u0142 w przegl\u0105dzie portfolio \u2013 otrzymaj\u0105 feedback do swoich...","protected":false},"author":11,"featured_media":32108,"comment_status":"open","ping_status":"open","sticky":false,"template":"","format":"standard","meta":{"_monsterinsights_skip_tracking":false,"_monsterinsights_sitenote_active":false,"_monsterinsights_sitenote_note":"","_monsterinsights_sitenote_category":0,"footnotes":""},"categories":[59],"tags":[],"class_list":["post-32040","post","type-post","status-publish","format-standard","has-post-thumbnail","hentry","category-co-z-ta-fotografia"],"_links":{"self":[{"href":"https:\/\/pix.house\/en\/wp-json\/wp\/v2\/posts\/32040","targetHints":{"allow":["GET"]}}],"collection":[{"href":"https:\/\/pix.house\/en\/wp-json\/wp\/v2\/posts"}],"about":[{"href":"https:\/\/pix.house\/en\/wp-json\/wp\/v2\/types\/post"}],"author":[{"embeddable":true,"href":"https:\/\/pix.house\/en\/wp-json\/wp\/v2\/users\/11"}],"replies":[{"embeddable":true,"href":"https:\/\/pix.house\/en\/wp-json\/wp\/v2\/comments?post=32040"}],"version-history":[{"count":20,"href":"https:\/\/pix.house\/en\/wp-json\/wp\/v2\/posts\/32040\/revisions"}],"predecessor-version":[{"id":32846,"href":"https:\/\/pix.house\/en\/wp-json\/wp\/v2\/posts\/32040\/revisions\/32846"}],"wp:featuredmedia":[{"embeddable":true,"href":"https:\/\/pix.house\/en\/wp-json\/wp\/v2\/media\/32108"}],"wp:attachment":[{"href":"https:\/\/pix.house\/en\/wp-json\/wp\/v2\/media?parent=32040"}],"wp:term":[{"taxonomy":"category","embeddable":true,"href":"https:\/\/pix.house\/en\/wp-json\/wp\/v2\/categories?post=32040"},{"taxonomy":"post_tag","embeddable":true,"href":"https:\/\/pix.house\/en\/wp-json\/wp\/v2\/tags?post=32040"}],"curies":[{"name":"wp","href":"https:\/\/api.w.org\/{rel}","templated":true}]}}