{"id":33787,"date":"2021-01-14T11:00:54","date_gmt":"2021-01-14T10:00:54","guid":{"rendered":"https:\/\/pix.house\/?p=33787"},"modified":"2021-01-14T11:00:54","modified_gmt":"2021-01-14T10:00:54","slug":"pixrok2020","status":"publish","type":"post","link":"https:\/\/pix.house\/en\/pixrok2020\/","title":{"rendered":"Podsumowanie PIX roku 2020"},"content":{"rendered":"<div class=\"wpb-content-wrapper\"><div class=\"vc_row wpb_row section vc_row-fluid \" style=' padding-top:2px; text-align:left;'><div class=\" full_section_inner clearfix\"><div class=\"wpb_column vc_column_container vc_col-sm-12\"><div class=\"vc_column-inner\"><div class=\"wpb_wrapper\">\n\t<div class=\"wpb_text_column wpb_content_element \">\n\t\t<div class=\"wpb_wrapper\">\n\t\t\t<p style=\"text-align: justify;\">Jaki by\u0142 2020 rok w <strong>PIX.HOUSE<\/strong>?<\/p>\n<p style=\"text-align: justify;\">Dla wielu tw\u00f3rc\u00f3w, NGO, kultury, dla wszystkich nas by\u0142 to bardzo trudny rok. Nie poddali\u015bmy si\u0119 jednak i starali\u015bmy si\u0119 by\u0107 z Wami w sta\u0142ym kontakcie oraz wspiera\u0107 Was w fotograficznych dzia\u0142aniach. Zorganizowali\u015bmy w tym ci\u0119\u017ckim czasie dwie <strong>wystawy<\/strong> fotografii (&#8222;Pies o dw\u00f3ch ogonach&#8221; Micha\u0142a Adamskiego w galerii PIX.HOUSE oraz &#8222;Klamra&#8221; na Wolnym Dziedzi\u0144cu Urz\u0119du Miasta Poznania).<\/p>\n<p>&nbsp;<\/p>\n\n<p>&nbsp;<\/p>\n<p>&nbsp;<\/p>\n<h4>Spotkania wok\u00f3\u0142 ksi\u0105\u017cek fotograficznych<\/h4>\n<hr \/>\n<p style=\"text-align: justify;\">Zaprosili\u015bmy Was na kolejn\u0105 edycj\u0119\u00a0 <a href=\"https:\/\/pix.house\/xprint2020\/\" target=\"_blank\" rel=\"noopener\"><strong>XPRINT <\/strong><\/a>(online), w ramach kt\u00f3rego odby\u0142o si\u0119 13 wydarze\u0144 (spotka\u0144 i premier ksi\u0105\u017cek). Dzi\u0119kujemy naszym wspania\u0142ym go\u015bciom i partnerom. W XPRINT udzia\u0142 wzi\u0119li: Diana Lelonek, Anna Bedy\u0144ska, Grzegorz Dembi\u0144ski, Rafa\u0142 Milach, Agnieszka Rayss, Arnis Balcus, Katarzyna Czarnota, Karol Grygoruk, Marta Bogda\u0144ska, Krzysiek Or\u0142owski, Monika Piotrowska i Photo News, Katarzyna Kubicka, Anna Na\u0142\u0119cka &#8211; Milach, Aneta Kowalczyk, Katarzyna Sagatowska i Monika Szewczyk Witek &#8211; Wszyscy Jeste\u015bmy Fotografami, uczestnicy warsztat\u00f3w M\u00f3j Fyrtel.<\/p>\n<p>&nbsp;<\/p>\n<p><iframe loading=\"lazy\" src=\"https:\/\/www.youtube.com\/embed\/videoseries?list=PLz2vrRxJvYMyG8KppSCPeCHmu3B9ZjvbF\" width=\"1100\" height=\"600\" frameborder=\"0\" allowfullscreen=\"allowfullscreen\"><\/iframe><\/p>\n<p style=\"text-align: right;\"><em>playlista (wyb\u00f3r film\u00f3w w prawym g\u00f3rnym rogu)<\/em><\/p>\n<h4>Papiery ze znakiem X<\/h4>\n<hr \/>\n<p style=\"text-align: justify;\">Premier\u0119 mia\u0142o 7 <strong>publikacji<\/strong> <a href=\"https:\/\/pix.house\/kategoria-produktu\/wydawnictwo-pix-house\/\" target=\"_blank\" rel=\"noopener\">wydawnictwa PIX.HOUSE<\/a>: &#8222;\u017bycie alternatywne&#8221; Moniki Piotrowskiej, &#8222;Echoes Shades&#8221; Piotra Zbierskiego, #stayathome_zin (we wsp\u00f3\u0142pracy z Krzy\u015bkiem Or\u0142owskim \/ Zinteka), &#8222;List do ch\u0142opca z latark\u0105&#8221; Grzegorza Dembi\u0144skiego, &#8222;Bo \u017cyj\u0119&#8221; Mariusza Stachowiaka, &#8222;plaintext&#8221; Marty Bogda\u0144skiej, &#8222;M\u00f3j Fyrtel&#8221; (zin powarsztatowy).<\/p>\n<p>&nbsp;<\/p>\n\n<p>&nbsp;<\/p>\n<h4>Edukacja fotograficzna<\/h4>\n<hr \/>\n<p style=\"text-align: justify;\">Dzielnie pracowali\u015bmy podczas kolejnej edycji <strong>warsztat\u00f3w<\/strong> &#8222;M\u00f3j Fyrtel&#8221;. W warsztatach udzia\u0142 wzi\u0119li: Agnieszka Zielonka, Damian Wolak, Dorota Siudowska, Grzegorz Maci\u0105g, Joanna Draszawka, Katarzyna Czerniak, Magdalena Jaro\u0144, Ma\u0142gorzata Gwiazdonik Muller, Marcin Pycha, Martyna Kamzol, Mateusz Kowalczyk, Maurycy Polewski, Micha\u0142 Czarnecki, Micha\u0142 Kucharczyk, Micha\u0142 Wojciechowski Prowadz\u0105cy: Micha\u0142 Adamski, Mariusz Forecki, Adrian Wykrota. Projekt zina: Krzysiek Or\u0142owski \/ Zinteka. Koordynacja dzia\u0142a\u0144: Anna Molter, Adrian Wykrota.<\/p>\n<p>&nbsp;<\/p>\n        <style>\r\n            #player33863{\r\n                width: 100%                \/* margin: 0 auto *\/\r\n            }\r\n                    <\/style>\r\n        <div>\r\n            <div id=\"player33863\" class=\"ytp-player\" data-options=\"{&quot;controls&quot;:[&quot;play-large&quot;,&quot;play&quot;,&quot;progress&quot;,&quot;duration&quot;,&quot;mute&quot;,&quot;volume&quot;,&quot;settings&quot;,&quot;fullscreen&quot;]}\">\r\n                <div class=\"plyr__video-embed embed-container\" id=\"player\">\r\n                    <iframe\r\n                        src=\"https:\/\/www.youtube.com\/embed\/ZLRJTix9exY\"\r\n                        allowfullscreen\r\n                        allowtransparency\r\n                        allow=\"autoplay\"\r\n                    ><\/iframe>\r\n                <\/div>\r\n               \r\n            <\/div>\r\n        <\/div>\r\n        \n<p>&nbsp;<\/p>\n<h4>Archiwum X<\/h4>\n<hr \/>\n<p style=\"text-align: justify;\">Zdigitalizowali\u015bmy kolejnych 200 fotografii w ramach &#8222;<strong>Archiwum<\/strong> <strong>Spo\u0142ecznego&#8221;<\/strong>.<\/p>\n<p>&nbsp;<\/p>\n\n<p>&nbsp;<\/p>\n<h4>Wsparcie<\/h4>\n<hr \/>\n<p style=\"text-align: justify;\">Odby\u0142a si\u0119 pi\u0105ta edycja <strong>konkursu<\/strong> &#8222;Talent Roku&#8221;. Na <strong>wsparcie<\/strong> tw\u00f3rc\u00f3w (stypendia, nagrody, przegl\u0105d portfolio, warsztaty) przeznaczyli\u015bmy \u0142\u0105czn\u0105 kwot\u0119: 13200 z\u0142.<\/p>\n<p>Kategoria ZIN CALL: zwyci\u0119\u017cczyni (wydanie zina, udzia\u0142 w warsztatach): <strong>Marta Bogda\u0144ska, <\/strong>wyr\u00f3\u017cnienia (udzia\u0142 w warsztatach): <strong>Julka Ko\u0142odziejczyk, Justyna G\u00f3rniak<\/strong>. Kategoria SCHOLAR:\u00a0zwyci\u0119zcy &#8211; <strong>Natalia Godek, Marcin Kruk <\/strong>(nagrody finansowe), wyr\u00f3\u017cnienia: <strong>Tomasz Kawecki<\/strong> (zestaw publikacji Pix.house), <strong>Maciej Ja\u017awiecki<\/strong> (zaproszenie do udzia\u0142u w wystawie Klamra). Dodatkowy przegl\u0105d portfolio zwyci\u0119\u017cy\u0142 <strong>Tomasz Kawecki.<\/strong> Ze wzgl\u0119du na zaci\u0119t\u0105 rywalizacj\u0119 nagroda g\u0142\u00f3wna zosta\u0142a podzielona na Tomasza Kaweckiego oraz <strong>Mart\u0119 Bogda\u0144sk\u0105<\/strong>. <strong>Marcin Kruk<\/strong> otrzyma\u0142 zestaw publikacji Pix.house.<\/p>\n\n<p>&nbsp;<\/p>\n<p><iframe loading=\"lazy\" src=\"https:\/\/www.youtube.com\/embed\/videoseries?list=PLz2vrRxJvYMwe_xGGWkERFN2AzGf2tbg9\" width=\"1100\" height=\"600\" frameborder=\"0\" allowfullscreen=\"allowfullscreen\"><\/iframe><\/p>\n<p style=\"text-align: right;\"><em>playlista (wyb\u00f3r film\u00f3w w prawym g\u00f3rnym rogu)<\/em><\/p>\n<h4><\/h4>\n<h4>Onliny<\/h4>\n<hr \/>\n<p style=\"text-align: justify;\">Zrealizowali\u015bmy projekt <a href=\"https:\/\/pix.house\/kws\/\" target=\"_blank\" rel=\"noopener\">&#8222;<strong>Kultura w sieci<\/strong>&#8222;<\/a> (materia\u0142y edukacyjne, rozmowy, przegl\u0105d portfolio). Wystartowali\u015bmy z <a href=\"https:\/\/www.youtube.com\/channel\/UCoplfTl86ceLNAYZU7M7-eg\" target=\"_blank\" rel=\"noopener\"><strong>kana\u0142em na YT<\/strong><\/a> publikuj\u0105c ponad 40 materia\u0142\u00f3w edukacyjnych (dzi\u0119kujemy za 16,500 wy\u015bwietle\u0144 i 2.1K h sp\u0119dzonych z nami). W czasie pierwszego lockdownu przeprowadzili\u015bmy 16 edycji bezp\u0142atnych <strong>konsultacji fotograficznych<\/strong> online. Udost\u0119pnili\u015bmy tak\u017ce bezp\u0142atnie obszerne fragmenty naszych ksi\u0105\u017cek do czytania.<\/p>\n<p>&nbsp;<\/p>\n<p><iframe loading=\"lazy\" src=\"https:\/\/www.youtube.com\/embed\/videoseries?list=PLz2vrRxJvYMxUJtP_WL_HMafIgLFkV5_H\" width=\"1100\" height=\"600\" frameborder=\"0\" allowfullscreen=\"allowfullscreen\"><\/iframe><\/p>\n<p style=\"text-align: right;\"><em>playlista (wyb\u00f3r film\u00f3w w prawym g\u00f3rnym rogu)<\/em><\/p>\n<h4>Si\u0142a wsp\u00f3\u0142pracy<\/h4>\n<hr \/>\n<p style=\"text-align: justify;\">Wsp\u00f3\u0142pracowali\u015bmy z naszymi <strong>partnerami <\/strong>realizuj\u0105c wsp\u00f3lne projekty (Uniwersytet Adama Mickiewicza &#8211; mi\u0119dzynarodowy projekt badawczy RurAction, Stowarzyszenie Jastrz\u0119bski Klub Fotografii \u201eNIEZALE\u017bNI\u201d\u00a0 &#8211; Jastrz\u0119bska Szko\u0142a Fotografii Dokumentalnej, OSK \u0141azarz &#8211; S\u0105siedzki Sylwester). Bardzo cieszymy si\u0119, \u017ce powsta\u0142a kolejna praca naukowa o Pix.house, kt\u00f3rej autork\u0105 jest Anna Molter. Na zako\u0144czenie studi\u00f3w &#8222;Audience development&#8221; na UAM Ania napisa\u0142a prac\u0119: &#8222;Pozaformalne dzia\u0142ania edukacyjne wp\u0142ywaj\u0105ce na rozw\u00f3j publiczno\u015bci&#8221;.\u00a0 Gratulujemy \u015bwietnej pracy i doskona\u0142ej oceny \ud83d\ude42<\/p>\n<p>&nbsp;<\/p>\n\n<p>&nbsp;<\/p>\n<h4>Laurki<\/h4>\n<hr \/>\n<p style=\"text-align: justify;\">Ciesz\u0105 r\u00f3wnie\u017c <strong>nagrody<\/strong>. Ksi\u0105\u017cka &#8222;Mechanizm&#8221; Mariusza Foreckiego, za projekt kt\u00f3rej odpowiada Andrzej Dobosz (dobosz.studio) zdoby\u0142a nagrod\u0119 na Picture Of The Year, tytu\u0142 ksi\u0105\u017cki roku na Grand Press Photo oraz wyr\u00f3\u017cnienie na Polish Graphic Design Awards oraz drugie miejsce w plebiscycie na ksi\u0105\u017ck\u0119 fotograficzn\u0105 roku Fotopolis. Ksi\u0105\u017cka Macieja Fiszera &#8222;WHITE&amp;BLACK&#8221; (r\u00f3wnie\u017c projektu Andrzeja Dobosza) otrzyma\u0142a nagrod\u0119 g\u0142\u00f3wn\u0105 na Polish Graphic Design Awards oraz Srebro w konkursie Klub Tw\u00f3rc\u00f3w Reklamy KTR. Ksi\u0105\u017cka Justyny Mielnikiewicz (projekt Kasia Kubicka) zaj\u0119\u0142a pierwsze miejsce w plebiscycie Fotopolis na Publikacj\u0119 Roku, znalaz\u0142a si\u0119 tak\u017ce w finale Pairs Photo &#8211; Photobook Award. Ksi\u0105\u017cka Micha\u0142a Adamskiego (projekt Andrzej Dobosz) zdoby\u0142a br\u0105zowy medal na BIFA 2020 (Budapest International Foto Awards). XPRINT oraz ksi\u0105\u017cki &#8222;Echoes Shades&#8221; Piotra Zbierskiego i &#8222;Bo \u017cyj\u0119&#8221; Mariusza Stachowiaka zosta\u0142y nominowane w plebiscycie Fotopolis 2020.<\/p>\n<p>&nbsp;<\/p>\n\n<p>&nbsp;<\/p>\n<h4>W terenie<\/h4>\n<hr \/>\n<p style=\"text-align: justify;\">Mimo trudnej sytuacji pandemicznej uda\u0142o nam si\u0119 zaprezentowa\u0107 <strong>wystawy fotografii i ksi\u0105\u017cek<\/strong> na FotoCamp, Festiwal Fotografii w Ramach Sopotu, festiwalach w Opolu, Rybniku, a tak\u017ce w Galerii Intymnej w Katowicach oraz podczas Festiwalu Prapremier w Bydgoszczy.<\/p>\n<p>&nbsp;<\/p>\n\n<p>&nbsp;<\/p>\n<h4>Wsparcie<\/h4>\n<hr \/>\n<p>Uda\u0142o nam si\u0119 tak\u017ce zorganizowa\u0107 dwie <strong>zbi\u00f3rki\/crowdfunding<\/strong>, kt\u00f3re zako\u0144czy\u0142y si\u0119 sukcesem. Dzi\u0119kujemy, \u017ce pomogli\u015bcie nam wyda\u0107 ksi\u0105\u017ck\u0119 &#8222;Echoes Shades&#8221; Piotra Zbierskiego oraz &#8222;List do ch\u0142opca z latark\u0105&#8221; Grzegorza Dembi\u0144skiego! Za coroczne wsparcie dzi\u0119kujemy tak\u017ce Izie i Mariuszowi Stolarskim.<\/p>\n<p>&nbsp;<\/p>\n\n<p>&nbsp;<\/p>\n<h4>5 lat min\u0119\u0142o &#8230;<\/h4>\n<hr \/>\n<p>W tym roku obchodzili\u015bmy pi\u0105t\u0105 rocznic\u0119 powstania miejsca dla fotografii Pix.house. Niestety nie by\u0142o hucznej imprezy, ale&#8230;. co si\u0119 odwlecze to nie uciesze \ud83d\ude42<\/p>\n<p>&nbsp;<\/p>\n        <style>\r\n            #player33928{\r\n                width: 100%                \/* margin: 0 auto *\/\r\n            }\r\n                    <\/style>\r\n        <div>\r\n            <div id=\"player33928\" class=\"ytp-player\" data-options=\"{&quot;controls&quot;:[&quot;play-large&quot;,&quot;play&quot;,&quot;progress&quot;,&quot;duration&quot;,&quot;mute&quot;,&quot;volume&quot;,&quot;settings&quot;,&quot;fullscreen&quot;]}\">\r\n                <div class=\"plyr__video-embed embed-container\" id=\"player\">\r\n                    <iframe\r\n                        src=\"https:\/\/www.youtube.com\/embed\/0xDu9twuWxw\"\r\n                        allowfullscreen\r\n                        allowtransparency\r\n                        allow=\"autoplay\"\r\n                    ><\/iframe>\r\n                <\/div>\r\n               \r\n            <\/div>\r\n        <\/div>\r\n        \n<p>&nbsp;<\/p>\n<p>Nasze dzia\u0142ania nie by\u0142yby mo\u017cliwe bez naszych <strong>partner\u00f3w<\/strong>:<\/p>\n<p><img loading=\"lazy\" decoding=\"async\" class=\"aligncenter size-full wp-image-22864\" src=\"https:\/\/pix.house\/wp-content\/uploads\/2015\/08\/marsza\u0142ek.jpg\" alt=\"\" width=\"397\" height=\"121\" srcset=\"https:\/\/pix.house\/wp-content\/uploads\/2015\/08\/marsza\u0142ek.jpg 397w, https:\/\/pix.house\/wp-content\/uploads\/2015\/08\/marsza\u0142ek-300x91.jpg 300w\" sizes=\"auto, (max-width: 397px) 100vw, 397px\" \/><img loading=\"lazy\" decoding=\"async\" class=\"aligncenter size-large wp-image-33788\" src=\"https:\/\/pix.house\/wp-content\/uploads\/2021\/01\/partnerbaner-1280x144.jpg\" alt=\"\" width=\"1060\" height=\"119\" srcset=\"https:\/\/pix.house\/wp-content\/uploads\/2021\/01\/partnerbaner-1280x144.jpg 1280w, https:\/\/pix.house\/wp-content\/uploads\/2021\/01\/partnerbaner-800x90.jpg 800w, https:\/\/pix.house\/wp-content\/uploads\/2021\/01\/partnerbaner-300x34.jpg 300w, https:\/\/pix.house\/wp-content\/uploads\/2021\/01\/partnerbaner-768x87.jpg 768w, https:\/\/pix.house\/wp-content\/uploads\/2021\/01\/partnerbaner-1536x173.jpg 1536w, https:\/\/pix.house\/wp-content\/uploads\/2021\/01\/partnerbaner-700x79.jpg 700w, https:\/\/pix.house\/wp-content\/uploads\/2021\/01\/partnerbaner-1100x124.jpg 1100w, https:\/\/pix.house\/wp-content\/uploads\/2021\/01\/partnerbaner-1320x149.jpg 1320w, https:\/\/pix.house\/wp-content\/uploads\/2021\/01\/partnerbaner.jpg 1792w\" sizes=\"auto, (max-width: 1060px) 100vw, 1060px\" \/><img loading=\"lazy\" decoding=\"async\" class=\"aligncenter size-full wp-image-24556\" src=\"https:\/\/pix.house\/wp-content\/uploads\/2017\/04\/Urz\u0105d-Marsza\u0142kowski-Wojew\u00f3dztwa-Wielkopolskiego-900x300.jpg\" alt=\"\" width=\"900\" height=\"300\" srcset=\"https:\/\/pix.house\/wp-content\/uploads\/2017\/04\/Urz\u0105d-Marsza\u0142kowski-Wojew\u00f3dztwa-Wielkopolskiego-900x300.jpg 900w, https:\/\/pix.house\/wp-content\/uploads\/2017\/04\/Urz\u0105d-Marsza\u0142kowski-Wojew\u00f3dztwa-Wielkopolskiego-900x300-300x100.jpg 300w, https:\/\/pix.house\/wp-content\/uploads\/2017\/04\/Urz\u0105d-Marsza\u0142kowski-Wojew\u00f3dztwa-Wielkopolskiego-900x300-768x256.jpg 768w, https:\/\/pix.house\/wp-content\/uploads\/2017\/04\/Urz\u0105d-Marsza\u0142kowski-Wojew\u00f3dztwa-Wielkopolskiego-900x300-600x200.jpg 600w, https:\/\/pix.house\/wp-content\/uploads\/2017\/04\/Urz\u0105d-Marsza\u0142kowski-Wojew\u00f3dztwa-Wielkopolskiego-900x300-700x233.jpg 700w, https:\/\/pix.house\/wp-content\/uploads\/2017\/04\/Urz\u0105d-Marsza\u0142kowski-Wojew\u00f3dztwa-Wielkopolskiego-900x300-800x267.jpg 800w\" sizes=\"auto, (max-width: 900px) 100vw, 900px\" \/><\/p>\n\n\t\t<\/div> \n\t<\/div> <\/div><\/div><\/div><\/div><\/div><div     class=\"vc_row wpb_row section vc_row-fluid \" style=' text-align:left;'><div class=\" full_section_inner clearfix\"><div class=\"wpb_column vc_column_container vc_col-sm-12\"><div class=\"vc_column-inner\"><div class=\"wpb_wrapper\">\n\t<div class=\"wpb_text_column wpb_content_element \">\n\t\t<div class=\"wpb_wrapper\">\n\t\t\t<p style=\"text-align: justify;\"><b>Serdecznie dzi\u0119kujemy za ten rok i pozdrawiamy!\u00a0<\/b><\/p>\n<p>zesp\u00f3\u0142 PIX.HOUSE: Mariusz Forecki, Adrian Wykrota, Anna Molter, Micha\u0142 Adamski, Andrzej Dobosz, Micha\u0142 Sita, Dominika \u0141ukaszewska<\/p>\n<p>Razem tworzymy miejsce dla fotografii&#8230;<\/p>\n\n\t\t<\/div> \n\t<\/div> <\/div><\/div><\/div><\/div><\/div>\n<\/div>","protected":false},"excerpt":{"rendered":"Jaki by\u0142 2020 rok w PIX.HOUSE? Dla wielu tw\u00f3rc\u00f3w, NGO, kultury, dla wszystkich nas by\u0142 to bardzo trudny rok. Nie poddali\u015bmy si\u0119 jednak i starali\u015bmy si\u0119 by\u0107 z Wami w sta\u0142ym kontakcie oraz wspiera\u0107 Was w fotograficznych dzia\u0142aniach. Zorganizowali\u015bmy w tym ci\u0119\u017ckim czasie dwie wystawy...","protected":false},"author":11,"featured_media":33806,"comment_status":"open","ping_status":"open","sticky":false,"template":"","format":"standard","meta":{"_monsterinsights_skip_tracking":false,"_monsterinsights_sitenote_active":false,"_monsterinsights_sitenote_note":"","_monsterinsights_sitenote_category":0,"footnotes":""},"categories":[59],"tags":[],"class_list":["post-33787","post","type-post","status-publish","format-standard","has-post-thumbnail","hentry","category-co-z-ta-fotografia"],"_links":{"self":[{"href":"https:\/\/pix.house\/en\/wp-json\/wp\/v2\/posts\/33787","targetHints":{"allow":["GET"]}}],"collection":[{"href":"https:\/\/pix.house\/en\/wp-json\/wp\/v2\/posts"}],"about":[{"href":"https:\/\/pix.house\/en\/wp-json\/wp\/v2\/types\/post"}],"author":[{"embeddable":true,"href":"https:\/\/pix.house\/en\/wp-json\/wp\/v2\/users\/11"}],"replies":[{"embeddable":true,"href":"https:\/\/pix.house\/en\/wp-json\/wp\/v2\/comments?post=33787"}],"version-history":[{"count":18,"href":"https:\/\/pix.house\/en\/wp-json\/wp\/v2\/posts\/33787\/revisions"}],"predecessor-version":[{"id":33935,"href":"https:\/\/pix.house\/en\/wp-json\/wp\/v2\/posts\/33787\/revisions\/33935"}],"wp:featuredmedia":[{"embeddable":true,"href":"https:\/\/pix.house\/en\/wp-json\/wp\/v2\/media\/33806"}],"wp:attachment":[{"href":"https:\/\/pix.house\/en\/wp-json\/wp\/v2\/media?parent=33787"}],"wp:term":[{"taxonomy":"category","embeddable":true,"href":"https:\/\/pix.house\/en\/wp-json\/wp\/v2\/categories?post=33787"},{"taxonomy":"post_tag","embeddable":true,"href":"https:\/\/pix.house\/en\/wp-json\/wp\/v2\/tags?post=33787"}],"curies":[{"name":"wp","href":"https:\/\/api.w.org\/{rel}","templated":true}]}}