{"id":34446,"date":"2021-06-25T12:09:28","date_gmt":"2021-06-25T10:09:28","guid":{"rendered":"https:\/\/pix.house\/?p=34446"},"modified":"2021-06-25T14:45:57","modified_gmt":"2021-06-25T12:45:57","slug":"talent2021_wyniki","status":"publish","type":"post","link":"https:\/\/pix.house\/en\/talent2021_wyniki\/","title":{"rendered":"Talent Roku 2021 | wyniki"},"content":{"rendered":"<div class=\"wpb-content-wrapper\"><div class=\"vc_row wpb_row section vc_row-fluid\" style=' padding-top:2px; text-align:left;'><div class=\"full_section_inner clearfix\"><div class=\"wpb_column vc_column_container vc_col-sm-12\"><div class=\"vc_column-inner\"><div class=\"wpb_wrapper\">\n\t<div class=\"wpb_text_column wpb_content_element\">\n\t\t<div class=\"wpb_wrapper\">\n\t\t\t<p><strong>Jury<\/strong> w sk\u0142adzie: Renata D\u0105browska, Krzysiek Or\u0142owski, Mariusz Forecki i Adrian Wykrota rozstrzygn\u0119\u0142o sz\u00f3st\u0105 edycj\u0119 konkursu Talent Roku organizowanego przez Fundacj\u0119 <strong>Pix.house<\/strong> we wsp\u00f3\u0142pracy z <strong>Zintek\u0105<\/strong>. Na konkurs wp\u0142yn\u0119\u0142o <strong>146 zg\u0142osze\u0144<\/strong> (1200 zdj\u0119\u0107). Poziom nades\u0142anych prac by\u0142 bardzo wysoki. Gratulujemy wszystkim zaanga\u017cowania, wra\u017cliwego spojrzenia i ch\u0119ci zapisu otaczaj\u0105cego nas \u015bwiata za pomoc\u0105 fotografii.<\/p>\n<p>&nbsp;<\/p>\n<p><img loading=\"lazy\" decoding=\"async\" class=\"aligncenter size-full wp-image-34210\" src=\"https:\/\/pix.house\/wp-content\/uploads\/2021\/04\/TALENT-ROKU-2021_male.jpg\" alt=\"\" width=\"1200\" height=\"846\" srcset=\"https:\/\/pix.house\/wp-content\/uploads\/2021\/04\/TALENT-ROKU-2021_male.jpg 1200w, https:\/\/pix.house\/wp-content\/uploads\/2021\/04\/TALENT-ROKU-2021_male-800x564.jpg 800w, https:\/\/pix.house\/wp-content\/uploads\/2021\/04\/TALENT-ROKU-2021_male-300x212.jpg 300w, https:\/\/pix.house\/wp-content\/uploads\/2021\/04\/TALENT-ROKU-2021_male-768x541.jpg 768w, https:\/\/pix.house\/wp-content\/uploads\/2021\/04\/TALENT-ROKU-2021_male-700x494.jpg 700w, https:\/\/pix.house\/wp-content\/uploads\/2021\/04\/TALENT-ROKU-2021_male-1100x776.jpg 1100w\" sizes=\"auto, (max-width: 1200px) 100vw, 1200px\" \/><\/p>\n<p>&nbsp;<\/p>\n<p>Talent Roku to proces tw\u00f3rczy. Wyr\u00f3\u017cnieni wezm\u0105 udzia\u0142 w warsztatach, konsultacjach i przegl\u0105dzie portfolio. Zwyci\u0119zcy kategorii Scholar otrzymuj\u0105 nagrod\u0119 finansow\u0105, a zwyci\u0119zca Zincall udzia\u0142 w procesie produkcji i wydruk ma\u0142ej publikacji (zina). \u0141\u0105czna pula nagr\u00f3d w konkursie &#8211; 11.000 z\u0142.<\/p>\n<p>&nbsp;<\/p>\n<p><span style=\"font-weight: 400;\">Tytu\u0142 <strong>Talent Roku 2021<\/strong> otrzymuje <\/span><b>J\u0119drzej Nowicki<\/b>!<\/p>\n<p>&nbsp;<\/p>\n<h5>The Scars\/Blizny<\/h5>\n<p>Projekt to zapis najwi\u0119kszego w historii wsp\u00f3\u0142czesnej Bia\u0142orusi wolno\u015bciowego zrywu. Masowe protesty rozpocz\u0119\u0142y si\u0119 w sierpniu 2020 roku i pozostawi\u0142y g\u0142\u0119bokie \u015blady w bia\u0142oruskim spo\u0142ecze\u0144stwie.<\/p>\n<p>Prezydent Aleksander \u0141ukaszenko, kt\u00f3ry sprawuje urz\u0105d od 26 lat i aparat jego pa\u0144stwa, pr\u00f3bowali brutalnie zdusi\u0107 bia\u0142oruski op\u00f3r. W nocy z 9 na 10 sierpnia 2020 r. dosz\u0142o do gwa\u0142townych protest\u00f3w przeciwko re\u017cimowi. Wtedy te\u017c og\u0142oszono wst\u0119pne wyniki wybor\u00f3w, wed\u0142ug kt\u00f3rych \u0141ukaszenko mia\u0142 wygra\u0107 wybory ogromn\u0105 wi\u0119kszo\u015bci\u0105 g\u0142os\u00f3w.<\/p>\n<p>Blizny, kt\u00f3re s\u0105 pozosta\u0142o\u015bci\u0105 protest\u00f3w i odpowiedzi re\u017cimu s\u0105 te\u017c tematem tego projektu, Maj\u0105 r\u00f3\u017cny wymiar. To blizny fizyczne &#8211; siniaki, otarcia, z\u0142amania. Ale to te\u017c blizny psychiczne &#8211; traumy.<\/p>\n<p>To co dzieje si\u0119 teraz w Bia\u0142orusi zostawi po sobie g\u0142\u0119bokie blizny tak\u017ce w tkance spo\u0142ecznej &#8211; podzia\u0142 na dwa spo\u0142ecze\u0144stwa zarysowuje si\u0119 ju\u017c teraz.<\/p>\n<p>Bohaterami tych zdj\u0119\u0107 s\u0105 pobici przez re\u017cim protestuj\u0105cy, rodziny zamordowanych przez s\u0142u\u017cby czy obywatele sprzeciwiaj\u0105cy si\u0119 przemocy i pragn\u0105cy wolno\u015bci. Ale to te\u017c nastoletni \u017co\u0142nierze wci\u0105gni\u0119ci w \u015brodek konfliktu, kt\u00f3ry nigdy nie by\u0142 ich celem.<\/p>\n<p>&nbsp;<\/p>\n\n<p>&nbsp;<\/p>\n<h5>ZIN CALL<\/h5>\n<p><strong>zwyci\u0119zca<\/strong> <em>(publikacja zina, udzia\u0142 w warsztatach edycyjnych, udzia\u0142 w przegl\u0105dzie portfolio)<\/em><\/p>\n<p>&nbsp;<\/p>\n<p><strong>J\u0119drzej Nowicki <\/strong><\/p>\n<h5><strong><span style=\"font-weight: 400;\">The Scars\/Blizny<\/span><\/strong><\/h5>\n<p>&nbsp;<\/p>\n<p><b>wyr\u00f3\u017cnienia<\/b><em><span style=\"font-weight: 400;\"> (warsztaty edycyjne, udzia\u0142 w przegl\u0105dzie portfolio)<\/span><\/em><\/p>\n<p>&nbsp;<\/p>\n<p><b>Alicja <\/b><b>\u0141ab\u0105d\u017a<\/b><\/p>\n<h5><span style=\"font-weight: 400;\">Strike a Pose<\/span><\/h5>\n<p>&nbsp;<\/p>\n<p><span style=\"font-weight: 400;\">D\u0142ugo przed tym zanim zobaczysz swoja twarz na ok\u0142adkach b\u0142yszcz\u0105cych magazyn\u00f3w sprzedawanych w kioskach, czy banerach reklamowych luksusowych butik\u00f3w. B\u0119dziesz musia\u0142a przej\u015b\u0107 przez niezliczon\u0105 liczb\u0119 casting\u00f3w, studio fotograficznych, szk\u00f3\u0142 wiza\u017cu, czy pracowni projektant\u00f3w. Oczywi\u015bcie wszystko to, b\u0119dzie si\u0119 dzia\u0107 w krajach dalekich od tego, w kt\u00f3rym si\u0119 wychowa\u0142a\u015b. Nikt nie m\u00f3wi\u0142, \u017ce b\u0119dzie \u0142atwo- je\u015bli Ci si\u0119 poszcz\u0119\u015bci zarobisz pierwsze, prawdziwe pieni\u0105dze po drugim kontrakcie w Azji, kt\u00f3re pomog\u0105 Ci otrze\u0107 \u0142zy frustracji i demotywacji. Musisz pami\u0119ta\u0107, \u017ceby by\u0107 silna, pewna siebie i cierpliwa. Nie zapominaj o u\u015bmiechu, nawet je\u015bli Twoja szesnastoletnia wsp\u00f3\u0142lokatorka doprowadza Ci\u0119 do sza\u0142u. Klienci nie lubi\u0105 obra\u017conych modelek, prawda? Prawdopodobnie nawet nie dostaniesz tej pracy, na kt\u00f3r\u0105 tak bardzo liczy\u0142a\u015b z powodu innej szesnastoletniej dziewczyny- ona jest w tym biznesie dwa lata d\u0142u\u017cej od Ciebie, jej portfolio jest wi\u0119ksze a biodra w\u0119\u017csze. Po prostu si\u0119 nie poddawaj, poniewa\u017c, w ko\u0144cu, kto\u015b da Ci szanse. Wykorzystaj ten moment, bo jedyne co musisz wtedy zrobi\u0107 to zapozowa\u0107.\u00a0<\/span><\/p>\n<p>&nbsp;<\/p>\n<p><span style=\"font-weight: 400;\">Rozpocz\u0119\u0142am prac\u0119 nad projektem Strike A Pose w sierpniu 2018 roku, podczas mojego pierwszego wyjazdu do Korei Po\u0142udniowej. Od tamtej pory pracowa\u0142am jako modelka w Chinach, Japonii i Europie, sp\u0119dzaj\u0105c na kontraktach \u0142\u0105cznie ponad rok. Moim celem jest pokazanie codziennego \u017cycia modelek, bez nak\u0142adania na nie idealnego filtra, kojarzonego z estetyk\u0105 zdj\u0119\u0107 z Instagrama. Chc\u0119 urealni\u0107 zaw\u00f3d modelki, u\u015bwiadomi\u0107 \u017ce jest to wymagaj\u0105ca i nie do ko\u0144ca wdzi\u0119czna praca, kt\u00f3ra posiada tyle samo zalet, jak i wad. W projekcie Strike A Pose pozwalam odbiorcom zajrze\u0107 za kurtyn\u0119, wygl\u0105daj\u0105cej na luksusow\u0105, bran\u017cy jak\u0105 jest moda. Demitologizuje \u015bwiat blichtru i drogich marek, jaki kojarzony jest z prac\u0105 modelki. Robi\u0119 krok wstecz, w odniesieniu do socialmedi\u00f3w, gdzie nikt nie chce pokaza\u0107, \u017ce luksusowy apartament modelek, wcale taki wymarzony nie jest. Skupiam si\u0119 na obrazowaniu w\u0142asnych do\u015bwiadcze\u0144, jak i dziewczyn, kt\u00f3re spotka\u0142am podczas kontrakt\u00f3w. Do\u015bwiadcze\u0144, o kt\u00f3rych Modelki boj\u0105 si\u0119 m\u00f3wi\u0107.<\/span><\/p>\n<p>&nbsp;<\/p>\n<p>&nbsp;<\/p>\n\n<p>&nbsp;<\/p>\n<p><b>Filip Piotrowicz <\/b><\/p>\n<h5><span style=\"font-weight: 400;\">DEGURBA 3<\/span><\/h5>\n<p>&nbsp;<\/p>\n<p><span style=\"font-weight: 400;\">W moim projekcie postanowi\u0142em przyjrze\u0107 si\u0119 wsp\u00f3\u0142czesnej polskiej wsi przez pryzmat historii m\u0142odych os\u00f3b je\u017cd\u017c\u0105cych na deskorolkach. Sam dorasta\u0142em w ma\u0142ej miejscowo\u015bci i tak jak znaczna wi\u0119kszo\u015b\u0107 moich znajomych mam za sob\u0105 wyjazd do du\u017cego miasta.<\/span><\/p>\n<p>&nbsp;<\/p>\n<p><span style=\"font-weight: 400;\">Bohater\u00f3w mojego projektu szuka\u0142em na forum deskorolkowym na Facebook&#8217;u. Do\u0142\u0105czy\u0142em do grupy i wstawi\u0142em post, w kt\u00f3rym napisa\u0142em, \u017ce chcia\u0142bym odwiedzi\u0107 z aparatem skejt\u00f3w z wiosek. Nie chc\u0105c nikogo onie\u015bmieli\u0107 czy wystraszy\u0107, zaznaczy\u0142em, \u017ce nie b\u0119d\u0119 robi\u0142 zdj\u0119\u0107 trik\u00f3w. W p\u00f3\u0142 godziny mia\u0142em list\u0119 kilkudziesi\u0119ciu ch\u0119tnych z ca\u0142ej Polski. Wybiera\u0142em jak najmniejsze wsie. Kogo znalaz\u0142em? Zapalonych, pe\u0142nych energii i marze\u0144 m\u0142odych ludzi \u2013 pr\u00f3buj\u0105cych zmienia\u0107 otoczenie i dostosowywa\u0107 je do swoich potrzeb \u2013 zupe\u0142nie niedaj\u0105cych si\u0119 zaszufladkowa\u0107, \u0142ami\u0105cych stereotypy dotycz\u0105ce prowincji. Nied\u0142ugo pewnie wyjad\u0105. Ale jeszcze nie teraz. Na razie jest deskorolka, nawi\u0105zywanie znajomo\u015bci i odkrywanie.<\/span><\/p>\n<p>&nbsp;<\/p>\n<p><span style=\"font-weight: 400;\">DEGURBA \u2013 stopie\u0144 urbanizacji terenu wed\u0142ug klasyfikacji unijnej (od ang. degree of urbanisation). Dzieli si\u0119 na trzy stopnie: miasta (1), ma\u0142e miasta lub przedmie\u015bcia (2) oraz wsie (3). Wed\u0142ug tej klasyfikacji wszystkie osoby mieszkaj\u0105ce we wsiach, czyli \u201ew degurbie 3\u201d, znajduj\u0105 si\u0119 w trudnej sytuacji \u017cyciowej.\u00a0<\/span><\/p>\n<p>&nbsp;<\/p>\n<p>&nbsp;<\/p>\n\n<p>&nbsp;<\/p>\n<h5>SCHOLAR<\/h5>\n<p><strong>zwyci\u0119zcy<\/strong> <em><span style=\"font-weight: 400;\">(nagrody finansowe po 1500 z\u0142, udzia\u0142 w przegl\u0105dzie portfolio, konsultacja projektu) <\/span><\/em><\/p>\n<p>&nbsp;<\/p>\n<p><strong>J\u0119drzej Nowicki <\/strong><\/p>\n<h5><strong><span style=\"font-weight: 400;\">The Scars\/Blizny<\/span><\/strong><\/h5>\n<p>&nbsp;<\/p>\n<p><b>Marta Szymanowska <\/b><\/p>\n<h5><span style=\"font-weight: 400;\">Hydra<\/span><\/h5>\n<p>&nbsp;<\/p>\n<p><span style=\"font-weight: 400;\">Ujmuj\u0105c cz\u0142owieka w relacji do siebie samego oraz w stosunku do innych ludzi, to\u017csamo\u015b\u0107 stanowi nadrz\u0119dny regulator psychospo\u0142ecznego funkcjonowania jednostki.\u00a0<\/span><\/p>\n<p><span style=\"font-weight: 400;\">Naruszenie odr\u0119bno\u015bci i sp\u00f3jno\u015bci to\u017csamo\u015bci ma destrukcyjny wp\u0142yw na emocjonalny dobrostan jednostki i jej samoocen\u0119, dlatego korzystaj\u0105c z arsena\u0142u mechanizm\u00f3w obronnych, dok\u0142adamy wszelkich stara\u0144, aby nasz wyobra\u017cenie o nas samych pozosta\u0142o nienaruszone.\u00a0<\/span><\/p>\n<p>&nbsp;<\/p>\n<p><span style=\"font-weight: 400;\">Budujemy skomplikowane tamy i systemy, \u017ceby nie dopu\u015bci\u0107 do \u015bwiadomo\u015bci konfliktowych i zagra\u017caj\u0105cych aspekt\u00f3w \u017cycia psychicznego i\u00a0 zneutralizowa\u0107 dyskomfort psychiczny broni\u0105c wyidealizowanego obrazu w\u0142asnego ja. Nasz umys\u0142 stosuje naturalne strategie maj\u0105ce za zadanie chroni\u0107 nas przed trudnymi, ci\u0119\u017ckimi i nieakceptowanymi do\u015bwiadczeniami.\u00a0<\/span><\/p>\n<p>&nbsp;<\/p>\n<p><span style=\"font-weight: 400;\">W przyrodzie jednak nic nie ginie- odrzucona rzeczywisto\u015b\u0107 zepchni\u0119ta do pod\u015bwiadomo\u015bci pr\u0119dzej czy p\u00f3\u017aniej znajdzie uj\u015bcie. Wypieranie niewygodnych wspomnie\u0144\u00a0 daje chwilow\u0105 u\u0142ud\u0119 stabilno\u015bci, \u017ceby z czasem wybrzmie\u0107 ze zdwojon\u0105 si\u0142\u0105 niczym odrastaj\u0105ce g\u0142owy hydry.\u00a0<\/span><\/p>\n<p>&nbsp;<\/p>\n<p><span style=\"font-weight: 400;\">Unikaj\u0105c konfrontacji \u017cyjemy w prze\u015bwiadczeniu, \u017ce nad wszystkim mamy kontrol\u0119, jednak w\u00a0 najmniej odpowiednim momencie okazuje si\u0119, \u017ce mur na kt\u00f3rego budow\u0119 po\u015bwi\u0119cili\u015bmy tak du\u017co wysi\u0142ku, to tylko prowizoryczna fortyfikacja, barykada z klock\u00f3w lego.<\/span><\/p>\n<p>&nbsp;<\/p>\n<p>&nbsp;<\/p>\n\n<p>&nbsp;<\/p>\n<p>&nbsp;<\/p>\n<p><b>wyr\u00f3\u017cnienia<\/b><em><span style=\"font-weight: 400;\"> (udzia\u0142 w przegl\u0105dzie portfolio, publikacje ksi\u0105\u017ckowe)<\/span><\/em><\/p>\n<p>&nbsp;<\/p>\n<p><b>Aneta Nytko<\/b><\/p>\n<h5><span style=\"font-weight: 400;\">Nauka latania &#8211; zaj\u0119cia terenowe<\/span><\/h5>\n<p>&nbsp;<\/p>\n<p><span style=\"font-weight: 400;\">My\u015bla\u0142am, \u017ce ptaki ucz\u0105 si\u0119 przez na\u015bladownictwo, opuszczaj\u0105c gniazdo na\u015bladuj\u0105 ruchy skrzyde\u0142 doros\u0142ych, \u017ceby opanowa\u0107 najwa\u017cniejsz\u0105 umiej\u0119tno\u015b\u0107 \u017cyciow\u0105 &#8211; latanie.<\/span><\/p>\n<p><span style=\"font-weight: 400;\">Jest jednak jeszcze pami\u0119\u0107 ukryta, ukryte wspomnienie latania zapisane w uk\u0142adzie nerwowym przez poprzednie pokolenia.<\/span><\/p>\n<p>&nbsp;<\/p>\n<p><span style=\"font-weight: 400;\">M\u00f3j syn opuszcza gniazdo. Te zdj\u0119cia to notatki, intymny zapis z naszej nauki latania. To projekt \u015bwie\u017cy, w kt\u00f3rym ilustruj\u0119 nasze emocje, relacje, proces przemiany oraz szukam odpowiedzi na pytanie o rodzinn\u0105, pokoleniow\u0105 pami\u0119\u0107 ukryt\u0105.<\/span><\/p>\n<p>&nbsp;<\/p>\n<p>&nbsp;<\/p>\n\n<p>&nbsp;<\/p>\n<p>&nbsp;<\/p>\n<p><b>Jadwiga Janowska <\/b><\/p>\n<h5><span style=\"font-weight: 400;\">Bohaterowie narodu<\/span><\/h5>\n<p>&nbsp;<\/p>\n<p><span style=\"font-weight: 400;\">W ostatnim czasie \u015bciany polskich blokowisk sta\u0142y si\u0119 t\u0142em dla postaw b\u0119d\u0105cych swojsk\u0105 mieszank\u0105 historycznych narracji z p\u00f3\u017ano-kapitalistycznym konsumpcjonizmem. Wizualnym objawem tych zjawisk s\u0105 zar\u00f3wno patriotyczne murale, jak r\u00f3wnie\u017c moda na noszenie ubra\u0144 w kolorach bia\u0142o-czerwonych przyozdabianych wizerunkami narodowych bohater\u00f3w nazwana przez publicyst\u00f3w mianem \u201ekonfekcyjnego patriotyzmu\u201d. Korzystaj\u0105c ze strategii charakterystycznych dla wsp\u00f3\u0142czesnej fotografii modowej i inscenizowanego dokumentu prezentowany projekt rozgrywa si\u0119 wok\u00f3\u0142 wchodz\u0105cego w doros\u0142o\u015b\u0107 pokolenia dzisiejszych dwudziestoparolatk\u00f3w, dla kt\u00f3rych poszukiwanie indywidualnej to\u017csamo\u015bci cz\u0119sto \u0142\u0105czy si\u0119 z publiczn\u0105 manifestacj\u0105 narodowej przynale\u017cno\u015bci. W swoje fotografie autorka anga\u017cuje znajomych r\u00f3wie\u015bnik\u00f3w a wsp\u00f3lne performowanie przerysowanych r\u00f3l, kreowanie wyobra\u017conych postaci jest pr\u00f3b\u0105 krytycznego przepracowania zaobserwowanych zjawisk. Przyjmowane przez modelki i modeli pozy sytuuj\u0105 ich cia\u0142a w przestrzeniach opozycji: wzajemnego przyci\u0105gania i odpychania, blisko\u015bci i dystansu, si\u0142y i niepewno\u015bci. To niepokoj\u0105ce spl\u0105tanie staje si\u0119 metafor\u0105 wewn\u0119trznej walki i oporu wobec zmieniaj\u0105cych si\u0119 wzorc\u00f3w i r\u00f3l.\u00a0<\/span><\/p>\n<p><span style=\"font-weight: 400;\">Tekst: Krzysztof Szewczyk<\/span><\/p>\n<p>&nbsp;<\/p>\n<p>&nbsp;<\/p>\n\n<p>&nbsp;<\/p>\n<p>&nbsp;<\/p>\n<p><b>wyr\u00f3\u017cnienia honorowe<\/b><\/p>\n<p>&nbsp;<\/p>\n<p><b>Martyna Nitkowska<\/b><\/p>\n<h5><span style=\"font-weight: 400;\">WE ARE FIVE<\/span><\/h5>\n<p>&nbsp;<\/p>\n<p><span style=\"font-weight: 400;\">Rzadko jeste\u015bmy razem, ale gdy ju\u017c ich widz\u0119, nieub\u0142aganie wyjmuj\u0119 aparat. Obserwuj\u0119 ich gesty &#8211; skupienie na twarzy, grymasy, u\u015bmiechy. Patrz\u0119 jakimi rzeczami si\u0119 otaczaj\u0105, jakimi lud\u017ami si\u0119 staj\u0105. Kiedy\u015b by\u0142am sama, teraz jest nas pi\u0105tka.\u00a0<\/span><\/p>\n<p>&nbsp;<\/p>\n<p><span style=\"font-weight: 400;\">We are five to opowie\u015b\u0107 o mojej relacji z czw\u00f3rk\u0105 m\u0142odszego rodze\u0144stwa &#8211; Kseni\u0105, Id\u0105, Klar\u0105 i Jeremim. W listopadzie moja rodzina wyprowadzi\u0142a si\u0119 z domu, w kt\u00f3rym najm\u0142odsza tr\u00f3jka sp\u0119dzi\u0142a ca\u0142e swoje dotychczasowe dzieci\u0144stwo. Zauwa\u017cy\u0142am jak wszystkie rodzinne chwile przelatuj\u0105 nam przez palce, dlatego postanowi\u0142am zrobi\u0107 memuar, aby\u015bmy kiedy\u015b mogli cofn\u0105\u0107 si\u0119 do czas\u00f3w dzieci\u0144stwa i niewinno\u015bci.<\/span><\/p>\n<p>&nbsp;<\/p>\n<p><span style=\"font-weight: 400;\">Kiedy wyprowadza\u0142am si\u0119 na studia, Jeremi podarowa\u0142 mi rysunek przedstawiaj\u0105cy pi\u0119cio-psiaczki, ka\u017cdego ponumerowa\u0142 i powiedzia\u0142, \u017ce to my &#8211; nasza pi\u0105tka.\u00a0<\/span><\/p>\n<p>&nbsp;<\/p>\n<p>&nbsp;<\/p>\n\n<p>&nbsp;<\/p>\n<p>&nbsp;<\/p>\n<p><b>Marzena Wystrach <\/b><\/p>\n<h5><\/h5>\n<p><span style=\"font-weight: 400;\">Fotoreporta\u017c przedstawia dzie\u0144 protest\u00f3w przeciwko kobietob\u00f3jstwu, z dnia 8 marca 2020, w mie\u015bcie Meksyk<\/span><\/p>\n<p>&nbsp;<\/p>\n<p><span style=\"font-weight: 400;\">O kobietob\u00f3jstwie w Meksyku m\u00f3wi si\u0119 i pisze bardzo du\u017co na ca\u0142ym \u015bwiecie, niewiele si\u0119 jednak zmienia. Ofiar\u0105 morderstw pada \u015brednio 10 kobiet dziennie, z czego 3 klasyfikuje si\u0119 jako kobietob\u00f3jstwo, cho\u0107 obro\u0144cy praw kobiet uwa\u017caj\u0105, \u017ce ten odsetek jest du\u017cy wy\u017cszy. Kobietob\u00f3jstwo uznawane jest wtedy, gdy kobiety mordowane s\u0105 ze wzgl\u0119du na sam fakt, \u017ce s\u0105 kobietami, przez m\u0119\u017cczyzn motywowanych mizogini\u0105 i seksizmem. Mordercy unikaj\u0105 wi\u0119zienia (cho\u0107 cz\u0119sto znana jest ich to\u017csamo\u015b\u0107) albo dostaj\u0105 niskie kary, cho\u0107 Meksyk jest pierwszym krajem, kt\u00f3ry uzna\u0142 w kodeksie karnym kobietob\u00f3jstwo jako osobn\u0105 zbrodni\u0119, zagro\u017con\u0105 podwy\u017cszon\u0105 kar\u0105 (od 40 do 60 lat wi\u0119zienia).<\/span><\/p>\n<p><span style=\"font-weight: 400;\">Do tego dochodzi molestowanie seksualne. 9 na 10 kobiet przyznaje, \u017ce tylko w zesz\u0142ym roku do\u015bwiadczy\u0142y molestowania w \u015brodkach transportu. Dlatego wydzielono kilka wagon\u00f3w metra i specjalne strefy w autobusach tylko dla kobiet (a nawet wej\u015bcia do tych wagon\u00f3w). Oko\u0142o 80 tysi\u0119cy wysz\u0142o na ulice miasta 8 marca 2020 w mie\u015bcie Meksyk, by protestowa\u0107. W pewnym momencie do akcji wkroczy\u0142a grupa kobiet, nazywanych w mediach jako \u201czakapturzone\u201d, poniewa\u017c mia\u0142y twarze ukryte pod chustkami i kominiarkami, kt\u00f3re rozpocz\u0119\u0142y demolk\u0119 miasta. Rozwala\u0142y wszystko co stan\u0119\u0142o im na drodze, malowa\u0142y \u015bciany, rozbija\u0142y witryny, podpala\u0142y samochody. \u201cNi una menos\u201d (ani jednej mniej), \u201cNos disculpen molestias, pero nos estan matando\u201d (przepraszamy, \u017ce przeszkadzamy, ale jeste\u015bmy mordowane), \u201cSomos la voz, de las que ya no estan\u201d (jeste\u015bmy g\u0142osem tych, kt\u00f3rych ju\u017c nie ma) \u2013 to niekt\u00f3re z ich hase\u0142.<\/span><\/p>\n<p>&nbsp;<\/p>\n<p>&nbsp;<\/p>\n\n<p>&nbsp;<\/p>\n<p>&nbsp;<\/p>\n<p><b>Katarzyna Piechowicz <\/b><\/p>\n<h5><span style=\"font-weight: 400;\">Romni<\/span><\/h5>\n<p>&nbsp;<\/p>\n<p>Romowie stanowi\u0105 jedn\u0105 z czterech g\u0142\u00f3wnych mniejszo\u015bci zamieszkuj\u0105cych Polsk\u0119. Szacuje si\u0119, \u017ce ich liczba stanowi od 20 000 do 25 000 tys. os\u00f3b. W tym kraju wyr\u00f3\u017cniamy cztery grupy: Polska Roma, Bergitka Roma, Lowarzy, Ke\u0142derasze.<\/p>\n<p>W spo\u0142ecze\u0144stwie wi\u0119kszo\u015bciowym wci\u0105\u017c istnieje wiele podzia\u0142\u00f3w i uprzedze\u0144 wobec Rom\u00f3w zakorzenionych w negatywnych stereotypach, w zwi\u0105zku z tym dochodzi do sytuacji ich wielopokoleniowego wykluczenia. Wobec romskiej mniejszo\u015bci Polacy pozostaj\u0105 cz\u0119sto nieufni i l\u0119kliwi, co niekiedy skutkuje pr\u00f3b\u0105 odgradzania si\u0119 \u2013 stawianiem mur\u00f3w, zar\u00f3wno tych fizycznych, jak i tych mentalnych. Okazuje si\u0119, \u017ce Romowie s\u0105 najbardziej znienawidzon\u0105 grup\u0105 etniczn\u0105 w Polsce, pozostaj\u0105c przy tym jednocze\u015bnie grup\u0105 najbardziej nieznan\u0105. Romofobia jest zwi\u0105zana ze spo\u0142ecze\u0144stwem wi\u0119kszo\u015bciowym, i jest to jedna z ostatnich akceptowalnych form rasizmu. Bardzo krzywdz\u0105ce jest postrzeganie tej grupy jako jednorodnej, kt\u00f3ra ma okre\u015blone cechy. Te cechy maj\u0105 by\u0107 niezbywalne. Rzeczywisto\u015b\u0107 jednak wygl\u0105da nieco inaczej.<\/p>\n<p>Na Romsk\u0105 odmienno\u015b\u0107 sk\u0142adaj\u0105 si\u0119 inne zwyczaje, tradycje, wierzenia, dialekty j\u0119zykowe. Jedn\u0105 z kwestii, kt\u00f3ra najbardziej pozostaje to\u017csama dla wszystkich czterech grup jest osobliwy stosunek do kobiety i rozumienie jej roli w spo\u0142eczno\u015bci.<\/p>\n<p>Stanowisko spo\u0142eczne dla Romni, kobiety romskiej, warunkuje wewn\u0119trzny system prawno \u2013 obyczajowy, oparty na kodeksie Romanipen, czyli wewn\u0119trznym, niepisanym zbiorze norm, zasad wsp\u00f3\u0142\u017cycia, warto\u015bci, obyczaj\u00f3w i regu\u0142.<br \/>\nCo wi\u0119cej, okre\u015bla on mi\u0119dzy innymi role spo\u0142eczne. Kobiety wed\u0142ug zasad Romanipen z samej natury s\u0105 skalane. Unikanie styczno\u015bci z dolnymi, nieczystymi cz\u0119\u015bciami cia\u0142a t\u0142umaczy noszenie przez Romni d\u0142ugich sp\u00f3dnic. W kwestii zachowa\u0144, Romni obowi\u0105zuje wiele restrykcji zwi\u0105zanych z funkcjonowaniem w przestrzeni spo\u0142ecznej. Jedn\u0105 z nich jest zakaz spotykania si\u0119 romskich kobiet z nie-Romami.<\/p>\n<p>Na podkre\u015blenie zas\u0142uguje jednak fakt, \u017ce wsp\u00f3\u0142czesne m\u0142ode Romni najcz\u0119\u015bciej s\u0105 dwukulturowe i w wi\u0119kszym stopniu przyjmuj\u0105 elementy kultury globalnej ni\u017c ich babcie i matki, mimo to nadal wi\u0119kszo\u015b\u0107 z nich \u017cyje wed\u0142ug zasad i norm usankcjonowanych przez spo\u0142eczno\u015b\u0107, kt\u00f3rej czuj\u0105 si\u0119 cz\u0142onkiniami. Jak zatem w tej spo\u0142eczno\u015bci jest by\u0107 kobiet\u0105? Szczeg\u00f3lnie m\u0142od\u0105 wchodz\u0105c\u0105 w doros\u0142o\u015b\u0107? Jakie s\u0105 oczekiwania \u015brodowiska, jakie role s\u0105 im tradycyjnie przypisywane? A jak w tym wszystkim jest by\u0107 nowoczesn\u0105 kobiet\u0105?<\/p>\n<p>Projekt pt. \u201eRomni\u201d, dokumentuje \u017cycie romskich kobiet.<\/p>\n<p>Spo\u0142eczno\u015b\u0107 romsk\u0105 wielokrotnie dokumentowali fotografowie, jednak, co w tym wypadku ogromnie istotne, byli to wy\u0142\u0105cznie m\u0119\u017cczy\u017ani, kt\u00f3rzy ze wzgl\u0119du na aspekty kulturowe praktycznie nie mieli mo\u017cliwo\u015bci zg\u0142\u0119bi\u0107 roli kobiety w tej spo\u0142eczno\u015bci. Dotychczas te\u017c tematem nie zaj\u0119\u0142a si\u0119 w Polsce \u017cadna fotografka, kt\u00f3ra spr\u00f3bowa\u0142aby i de facto mia\u0142a szans\u0119 przenikn\u0105\u0107 w \u015bwiat romskich kobiet.<\/p>\n<p>&nbsp;<\/p>\n<p>&nbsp;<\/p>\n\n\n\t\t<\/div> \n\t<\/div> <\/div><\/div><\/div><\/div><\/div><div     class=\"vc_row wpb_row section vc_row-fluid\" style=' text-align:left;'><div class=\"full_section_inner clearfix\"><div class=\"wpb_column vc_column_container vc_col-sm-12\"><div class=\"vc_column-inner\"><div class=\"wpb_wrapper\">\n\t<div class=\"wpb_text_column wpb_content_element\">\n\t\t<div class=\"wpb_wrapper\">\n\t\t\t<p style=\"text-align: justify;\"><b>Podzi\u0119kowania!\u00a0<\/b><\/p>\n<p style=\"text-align: justify;\">Serdecznie dzi\u0119kujemy wszystkim<b>, <\/b>kt\u00f3rzy wys\u0142ali swoje zg\u0142oszenia. Poziom by\u0142 bardzo wysoki. Gratulujemy Wam wra\u017cliwo\u015bci i fotograficznego spojrzenia na nasz\u0105 rzeczywisto\u015b\u0107.<\/p>\n<p>&nbsp;<\/p>\n<p>Dzi\u0119kujemy tak\u017ce cz\u0142onkom jury oraz partnerom &#8211; Zinteka, Miasto Pozna\u0144, Urz\u0105d Marsza\u0142kowski Wojew\u00f3dztwa Wielkopolskiego.<\/p>\n<p>&nbsp;<\/p>\n<p style=\"text-align: justify;\"><b>Organizatorzy:\u00a0<\/b><\/p>\n<p style=\"text-align: justify;\"><span style=\"font-weight: 400;\">Fundacja <strong>Pix.house\u00a0<\/strong><\/span><\/p>\n<p style=\"text-align: justify;\"><span style=\"font-weight: 400;\">koordynacja dzia\u0142a\u0144: Adrian Wykrota<\/span><\/p>\n<p style=\"text-align: justify;\"><img loading=\"lazy\" decoding=\"async\" class=\"wp-image-23802 alignleft\" src=\"https:\/\/pix.house\/wp-content\/uploads\/2016\/10\/pix_logo_bez_tla-copy-e1589265930442.png\" alt=\"\" width=\"127\" height=\"154\" srcset=\"https:\/\/pix.house\/wp-content\/uploads\/2016\/10\/pix_logo_bez_tla-copy-e1589265930442.png 330w, https:\/\/pix.house\/wp-content\/uploads\/2016\/10\/pix_logo_bez_tla-copy-e1589265930442-248x300.png 248w, https:\/\/pix.house\/wp-content\/uploads\/2016\/10\/pix_logo_bez_tla-copy-e1589265930442-300x364.png 300w\" sizes=\"auto, (max-width: 127px) 100vw, 127px\" \/><\/p>\n<p>&nbsp;<\/p>\n<p>&nbsp;<\/p>\n<p>&nbsp;<\/p>\n<p>&nbsp;<\/p>\n<p>&nbsp;<\/p>\n<p>&nbsp;<\/p>\n<p style=\"text-align: justify;\"><strong>Zinteka\u00a0<\/strong><\/p>\n<p style=\"text-align: justify;\"><span style=\"font-weight: 400;\">Krzysiek Or\u0142owski\u00a0<\/span><\/p>\n<p style=\"text-align: justify;\"><img loading=\"lazy\" decoding=\"async\" class=\"wp-image-29748 alignleft\" src=\"https:\/\/pix.house\/wp-content\/uploads\/2019\/07\/Zinteka-png-logo-e1589219199676-1023x1280.png\" alt=\"\" width=\"150\" height=\"187\" \/><\/p>\n<p>&nbsp;<\/p>\n<p>&nbsp;<\/p>\n<p>&nbsp;<\/p>\n<p>&nbsp;<\/p>\n<p>&nbsp;<\/p>\n<p>&nbsp;<\/p>\n<p>&nbsp;<\/p>\n<p style=\"text-align: left;\"><b>Projekt realizowany dzi\u0119ki wsparciu:\u00a0<\/b><\/p>\n<p style=\"text-align: justify;\"><img loading=\"lazy\" decoding=\"async\" class=\"wp-image-26656 alignleft\" src=\"https:\/\/pix.house\/wp-content\/uploads\/2017\/09\/LOGO_POZnan_RGB_JPEG-e1589266011785.jpg\" alt=\"\" width=\"234\" height=\"118\" srcset=\"https:\/\/pix.house\/wp-content\/uploads\/2017\/09\/LOGO_POZnan_RGB_JPEG-e1589266011785.jpg 751w, https:\/\/pix.house\/wp-content\/uploads\/2017\/09\/LOGO_POZnan_RGB_JPEG-e1589266011785-300x151.jpg 300w, https:\/\/pix.house\/wp-content\/uploads\/2017\/09\/LOGO_POZnan_RGB_JPEG-e1589266011785-600x302.jpg 600w, https:\/\/pix.house\/wp-content\/uploads\/2017\/09\/LOGO_POZnan_RGB_JPEG-e1589266011785-700x352.jpg 700w\" sizes=\"auto, (max-width: 234px) 100vw, 234px\" \/><\/p>\n<p>&nbsp;<\/p>\n<p>&nbsp;<\/p>\n<p>&nbsp;<\/p>\n<p>&nbsp;<\/p>\n<p><img loading=\"lazy\" decoding=\"async\" class=\"wp-image-31635 alignleft\" src=\"https:\/\/pix.house\/wp-content\/uploads\/2020\/05\/pobrane-e1589219260528.jpeg\" alt=\"\" width=\"237\" height=\"94\" srcset=\"https:\/\/pix.house\/wp-content\/uploads\/2020\/05\/pobrane-e1589219260528.jpeg 348w, https:\/\/pix.house\/wp-content\/uploads\/2020\/05\/pobrane-e1589219260528-300x119.jpeg 300w, https:\/\/pix.house\/wp-content\/uploads\/2020\/05\/pobrane-e1589219260528-345x138.jpeg 345w\" sizes=\"auto, (max-width: 237px) 100vw, 237px\" \/><\/p>\n<p>&nbsp;<\/p>\n<p>&nbsp;<\/p>\n<p>&nbsp;<\/p>\n<p>&nbsp;<\/p>\n<p>&nbsp;<\/p>\n<p style=\"text-align: left;\">PIX.HOUSE &#8211; razem tworzymy miejsce dla fotografii!<\/p>\n\n\t\t<\/div> \n\t<\/div> <\/div><\/div><\/div><\/div><\/div>\n<\/div>","protected":false},"excerpt":{"rendered":"Jury w sk\u0142adzie: Renata D\u0105browska, Krzysiek Or\u0142owski, Mariusz Forecki i Adrian Wykrota rozstrzygn\u0119\u0142o sz\u00f3st\u0105 edycj\u0119 konkursu Talent Roku organizowanego przez Fundacj\u0119 Pix.house we wsp\u00f3\u0142pracy z Zintek\u0105. Na konkurs wp\u0142yn\u0119\u0142o 146 zg\u0142osze\u0144 (1200 zdj\u0119\u0107). Poziom nades\u0142anych prac by\u0142 bardzo wysoki. Gratulujemy wszystkim zaanga\u017cowania, wra\u017cliwego spojrzenia i...","protected":false},"author":11,"featured_media":34447,"comment_status":"open","ping_status":"open","sticky":false,"template":"","format":"standard","meta":{"_monsterinsights_skip_tracking":false,"_monsterinsights_sitenote_active":false,"_monsterinsights_sitenote_note":"","_monsterinsights_sitenote_category":0,"footnotes":""},"categories":[59],"tags":[],"class_list":["post-34446","post","type-post","status-publish","format-standard","has-post-thumbnail","hentry","category-co-z-ta-fotografia"],"_links":{"self":[{"href":"https:\/\/pix.house\/en\/wp-json\/wp\/v2\/posts\/34446","targetHints":{"allow":["GET"]}}],"collection":[{"href":"https:\/\/pix.house\/en\/wp-json\/wp\/v2\/posts"}],"about":[{"href":"https:\/\/pix.house\/en\/wp-json\/wp\/v2\/types\/post"}],"author":[{"embeddable":true,"href":"https:\/\/pix.house\/en\/wp-json\/wp\/v2\/users\/11"}],"replies":[{"embeddable":true,"href":"https:\/\/pix.house\/en\/wp-json\/wp\/v2\/comments?post=34446"}],"version-history":[{"count":14,"href":"https:\/\/pix.house\/en\/wp-json\/wp\/v2\/posts\/34446\/revisions"}],"predecessor-version":[{"id":34607,"href":"https:\/\/pix.house\/en\/wp-json\/wp\/v2\/posts\/34446\/revisions\/34607"}],"wp:featuredmedia":[{"embeddable":true,"href":"https:\/\/pix.house\/en\/wp-json\/wp\/v2\/media\/34447"}],"wp:attachment":[{"href":"https:\/\/pix.house\/en\/wp-json\/wp\/v2\/media?parent=34446"}],"wp:term":[{"taxonomy":"category","embeddable":true,"href":"https:\/\/pix.house\/en\/wp-json\/wp\/v2\/categories?post=34446"},{"taxonomy":"post_tag","embeddable":true,"href":"https:\/\/pix.house\/en\/wp-json\/wp\/v2\/tags?post=34446"}],"curies":[{"name":"wp","href":"https:\/\/api.w.org\/{rel}","templated":true}]}}