{"id":34762,"date":"2021-11-11T11:45:52","date_gmt":"2021-11-11T10:45:52","guid":{"rendered":"https:\/\/pix.house\/?p=34762"},"modified":"2021-12-01T10:16:15","modified_gmt":"2021-12-01T09:16:15","slug":"blue_brexit","status":"publish","type":"post","link":"https:\/\/pix.house\/en\/blue_brexit\/","title":{"rendered":"FACING BREXIT \/ BLUE BOX | PIOTR MA\u0141ECKI, MARIUSZ FORECKI"},"content":{"rendered":"<div class=\"wpb-content-wrapper\"><div class=\"vc_row wpb_row section vc_row-fluid\" style=' text-align:left;'><div class=\"full_section_inner clearfix\"><div class=\"wpb_column vc_column_container vc_col-sm-12\"><div class=\"vc_column-inner\"><div class=\"wpb_wrapper\">\n\t<div class=\"wpb_text_column wpb_content_element\">\n\t\t<div class=\"wpb_wrapper\">\n\t\t\t<p><b>FACING BREXIT \/ OBLICZA BREXITU <\/b>| Piotr Ma\u0142ecki<\/p>\n<p><strong>BLUE BOX<\/strong> | Mariusz Forecki<\/p>\n<p><b>TERMIN WYSTAWY<\/b>: 12.11.2021 \u2013 04.12.2021<\/p>\n<p>spotkanie z autorami : 04.12.2021<\/p>\n<p><b>MIEJSCE WYSTAWY<\/b>: Wolny Dziedziniec Urz\u0119du Miasta Poznania &#8211; plac Kolegiacki 17, 61-841 Pozna\u0144<\/p>\n<p>&nbsp;<\/p>\n<p><b>WST\u0118P WOLNY<\/b><\/p>\n\n\t\t<\/div> \n\t<\/div> <\/div><\/div><\/div><div class=\"wpb_column vc_column_container vc_col-sm-12\"><div class=\"vc_column-inner\"><div class=\"wpb_wrapper\">\n\t<div class=\"wpb_single_image wpb_content_element vc_align_center\">\n\t\t<div class=\"wpb_wrapper\">\n\t\t\t\n\t\t\t<div class=\"vc_single_image-wrapper   vc_box_border_grey\"><img loading=\"lazy\" decoding=\"async\" width=\"2000\" height=\"1329\" src=\"https:\/\/pix.house\/wp-content\/uploads\/2021\/11\/WZOR_piotr_M-kopia.jpg\" class=\"vc_single_image-img attachment-full\" alt=\"\" title=\"WZOR_piotr_M-kopia\" srcset=\"https:\/\/pix.house\/wp-content\/uploads\/2021\/11\/WZOR_piotr_M-kopia.jpg 2000w, https:\/\/pix.house\/wp-content\/uploads\/2021\/11\/WZOR_piotr_M-kopia-800x532.jpg 800w, https:\/\/pix.house\/wp-content\/uploads\/2021\/11\/WZOR_piotr_M-kopia-300x199.jpg 300w, https:\/\/pix.house\/wp-content\/uploads\/2021\/11\/WZOR_piotr_M-kopia-1280x851.jpg 1280w, https:\/\/pix.house\/wp-content\/uploads\/2021\/11\/WZOR_piotr_M-kopia-768x510.jpg 768w, https:\/\/pix.house\/wp-content\/uploads\/2021\/11\/WZOR_piotr_M-kopia-1536x1021.jpg 1536w, https:\/\/pix.house\/wp-content\/uploads\/2021\/11\/WZOR_piotr_M-kopia-700x465.jpg 700w, https:\/\/pix.house\/wp-content\/uploads\/2021\/11\/WZOR_piotr_M-kopia-1100x731.jpg 1100w, https:\/\/pix.house\/wp-content\/uploads\/2021\/11\/WZOR_piotr_M-kopia-1320x877.jpg 1320w\" sizes=\"auto, (max-width: 2000px) 100vw, 2000px\" \/><\/div>\n\t\t<\/div>\n\t<\/div>\n\n\t<div class=\"wpb_text_column wpb_content_element\">\n\t\t<div class=\"wpb_wrapper\">\n\t\t\t<p><em>FACING BREXIT \/ OBLICZA BREXITU<\/em><\/p>\n<p><strong>Piotr Ma\u0142ecki | NAPO IMAGES | <a href=\"http:\/\/www.piotrmalecki.com\/\" target=\"_blank\" rel=\"noopener\">www.piotrmalecki.com<\/a><\/strong><\/p>\n<p>Jak Brexit wp\u0142ynie na Ciebie?<\/p>\n<p>Zada\u0142em to proste pytanie ludziom spaceruj\u0105cym po ulicach Londynu i zaprosi\u0142em ich do mojego prowizorycznego studia na chodniku.<\/p>\n<p>Londyn, marzec 2019r.<\/p>\n\n\t\t<\/div> \n\t<\/div> \n\t<div class=\"wpb_single_image wpb_content_element vc_align_left\">\n\t\t<div class=\"wpb_wrapper\">\n\t\t\t\n\t\t\t<div class=\"vc_single_image-wrapper   vc_box_border_grey\"><img loading=\"lazy\" decoding=\"async\" width=\"2000\" height=\"1333\" src=\"https:\/\/pix.house\/wp-content\/uploads\/2021\/11\/2021-02-12-0030-24-28.jpg\" class=\"vc_single_image-img attachment-full\" alt=\"\" title=\"2021-02-12-0030-24-28\" srcset=\"https:\/\/pix.house\/wp-content\/uploads\/2021\/11\/2021-02-12-0030-24-28.jpg 2000w, https:\/\/pix.house\/wp-content\/uploads\/2021\/11\/2021-02-12-0030-24-28-800x533.jpg 800w, https:\/\/pix.house\/wp-content\/uploads\/2021\/11\/2021-02-12-0030-24-28-300x200.jpg 300w, https:\/\/pix.house\/wp-content\/uploads\/2021\/11\/2021-02-12-0030-24-28-1280x853.jpg 1280w, https:\/\/pix.house\/wp-content\/uploads\/2021\/11\/2021-02-12-0030-24-28-768x512.jpg 768w, https:\/\/pix.house\/wp-content\/uploads\/2021\/11\/2021-02-12-0030-24-28-1536x1024.jpg 1536w, https:\/\/pix.house\/wp-content\/uploads\/2021\/11\/2021-02-12-0030-24-28-700x467.jpg 700w, https:\/\/pix.house\/wp-content\/uploads\/2021\/11\/2021-02-12-0030-24-28-1100x733.jpg 1100w, https:\/\/pix.house\/wp-content\/uploads\/2021\/11\/2021-02-12-0030-24-28-1320x880.jpg 1320w\" sizes=\"auto, (max-width: 2000px) 100vw, 2000px\" \/><\/div>\n\t\t<\/div>\n\t<\/div>\n\n\t<div class=\"wpb_text_column wpb_content_element\">\n\t\t<div class=\"wpb_wrapper\">\n\t\t\t<p><i>BLUE BOX<\/i><\/p>\n<p><strong>Mariusz Forecki | PIX.HOUSE | <a href=\"https:\/\/www.forecki.pl\/\" target=\"_blank\" rel=\"noopener\">www.forecki.pl<\/a><\/strong><\/p>\n<p>Blue box to technika, w kt\u00f3rej filmuje si\u0119 osob\u0119 na niebieskim tle, aby p\u00f3\u017aniej komputerowo wklei\u0107 j\u0105 w now\u0105, dowolnie wybran\u0105 rzeczywisto\u015b\u0107. Polska jest cz\u0142onkiem Unii Europejskiej od 1 maja 2004 roku. Fotografie powsta\u0142y w latach 2003\u20132007.<\/p>\n<p class=\"p1\">Po latach korzys\u0301ci czerpanych z cz\u0142onkostwa w Unii Europejskiej i wielkim entuzjazmie roku 2004, koalicja konserwatywnych partii rz\u0105dz\u0105cych poddaje w w\u0105tpliwo\u015b\u0107 s\u0142usznos\u0301c\u0301 tamtego wyboru. B\u0142yskawicznie przeprowadza zmiany podwaz\u0307aja\u0328ce prawo UE, kt\u00f3rego Polska zobowia\u0328za\u0142a sie\u0328 przestrzega\u0107 podpisuja\u0328c w 2003 roku traktat akcesyjny.<span class=\"Apple-converted-space\">\u00a0<\/span><\/p>\n<p class=\"p1\"><span class=\"s1\">Pandemia <\/span>COVID-19 spowodowa\u0142a ogromne zmiany w codziennym funkcjonowaniu. Wie\u0328kszos\u0301c\u0301 galerii handlowych pozostawa\u0142a przez kilka miesie\u0328cy zamknie\u0328ta. Zakazano organizowania festiwali muzycznych, festyn\u00f3w i spotkan\u0301 podobnych tym, jakie zarejestrowa\u0142em kilkanas\u0301cie lat wczes\u0301niej. Wiele kraj\u00f3w ca\u0142kowicie zamkne\u0328\u0142o swoje granice. Utrudnienia w s\u0301wiatowym handlu spowodowa\u0142y wzrost cen towar\u00f3w przemys\u0142owych i problemy z ich doste\u0328pnos\u0301cia\u0328. Z pandemii odnosimy tez\u0307 niepokoja\u0328ce korzys\u0301ci \u2013 wiemy, co moz\u0307emy stracic\u0301 i jak moz\u0307e wygla\u0328dac\u0301 s\u0301wiat, gdy zaczniemy sami, niejako na w\u0142asna\u0328 pros\u0301be\u0328, wykluczac\u0301 sie\u0328 z tej europejskiej wsp\u00f3lnoty.<span class=\"Apple-converted-space\">\u00a0<\/span><\/p>\n<p class=\"p1\">Wszystkie fotografie zosta\u0142y wykonane na ma\u0142oobrazkowym filmie pozytywowym FUJICHROME 64T TYPE II, dedykowanym do fotografowania w \u015bwietle sztucznym, oraz przy u\u017cyciu lampy b\u0142yskowej z \u017c\u00f3\u0142tym filtrem. Zdj\u0119cia nie by\u0142y modyfikowane cyfrowo.<\/p>\n<p>Wystawie towarzyszy ksi\u0105\u017cka zaprojektowana przez Andrzeja Dobosza \/<a href=\"https:\/\/dobosz.studio\/\">dobosz.studio<\/a>\/.<\/p>\n\n\t\t<\/div> \n\t<\/div> <div class=\"separator  normal\" style=\"border-color: #ffffff;border-width:1px\"><\/div>\n<div class=\"separator  normal\" style=\"border-color: #ffffff;border-width:1px\"><\/div>\n<div class='qode_image_gallery_no_space light highlight_active'><div class='qode_image_gallery_holder' style='height: 500px;'><ul><li><div style=\"height: 500px; width:500px;\"><img decoding=\"async\" src=\"https:\/\/pix.house\/wp-content\/uploads\/2021\/11\/Napo_20190306pm_22-1.jpg\" alt=\"\" \/><\/div><\/li><li><div style=\"height: 500px; width:751px;\"><img decoding=\"async\" src=\"https:\/\/pix.house\/wp-content\/uploads\/2021\/11\/d7-3.jpg\" alt=\"\" \/><\/div><\/li><li><div style=\"height: 500px; width:751px;\"><img decoding=\"async\" src=\"https:\/\/pix.house\/wp-content\/uploads\/2021\/11\/2021-02-12-0030-24-28-2.jpg\" alt=\"\" \/><\/div><\/li><li><div style=\"height: 500px; width:751px;\"><img decoding=\"async\" src=\"https:\/\/pix.house\/wp-content\/uploads\/2021\/11\/2021-02-12-0034-1-30-1.jpg\" alt=\"\" \/><\/div><\/li><\/ul><\/div><div class=\"controls\"><a class=\"prev-slide\" href=\"#\"><span class=\"arrow_carrot-left\"><\/span><\/a><a class=\"next-slide\" href=\"#\"><span class=\"arrow_carrot-right\"><\/span><\/a><\/div><\/div><\/div><\/div><\/div><\/div><\/div><div     class=\"vc_row wpb_row section vc_row-fluid\" style=' text-align:left;'><div class=\"full_section_inner clearfix\"><div class=\"wpb_column vc_column_container vc_col-sm-3\"><div class=\"vc_column-inner\"><div class=\"wpb_wrapper\">\n\t<div class=\"wpb_single_image wpb_content_element vc_align_left\">\n\t\t<div class=\"wpb_wrapper\">\n\t\t\t\n\t\t\t<div class=\"vc_single_image-wrapper   vc_box_border_grey\"><img loading=\"lazy\" decoding=\"async\" width=\"300\" height=\"87\" src=\"https:\/\/pix.house\/wp-content\/uploads\/2019\/11\/LOGO_POZnan_PL_RGB_PNG-e1605284264424-300x87.png\" class=\"vc_single_image-img attachment-medium\" alt=\"\" title=\"LOGO_POZnan_PL_RGB_PNG\" srcset=\"https:\/\/pix.house\/wp-content\/uploads\/2019\/11\/LOGO_POZnan_PL_RGB_PNG-e1605284264424-300x87.png 300w, https:\/\/pix.house\/wp-content\/uploads\/2019\/11\/LOGO_POZnan_PL_RGB_PNG-e1605284264424-700x204.png 700w, https:\/\/pix.house\/wp-content\/uploads\/2019\/11\/LOGO_POZnan_PL_RGB_PNG-e1605284264424.png 739w\" sizes=\"auto, (max-width: 300px) 100vw, 300px\" \/><\/div>\n\t\t<\/div>\n\t<\/div>\n<\/div><\/div><\/div><div class=\"wpb_column vc_column_container vc_col-sm-3\"><div class=\"vc_column-inner\"><div class=\"wpb_wrapper\">\n\t<div class=\"wpb_text_column wpb_content_element\">\n\t\t<div class=\"wpb_wrapper\">\n\t\t\t<p class=\"Tre\" style=\"line-height: 120%;\">Wystawa realizowana w ramach projektu \u201eSpo\u0142eczna pracownia dokumentu Pix.house\u201d wsp\u00f3\u0142finansowanego przez Miasto Pozna\u0144 i Urz\u0105d Marsza\u0142kowski Wojew\u00f3dztwa Wielkopolskiego.<\/p>\n\n\t\t<\/div> \n\t<\/div> <\/div><\/div><\/div><div class=\"wpb_column vc_column_container vc_col-sm-3\"><div class=\"vc_column-inner\"><div class=\"wpb_wrapper\">\n\t<div class=\"wpb_single_image wpb_content_element vc_align_left\">\n\t\t<div class=\"wpb_wrapper\">\n\t\t\t\n\t\t\t<div class=\"vc_single_image-wrapper   vc_box_border_grey\"><img loading=\"lazy\" decoding=\"async\" width=\"300\" height=\"79\" src=\"https:\/\/pix.house\/wp-content\/uploads\/2015\/08\/umww-300x79.jpg\" class=\"vc_single_image-img attachment-medium\" alt=\"\" title=\"umww\" srcset=\"https:\/\/pix.house\/wp-content\/uploads\/2015\/08\/umww-300x79.jpg 300w, https:\/\/pix.house\/wp-content\/uploads\/2015\/08\/umww-800x210.jpg 800w, https:\/\/pix.house\/wp-content\/uploads\/2015\/08\/umww-768x201.jpg 768w, https:\/\/pix.house\/wp-content\/uploads\/2015\/08\/umww-1280x336.jpg 1280w, https:\/\/pix.house\/wp-content\/uploads\/2015\/08\/umww-600x157.jpg 600w, https:\/\/pix.house\/wp-content\/uploads\/2015\/08\/umww-700x183.jpg 700w, https:\/\/pix.house\/wp-content\/uploads\/2015\/08\/umww-1100x288.jpg 1100w, https:\/\/pix.house\/wp-content\/uploads\/2015\/08\/umww.jpg 1671w\" sizes=\"auto, (max-width: 300px) 100vw, 300px\" \/><\/div>\n\t\t<\/div>\n\t<\/div>\n<\/div><\/div><\/div><div class=\"wpb_column vc_column_container vc_col-sm-3\"><div class=\"vc_column-inner\"><div class=\"wpb_wrapper\"><\/div><\/div><\/div><\/div><\/div>\n<\/div>","protected":false},"excerpt":{"rendered":"FACING BREXIT \/ OBLICZA BREXITU | Piotr Ma\u0142ecki BLUE BOX | Mariusz Forecki TERMIN WYSTAWY: 12.11.2021 \u2013 04.12.2021 spotkanie z autorami : 04.12.2021 MIEJSCE WYSTAWY: Wolny Dziedziniec Urz\u0119du Miasta Poznania - plac Kolegiacki 17, 61-841 Pozna\u0144 &nbsp; WST\u0118P WOLNY FACING BREXIT \/ OBLICZA BREXITU Piotr...","protected":false},"author":11,"featured_media":34764,"comment_status":"open","ping_status":"open","sticky":false,"template":"","format":"standard","meta":{"_monsterinsights_skip_tracking":false,"_monsterinsights_sitenote_active":false,"_monsterinsights_sitenote_note":"","_monsterinsights_sitenote_category":0,"footnotes":""},"categories":[47],"tags":[],"class_list":["post-34762","post","type-post","status-publish","format-standard","has-post-thumbnail","hentry","category-wystawy"],"_links":{"self":[{"href":"https:\/\/pix.house\/en\/wp-json\/wp\/v2\/posts\/34762","targetHints":{"allow":["GET"]}}],"collection":[{"href":"https:\/\/pix.house\/en\/wp-json\/wp\/v2\/posts"}],"about":[{"href":"https:\/\/pix.house\/en\/wp-json\/wp\/v2\/types\/post"}],"author":[{"embeddable":true,"href":"https:\/\/pix.house\/en\/wp-json\/wp\/v2\/users\/11"}],"replies":[{"embeddable":true,"href":"https:\/\/pix.house\/en\/wp-json\/wp\/v2\/comments?post=34762"}],"version-history":[{"count":18,"href":"https:\/\/pix.house\/en\/wp-json\/wp\/v2\/posts\/34762\/revisions"}],"predecessor-version":[{"id":34807,"href":"https:\/\/pix.house\/en\/wp-json\/wp\/v2\/posts\/34762\/revisions\/34807"}],"wp:featuredmedia":[{"embeddable":true,"href":"https:\/\/pix.house\/en\/wp-json\/wp\/v2\/media\/34764"}],"wp:attachment":[{"href":"https:\/\/pix.house\/en\/wp-json\/wp\/v2\/media?parent=34762"}],"wp:term":[{"taxonomy":"category","embeddable":true,"href":"https:\/\/pix.house\/en\/wp-json\/wp\/v2\/categories?post=34762"},{"taxonomy":"post_tag","embeddable":true,"href":"https:\/\/pix.house\/en\/wp-json\/wp\/v2\/tags?post=34762"}],"curies":[{"name":"wp","href":"https:\/\/api.w.org\/{rel}","templated":true}]}}