{"id":34810,"date":"2021-12-07T12:14:06","date_gmt":"2021-12-07T11:14:06","guid":{"rendered":"https:\/\/pix.house\/?p=34810"},"modified":"2021-12-10T12:55:08","modified_gmt":"2021-12-10T11:55:08","slug":"blizny","status":"publish","type":"post","link":"https:\/\/pix.house\/en\/blizny\/","title":{"rendered":"THE SCARS \/ BLIZNY | J\u0118DRZEJ NOWICKI"},"content":{"rendered":"<div class=\"wpb-content-wrapper\"><div class=\"vc_row wpb_row section vc_row-fluid\" style=' text-align:left;'><div class=\"full_section_inner clearfix\"><div class=\"wpb_column vc_column_container vc_col-sm-12\"><div class=\"vc_column-inner\"><div class=\"wpb_wrapper\">\n\t<div class=\"wpb_text_column wpb_content_element\">\n\t\t<div class=\"wpb_wrapper\">\n\t\t\t<p><b>TERMIN WYSTAWY<\/b><span style=\"font-weight: 400;\">: 16.12.21 \u2013 28.02.2022<\/span><\/p>\n<p><span style=\"font-weight: 400;\">wernisa\u017c : 16.12.2021 &#8211; ze wzgl\u0119du na sytuacj\u0119 pandemiczn\u0105 oficjalne otwarcie wystawy b\u0119dzie przeprowadzone online.\u00a0<\/span><\/p>\n<p>W dzie\u0144 otwarcia ekspozycj\u0119 mo\u017cna zobaczy\u0107 w ma\u0142ych grupach od 17.00 do 20.00.<\/p>\n<p>Obowi\u0105zuj\u0105 zasady re\u017cimu sanitarnego \u2013 maseczki oraz dezynfekcja r\u0105k.<\/p>\n<p>&nbsp;<\/p>\n<p><b>MIEJSCE WYSTAWY<\/b><span style=\"font-weight: 400;\">: galeria Pix.house ul. G\u0142ogowska 35 Pozna\u0144\u00a0<\/span><\/p>\n<p><span style=\"font-weight: 400;\">ORGANIZATOR: Fundacja Pix.house <\/span><a href=\"https:\/\/pix.house\/en\/\"><span style=\"font-weight: 400;\">https:\/\/pix.house\/<\/span><\/a><span style=\"font-weight: 400;\">\u00a0<\/span><\/p>\n<p>&nbsp;<\/p>\n<p><b>WST\u0118P WOLNY<\/b><\/p>\n\n\t\t<\/div> \n\t<\/div> <\/div><\/div><\/div><div class=\"wpb_column vc_column_container vc_col-sm-12\"><div class=\"vc_column-inner\"><div class=\"wpb_wrapper\">\n\t<div class=\"wpb_single_image wpb_content_element vc_align_center\">\n\t\t<div class=\"wpb_wrapper\">\n\t\t\t\n\t\t\t<div class=\"vc_single_image-wrapper   vc_box_border_grey\"><img loading=\"lazy\" decoding=\"async\" width=\"820\" height=\"348\" src=\"https:\/\/pix.house\/wp-content\/uploads\/2021\/12\/to-fb.jpg\" class=\"vc_single_image-img attachment-full\" alt=\"\" title=\"to fb\" srcset=\"https:\/\/pix.house\/wp-content\/uploads\/2021\/12\/to-fb.jpg 820w, https:\/\/pix.house\/wp-content\/uploads\/2021\/12\/to-fb-800x340.jpg 800w, https:\/\/pix.house\/wp-content\/uploads\/2021\/12\/to-fb-300x127.jpg 300w, https:\/\/pix.house\/wp-content\/uploads\/2021\/12\/to-fb-768x326.jpg 768w, https:\/\/pix.house\/wp-content\/uploads\/2021\/12\/to-fb-700x297.jpg 700w\" sizes=\"auto, (max-width: 820px) 100vw, 820px\" \/><\/div>\n\t\t<\/div>\n\t<\/div>\n\n\t<div class=\"wpb_text_column wpb_content_element\">\n\t\t<div class=\"wpb_wrapper\">\n\t\t\t<p><span style=\"font-weight: 400;\"><strong>Blizny<\/strong> to zapis najwi\u0119kszego w historii wsp\u00f3\u0142czesnej Bia\u0142orusi wolno\u015bciowego zrywu. Masowe protesty rozpocz\u0119\u0142y si\u0119 w sierpniu 2020 roku i pozostawi\u0142y g\u0142\u0119bokie \u015blady w bia\u0142oruskim spo\u0142ecze\u0144stwie.<\/span><\/p>\n<p><span style=\"font-weight: 400;\">Prezydent Aleksandr \u0141ukaszenka, stoj\u0105cy na czele pa\u0144stwa od dwudziestu siedmiu lat, i aparat jego w\u0142adzy, brutalnie t\u0142umili bia\u0142oruski op\u00f3r. W nocy z 9 na 10 sierpnia 2020 roku dosz\u0142o do gwa\u0142townych protest\u00f3w przeciwko re\u017cimowi. Wtedy te\u017c og\u0142oszono wst\u0119pne wyniki wybor\u00f3w, wed\u0142ug kt\u00f3rych \u0141ukaszenka mia\u0142 wygra\u0107 je ogromn\u0105 wi\u0119kszo\u015bci\u0105 g\u0142os\u00f3w.<\/span><\/p>\n<p><span style=\"font-weight: 400;\">Blizny, kt\u00f3re pozosta\u0142y po protestach i reakcji re\u017cimu, s\u0105 tematem tego projektu. To blizny fizyczne \u2013 siniaki, otarcia, z\u0142amania. Ale te\u017c blizny psychiczne \u2013 traumy.<\/span><\/p>\n<p><span style=\"font-weight: 400;\">To, co dzieje si\u0119 teraz w Bia\u0142orusi, zostawi po sobie g\u0142\u0119bokie \u015blady tak\u017ce w tkance spo\u0142ecznej \u2013 podzia\u0142 na dwa spo\u0142ecze\u0144stwa ju\u017c si\u0119 zarysowuje.<\/span><\/p>\n<p><span style=\"font-weight: 400;\">Bohaterami zdj\u0119\u0107 s\u0105 protestuj\u0105cy pobici przez s\u0142u\u017cby porz\u0105dkowe re\u017cimu, rodziny zamordowanych przez organa bezpiecze\u0144stwa, obywatele sprzeciwiaj\u0105cy si\u0119 przemocy i pragn\u0105cy wolno\u015bci. S\u0105 nimi te\u017c nastoletni \u017co\u0142nierze wci\u0105gni\u0119ci w \u015brodek konfliktu.<\/span><\/p>\n\n\t\t<\/div> \n\t<\/div> \n\t<div class=\"wpb_single_image wpb_content_element vc_align_left\">\n\t\t<div class=\"wpb_wrapper\">\n\t\t\t\n\t\t\t<div class=\"vc_single_image-wrapper   vc_box_border_grey\"><img loading=\"lazy\" decoding=\"async\" width=\"2000\" height=\"1714\" src=\"https:\/\/pix.house\/wp-content\/uploads\/2021\/12\/001-Jedrzej-Nowicki-PixHouse-press-release-.jpg\" class=\"vc_single_image-img attachment-full\" alt=\"\" title=\"001 - Jedrzej Nowicki - PixHouse - press release\" srcset=\"https:\/\/pix.house\/wp-content\/uploads\/2021\/12\/001-Jedrzej-Nowicki-PixHouse-press-release-.jpg 2000w, https:\/\/pix.house\/wp-content\/uploads\/2021\/12\/001-Jedrzej-Nowicki-PixHouse-press-release--800x686.jpg 800w, https:\/\/pix.house\/wp-content\/uploads\/2021\/12\/001-Jedrzej-Nowicki-PixHouse-press-release--300x257.jpg 300w, https:\/\/pix.house\/wp-content\/uploads\/2021\/12\/001-Jedrzej-Nowicki-PixHouse-press-release--1280x1097.jpg 1280w, https:\/\/pix.house\/wp-content\/uploads\/2021\/12\/001-Jedrzej-Nowicki-PixHouse-press-release--768x658.jpg 768w, https:\/\/pix.house\/wp-content\/uploads\/2021\/12\/001-Jedrzej-Nowicki-PixHouse-press-release--1536x1316.jpg 1536w, https:\/\/pix.house\/wp-content\/uploads\/2021\/12\/001-Jedrzej-Nowicki-PixHouse-press-release--700x600.jpg 700w, https:\/\/pix.house\/wp-content\/uploads\/2021\/12\/001-Jedrzej-Nowicki-PixHouse-press-release--1100x943.jpg 1100w, https:\/\/pix.house\/wp-content\/uploads\/2021\/12\/001-Jedrzej-Nowicki-PixHouse-press-release--1320x1131.jpg 1320w\" sizes=\"auto, (max-width: 2000px) 100vw, 2000px\" \/><\/div>\n\t\t<\/div>\n\t<\/div>\n\n\t<div class=\"wpb_text_column wpb_content_element\">\n\t\t<div class=\"wpb_wrapper\">\n\t\t\t<p><b>J\u0119drzej Nowicki <\/b><span style=\"font-weight: 400;\">(ur. 1995 w Poznaniu) \u2013 fotograf mieszkaj\u0105cy w Warszawie. W swoich pracach skupia si\u0119 na problemach wykluczenia spo\u0142ecznego, praw cz\u0142owieka, solidarno\u015bci i niesprawiedliwo\u015bci spo\u0142ecznej, a tak\u017ce problemach ochrony \u015brodowiska. Dobrze znany jest mu region Europy \u015arodkowo-Wschodniej. Fotografuje tak\u017ce na Bliskim Wschodzie.<\/span><\/p>\n<p>&nbsp;<\/p>\n<p><span style=\"font-weight: 400;\">Opieka merytoryczna nad wystaw\u0105: Adrian Wykrota\u00a0<\/span><\/p>\n<p>Oprawa graficzna: Krzysiek Or\u0142owski \/ Zinteka<\/p>\n\n\t\t<\/div> \n\t<\/div> <div class=\"separator  normal\" style=\"border-color: #ffffff;border-width:1px\"><\/div>\n<div class=\"separator  normal\" style=\"border-color: #ffffff;border-width:1px\"><\/div>\n<div class='qode_image_gallery_no_space light highlight_active'><div class='qode_image_gallery_holder' style='height: 500px;'><ul><li><div style=\"height: 500px; width:584px;\"><img decoding=\"async\" src=\"https:\/\/pix.house\/wp-content\/uploads\/2021\/12\/002-Jedrzej-Nowicki-PixHouse-press-release-.jpg\" alt=\"\" \/><\/div><\/li><li><div style=\"height: 500px; width:584px;\"><img decoding=\"async\" src=\"https:\/\/pix.house\/wp-content\/uploads\/2021\/12\/009-Jedrzej-Nowicki-PixHouse-press-release-.jpg\" alt=\"\" \/><\/div><\/li><li><div style=\"height: 500px; width:584px;\"><img decoding=\"async\" src=\"https:\/\/pix.house\/wp-content\/uploads\/2021\/12\/010-Jedrzej-Nowicki-PixHouse-press-release-.jpg\" alt=\"\" \/><\/div><\/li><li><div style=\"height: 500px; width:584px;\"><img decoding=\"async\" src=\"https:\/\/pix.house\/wp-content\/uploads\/2021\/12\/011-Jedrzej-Nowicki-PixHouse-press-release-.jpg\" alt=\"\" \/><\/div><\/li><li><div style=\"height: 500px; width:584px;\"><img decoding=\"async\" src=\"https:\/\/pix.house\/wp-content\/uploads\/2021\/12\/014-Jedrzej-Nowicki-PixHouse-press-release-.jpg\" alt=\"\" \/><\/div><\/li><li><div style=\"height: 500px; width:584px;\"><img decoding=\"async\" src=\"https:\/\/pix.house\/wp-content\/uploads\/2021\/12\/017-Jedrzej-Nowicki-PixHouse-press-release-.jpg\" alt=\"\" \/><\/div><\/li><li><div style=\"height: 500px; width:584px;\"><img decoding=\"async\" src=\"https:\/\/pix.house\/wp-content\/uploads\/2021\/12\/018-Jedrzej-Nowicki-PixHouse-press-release-.jpg\" alt=\"\" \/><\/div><\/li><\/ul><\/div><div class=\"controls\"><a class=\"prev-slide\" href=\"#\"><span class=\"arrow_carrot-left\"><\/span><\/a><a class=\"next-slide\" href=\"#\"><span class=\"arrow_carrot-right\"><\/span><\/a><\/div><\/div><\/div><\/div><\/div><\/div><\/div><div     class=\"vc_row wpb_row section vc_row-fluid\" style=' text-align:left;'><div class=\"full_section_inner clearfix\"><div class=\"wpb_column vc_column_container vc_col-sm-3\"><div class=\"vc_column-inner\"><div class=\"wpb_wrapper\">\n\t<div class=\"wpb_single_image wpb_content_element vc_align_left\">\n\t\t<div class=\"wpb_wrapper\">\n\t\t\t\n\t\t\t<div class=\"vc_single_image-wrapper   vc_box_border_grey\"><img loading=\"lazy\" decoding=\"async\" width=\"300\" height=\"87\" src=\"https:\/\/pix.house\/wp-content\/uploads\/2019\/11\/LOGO_POZnan_PL_RGB_PNG-e1605284264424-300x87.png\" class=\"vc_single_image-img attachment-medium\" alt=\"\" title=\"LOGO_POZnan_PL_RGB_PNG\" srcset=\"https:\/\/pix.house\/wp-content\/uploads\/2019\/11\/LOGO_POZnan_PL_RGB_PNG-e1605284264424-300x87.png 300w, https:\/\/pix.house\/wp-content\/uploads\/2019\/11\/LOGO_POZnan_PL_RGB_PNG-e1605284264424-700x204.png 700w, https:\/\/pix.house\/wp-content\/uploads\/2019\/11\/LOGO_POZnan_PL_RGB_PNG-e1605284264424.png 739w\" sizes=\"auto, (max-width: 300px) 100vw, 300px\" \/><\/div>\n\t\t<\/div>\n\t<\/div>\n<\/div><\/div><\/div><div class=\"wpb_column vc_column_container vc_col-sm-3\"><div class=\"vc_column-inner\"><div class=\"wpb_wrapper\">\n\t<div class=\"wpb_text_column wpb_content_element\">\n\t\t<div class=\"wpb_wrapper\">\n\t\t\t<p class=\"Tre\" style=\"line-height: 120%;\">Wystawa realizowana w ramach projektu \u201eSpo\u0142eczna pracownia dokumentu Pix.house\u201d wsp\u00f3\u0142finansowanego przez Miasto Pozna\u0144 i Urz\u0105d Marsza\u0142kowski Wojew\u00f3dztwa Wielkopolskiego.<\/p>\n\n\t\t<\/div> \n\t<\/div> <\/div><\/div><\/div><div class=\"wpb_column vc_column_container vc_col-sm-3\"><div class=\"vc_column-inner\"><div class=\"wpb_wrapper\">\n\t<div class=\"wpb_single_image wpb_content_element vc_align_left\">\n\t\t<div class=\"wpb_wrapper\">\n\t\t\t\n\t\t\t<div class=\"vc_single_image-wrapper   vc_box_border_grey\"><img loading=\"lazy\" decoding=\"async\" width=\"300\" height=\"79\" src=\"https:\/\/pix.house\/wp-content\/uploads\/2015\/08\/umww-300x79.jpg\" class=\"vc_single_image-img attachment-medium\" alt=\"\" title=\"umww\" srcset=\"https:\/\/pix.house\/wp-content\/uploads\/2015\/08\/umww-300x79.jpg 300w, https:\/\/pix.house\/wp-content\/uploads\/2015\/08\/umww-800x210.jpg 800w, https:\/\/pix.house\/wp-content\/uploads\/2015\/08\/umww-768x201.jpg 768w, https:\/\/pix.house\/wp-content\/uploads\/2015\/08\/umww-1280x336.jpg 1280w, https:\/\/pix.house\/wp-content\/uploads\/2015\/08\/umww-600x157.jpg 600w, https:\/\/pix.house\/wp-content\/uploads\/2015\/08\/umww-700x183.jpg 700w, https:\/\/pix.house\/wp-content\/uploads\/2015\/08\/umww-1100x288.jpg 1100w, https:\/\/pix.house\/wp-content\/uploads\/2015\/08\/umww.jpg 1671w\" sizes=\"auto, (max-width: 300px) 100vw, 300px\" \/><\/div>\n\t\t<\/div>\n\t<\/div>\n<\/div><\/div><\/div><div class=\"wpb_column vc_column_container vc_col-sm-3\"><div class=\"vc_column-inner\"><div class=\"wpb_wrapper\">\n\t<div class=\"wpb_single_image wpb_content_element vc_align_left\">\n\t\t<div class=\"wpb_wrapper\">\n\t\t\t\n\t\t\t<div class=\"vc_single_image-wrapper   vc_box_border_grey\"><img loading=\"lazy\" decoding=\"async\" width=\"150\" height=\"150\" src=\"https:\/\/pix.house\/wp-content\/uploads\/2019\/07\/Zinteka-png-logo-e1638875522355-150x150.png\" class=\"vc_single_image-img attachment-thumbnail\" alt=\"\" title=\"Zinteka png logo\" srcset=\"https:\/\/pix.house\/wp-content\/uploads\/2019\/07\/Zinteka-png-logo-e1638875522355-150x150.png 150w, https:\/\/pix.house\/wp-content\/uploads\/2019\/07\/Zinteka-png-logo-e1638875522355-100x100.png 100w, https:\/\/pix.house\/wp-content\/uploads\/2019\/07\/Zinteka-png-logo-e1638875522355-550x550.png 550w, https:\/\/pix.house\/wp-content\/uploads\/2019\/07\/Zinteka-png-logo-e1638875522355-500x500.png 500w, https:\/\/pix.house\/wp-content\/uploads\/2019\/07\/Zinteka-png-logo-e1638875522355-1000x1000.png 1000w\" sizes=\"auto, (max-width: 150px) 100vw, 150px\" \/><\/div>\n\t\t<\/div>\n\t<\/div>\n<\/div><\/div><\/div><\/div><\/div>\n<\/div>","protected":false},"excerpt":{"rendered":"TERMIN WYSTAWY: 16.12.21 \u2013 28.02.2022 wernisa\u017c : 16.12.2021 - ze wzgl\u0119du na sytuacj\u0119 pandemiczn\u0105 oficjalne otwarcie wystawy b\u0119dzie przeprowadzone online.\u00a0 W dzie\u0144 otwarcia ekspozycj\u0119 mo\u017cna zobaczy\u0107 w ma\u0142ych grupach od 17.00 do 20.00. Obowi\u0105zuj\u0105 zasady re\u017cimu sanitarnego \u2013 maseczki oraz dezynfekcja r\u0105k. &nbsp; MIEJSCE WYSTAWY:...","protected":false},"author":11,"featured_media":34812,"comment_status":"open","ping_status":"open","sticky":false,"template":"","format":"standard","meta":{"_monsterinsights_skip_tracking":false,"_monsterinsights_sitenote_active":false,"_monsterinsights_sitenote_note":"","_monsterinsights_sitenote_category":0,"footnotes":""},"categories":[47],"tags":[],"class_list":["post-34810","post","type-post","status-publish","format-standard","has-post-thumbnail","hentry","category-wystawy"],"_links":{"self":[{"href":"https:\/\/pix.house\/en\/wp-json\/wp\/v2\/posts\/34810","targetHints":{"allow":["GET"]}}],"collection":[{"href":"https:\/\/pix.house\/en\/wp-json\/wp\/v2\/posts"}],"about":[{"href":"https:\/\/pix.house\/en\/wp-json\/wp\/v2\/types\/post"}],"author":[{"embeddable":true,"href":"https:\/\/pix.house\/en\/wp-json\/wp\/v2\/users\/11"}],"replies":[{"embeddable":true,"href":"https:\/\/pix.house\/en\/wp-json\/wp\/v2\/comments?post=34810"}],"version-history":[{"count":6,"href":"https:\/\/pix.house\/en\/wp-json\/wp\/v2\/posts\/34810\/revisions"}],"predecessor-version":[{"id":34831,"href":"https:\/\/pix.house\/en\/wp-json\/wp\/v2\/posts\/34810\/revisions\/34831"}],"wp:featuredmedia":[{"embeddable":true,"href":"https:\/\/pix.house\/en\/wp-json\/wp\/v2\/media\/34812"}],"wp:attachment":[{"href":"https:\/\/pix.house\/en\/wp-json\/wp\/v2\/media?parent=34810"}],"wp:term":[{"taxonomy":"category","embeddable":true,"href":"https:\/\/pix.house\/en\/wp-json\/wp\/v2\/categories?post=34810"},{"taxonomy":"post_tag","embeddable":true,"href":"https:\/\/pix.house\/en\/wp-json\/wp\/v2\/tags?post=34810"}],"curies":[{"name":"wp","href":"https:\/\/api.w.org\/{rel}","templated":true}]}}