{"id":35286,"date":"2022-03-04T17:37:01","date_gmt":"2022-03-04T16:37:01","guid":{"rendered":"https:\/\/pix.house\/?p=35286"},"modified":"2022-03-08T09:54:42","modified_gmt":"2022-03-08T08:54:42","slug":"katastrofa","status":"publish","type":"post","link":"https:\/\/pix.house\/en\/katastrofa\/","title":{"rendered":"Jaka pi\u0119kna katastrofa"},"content":{"rendered":"<div class=\"wpb-content-wrapper\"><div class=\"vc_row wpb_row section vc_row-fluid\" style=' text-align:left;'><div class=\"full_section_inner clearfix\"><div class=\"wpb_column vc_column_container vc_col-sm-12\"><div class=\"vc_column-inner\"><div class=\"wpb_wrapper\">\n\t<div class=\"wpb_text_column wpb_content_element\">\n\t\t<div class=\"wpb_wrapper\">\n\t\t\t<h4><strong>czyli zapiski z czas\u00f3w pandemii Adriana Wykroty<\/strong><\/h4>\n<p>W zwi\u0105zku z sytuacj\u0105 w Ukrainie nawi\u0105zali\u015bmy wsp\u00f3\u0142prac\u0119 z <strong>Polskim Czerwonym Krzy\u017cem<\/strong> (PCK) \u2013 w\u0142\u0105czamy si\u0119 w akcj\u0119 <strong>#napomocUkrainie<\/strong>. Podczas wystawy i premiery publikacji b\u0119dziemy prowadzi\u0107 zbi\u00f3rk\u0119 pieni\u0119dzy. W zamian za hojno\u015b\u0107 i wsparcie finansowe darczy\u0144cy otrzymaj\u0105 premierow\u0105 publikacj\u0119 Adriana Wykroty.<\/p>\n<p><strong>Dystrybucja publikacji i zbi\u00f3rka \u015brodk\u00f3w #napomocUkrainie:<\/strong> 12.03 godz. 10.00 &#8211; 12.00 \u2013 wej\u015bcie p\u00f3\u0142nocne na Mi\u0119dzynarodowe Targi Pozna\u0144skie &#8211; ul. Bukowska<\/p>\n<p><strong>Wernisa\u017c:<\/strong> 12.03 godz. 16.00, wystawa czynna do 20.00 &#8211; galeria Pix.house ul. G\u0142ogowska 35, Pozna\u0144<\/p>\n<p><strong>ORGANIZATOR:<\/strong> Fundacja Pix.house<\/p>\n\n\t\t<\/div> \n\t<\/div> <\/div><\/div><\/div><div class=\"wpb_column vc_column_container vc_col-sm-12\"><div class=\"vc_column-inner\"><div class=\"wpb_wrapper\">\n\t<div class=\"wpb_single_image wpb_content_element vc_align_center\">\n\t\t<div class=\"wpb_wrapper\">\n\t\t\t\n\t\t\t<div class=\"vc_single_image-wrapper   vc_box_border_grey\"><img loading=\"lazy\" decoding=\"async\" width=\"1414\" height=\"2000\" src=\"https:\/\/pix.house\/wp-content\/uploads\/2022\/03\/plakat.jpg\" class=\"vc_single_image-img attachment-full\" alt=\"\" title=\"plakat\" srcset=\"https:\/\/pix.house\/wp-content\/uploads\/2022\/03\/plakat.jpg 1414w, https:\/\/pix.house\/wp-content\/uploads\/2022\/03\/plakat-800x1132.jpg 800w, https:\/\/pix.house\/wp-content\/uploads\/2022\/03\/plakat-212x300.jpg 212w, https:\/\/pix.house\/wp-content\/uploads\/2022\/03\/plakat-905x1280.jpg 905w, https:\/\/pix.house\/wp-content\/uploads\/2022\/03\/plakat-768x1086.jpg 768w, https:\/\/pix.house\/wp-content\/uploads\/2022\/03\/plakat-1086x1536.jpg 1086w, https:\/\/pix.house\/wp-content\/uploads\/2022\/03\/plakat-700x990.jpg 700w, https:\/\/pix.house\/wp-content\/uploads\/2022\/03\/plakat-1100x1556.jpg 1100w, https:\/\/pix.house\/wp-content\/uploads\/2022\/03\/plakat-1320x1867.jpg 1320w, https:\/\/pix.house\/wp-content\/uploads\/2022\/03\/plakat-300x424.jpg 300w\" sizes=\"auto, (max-width: 1414px) 100vw, 1414px\" \/><\/div>\n\t\t<\/div>\n\t<\/div>\n\n\t<div class=\"wpb_text_column wpb_content_element\">\n\t\t<div class=\"wpb_wrapper\">\n\t\t\t<p>Wystawa: <strong>Jaka pi\u0119kna katastrofa, czyli zapiski z czas\u00f3w pandemii<\/strong><\/p>\n<p>Notatki z czasu przepe\u0142nionego niepewno\u015bci\u0105. Czasu zatrzymania i odnajdywania relacji. Czasu strachu i eksperymentu, ale te\u017c nadziei na lepsze jutro. Projekt realizowany przez dwa lata (2020-2022) sk\u0142ada si\u0119 z kilku rozdzia\u0142\u00f3w \u2013 fotografii, film\u00f3w, instalacji i d\u017awi\u0119k\u00f3w. Tematy spo\u0142eczne przeplataj\u0105 si\u0119 w nim z personalnymi przemy\u015bleniami autora. Wystawa i premiera publikacji mia\u0142a by\u0107 klamr\u0105 zamykaj\u0105c\u0105 projekt. Wszyscy my\u015bleli\u015bmy, \u017ce historia si\u0119 sko\u0144czy\u0142a i mo\u017cemy i\u015b\u0107 dalej \u2013 mo\u017cemy zacz\u0105\u0107 \u017cy\u0107 normalnie. W tym momencie W\u0142adimir Putin bestialsko zaatakowa\u0142 naszych s\u0105siad\u00f3w \u2013 Ukrai\u0144c\u00f3w\u2026 Rozpoczyna si\u0119 kolejny test naszej wytrzyma\u0142o\u015bci i \u2026 cz\u0142owiecze\u0144stwa.<\/p>\n\n\t\t<\/div> \n\t<\/div> \n\t<div class=\"wpb_single_image wpb_content_element vc_align_left\">\n\t\t<div class=\"wpb_wrapper\">\n\t\t\t\n\t\t\t<div class=\"vc_single_image-wrapper   vc_box_border_grey\"><img loading=\"lazy\" decoding=\"async\" width=\"1600\" height=\"1067\" src=\"https:\/\/pix.house\/wp-content\/uploads\/2022\/03\/nic-ciekawego-wykrota-publikacja-1.jpg\" class=\"vc_single_image-img attachment-full\" alt=\"\" title=\"nic ciekawego wykrota publikacja-1\" srcset=\"https:\/\/pix.house\/wp-content\/uploads\/2022\/03\/nic-ciekawego-wykrota-publikacja-1.jpg 1600w, https:\/\/pix.house\/wp-content\/uploads\/2022\/03\/nic-ciekawego-wykrota-publikacja-1-800x534.jpg 800w, https:\/\/pix.house\/wp-content\/uploads\/2022\/03\/nic-ciekawego-wykrota-publikacja-1-300x200.jpg 300w, https:\/\/pix.house\/wp-content\/uploads\/2022\/03\/nic-ciekawego-wykrota-publikacja-1-1280x854.jpg 1280w, https:\/\/pix.house\/wp-content\/uploads\/2022\/03\/nic-ciekawego-wykrota-publikacja-1-768x512.jpg 768w, https:\/\/pix.house\/wp-content\/uploads\/2022\/03\/nic-ciekawego-wykrota-publikacja-1-1536x1024.jpg 1536w, https:\/\/pix.house\/wp-content\/uploads\/2022\/03\/nic-ciekawego-wykrota-publikacja-1-700x467.jpg 700w, https:\/\/pix.house\/wp-content\/uploads\/2022\/03\/nic-ciekawego-wykrota-publikacja-1-1100x734.jpg 1100w, https:\/\/pix.house\/wp-content\/uploads\/2022\/03\/nic-ciekawego-wykrota-publikacja-1-1320x880.jpg 1320w\" sizes=\"auto, (max-width: 1600px) 100vw, 1600px\" \/><\/div>\n\t\t<\/div>\n\t<\/div>\n\n\t<div class=\"wpb_text_column wpb_content_element\">\n\t\t<div class=\"wpb_wrapper\">\n\t\t\t<p>Publikacja: <strong>NIC CIEKAWEGO<\/strong><\/p>\n<p>W odpowiedzi na pandemi\u0119 powsta\u0142o wiele teorii spiskowych. Ju\u017c w lutym 2020 roku \u015awiatowa Organizacja Zdrowia (WHO) zwr\u00f3ci\u0142a uwag\u0119 na to, \u017ce towarzyszy jej fala dezinformacji nazywana cz\u0119sto \u201einfodemi\u0105\u201d. Polega ona na rozpowszechnianiu zniekszta\u0142conych informacji od teorii spiskowych po tzw. fake newsy.<\/p>\n<p>Przez kilka lat pracy w mediach wytwarza\u0142em informacje. Za pomoc\u0105 aparatu rejestrowa\u0142em, opisywa\u0142em, pr\u00f3bowa\u0142em zachowa\u0107 obiektywizm. Czy to si\u0119 udawa\u0142o? Nie wiem. Po wybuchu pandemii czu\u0142em przesyt informacyjny. Mo\u017ce to by\u0142 strach? Wsiad\u0142em na rower. Odkrywa\u0142em inne miejsca, zacz\u0105\u0142em spotyka\u0107 nowych ludzi. Zrobi\u0142em inne zdj\u0119cia. Omija\u0142em plemienne podzia\u0142y, kt\u00f3re jaskrawie zdobi\u0105 krajobraz \u017cycia spo\u0142ecznego. Niejednoznaczna bezdotykowo\u015b\u0107 czas\u00f3w, w kt\u00f3rych \u017cyjemy, odesz\u0142a na chwil\u0119 na bok.<\/p>\n<p>Statystyki zawarte w publikacji powinny sprowadzi\u0107 nas na ziemi\u0119.<br \/>\nNie mo\u017cna przej\u015b\u0107 oboj\u0119tnie obok tego, co si\u0119 wydarzy\u0142o i nadal dzieje. \u017byjemy w dobie liczb. Liczb, kt\u00f3rych nie pojmujemy i kt\u00f3re ju\u017c nas nie poruszaj\u0105.<br \/>\nPatrzymy na to wszystko i nie czujemy nic.<\/p>\n<p>Fotografie: Adrian Wykrota<br \/>\nTekst: Adrian Wykrota<br \/>\nProjekt publikacji: dobosz.studio<br \/>\nEdycja zdj\u0119\u0107: Krzysiek Or\u0142owski<br \/>\nOpieka merytoryczna: Anna Molter<br \/>\nRedakcja i korekta: Michalina \u0141abiszak<br \/>\nT\u0142umaczenie: Konrad Baranowski<br \/>\nPrzygotowanie fotografii do druku: Ieva Austinskait\u0117 | aust.studio<\/p>\n\n\t\t<\/div> \n\t<\/div> <div class=\"separator  normal\" style=\"border-color: #ffffff;border-width:1px\"><\/div>\n<div class=\"separator  normal\" style=\"border-color: #ffffff;border-width:1px\"><\/div>\n<div class='qode_image_gallery_no_space light highlight_active'><div class='qode_image_gallery_holder' style='height: 500px;'><ul><li><div style=\"height: 500px; width:708px;\"><img decoding=\"async\" src=\"https:\/\/pix.house\/wp-content\/uploads\/2022\/03\/jaka_piekna_katastrofa_wykrota.jpg\" alt=\"\" \/><\/div><\/li><li><div style=\"height: 500px; width:668px;\"><img decoding=\"async\" src=\"https:\/\/pix.house\/wp-content\/uploads\/2022\/03\/jaka_piekna_katastrofa_wykrota2.jpg\" alt=\"\" \/><\/div><\/li><li><div style=\"height: 500px; width:667px;\"><img decoding=\"async\" src=\"https:\/\/pix.house\/wp-content\/uploads\/2022\/03\/jaka_piekna_katastrofa_wykrota4.jpg\" alt=\"\" \/><\/div><\/li><li><div style=\"height: 500px; width:751px;\"><img decoding=\"async\" src=\"https:\/\/pix.house\/wp-content\/uploads\/2022\/03\/jaka_piekna_katastrofa_wykrota5.jpg\" alt=\"\" \/><\/div><\/li><li><div style=\"height: 500px; width:751px;\"><img decoding=\"async\" src=\"https:\/\/pix.house\/wp-content\/uploads\/2022\/03\/jaka_piekna_katastrofa_wykrota6.jpg\" alt=\"\" \/><\/div><\/li><li><div style=\"height: 500px; width:667px;\"><img decoding=\"async\" src=\"https:\/\/pix.house\/wp-content\/uploads\/2022\/03\/jaka_piekna_katastrofa_wykrota7.jpg\" alt=\"\" \/><\/div><\/li><li><div style=\"height: 500px; width:700px;\"><img decoding=\"async\" src=\"https:\/\/pix.house\/wp-content\/uploads\/2022\/03\/jaka_piekna_katastrofa_wykrota8.jpg\" alt=\"\" \/><\/div><\/li><\/ul><\/div><div class=\"controls\"><a class=\"prev-slide\" href=\"#\"><span class=\"arrow_carrot-left\"><\/span><\/a><a class=\"next-slide\" href=\"#\"><span class=\"arrow_carrot-right\"><\/span><\/a><\/div><\/div><\/div><\/div><\/div><\/div><\/div><div     class=\"vc_row wpb_row section vc_row-fluid\" style=' text-align:left;'><div class=\"full_section_inner clearfix\"><div class=\"wpb_column vc_column_container vc_col-sm-2\"><div class=\"vc_column-inner\"><div class=\"wpb_wrapper\">\n\t<div class=\"wpb_single_image wpb_content_element vc_align_left\">\n\t\t<div class=\"wpb_wrapper\">\n\t\t\t\n\t\t\t<div class=\"vc_single_image-wrapper   vc_box_border_grey\"><img loading=\"lazy\" decoding=\"async\" width=\"300\" height=\"87\" src=\"https:\/\/pix.house\/wp-content\/uploads\/2019\/11\/LOGO_POZnan_PL_RGB_PNG-e1605284264424-300x87.png\" class=\"vc_single_image-img attachment-medium\" alt=\"\" title=\"LOGO_POZnan_PL_RGB_PNG\" srcset=\"https:\/\/pix.house\/wp-content\/uploads\/2019\/11\/LOGO_POZnan_PL_RGB_PNG-e1605284264424-300x87.png 300w, https:\/\/pix.house\/wp-content\/uploads\/2019\/11\/LOGO_POZnan_PL_RGB_PNG-e1605284264424-700x204.png 700w, https:\/\/pix.house\/wp-content\/uploads\/2019\/11\/LOGO_POZnan_PL_RGB_PNG-e1605284264424.png 739w\" sizes=\"auto, (max-width: 300px) 100vw, 300px\" \/><\/div>\n\t\t<\/div>\n\t<\/div>\n\n\t<div class=\"wpb_text_column wpb_content_element\">\n\t\t<div class=\"wpb_wrapper\">\n\t\t\t<p><strong>Partnerzy:<\/strong><br \/>\nMiasto Pozna\u0144, dobosz.studio, Zinteka<\/p>\n\n\t\t<\/div> \n\t<\/div> <\/div><\/div><\/div><div class=\"wpb_column vc_column_container vc_col-sm-2\"><div class=\"vc_column-inner\"><div class=\"wpb_wrapper\">\n\t<div class=\"wpb_single_image wpb_content_element vc_align_left\">\n\t\t<div class=\"wpb_wrapper\">\n\t\t\t\n\t\t\t<div class=\"vc_single_image-wrapper   vc_box_border_grey\"><img loading=\"lazy\" decoding=\"async\" width=\"150\" height=\"150\" src=\"https:\/\/pix.house\/wp-content\/uploads\/2022\/03\/pobrane-150x150.png\" class=\"vc_single_image-img attachment-thumbnail\" alt=\"\" title=\"pobrane\" srcset=\"https:\/\/pix.house\/wp-content\/uploads\/2022\/03\/pobrane-150x150.png 150w, https:\/\/pix.house\/wp-content\/uploads\/2022\/03\/pobrane-100x100.png 100w\" sizes=\"auto, (max-width: 150px) 100vw, 150px\" \/><\/div>\n\t\t<\/div>\n\t<\/div>\n<\/div><\/div><\/div><div class=\"wpb_column vc_column_container vc_col-sm-2\"><div class=\"vc_column-inner\"><div class=\"wpb_wrapper\">\n\t<div class=\"wpb_single_image wpb_content_element vc_align_left\">\n\t\t<div class=\"wpb_wrapper\">\n\t\t\t\n\t\t\t<div class=\"vc_single_image-wrapper   vc_box_border_grey\"><img loading=\"lazy\" decoding=\"async\" width=\"150\" height=\"150\" src=\"https:\/\/pix.house\/wp-content\/uploads\/2019\/07\/Zinteka-png-logo-e1638875522355-150x150.png\" class=\"vc_single_image-img attachment-thumbnail\" alt=\"\" title=\"Zinteka png logo\" srcset=\"https:\/\/pix.house\/wp-content\/uploads\/2019\/07\/Zinteka-png-logo-e1638875522355-150x150.png 150w, https:\/\/pix.house\/wp-content\/uploads\/2019\/07\/Zinteka-png-logo-e1638875522355-100x100.png 100w, https:\/\/pix.house\/wp-content\/uploads\/2019\/07\/Zinteka-png-logo-e1638875522355-550x550.png 550w, https:\/\/pix.house\/wp-content\/uploads\/2019\/07\/Zinteka-png-logo-e1638875522355-500x500.png 500w, https:\/\/pix.house\/wp-content\/uploads\/2019\/07\/Zinteka-png-logo-e1638875522355-1000x1000.png 1000w\" sizes=\"auto, (max-width: 150px) 100vw, 150px\" \/><\/div>\n\t\t<\/div>\n\t<\/div>\n<\/div><\/div><\/div><div class=\"wpb_column vc_column_container vc_col-sm-6\"><div class=\"vc_column-inner\"><div class=\"wpb_wrapper\"><\/div><\/div><\/div><\/div><\/div>\n<\/div>","protected":false},"excerpt":{"rendered":"czyli zapiski z czas\u00f3w pandemii Adriana Wykroty W zwi\u0105zku z sytuacj\u0105 w Ukrainie nawi\u0105zali\u015bmy wsp\u00f3\u0142prac\u0119 z Polskim Czerwonym Krzy\u017cem (PCK) \u2013 w\u0142\u0105czamy si\u0119 w akcj\u0119 #napomocUkrainie. Podczas wystawy i premiery publikacji b\u0119dziemy prowadzi\u0107 zbi\u00f3rk\u0119 pieni\u0119dzy. W zamian za hojno\u015b\u0107 i wsparcie finansowe darczy\u0144cy otrzymaj\u0105 premierow\u0105...","protected":false},"author":11,"featured_media":35287,"comment_status":"open","ping_status":"open","sticky":false,"template":"","format":"standard","meta":{"_monsterinsights_skip_tracking":false,"_monsterinsights_sitenote_active":false,"_monsterinsights_sitenote_note":"","_monsterinsights_sitenote_category":0,"footnotes":""},"categories":[47],"tags":[],"class_list":["post-35286","post","type-post","status-publish","format-standard","has-post-thumbnail","hentry","category-wystawy"],"_links":{"self":[{"href":"https:\/\/pix.house\/en\/wp-json\/wp\/v2\/posts\/35286","targetHints":{"allow":["GET"]}}],"collection":[{"href":"https:\/\/pix.house\/en\/wp-json\/wp\/v2\/posts"}],"about":[{"href":"https:\/\/pix.house\/en\/wp-json\/wp\/v2\/types\/post"}],"author":[{"embeddable":true,"href":"https:\/\/pix.house\/en\/wp-json\/wp\/v2\/users\/11"}],"replies":[{"embeddable":true,"href":"https:\/\/pix.house\/en\/wp-json\/wp\/v2\/comments?post=35286"}],"version-history":[{"count":19,"href":"https:\/\/pix.house\/en\/wp-json\/wp\/v2\/posts\/35286\/revisions"}],"predecessor-version":[{"id":35338,"href":"https:\/\/pix.house\/en\/wp-json\/wp\/v2\/posts\/35286\/revisions\/35338"}],"wp:featuredmedia":[{"embeddable":true,"href":"https:\/\/pix.house\/en\/wp-json\/wp\/v2\/media\/35287"}],"wp:attachment":[{"href":"https:\/\/pix.house\/en\/wp-json\/wp\/v2\/media?parent=35286"}],"wp:term":[{"taxonomy":"category","embeddable":true,"href":"https:\/\/pix.house\/en\/wp-json\/wp\/v2\/categories?post=35286"},{"taxonomy":"post_tag","embeddable":true,"href":"https:\/\/pix.house\/en\/wp-json\/wp\/v2\/tags?post=35286"}],"curies":[{"name":"wp","href":"https:\/\/api.w.org\/{rel}","templated":true}]}}