{"id":35652,"date":"2022-06-17T14:54:26","date_gmt":"2022-06-17T12:54:26","guid":{"rendered":"https:\/\/pix.house\/?p=35652"},"modified":"2022-06-17T14:57:34","modified_gmt":"2022-06-17T12:57:34","slug":"talent2022_wyniki","status":"publish","type":"post","link":"https:\/\/pix.house\/en\/talent2022_wyniki\/","title":{"rendered":"Talent Roku 2022 | wyniki"},"content":{"rendered":"<div class=\"wpb-content-wrapper\"><div class=\"vc_row wpb_row section vc_row-fluid\" style=' padding-top:2px; text-align:left;'><div class=\"full_section_inner clearfix\"><div class=\"wpb_column vc_column_container vc_col-sm-12\"><div class=\"vc_column-inner\"><div class=\"wpb_wrapper\">\n\t<div class=\"wpb_text_column wpb_content_element\">\n\t\t<div class=\"wpb_wrapper\">\n\t\t\t<p>Jury (Monika Szewczyk &#8211; Wittek, Krzysiek Or\u0142owski, przedstawiciele Pix.house) rozstrzygn\u0119\u0142o si\u00f3dm\u0105 edycj\u0119 konkursu Talent Roku. Otrzymali\u015bmy <strong>110 zg\u0142osze\u0144<\/strong> . Poziom nades\u0142anych prac by\u0142 bardzo wysoki. Gratulujemy wszystkim zaanga\u017cowania, wra\u017cliwego spojrzenia i ch\u0119ci zapisu oraz analizy otaczaj\u0105cego nas \u015bwiata za pomoc\u0105 fotografii!<\/p>\n<p>&nbsp;<\/p>\n<h5><img loading=\"lazy\" decoding=\"async\" class=\"alignnone wp-image-35663 size-full\" src=\"https:\/\/pix.house\/wp-content\/uploads\/2022\/06\/julia-klewaniec-cichy-rasizm-14.jpg\" alt=\"\" width=\"1200\" height=\"900\" srcset=\"https:\/\/pix.house\/wp-content\/uploads\/2022\/06\/julia-klewaniec-cichy-rasizm-14.jpg 1200w, https:\/\/pix.house\/wp-content\/uploads\/2022\/06\/julia-klewaniec-cichy-rasizm-14-300x225.jpg 300w, https:\/\/pix.house\/wp-content\/uploads\/2022\/06\/julia-klewaniec-cichy-rasizm-14-800x600.jpg 800w, https:\/\/pix.house\/wp-content\/uploads\/2022\/06\/julia-klewaniec-cichy-rasizm-14-768x576.jpg 768w, https:\/\/pix.house\/wp-content\/uploads\/2022\/06\/julia-klewaniec-cichy-rasizm-14-700x525.jpg 700w, https:\/\/pix.house\/wp-content\/uploads\/2022\/06\/julia-klewaniec-cichy-rasizm-14-1100x825.jpg 1100w\" sizes=\"auto, (max-width: 1200px) 100vw, 1200px\" \/><\/h5>\n<p style=\"text-align: right;\"><em>fot. Julia Klewaniec \/ Cichy Rasizm<\/em><\/p>\n<h5><strong>ZIN CALL<\/strong><\/h5>\n<h5><strong>zwyci\u0119\u017cczyni<\/strong><\/h5>\n<p><em>publikacja zina (edycja fotografii,\u00a0 redakcja tekst\u00f3w, projekt, sk\u0142ad, druk), udzia\u0142 w warsztatach edycyjnych i procesie wydania publikacji, udzia\u0142 w przegl\u0105dzie portfolio<\/em><\/p>\n<p>&nbsp;<\/p>\n<p><b>Julia Klewaniec<\/b><\/p>\n<h5><strong>Cichy rasizm<\/strong><\/h5>\n<p>Projekt fotograficzny pod roboczym tytu\u0142em \u201cCichy Rasizm\u201d bada granice, pojemno\u015b\u0107, rozumienie i konsekwencje u\u017cywania s\u0142owa Murzyn. Sprawdza w jaki spos\u00f3b jego funkcjonowanie wp\u0142yn\u0119\u0142o na to\u017csamo\u015b\u0107 ciemnosk\u00f3rych os\u00f3b \u017cyj\u0105cych w Polsce.<br \/>\nPrzez lata w r\u00f3\u017cnych pokoleniach s\u0142owo to by\u0142o u\u017cywane \u201cbezkarnie\u201d, czyli bezrefleksyjnie i bezdyskusyjnie, mo\u017cna powiedzie\u0107, \u017ce spo\u0142ecze\u0144stwo zosta\u0142o na nim wychowane, \u017ce jest komponentem kulturowym, artefaktem, wros\u0142o w j\u0119zyk polski mocno i po cichu. \u201eCiemno jak w dupie u Murzyna\u201d, \u201eMurzyn zrobi\u0142 swoje, Murzyn mo\u017ce odej\u015b\u0107\u201d, \u201cPracowa\u0107 jak Murzyn\u201d, to okre\u015blenia, kt\u00f3re s\u0105 wypowiadane lekko, uwa\u017cane, \u017ce nikogo nie krzywdz\u0105, w ko\u0144cu \u201cMurzynek Bambo to nasz kole\u017cka\u201d.<br \/>\nJe\u015bli pojawia\u0142 si\u0119 jaki\u015b sprzeciw wobec \u201cMurzyna\u201d, nie mia\u0142 wi\u0119kszego przebicia. Zrobi\u0142o si\u0119 o nim g\u0142o\u015bno kilka lat temu. Przyczyni\u0142y si\u0119 do tego masowe demonstracje w USA pod has\u0142em \u201cBlack Live Matters\u201d oraz w Polsce, wzmo\u017cona dzia\u0142alno\u015b\u0107 ruch\u00f3w nacjonalistycznych, antysemickich, rasistowskich. Statystyki policyjne pokazywa\u0142y coraz wi\u0119cej napa\u015bci wobec os\u00f3b odmiennych etnicznie. Wzmo\u017cona mowa nienawi\u015bci wobec ka\u017cdego \u201cinnego\u201d, narracja anty-uchod\u017acza, polsko\u015b\u0107 w czystym wydaniu &#8211; to dominuj\u0105cy dyskurs polityczny. Ale to nie wszystko. Niech\u0119\u0107, obra\u017aliwy, czy wr\u0119cz lekcewa\u017c\u0105cy stosunek do innego koloru sk\u00f3ry zaszyte jest w innych przekazach kultury, funkcjonuje trwale i codziennie. Przepis na \u201cCycki Murzynki\u201d, czarna kresk\u00f3wkowa twarz na margarynie \u201cPalma\u201d, przedszkolna zabawa w Murzynka &#8211; niewinne nazwy, czy kompletne niezrozumienie korzeni rasizmu, wykluczenia i nietolerancji?<\/p>\n<p>Projekt skupia si\u0119 na procesie zmiany znaczenia rzeczownika Murzyn w Polsce, jego konotacjach, miejscu w kulturze oraz przygl\u0105da si\u0119 agresji, kt\u00f3ra pot\u0119guje i manipuluje kontekstem. Rozmawiam z ciemnosk\u00f3rymi lud\u017ami, kt\u00f3rzy urodzili si\u0119 w Polsce lub wybrali \u017cycie w tym kraju. S\u0142ysz\u0119, jak im trudno jest \u017cy\u0107, s\u0142ysz\u0119, \u017ce zmiany powinny zacz\u0105\u0107 si\u0119 od medi\u00f3w, dziennikarzy, polityk\u00f3w i o\u015bwiaty.<\/p>\n<p>&nbsp;<\/p>\n\n<p>&nbsp;<\/p>\n<h5><b>wyr\u00f3\u017cnienia<\/b><\/h5>\n<p><em><span style=\"font-weight: 400;\">(warsztaty edycyjne, udzia\u0142 w przegl\u0105dzie portfolio)<\/span><\/em><\/p>\n<p>&nbsp;<\/p>\n<p><b>Martyna Beskiewicz<\/b><\/p>\n<h5><strong>St\u00f3j prosto<\/strong><\/h5>\n<p>St\u00f3j prosto to projekt, kt\u00f3ry zawiera zbi\u00f3r moich autoportret\u00f3w, nad kt\u00f3rymi pracowa\u0142am na prze\u0142omie 2020 i 2021 roku. Decyzj\u0119 o tej formie podj\u0119\u0142am automatycznie, nie maj\u0105c zbyt wielkiego wyboru podczas trwaj\u0105cej pandemii \u2013 w wi\u0119kszo\u015bci czasu, odizolowana od innych ludzi, potencjalnych modeli i modelek, postanowi\u0142am fotografowa\u0107 siebie, konfrontuj\u0105c si\u0119 przy tym z pomys\u0142em, o kt\u00f3rym my\u015bla\u0142am od d\u0142u\u017cszego czasu. Zacz\u0119\u0142am opowiada\u0107 o relacji ze swoim cia\u0142em.<br \/>\nSeria zdj\u0119\u0107 St\u00f3j prosto jest owocem d\u0142ugoletnich obserwacji lawiruj\u0105cych wok\u00f3\u0142 kobiecej cielesno\u015bci. \u201eDziewczynkom nie wypada siedzie\u0107 z rozszerzonymi nogami\u201d, \u201eOpar\u0142a\u015b si\u0119 o ten blat jak prostytutka\u201d, \u201eZakryj dekolt, jest za du\u017cy\u201d, \u201eNie wygl\u0105dasz kobieco kiedy si\u0119 tak garbisz\u201d, \u201eNie nachylaj si\u0119 tak, wygl\u0105dasz wyzywaj\u0105co\u201d. To tylko kilka przyk\u0142ad\u00f3w zda\u0144, kt\u00f3rymi ka\u017cda z Nas jest codziennie bombardowana. Wymagana jest od nas ci\u0105g\u0142a kontrola. Ci\u0105g\u0142e spe\u0142nianie oczekiwa\u0144. Ci\u0105g\u0142e poprawne stawanie w szeregu. Podporz\u0105dkowanie.<\/p>\n<p>Proces tworzenia fotografii by\u0142 dla mnie niezwykle ciekawym i odkrywczym do\u015bwiadczeniem. Nawi\u0105za\u0142am jeszcze g\u0142\u0119bsz\u0105 relacj\u0119 ze swoim cia\u0142em, jeszcze bardziej je pozna\u0142am i pokocha\u0142am. Co jest r\u00f3wnie wa\u017cne \u2013 zyska\u0142am jeszcze wi\u0119cej si\u0142y, \u017ceby nie poddawa\u0107 si\u0119 narzucanej nam presji, kt\u00f3ra odbija si\u0119 na naszym poczuciu bezpiecze\u0144stwa, poczuciu w\u0142asnej warto\u015bci, zdrowiu psychicznym i jako\u015bci relacji jakie mamy ze sob\u0105, jak i z innymi lud\u017ami.<\/p>\n<p>Niesamowicie ciesz\u0119 jak wiele dziewczyn oraz kobiet zaczyna wy\u0142amywa\u0107 si\u0119 ze schemat\u00f3w, zakorzenionych w kulturach od wiek\u00f3w. Zdaj\u0119 sobie spraw\u0119 r\u00f3wnie\u017c z tego ile jeszcze jest pracy przed nami. St\u00f3j prosto jest moim g\u0142osem w tej sprawie. Nie b\u0119d\u0119 sta\u0142a prosto, bo dziewczyny tak musz\u0105. Nie musz\u0105.<\/p>\n<p>&nbsp;<\/p>\n<p>&nbsp;<\/p>\n\n<p>&nbsp;<\/p>\n<p><b>Dominik Ksi\u0119\u017cyk<\/b><\/p>\n<h5><strong>1587km<\/strong><\/h5>\n<p>Imigracja to zjawisko, kt\u00f3re jest z nami od zawsze. Ludzie wyje\u017cd\u017caj\u0105 w poszukiwaniu lepszego \u017cycia. Poza Polsk\u0105 \u017cyje ponad 2 miliony Polak\u00f3w, z czego ponad 300 tysi\u0119cy wyjecha\u0142o do Norwegii. Mieli r\u00f3\u017ce cele: jedni wyje\u017cd\u017cali za pieni\u0119dzmi, inni tylko na chwil\u0119 dorobi\u0107, jeszcze inni uciekali przed swoim poprzednim \u017cyciem. Pytanie ile ludzi znalaz\u0142o to lepsze \u017cycie za granic\u0105 i jak \u017cyj\u0105 ludzie, kt\u00f3rym nie uda\u0142o si\u0119 zaaklimatyzowa\u0107? Bez j\u0119zyka, wykszta\u0142cenia i pieni\u0119dzy zostali sami w obcym kraju. Pr\u00f3buj\u0105c poradzi\u0107 sobie zbieraj\u0105c si\u0119 w spo\u0142eczno\u015bci, mieszka\u0107 razem, czekaj\u0105c na lepsze jutro, kt\u00f3re nigdy nie nadejdzie.<\/p>\n<p>Zale\u017cy mi na zbudowaniu opowie\u015bci w kt\u00f3rej skupiam si\u0119 na ludziach i ich problemach w tym kraju. Chce pokaza\u0107 przekr\u00f3j r\u00f3\u017cnych osobowo\u015bci, kt\u00f3re mo\u017cna tam spotka\u0107 oraz historii, kt\u00f3re mo\u017cna us\u0142ysze\u0107. Projekt jest ca\u0142y czas w trakcie realizacji i ca\u0142y czas go rozwijam.<\/p>\n<p>&nbsp;<\/p>\n<p>&nbsp;<\/p>\n\n<p>&nbsp;<\/p>\n<p><b>Kamil \u015aleszy\u0144ski<\/b><\/p>\n<h5><strong>Uroki<\/strong><\/h5>\n<p>Najpierw zmar\u0142a matka. Ale jeszcze przez jaki\u015b czas przychodzi\u0142a do c\u00f3reczki, gdy ta budzi\u0142a si\u0119 z p\u0142aczem. Domownicy m\u00f3wili, \u017ce s\u0142yszeli po nocach kroki i miarowe skrzypienie ko\u0142yski. Wtedy p\u0142acz ustawa\u0142. Jednak domownicy chcieli, \u017ceby matka przesta\u0142a przychodzi\u0107. Dlatego, za rad\u0105 s\u0105siadki, rozsypali groch w pokoju. Pomog\u0142o.<\/p>\n<p>Potem po ojca przyszli Sowieci i go zabrali. Szukali te\u017c jego ma\u0142ej c\u00f3rki, ale im sk\u0142ama\u0142, \u017ce umar\u0142a na gru\u017alic\u0119. Tak naprawd\u0119, dobrzy ludzie ukryli j\u0105 w zbo\u017cu. Siedzia\u0142a tam par\u0119 dni, jeszcze d\u0142ugo po odej\u015bciu NKWD. Ju\u017c wtedy s\u0105siedzi gadali, \u017ce z t\u0105 rodzin\u0105 mo\u017ce jest co\u015b nie tak, \u017ce pewnie kto\u015b rzuci\u0142 na ni\u0105 z\u0142y urok. Ojciec nigdy nie wr\u00f3ci\u0142 z zes\u0142ania. Zosta\u0142o po nim tylko kilka zdj\u0119\u0107. C\u00f3rka wierzy\u0142a, \u017ce on wci\u0105\u017c \u017cyje. Pewnego dnia po wielu latach poszukiwa\u0144 otrzyma\u0142a akt zgonu z gru\u017alic\u0105 p\u0142uc podan\u0105 jako przyczyna \u015bmierci. Chcia\u0142a odnale\u017a\u0107 jego gr\u00f3b, ale podr\u00f3\u017ce po Zwi\u0105zku Sowieckim by\u0142y utrudnione. Nie doczeka\u0142a lepszych czas\u00f3w. Zmar\u0142a m\u0142odo po d\u0142ugiej chorobie. Tak jak jej matka.<\/p>\n<p>Przekazywanie mi\u0119dzypokoleniowej traumy mia\u0142o du\u017cy wp\u0142yw na moje \u017cycie. Nieskonfrontowany \u017cal oddzia\u0142ywa\u0142 na kolejne pokolenia naszej rodziny. Z czasem ten \u017cal rozmywa\u0142 si\u0119 a\u017c w ko\u0144cu przybra\u0142 form\u0119 nieokre\u015blonej pustki, kt\u00f3ra towarzyszy\u0142a mi odk\u0105d pami\u0119tam. My\u015bl\u0119, \u017ce by\u0142 to rodzaj nie\u015bwiadomej solidarno\u015bci z osob\u0105, kt\u00f3ra pierwotnie do\u015bwiadczy\u0142a strasznych rzeczy. Moja mama otrzyma\u0142a ten &#8222;dar&#8221; od swojej mamy, a potem przekaza\u0142a go mnie.<\/p>\n<p>A mo\u017ce tej traumy tak naprawd\u0119 nie ma? Mo\u017ce j\u0105 sobie wymy\u015bli\u0142em, wyobrazi\u0142em. Mo\u017ce potrzebowa\u0142em jej, by wyt\u0142umaczy\u0107 jako\u015b swoje \u017cycie. Wszystko to, co w nim niekompletne, nieprzystaj\u0105ce do mojej wizji.<\/p>\n<p>A mo\u017ce ja w\u0142a\u015bnie taki jestem. Naznaczony traum\u0105 kt\u00f3rej nie ma. A kt\u00f3ra t\u0142umaczy\u0142aby wszystko to, co daje obraz przysz\u0142o\u015bci. B\u0119d\u0105c zakorzenionym w przesz\u0142o\u015bci.<\/p>\n<p>&nbsp;<\/p>\n\n<p>&nbsp;<\/p>\n<h5>SCHOLAR<\/h5>\n<h5><strong>zwyci\u0119\u017cczyni<\/strong><\/h5>\n<p><em><span style=\"font-weight: 400;\">(nagroda finansowa 3000 z\u0142, udzia\u0142 w przegl\u0105dzie portfolio) <\/span><\/em><\/p>\n<p>&nbsp;<\/p>\n<p><b>Karolina \u0106wik<\/b><\/p>\n<h5><strong>Archetypy<\/strong><\/h5>\n<p>&#8222;Archetypy&#8221; to niezwykle wa\u017cna dla mnie historia, do tej pory budowana bardzo intuicyjnie, na podstawie sn\u00f3w, wspomnie\u0144, braku wspomnie\u0144, aktualnych rozm\u00f3w z moj\u0105 mam\u0105. To opowie\u015b\u0107 o relacji matka-c\u00f3rka, relacji dla mnie niezb\u0119dnej, ale r\u00f3wnocze\u015bnie do\u015b\u0107 skomplikowanej, archetypicznej, wsp\u00f3\u0142zale\u017cnej. Kiedy urodzi\u0142am dzieci, intensywnie zacz\u0119\u0142am przygl\u0105da\u0107 si\u0119 i prze\u017cywa\u0107 relacj\u0119 z w\u0142asn\u0105 matk\u0105&#8230;By\u0107 mo\u017ce zacz\u0119\u0142am j\u0105 te\u017c paradoksalnie komplikowa\u0107, bo pojawi\u0142y si\u0119 pytania i w\u0105tpliwo\u015bci, kt\u00f3rych wcze\u015bniej nie mia\u0142am. Zacz\u0119\u0142am te\u017c wspomina\u0107 w\u0142asne dzieci\u0144stwo i zastanawia\u0107 si\u0119 nad tym jak bardzo moja mama na mnie wp\u0142yn\u0119\u0142a, jak ukszta\u0142towa\u0142a mnie relacja z babci\u0105&#8230; co chcia\u0142y mi powiedzie\u0107 o \u017cyciu kobiety, kt\u00f3re mnie wychowywa\u0142y i w rezultacie co ja z tego zrozumia\u0142am.<\/p>\n<p>&nbsp;<\/p>\n<p>&nbsp;<\/p>\n\n<p>&nbsp;<\/p>\n<h5><b>wyr\u00f3\u017cnienie<\/b><\/h5>\n<p><em><span style=\"font-weight: 400;\">(konsultacja projektu, udzia\u0142 w przegl\u0105dzie portfolio)<\/span><\/em><\/p>\n<p>&nbsp;<\/p>\n<p><b>Agata Pu\u0142awska<\/b><\/p>\n<h5><strong>Umami<\/strong><\/h5>\n<p>&#8222;Umami&#8221; to projekt o weryfikacji mitu romantycznego, w kt\u00f3rym dorasta\u0142am. Pattern &#8222;romantycznej mi\u0142o\u015bci na ca\u0142e \u017cycie&#8221; mierzy si\u0119 z codzienno\u015bci\u0105, kt\u00f3ra nie pokrywa si\u0119 z literatur\u0105 czy filmami towarzysz\u0105cymi nam w dzieci\u0144stwie. W otaczaj\u0105cej mnie przestrzeni szukam przeno\u015bni i odniesie\u0144 do prze\u017cywanych do\u015bwiadcze\u0144. Zdj\u0119cia prowadz\u0105 ze sob\u0105 dialog, buduj\u0105c coraz to nowe konteksty, w zale\u017cno\u015bci od wra\u017cliwo\u015bci i do\u015bwiadcze\u0144 odbiorcy.<\/p>\n<p>&nbsp;<\/p>\n\n\n\t\t<\/div> \n\t<\/div> <\/div><\/div><\/div><\/div><\/div><div     class=\"vc_row wpb_row section vc_row-fluid\" style=' text-align:left;'><div class=\"full_section_inner clearfix\"><div class=\"wpb_column vc_column_container vc_col-sm-12\"><div class=\"vc_column-inner\"><div class=\"wpb_wrapper\">\n\t<div class=\"wpb_text_column wpb_content_element\">\n\t\t<div class=\"wpb_wrapper\">\n\t\t\t<p style=\"text-align: justify;\"><b>Podzi\u0119kowania!\u00a0<\/b><\/p>\n<p style=\"text-align: justify;\">Serdecznie dzi\u0119kujemy wszystkim<b>, <\/b>kt\u00f3rzy wys\u0142ali swoje zg\u0142oszenia. Gratulujemy Wam wra\u017cliwo\u015bci i fotograficznego spojrzenia na nasz\u0105 rzeczywisto\u015b\u0107.<\/p>\n<p>&nbsp;<\/p>\n<p>Dzi\u0119kujemy tak\u017ce cz\u0142onkom jury oraz partnerom &#8211; Zinteka, Miasto Pozna\u0144, Urz\u0105d Marsza\u0142kowski Wojew\u00f3dztwa Wielkopolskiego.<\/p>\n<p>Do zobaczenia na warsztatach i przegl\u0105dzie portfolio!<\/p>\n<p>&nbsp;<\/p>\n<p style=\"text-align: justify;\"><b>Organizatorzy:\u00a0<\/b><\/p>\n<p style=\"text-align: justify;\"><span style=\"font-weight: 400;\">Fundacja <strong>Pix.house\u00a0<\/strong><\/span><\/p>\n<p style=\"text-align: justify;\"><span style=\"font-weight: 400;\">koordynacja dzia\u0142a\u0144: Adrian Wykrota, Anna Molter<\/span><\/p>\n<p style=\"text-align: justify;\"><img loading=\"lazy\" decoding=\"async\" class=\"wp-image-23802 alignleft\" src=\"https:\/\/pix.house\/wp-content\/uploads\/2016\/10\/pix_logo_bez_tla-copy-e1589265930442.png\" alt=\"\" width=\"127\" height=\"154\" srcset=\"https:\/\/pix.house\/wp-content\/uploads\/2016\/10\/pix_logo_bez_tla-copy-e1589265930442.png 330w, https:\/\/pix.house\/wp-content\/uploads\/2016\/10\/pix_logo_bez_tla-copy-e1589265930442-248x300.png 248w, https:\/\/pix.house\/wp-content\/uploads\/2016\/10\/pix_logo_bez_tla-copy-e1589265930442-300x364.png 300w\" sizes=\"auto, (max-width: 127px) 100vw, 127px\" \/><\/p>\n<p>&nbsp;<\/p>\n<p>&nbsp;<\/p>\n<p>&nbsp;<\/p>\n<p>&nbsp;<\/p>\n<p>&nbsp;<\/p>\n<p>&nbsp;<\/p>\n<p style=\"text-align: justify;\"><strong>Zinteka\u00a0<\/strong><\/p>\n<p style=\"text-align: justify;\"><span style=\"font-weight: 400;\">Krzysiek Or\u0142owski\u00a0<\/span><\/p>\n<p style=\"text-align: justify;\"><img loading=\"lazy\" decoding=\"async\" class=\"wp-image-29748 alignleft\" src=\"https:\/\/pix.house\/wp-content\/uploads\/2019\/07\/Zinteka-png-logo-e1589219199676-1023x1280.png\" alt=\"\" width=\"150\" height=\"187\" \/><\/p>\n<p>&nbsp;<\/p>\n<p>&nbsp;<\/p>\n<p>&nbsp;<\/p>\n<p>&nbsp;<\/p>\n<p>&nbsp;<\/p>\n<p>&nbsp;<\/p>\n<p>&nbsp;<\/p>\n<p style=\"text-align: left;\"><b>Projekt realizowany dzi\u0119ki wsparciu:\u00a0<\/b><\/p>\n<p style=\"text-align: justify;\"><img loading=\"lazy\" decoding=\"async\" class=\"wp-image-26656 alignleft\" src=\"https:\/\/pix.house\/wp-content\/uploads\/2017\/09\/LOGO_POZnan_RGB_JPEG-e1589266011785.jpg\" alt=\"\" width=\"234\" height=\"118\" srcset=\"https:\/\/pix.house\/wp-content\/uploads\/2017\/09\/LOGO_POZnan_RGB_JPEG-e1589266011785.jpg 751w, https:\/\/pix.house\/wp-content\/uploads\/2017\/09\/LOGO_POZnan_RGB_JPEG-e1589266011785-300x151.jpg 300w, https:\/\/pix.house\/wp-content\/uploads\/2017\/09\/LOGO_POZnan_RGB_JPEG-e1589266011785-600x302.jpg 600w, https:\/\/pix.house\/wp-content\/uploads\/2017\/09\/LOGO_POZnan_RGB_JPEG-e1589266011785-700x352.jpg 700w\" sizes=\"auto, (max-width: 234px) 100vw, 234px\" \/><\/p>\n<p>&nbsp;<\/p>\n<p>&nbsp;<\/p>\n<p>&nbsp;<\/p>\n<p>&nbsp;<\/p>\n<p><img loading=\"lazy\" decoding=\"async\" class=\"wp-image-31635 alignleft\" src=\"https:\/\/pix.house\/wp-content\/uploads\/2020\/05\/pobrane-e1589219260528.jpeg\" alt=\"\" width=\"237\" height=\"94\" srcset=\"https:\/\/pix.house\/wp-content\/uploads\/2020\/05\/pobrane-e1589219260528.jpeg 348w, https:\/\/pix.house\/wp-content\/uploads\/2020\/05\/pobrane-e1589219260528-300x119.jpeg 300w, https:\/\/pix.house\/wp-content\/uploads\/2020\/05\/pobrane-e1589219260528-345x138.jpeg 345w\" sizes=\"auto, (max-width: 237px) 100vw, 237px\" \/><\/p>\n<p>&nbsp;<\/p>\n<p>&nbsp;<\/p>\n<p>&nbsp;<\/p>\n<p>&nbsp;<\/p>\n<p>&nbsp;<\/p>\n<p style=\"text-align: left;\">PIX.HOUSE &#8211; razem tworzymy miejsce dla fotografii!<\/p>\n\n\t\t<\/div> \n\t<\/div> <\/div><\/div><\/div><\/div><\/div>\n<\/div>","protected":false},"excerpt":{"rendered":"Jury (Monika Szewczyk - Wittek, Krzysiek Or\u0142owski, przedstawiciele Pix.house) rozstrzygn\u0119\u0142o si\u00f3dm\u0105 edycj\u0119 konkursu Talent Roku. Otrzymali\u015bmy 110 zg\u0142osze\u0144 . Poziom nades\u0142anych prac by\u0142 bardzo wysoki. Gratulujemy wszystkim zaanga\u017cowania, wra\u017cliwego spojrzenia i ch\u0119ci zapisu oraz analizy otaczaj\u0105cego nas \u015bwiata za pomoc\u0105 fotografii! &nbsp; fot. Julia Klewaniec...","protected":false},"author":11,"featured_media":35654,"comment_status":"open","ping_status":"open","sticky":false,"template":"","format":"standard","meta":{"_monsterinsights_skip_tracking":false,"_monsterinsights_sitenote_active":false,"_monsterinsights_sitenote_note":"","_monsterinsights_sitenote_category":0,"footnotes":""},"categories":[59],"tags":[],"class_list":["post-35652","post","type-post","status-publish","format-standard","has-post-thumbnail","hentry","category-co-z-ta-fotografia"],"_links":{"self":[{"href":"https:\/\/pix.house\/en\/wp-json\/wp\/v2\/posts\/35652","targetHints":{"allow":["GET"]}}],"collection":[{"href":"https:\/\/pix.house\/en\/wp-json\/wp\/v2\/posts"}],"about":[{"href":"https:\/\/pix.house\/en\/wp-json\/wp\/v2\/types\/post"}],"author":[{"embeddable":true,"href":"https:\/\/pix.house\/en\/wp-json\/wp\/v2\/users\/11"}],"replies":[{"embeddable":true,"href":"https:\/\/pix.house\/en\/wp-json\/wp\/v2\/comments?post=35652"}],"version-history":[{"count":13,"href":"https:\/\/pix.house\/en\/wp-json\/wp\/v2\/posts\/35652\/revisions"}],"predecessor-version":[{"id":35732,"href":"https:\/\/pix.house\/en\/wp-json\/wp\/v2\/posts\/35652\/revisions\/35732"}],"wp:featuredmedia":[{"embeddable":true,"href":"https:\/\/pix.house\/en\/wp-json\/wp\/v2\/media\/35654"}],"wp:attachment":[{"href":"https:\/\/pix.house\/en\/wp-json\/wp\/v2\/media?parent=35652"}],"wp:term":[{"taxonomy":"category","embeddable":true,"href":"https:\/\/pix.house\/en\/wp-json\/wp\/v2\/categories?post=35652"},{"taxonomy":"post_tag","embeddable":true,"href":"https:\/\/pix.house\/en\/wp-json\/wp\/v2\/tags?post=35652"}],"curies":[{"name":"wp","href":"https:\/\/api.w.org\/{rel}","templated":true}]}}