{"id":35736,"date":"2022-06-24T15:52:55","date_gmt":"2022-06-24T13:52:55","guid":{"rendered":"https:\/\/pix.house\/?p=35736"},"modified":"2022-06-24T15:52:55","modified_gmt":"2022-06-24T13:52:55","slug":"miedzynami","status":"publish","type":"post","link":"https:\/\/pix.house\/en\/miedzynami\/","title":{"rendered":"Mi\u0119dzy nami dobrze jest"},"content":{"rendered":"<div class=\"wpb-content-wrapper\"><div class=\"vc_row wpb_row section vc_row-fluid\" style=' text-align:left;'><div class=\"full_section_inner clearfix\"><div class=\"wpb_column vc_column_container vc_col-sm-12\"><div class=\"vc_column-inner\"><div class=\"wpb_wrapper\">\n\t<div class=\"wpb_text_column wpb_content_element\">\n\t\t<div class=\"wpb_wrapper\">\n\t\t\t<h4><span class=\"NormalTextRun SCXW178541106 BCX0\">Micha\u0142 Adamski, Mariusz Forecki, Mariusz Stachowiak, Adrian <\/span><span class=\"SpellingError SCXW178541106 BCX0\">Wykrota<\/span><\/h4>\n<p><b><span data-contrast=\"auto\">kuratorka: <\/span><\/b><span data-contrast=\"auto\">Monika Szewczyk &#8211; Wittek<\/span><b><span data-contrast=\"auto\">\u00a0<\/span><\/b><span data-ccp-props=\"{&quot;201341983&quot;:0,&quot;335559740&quot;:276}\">\u00a0<\/span><\/p>\n<p><b><span data-contrast=\"auto\">miejsce: <\/span><\/b><span data-contrast=\"auto\">Stary Browar \/ ul. P\u00f3\u0142wiejska 42 \/ S\u0142odownia +1\u00a0<\/span><span data-ccp-props=\"{&quot;201341983&quot;:0,&quot;335559740&quot;:276}\">\u00a0<\/span><\/p>\n<p><b><span data-contrast=\"auto\">wernisa\u017c i spotkanie z autorami: 08.07.22 | 19.00\u00a0<\/span><\/b><span data-ccp-props=\"{&quot;201341983&quot;:0,&quot;335559740&quot;:276}\">\u00a0<\/span><\/p>\n\n\t\t<\/div> \n\t<\/div> <\/div><\/div><\/div><div class=\"wpb_column vc_column_container vc_col-sm-12\"><div class=\"vc_column-inner\"><div class=\"wpb_wrapper\">\n\t<div class=\"wpb_single_image wpb_content_element vc_align_center\">\n\t\t<div class=\"wpb_wrapper\">\n\t\t\t\n\t\t\t<div class=\"vc_single_image-wrapper   vc_box_border_grey\"><img loading=\"lazy\" decoding=\"async\" width=\"1920\" height=\"1080\" src=\"https:\/\/pix.house\/wp-content\/uploads\/2022\/06\/web_miedzy-nami_xprint_22_HD-1920x1080px-1.jpg\" class=\"vc_single_image-img attachment-full\" alt=\"\" title=\"web_miedzy-nami_xprint_22_HD-1920x1080px\" srcset=\"https:\/\/pix.house\/wp-content\/uploads\/2022\/06\/web_miedzy-nami_xprint_22_HD-1920x1080px-1.jpg 1920w, https:\/\/pix.house\/wp-content\/uploads\/2022\/06\/web_miedzy-nami_xprint_22_HD-1920x1080px-1-800x450.jpg 800w, https:\/\/pix.house\/wp-content\/uploads\/2022\/06\/web_miedzy-nami_xprint_22_HD-1920x1080px-1-300x169.jpg 300w, https:\/\/pix.house\/wp-content\/uploads\/2022\/06\/web_miedzy-nami_xprint_22_HD-1920x1080px-1-1280x720.jpg 1280w, https:\/\/pix.house\/wp-content\/uploads\/2022\/06\/web_miedzy-nami_xprint_22_HD-1920x1080px-1-768x432.jpg 768w, https:\/\/pix.house\/wp-content\/uploads\/2022\/06\/web_miedzy-nami_xprint_22_HD-1920x1080px-1-1536x864.jpg 1536w, https:\/\/pix.house\/wp-content\/uploads\/2022\/06\/web_miedzy-nami_xprint_22_HD-1920x1080px-1-700x394.jpg 700w, https:\/\/pix.house\/wp-content\/uploads\/2022\/06\/web_miedzy-nami_xprint_22_HD-1920x1080px-1-1100x619.jpg 1100w, https:\/\/pix.house\/wp-content\/uploads\/2022\/06\/web_miedzy-nami_xprint_22_HD-1920x1080px-1-1320x743.jpg 1320w\" sizes=\"auto, (max-width: 1920px) 100vw, 1920px\" \/><\/div>\n\t\t<\/div>\n\t<\/div>\n\n\t<div class=\"wpb_text_column wpb_content_element\">\n\t\t<div class=\"wpb_wrapper\">\n\t\t\t<p><span data-ccp-props=\"{&quot;201341983&quot;:0,&quot;335559740&quot;:276}\">\u00a0<\/span><\/p>\n<p><span data-contrast=\"auto\">Wystawa zbiorowa fotograf\u00f3w zrzeszonych w Pix.House: Micha\u0142a Adamskiego, Mariusza Foreckiego i Adriana Wykroty oraz Mariusza Stachowiaka, jest pierwszym spojrzeniem na ich archiwa w kontek\u015bcie skomplikowanych relacji spo\u0142ecznych. To tak\u017ce pierwsza pr\u00f3ba po\u0142\u0105czenia r\u00f3\u017cnych perspektyw i punkt\u00f3w widzenia.\u00a0<\/span><span data-ccp-props=\"{&quot;201341983&quot;:0,&quot;335559740&quot;:276}\">\u00a0<\/span><\/p>\n<p><span data-contrast=\"auto\">Tytu\u0142 wystawy nawi\u0105zuje do dramatu Doroty Mas\u0142owskiej \u2013 jednego z najwi\u0119kszych przeboj\u00f3w TR Warszawa, w re\u017cyserii Grzegorza Jarzyny. Spolaryzowane spo\u0142ecze\u0144stwo, przyt\u0142oczone ci\u0119\u017carem historii, zagubione jednostki, wiara, duma i uprzedzenia. To wszystko okraszone ci\u0119tym j\u0119zykiem autorki sztuki sk\u0142ada si\u0119 na portret polskiego spo\u0142ecze\u0144stwa.\u00a0<\/span><span data-ccp-props=\"{&quot;201341983&quot;:0,&quot;335559740&quot;:276}\">\u00a0<\/span><\/p>\n<p><span data-contrast=\"auto\">To odniesienie zach\u0119ca do uwa\u017cnego, ale te\u017c momentami ironicznego spojrzenia na fotografie zaprezentowane na wystawie Mi\u0119dzy nami dobrze jest. Gesty, symbole, wi\u0119zi, zale\u017cno\u015bci \u2013 to wok\u00f3\u0142 nich toczy si\u0119 narracja. Na uwag\u0119 zas\u0142uguje spos\u00f3b patrzenia fotograf\u00f3w, a tak\u017ce jakie sytuacje z udzia\u0142em jednostek i grup zosta\u0142y zatrzymane w kadrach. Mi\u0119dzy nami dobrze jest to wystawa o scenach z \u017cycia polskiego spo\u0142ecze\u0144stwa od pocz\u0105tku lat 80. przez czas transformacji i zmian a\u017c do czas\u00f3w wsp\u00f3\u0142czesnych.\u00a0<\/span><span data-ccp-props=\"{&quot;201341983&quot;:0,&quot;335559740&quot;:276}\">\u00a0<\/span><\/p>\n<p><span data-contrast=\"auto\">Na wystaw\u0119 sk\u0142adaj\u0105 si\u0119 pojedyncze prace i fragmenty cykli. Skonfrontowane zosta\u0142y zdj\u0119cia, teksty, ale tak\u017ce ich forma ekspozycji. Istotne s\u0105 tak\u017ce ksi\u0105\u017cki, kt\u00f3rych zamkni\u0119ta forma jest dope\u0142nieniem wypowiedzi fotograf\u00f3w. Publikacje zaprojektowane przez Andrzeja Dobosza koncentruj\u0105 si\u0119 wok\u00f3\u0142 temat\u00f3w istotnych z punktu widzenia polskiego spo\u0142ecze\u0144stwa. S\u0105 te\u017c z\u0142o\u017con\u0105 analiz\u0105 zachowa\u0144 i tendencji, kt\u00f3re fotografowie bacznie obserwuj\u0105 i dokumentuj\u0105.\u00a0<\/span><span data-ccp-props=\"{&quot;201341983&quot;:0,&quot;335559740&quot;:276}\">\u00a0<\/span><\/p>\n<p><span data-ccp-props=\"{&quot;201341983&quot;:0,&quot;335559740&quot;:276}\">\u00a0<\/span><span data-contrast=\"auto\">W\u015br\u00f3d prezentowanych prac mo\u017cna zobaczy\u0107 fragmenty cykli Blisko ziemi, daleko do nieba, Kiedy\u015b mia\u0142em marzenie oraz fotografii Micha\u0142a Adamskiego zrealizowanych podczas protest\u00f3w kobiet, Nie, Nic ciekawego, Wesele Adriana Wykroty, a tak\u017ce Mechanizm, Blue Box Mariusza Foreckiego i Bo \u017cyj\u0119 Mariusza Stachowiaka (wyd. Pix.House).\u00a0<\/span><span data-ccp-props=\"{&quot;201341983&quot;:0,&quot;335559740&quot;:276}\">\u00a0<\/span><\/p>\n<p style=\"text-align: right;\"><em>Monika Szewczyk-Wittek\u00a0<\/em><\/p>\n\n\t\t<\/div> \n\t<\/div> <div class=\"separator  normal\" style=\"border-color: #ffffff;border-width:1px\"><\/div>\n<div class='qode_image_gallery_no_space light highlight_active'><div class='qode_image_gallery_holder' style='height: 500px;'><ul><li><div style=\"height: 500px; width:667px;\"><img decoding=\"async\" src=\"https:\/\/pix.house\/wp-content\/uploads\/2022\/06\/miedzy-nami-1-fot-michal-adamski.jpg\" alt=\"\" \/><\/div><\/li><li><div style=\"height: 500px; width:750px;\"><img decoding=\"async\" src=\"https:\/\/pix.house\/wp-content\/uploads\/2022\/06\/miedzy-nami-2-fot-Mariusz-Forecki.jpg\" alt=\"\" \/><\/div><\/li><li><div style=\"height: 500px; width:750px;\"><img decoding=\"async\" src=\"https:\/\/pix.house\/wp-content\/uploads\/2022\/06\/miedzy-nami-3-fot-Mariusz-Forecki.jpg\" alt=\"\" \/><\/div><\/li><li><div style=\"height: 500px; width:750px;\"><img decoding=\"async\" src=\"https:\/\/pix.house\/wp-content\/uploads\/2022\/06\/miedzy-nami-4-fot-Adrian-Wykrota.jpg\" alt=\"\" \/><\/div><\/li><li><div style=\"height: 500px; width:623px;\"><img decoding=\"async\" src=\"https:\/\/pix.house\/wp-content\/uploads\/2022\/06\/miedzy-nami-5-fot-michal-adamski.jpg\" alt=\"\" \/><\/div><\/li><li><div style=\"height: 500px; width:334px;\"><img decoding=\"async\" src=\"https:\/\/pix.house\/wp-content\/uploads\/2022\/06\/miedzy-nami-6-fot-Mariusz-Forecki.jpg\" alt=\"\" \/><\/div><\/li><li><div style=\"height: 500px; width:750px;\"><img decoding=\"async\" src=\"https:\/\/pix.house\/wp-content\/uploads\/2022\/06\/miedzy-nami-7-fot-Adrian-Wykrota.jpg\" alt=\"\" \/><\/div><\/li><li><div style=\"height: 500px; width:750px;\"><img decoding=\"async\" src=\"https:\/\/pix.house\/wp-content\/uploads\/2022\/06\/miedzy-nami-8-fot-mariusz-stachowiak.jpg\" alt=\"\" \/><\/div><\/li><\/ul><\/div><div class=\"controls\"><a class=\"prev-slide\" href=\"#\"><span class=\"arrow_carrot-left\"><\/span><\/a><a class=\"next-slide\" href=\"#\"><span class=\"arrow_carrot-right\"><\/span><\/a><\/div><\/div><\/div><\/div><\/div><\/div><\/div><div     class=\"vc_row wpb_row section vc_row-fluid\" style=' text-align:left;'><div class=\"full_section_inner clearfix\"><div class=\"wpb_column vc_column_container vc_col-sm-12\"><div class=\"vc_column-inner\"><div class=\"wpb_wrapper\">\n\t<div class=\"wpb_text_column wpb_content_element\">\n\t\t<div class=\"wpb_wrapper\">\n\t\t\t<p><strong>Partnerzy:<\/strong><br \/>\nMiasto Pozna\u0144, Urz\u0105d Marsza\u0142kowski Wojew\u00f3dztwa Wielkopolskiego, Stary Browar, FOTOMA, dobosz.studio<\/p>\n<p>Wystawa odbywa si\u0119 w ramach <strong><a href=\"https:\/\/pix.house\/en\/xprint2022\/\" target=\"_blank\" rel=\"noopener\">XPRINT22<\/a>.<\/strong><\/p>\n\n\t\t<\/div> \n\t<\/div> \n\t<div class=\"wpb_text_column wpb_content_element\">\n\t\t<div class=\"wpb_wrapper\">\n\t\t\t<p><img loading=\"lazy\" decoding=\"async\" class=\"aligncenter wp-image-35800 size-large\" src=\"https:\/\/pix.house\/wp-content\/uploads\/2022\/06\/belka-logo-1280x107.png\" alt=\"\" width=\"1060\" height=\"89\" srcset=\"https:\/\/pix.house\/wp-content\/uploads\/2022\/06\/belka-logo-1280x107.png 1280w, https:\/\/pix.house\/wp-content\/uploads\/2022\/06\/belka-logo-800x67.png 800w, https:\/\/pix.house\/wp-content\/uploads\/2022\/06\/belka-logo-300x25.png 300w, https:\/\/pix.house\/wp-content\/uploads\/2022\/06\/belka-logo-768x64.png 768w, https:\/\/pix.house\/wp-content\/uploads\/2022\/06\/belka-logo-1536x128.png 1536w, https:\/\/pix.house\/wp-content\/uploads\/2022\/06\/belka-logo-700x58.png 700w, https:\/\/pix.house\/wp-content\/uploads\/2022\/06\/belka-logo-1100x92.png 1100w, https:\/\/pix.house\/wp-content\/uploads\/2022\/06\/belka-logo-1320x110.png 1320w, https:\/\/pix.house\/wp-content\/uploads\/2022\/06\/belka-logo.png 2000w\" sizes=\"auto, (max-width: 1060px) 100vw, 1060px\" \/><\/p>\n\n\t\t<\/div> \n\t<\/div> <\/div><\/div><\/div><\/div><\/div>\n<\/div>","protected":false},"excerpt":{"rendered":"Micha\u0142 Adamski, Mariusz Forecki, Mariusz Stachowiak, Adrian Wykrota kuratorka: Monika Szewczyk - Wittek\u00a0\u00a0 miejsce: Stary Browar \/ ul. P\u00f3\u0142wiejska 42 \/ S\u0142odownia +1\u00a0\u00a0 wernisa\u017c i spotkanie z autorami: 08.07.22 | 19.00\u00a0\u00a0 \u00a0 Wystawa zbiorowa fotograf\u00f3w zrzeszonych w Pix.House: Micha\u0142a Adamskiego, Mariusza Foreckiego i Adriana Wykroty...","protected":false},"author":11,"featured_media":35739,"comment_status":"open","ping_status":"open","sticky":false,"template":"","format":"standard","meta":{"_monsterinsights_skip_tracking":false,"_monsterinsights_sitenote_active":false,"_monsterinsights_sitenote_note":"","_monsterinsights_sitenote_category":0,"footnotes":""},"categories":[47],"tags":[],"class_list":["post-35736","post","type-post","status-publish","format-standard","has-post-thumbnail","hentry","category-wystawy"],"_links":{"self":[{"href":"https:\/\/pix.house\/en\/wp-json\/wp\/v2\/posts\/35736","targetHints":{"allow":["GET"]}}],"collection":[{"href":"https:\/\/pix.house\/en\/wp-json\/wp\/v2\/posts"}],"about":[{"href":"https:\/\/pix.house\/en\/wp-json\/wp\/v2\/types\/post"}],"author":[{"embeddable":true,"href":"https:\/\/pix.house\/en\/wp-json\/wp\/v2\/users\/11"}],"replies":[{"embeddable":true,"href":"https:\/\/pix.house\/en\/wp-json\/wp\/v2\/comments?post=35736"}],"version-history":[{"count":5,"href":"https:\/\/pix.house\/en\/wp-json\/wp\/v2\/posts\/35736\/revisions"}],"predecessor-version":[{"id":35805,"href":"https:\/\/pix.house\/en\/wp-json\/wp\/v2\/posts\/35736\/revisions\/35805"}],"wp:featuredmedia":[{"embeddable":true,"href":"https:\/\/pix.house\/en\/wp-json\/wp\/v2\/media\/35739"}],"wp:attachment":[{"href":"https:\/\/pix.house\/en\/wp-json\/wp\/v2\/media?parent=35736"}],"wp:term":[{"taxonomy":"category","embeddable":true,"href":"https:\/\/pix.house\/en\/wp-json\/wp\/v2\/categories?post=35736"},{"taxonomy":"post_tag","embeddable":true,"href":"https:\/\/pix.house\/en\/wp-json\/wp\/v2\/tags?post=35736"}],"curies":[{"name":"wp","href":"https:\/\/api.w.org\/{rel}","templated":true}]}}