{"id":35898,"date":"2022-10-13T12:02:43","date_gmt":"2022-10-13T10:02:43","guid":{"rendered":"https:\/\/pix.house\/?p=35898"},"modified":"2022-10-13T12:03:49","modified_gmt":"2022-10-13T10:03:49","slug":"kurz","status":"publish","type":"post","link":"https:\/\/pix.house\/en\/kurz\/","title":{"rendered":"KURZ"},"content":{"rendered":"<div class=\"wpb-content-wrapper\"><div     class=\"vc_row wpb_row section vc_row-fluid\" style=' text-align:left;'><div class=\"full_section_inner clearfix\"><div class=\"wpb_column vc_column_container vc_col-sm-12\"><div class=\"vc_column-inner\"><div class=\"wpb_wrapper\">\n\t<div class=\"wpb_text_column wpb_content_element\">\n\t\t<div class=\"wpb_wrapper\">\n\t\t\t<h4><span class=\"NormalTextRun SCXW178541106 BCX0\">Mariusz Forecki<\/span><\/h4>\n<p><span data-ccp-props=\"{&quot;201341983&quot;:0,&quot;335559740&quot;:276}\">\u00a0<\/span><\/p>\n<p><b><span data-contrast=\"auto\">miejsce: <\/span><\/b>Galeria Pix.house, ul. G\u0142ogowska 35a Pozna\u0144<\/p>\n<p><b><span data-contrast=\"auto\">wernisa\u017c i premiera <a href=\"https:\/\/pix.house\/en\/product\/kurz-mariusz-forecki\/\" target=\"_blank\" rel=\"noopener\">ksi\u0105\u017cki<\/a>: <\/span><\/b>20.10.22 | 18.00<\/p>\n<p>wystawa czynna w pi\u0105tki i soboty od godz. 18:00 do 20:00 (21, 22, 28, 29.10 oraz 04,05.11). Wej\u015bcie przez ksi\u0119garni\u0119 Pix.house.<\/p>\n<p>Publikacja powsta\u0142a dzi\u0119ki wsparciu Miasta Pozna\u0144 | ZAIKS | Izy i Mariusza Stolarskich.<br \/>\nWystawa odbywa si\u0119 w ramach <a href=\"https:\/\/wbp.poznan.pl\/fotografia\/wff\/6wff-krajobrazy-wewnetrzne\/\" target=\"_blank\" rel=\"noopener\">6. Wielkopolskiego Festiwalu Fotografii im. Ireneusza Zje\u017cd\u017ca\u0142ki<\/a>.<\/p>\n\n\t\t<\/div> \n\t<\/div> <\/div><\/div><\/div><div class=\"wpb_column vc_column_container vc_col-sm-12\"><div class=\"vc_column-inner\"><div class=\"wpb_wrapper\">\n\t<div class=\"wpb_single_image wpb_content_element vc_align_center\">\n\t\t<div class=\"wpb_wrapper\">\n\t\t\t\n\t\t\t<div class=\"vc_single_image-wrapper   vc_box_border_grey\"><img loading=\"lazy\" decoding=\"async\" width=\"2560\" height=\"1707\" src=\"https:\/\/pix.house\/wp-content\/uploads\/2022\/10\/KURZ_Forecki_OKLADKA-scaled.jpg\" class=\"vc_single_image-img attachment-full\" alt=\"\" title=\"KURZ_Forecki_OKLADKA\" srcset=\"https:\/\/pix.house\/wp-content\/uploads\/2022\/10\/KURZ_Forecki_OKLADKA-scaled.jpg 2560w, https:\/\/pix.house\/wp-content\/uploads\/2022\/10\/KURZ_Forecki_OKLADKA-scaled-800x533.jpg 800w, https:\/\/pix.house\/wp-content\/uploads\/2022\/10\/KURZ_Forecki_OKLADKA-300x200.jpg 300w, https:\/\/pix.house\/wp-content\/uploads\/2022\/10\/KURZ_Forecki_OKLADKA-1280x853.jpg 1280w, https:\/\/pix.house\/wp-content\/uploads\/2022\/10\/KURZ_Forecki_OKLADKA-768x512.jpg 768w, https:\/\/pix.house\/wp-content\/uploads\/2022\/10\/KURZ_Forecki_OKLADKA-1536x1024.jpg 1536w, https:\/\/pix.house\/wp-content\/uploads\/2022\/10\/KURZ_Forecki_OKLADKA-2048x1365.jpg 2048w, https:\/\/pix.house\/wp-content\/uploads\/2022\/10\/KURZ_Forecki_OKLADKA-700x467.jpg 700w, https:\/\/pix.house\/wp-content\/uploads\/2022\/10\/KURZ_Forecki_OKLADKA-1100x733.jpg 1100w, https:\/\/pix.house\/wp-content\/uploads\/2022\/10\/KURZ_Forecki_OKLADKA-1320x880.jpg 1320w\" sizes=\"auto, (max-width: 2560px) 100vw, 2560px\" \/><\/div>\n\t\t<\/div>\n\t<\/div>\n\n\t<div class=\"wpb_text_column wpb_content_element\">\n\t\t<div class=\"wpb_wrapper\">\n\t\t\t<p style=\"text-align: justify;\"><em>Zebra\u0142em fotografie z wielu moich podr\u00f3z\u0307y po by\u0142ym Zwia\u0328zku Socjalistycznych Republik Radzieckich &#8211; w kon\u0301cowym stadium jego istnienia i w czasie kszta\u0142towania sie\u0328 nowego \u0142adu spo\u0142eczno-politycznego. Obserwowa\u0142em, jak by\u0142e republiki, wchodza\u0328ce wczes\u0301niej w sk\u0142ad ZSRR, odzyskiwa\u0142y niepodleg\u0142os\u0301c\u0301. Widzia\u0142em narodziny nowych pan\u0301stw, walke\u0328 o toz\u0307samos\u0301c\u0301, powroty wysiedlonych narod\u00f3w i wyjazdy w poszukiwaniu lepszego z\u0307ycia. Wtedy nie zdawa\u0142em sobie sprawy, z\u0307e jestem s\u0301wiadkiem wydarzen\u0301, kt\u00f3re okaza\u0142y sie\u0328 symbolami rozpadu pan\u0301stwa, zbudowanego na tyranii i niewyobraz\u0307alnym cierpieniu ludzi. Z kurzu, powsta\u0142ego po tym upadku, wy\u0142oni\u0142 sie\u0328 obraz nowego imperium, kt\u00f3re za pomoca\u0328 brutalnej propagandy i nowoczesnej socjotechniki, przekszta\u0142ci\u0142o sie\u0328 &#8211; pod pozorami demokracji &#8211; w imperium z\u0142a, zagraz\u0307aja\u0328ce s\u0301wiatu opartemu na ideach humanizmu i prawie cz\u0142owieka do wolnos\u0301ci i szcze\u0328s\u0301cia.<\/em><\/p>\n<p style=\"text-align: right;\">Mariusz Forecki, lipiec 2022<\/p>\n\n\t\t<\/div> \n\t<\/div> <div class=\"separator  normal\" style=\"border-color: #ffffff;border-width:1px\"><\/div>\n<div class='qode_image_gallery_no_space light highlight_active'><div class='qode_image_gallery_holder' style='height: 500px;'><ul><li><div style=\"height: 500px; width:750px;\"><img decoding=\"async\" src=\"https:\/\/pix.house\/wp-content\/uploads\/2022\/10\/KURZ_Forecki_01-scaled.jpg\" alt=\"\" \/><\/div><\/li><li><div style=\"height: 500px; width:750px;\"><img decoding=\"async\" src=\"https:\/\/pix.house\/wp-content\/uploads\/2022\/10\/KURZ_Forecki_02-scaled.jpg\" alt=\"\" \/><\/div><\/li><li><div style=\"height: 500px; width:750px;\"><img decoding=\"async\" src=\"https:\/\/pix.house\/wp-content\/uploads\/2022\/10\/KURZ_Forecki_03-scaled.jpg\" alt=\"\" \/><\/div><\/li><li><div style=\"height: 500px; width:750px;\"><img decoding=\"async\" src=\"https:\/\/pix.house\/wp-content\/uploads\/2022\/10\/KURZ_Forecki_04-scaled.jpg\" alt=\"\" \/><\/div><\/li><li><div style=\"height: 500px; width:750px;\"><img decoding=\"async\" src=\"https:\/\/pix.house\/wp-content\/uploads\/2022\/10\/KURZ_Forecki_05-scaled.jpg\" alt=\"\" \/><\/div><\/li><li><div style=\"height: 500px; width:750px;\"><img decoding=\"async\" src=\"https:\/\/pix.house\/wp-content\/uploads\/2022\/10\/KURZ_Forecki_06-scaled.jpg\" alt=\"\" \/><\/div><\/li><li><div style=\"height: 500px; width:750px;\"><img decoding=\"async\" src=\"https:\/\/pix.house\/wp-content\/uploads\/2022\/10\/KURZ_Forecki_07-scaled.jpg\" alt=\"\" \/><\/div><\/li><li><div style=\"height: 500px; width:750px;\"><img decoding=\"async\" src=\"https:\/\/pix.house\/wp-content\/uploads\/2022\/10\/KURZ_Forecki_08-scaled.jpg\" alt=\"\" \/><\/div><\/li><li><div style=\"height: 500px; width:750px;\"><img decoding=\"async\" src=\"https:\/\/pix.house\/wp-content\/uploads\/2022\/10\/KURZ_Forecki_09-scaled.jpg\" alt=\"\" \/><\/div><\/li><li><div style=\"height: 500px; width:750px;\"><img decoding=\"async\" src=\"https:\/\/pix.house\/wp-content\/uploads\/2022\/10\/DSC2972-1d-scaled.jpg\" alt=\"\" \/><\/div><\/li><li><div style=\"height: 500px; width:750px;\"><img decoding=\"async\" src=\"https:\/\/pix.house\/wp-content\/uploads\/2022\/10\/DSC2992-2d-scaled.jpg\" alt=\"\" \/><\/div><\/li><li><div style=\"height: 500px; width:750px;\"><img decoding=\"async\" src=\"https:\/\/pix.house\/wp-content\/uploads\/2022\/10\/DSC3002-3d-scaled.jpg\" alt=\"\" \/><\/div><\/li><li><div style=\"height: 500px; width:750px;\"><img decoding=\"async\" src=\"https:\/\/pix.house\/wp-content\/uploads\/2022\/10\/DSC3035-8d-scaled.jpg\" alt=\"\" \/><\/div><\/li><li><div style=\"height: 500px; width:750px;\"><img decoding=\"async\" src=\"https:\/\/pix.house\/wp-content\/uploads\/2022\/10\/DSC3039-9d-scaled.jpg\" alt=\"\" \/><\/div><\/li><li><div style=\"height: 500px; width:750px;\"><img decoding=\"async\" src=\"https:\/\/pix.house\/wp-content\/uploads\/2022\/10\/DSC3045-10d-scaled.jpg\" alt=\"\" \/><\/div><\/li><\/ul><\/div><div class=\"controls\"><a class=\"prev-slide\" href=\"#\"><span class=\"arrow_carrot-left\"><\/span><\/a><a class=\"next-slide\" href=\"#\"><span class=\"arrow_carrot-right\"><\/span><\/a><\/div><\/div>\n\t<div class=\"wpb_single_image wpb_content_element vc_align_center\">\n\t\t<div class=\"wpb_wrapper\">\n\t\t\t\n\t\t\t<div class=\"vc_single_image-wrapper   vc_box_border_grey\"><img loading=\"lazy\" decoding=\"async\" width=\"1400\" height=\"2000\" src=\"https:\/\/pix.house\/wp-content\/uploads\/2022\/10\/KURZ_PLAKAT_www.jpg\" class=\"vc_single_image-img attachment-full\" alt=\"\" title=\"KURZ_PLAKAT.indd\" srcset=\"https:\/\/pix.house\/wp-content\/uploads\/2022\/10\/KURZ_PLAKAT_www.jpg 1400w, https:\/\/pix.house\/wp-content\/uploads\/2022\/10\/KURZ_PLAKAT_www-800x1143.jpg 800w, https:\/\/pix.house\/wp-content\/uploads\/2022\/10\/KURZ_PLAKAT_www-210x300.jpg 210w, https:\/\/pix.house\/wp-content\/uploads\/2022\/10\/KURZ_PLAKAT_www-896x1280.jpg 896w, https:\/\/pix.house\/wp-content\/uploads\/2022\/10\/KURZ_PLAKAT_www-768x1097.jpg 768w, https:\/\/pix.house\/wp-content\/uploads\/2022\/10\/KURZ_PLAKAT_www-1075x1536.jpg 1075w, https:\/\/pix.house\/wp-content\/uploads\/2022\/10\/KURZ_PLAKAT_www-700x1000.jpg 700w, https:\/\/pix.house\/wp-content\/uploads\/2022\/10\/KURZ_PLAKAT_www-1100x1571.jpg 1100w, https:\/\/pix.house\/wp-content\/uploads\/2022\/10\/KURZ_PLAKAT_www-1320x1886.jpg 1320w\" sizes=\"auto, (max-width: 1400px) 100vw, 1400px\" \/><\/div>\n\t\t<\/div>\n\t<\/div>\n<\/div><\/div><\/div><\/div><\/div>\n<\/div>","protected":false},"excerpt":{"rendered":"Mariusz Forecki \u00a0 miejsce: Galeria Pix.house, ul. G\u0142ogowska 35a Pozna\u0144 wernisa\u017c i premiera ksi\u0105\u017cki: 20.10.22 | 18.00 wystawa czynna w pi\u0105tki i soboty od godz. 18:00 do 20:00 (21, 22, 28, 29.10 oraz 04,05.11). Wej\u015bcie przez ksi\u0119garni\u0119 Pix.house. Publikacja powsta\u0142a dzi\u0119ki wsparciu Miasta Pozna\u0144 |...","protected":false},"author":11,"featured_media":35907,"comment_status":"open","ping_status":"open","sticky":false,"template":"","format":"standard","meta":{"_monsterinsights_skip_tracking":false,"_monsterinsights_sitenote_active":false,"_monsterinsights_sitenote_note":"","_monsterinsights_sitenote_category":0,"footnotes":""},"categories":[47],"tags":[],"class_list":["post-35898","post","type-post","status-publish","format-standard","has-post-thumbnail","hentry","category-wystawy"],"_links":{"self":[{"href":"https:\/\/pix.house\/en\/wp-json\/wp\/v2\/posts\/35898","targetHints":{"allow":["GET"]}}],"collection":[{"href":"https:\/\/pix.house\/en\/wp-json\/wp\/v2\/posts"}],"about":[{"href":"https:\/\/pix.house\/en\/wp-json\/wp\/v2\/types\/post"}],"author":[{"embeddable":true,"href":"https:\/\/pix.house\/en\/wp-json\/wp\/v2\/users\/11"}],"replies":[{"embeddable":true,"href":"https:\/\/pix.house\/en\/wp-json\/wp\/v2\/comments?post=35898"}],"version-history":[{"count":3,"href":"https:\/\/pix.house\/en\/wp-json\/wp\/v2\/posts\/35898\/revisions"}],"predecessor-version":[{"id":35918,"href":"https:\/\/pix.house\/en\/wp-json\/wp\/v2\/posts\/35898\/revisions\/35918"}],"wp:featuredmedia":[{"embeddable":true,"href":"https:\/\/pix.house\/en\/wp-json\/wp\/v2\/media\/35907"}],"wp:attachment":[{"href":"https:\/\/pix.house\/en\/wp-json\/wp\/v2\/media?parent=35898"}],"wp:term":[{"taxonomy":"category","embeddable":true,"href":"https:\/\/pix.house\/en\/wp-json\/wp\/v2\/categories?post=35898"},{"taxonomy":"post_tag","embeddable":true,"href":"https:\/\/pix.house\/en\/wp-json\/wp\/v2\/tags?post=35898"}],"curies":[{"name":"wp","href":"https:\/\/api.w.org\/{rel}","templated":true}]}}