{"id":35999,"date":"2022-12-14T09:04:58","date_gmt":"2022-12-14T08:04:58","guid":{"rendered":"https:\/\/pix.house\/?p=35999"},"modified":"2023-01-06T09:12:52","modified_gmt":"2023-01-06T08:12:52","slug":"kurz-2","status":"publish","type":"post","link":"https:\/\/pix.house\/en\/kurz-2\/","title":{"rendered":"KURZ | Wolny dziedziniec"},"content":{"rendered":"<div class=\"wpb-content-wrapper\"><div     class=\"vc_row wpb_row section vc_row-fluid\" style=' text-align:left;'><div class=\"full_section_inner clearfix\"><div class=\"wpb_column vc_column_container vc_col-sm-12\"><div class=\"vc_column-inner\"><div class=\"wpb_wrapper\">\n\t<div class=\"wpb_text_column wpb_content_element\">\n\t\t<div class=\"wpb_wrapper\">\n\t\t\t<h4><span class=\"NormalTextRun SCXW178541106 BCX0\">Mariusz Forecki<\/span><span data-ccp-props=\"{&quot;201341983&quot;:0,&quot;335559740&quot;:276}\">\u00a0<\/span><\/h4>\n<p><b><span data-contrast=\"auto\">miejsce: Wolny Dziedziniec Urz\u0119du Miasta Poznania<\/span><\/b>, plac Kolegiacki 17<\/p>\n<p>wystawa jest dost\u0119pna do 31 stycznia 2023.<\/p>\n<p>Wystawa i publikacja powsta\u0142a dzi\u0119ki wsparciu Miasta Pozna\u0144 | ZAIKS | Izy i Mariusza Stolarskich.<br \/>\nWystawa jest fragmentem zestawu fotografii, kt\u00f3re znalaz\u0142y si\u0119 w ksi\u0105\u017cce pt: KURZ \/ DUST \/ \u041f\u042b\u041b\u042c<\/p>\n\n\t\t<\/div> \n\t<\/div> <\/div><\/div><\/div><div class=\"wpb_column vc_column_container vc_col-sm-12\"><div class=\"vc_column-inner\"><div class=\"wpb_wrapper\">\n\t<div class=\"wpb_single_image wpb_content_element vc_align_center\">\n\t\t<div class=\"wpb_wrapper\">\n\t\t\t\n\t\t\t<div class=\"vc_single_image-wrapper   vc_box_border_grey\"><img loading=\"lazy\" decoding=\"async\" width=\"1200\" height=\"800\" src=\"https:\/\/pix.house\/wp-content\/uploads\/2023\/01\/319548980_1459484678139464_7095587324509799391_n.jpg\" class=\"vc_single_image-img attachment-full\" alt=\"\" title=\"319548980_1459484678139464_7095587324509799391_n\" srcset=\"https:\/\/pix.house\/wp-content\/uploads\/2023\/01\/319548980_1459484678139464_7095587324509799391_n.jpg 1200w, https:\/\/pix.house\/wp-content\/uploads\/2023\/01\/319548980_1459484678139464_7095587324509799391_n-800x533.jpg 800w, https:\/\/pix.house\/wp-content\/uploads\/2023\/01\/319548980_1459484678139464_7095587324509799391_n-300x200.jpg 300w, https:\/\/pix.house\/wp-content\/uploads\/2023\/01\/319548980_1459484678139464_7095587324509799391_n-768x512.jpg 768w, https:\/\/pix.house\/wp-content\/uploads\/2023\/01\/319548980_1459484678139464_7095587324509799391_n-700x467.jpg 700w, https:\/\/pix.house\/wp-content\/uploads\/2023\/01\/319548980_1459484678139464_7095587324509799391_n-1100x733.jpg 1100w\" sizes=\"auto, (max-width: 1200px) 100vw, 1200px\" \/><\/div>\n\t\t<\/div>\n\t<\/div>\n\n\t<div class=\"wpb_text_column wpb_content_element\">\n\t\t<div class=\"wpb_wrapper\">\n\t\t\t<p style=\"text-align: justify;\"><em>Zebra\u0142em fotografie z wielu moich podr\u00f3z\u0307y po by\u0142ym Zwia\u0328zku Socjalistycznych Republik Radzieckich &#8211; w kon\u0301cowym stadium jego istnienia i w czasie kszta\u0142towania sie\u0328 nowego \u0142adu spo\u0142eczno-politycznego. Obserwowa\u0142em, jak by\u0142e republiki, wchodza\u0328ce wczes\u0301niej w sk\u0142ad ZSRR, odzyskiwa\u0142y niepodleg\u0142os\u0301c\u0301. Widzia\u0142em narodziny nowych pan\u0301stw, walke\u0328 o toz\u0307samos\u0301c\u0301, powroty wysiedlonych narod\u00f3w i wyjazdy w poszukiwaniu lepszego z\u0307ycia. Wtedy nie zdawa\u0142em sobie sprawy, z\u0307e jestem s\u0301wiadkiem wydarzen\u0301, kt\u00f3re okaza\u0142y sie\u0328 symbolami rozpadu pan\u0301stwa, zbudowanego na tyranii i niewyobraz\u0307alnym cierpieniu ludzi. Z kurzu, powsta\u0142ego po tym upadku, wy\u0142oni\u0142 sie\u0328 obraz nowego imperium, kt\u00f3re za pomoca\u0328 brutalnej propagandy i nowoczesnej socjotechniki, przekszta\u0142ci\u0142o sie\u0328 &#8211; pod pozorami demokracji &#8211; w imperium z\u0142a, zagraz\u0307aja\u0328ce s\u0301wiatu opartemu na ideach humanizmu i prawie cz\u0142owieka do wolnos\u0301ci i szcze\u0328s\u0301cia.<\/em><\/p>\n<p style=\"text-align: right;\">Mariusz Forecki, lipiec 2022<\/p>\n\n\t\t<\/div> \n\t<\/div> <div class=\"separator  normal\" style=\"border-color: #ffffff;border-width:1px\"><\/div>\n<div class='qode_image_gallery_no_space light highlight_active'><div class='qode_image_gallery_holder' style='height: 500px;'><ul><li><div style=\"height: 500px; width:750px;\"><img decoding=\"async\" src=\"https:\/\/pix.house\/wp-content\/uploads\/2022\/10\/DSC2972-1d-scaled.jpg\" alt=\"\" \/><\/div><\/li><li><div style=\"height: 500px; width:750px;\"><img decoding=\"async\" src=\"https:\/\/pix.house\/wp-content\/uploads\/2023\/01\/319887319_726598318454942_1026375389691947981_n.jpg\" alt=\"\" \/><\/div><\/li><li><div style=\"height: 500px; width:750px;\"><img decoding=\"async\" src=\"https:\/\/pix.house\/wp-content\/uploads\/2023\/01\/319675303_725583638577876_5085442628284763961_n.jpg\" alt=\"\" \/><\/div><\/li><\/ul><\/div><div class=\"controls\"><a class=\"prev-slide\" href=\"#\"><span class=\"arrow_carrot-left\"><\/span><\/a><a class=\"next-slide\" href=\"#\"><span class=\"arrow_carrot-right\"><\/span><\/a><\/div><\/div><\/div><\/div><\/div><\/div><\/div>\n<\/div>","protected":false},"excerpt":{"rendered":"Mariusz Forecki\u00a0 miejsce: Wolny Dziedziniec Urz\u0119du Miasta Poznania, plac Kolegiacki 17 wystawa jest dost\u0119pna do 31 stycznia 2023. Wystawa i publikacja powsta\u0142a dzi\u0119ki wsparciu Miasta Pozna\u0144 | ZAIKS | Izy i Mariusza Stolarskich. Wystawa jest fragmentem zestawu fotografii, kt\u00f3re znalaz\u0142y si\u0119 w ksi\u0105\u017cce pt: KURZ...","protected":false},"author":11,"featured_media":36003,"comment_status":"open","ping_status":"open","sticky":false,"template":"","format":"standard","meta":{"_monsterinsights_skip_tracking":false,"_monsterinsights_sitenote_active":false,"_monsterinsights_sitenote_note":"","_monsterinsights_sitenote_category":0,"footnotes":""},"categories":[47],"tags":[],"class_list":["post-35999","post","type-post","status-publish","format-standard","has-post-thumbnail","hentry","category-wystawy"],"_links":{"self":[{"href":"https:\/\/pix.house\/en\/wp-json\/wp\/v2\/posts\/35999","targetHints":{"allow":["GET"]}}],"collection":[{"href":"https:\/\/pix.house\/en\/wp-json\/wp\/v2\/posts"}],"about":[{"href":"https:\/\/pix.house\/en\/wp-json\/wp\/v2\/types\/post"}],"author":[{"embeddable":true,"href":"https:\/\/pix.house\/en\/wp-json\/wp\/v2\/users\/11"}],"replies":[{"embeddable":true,"href":"https:\/\/pix.house\/en\/wp-json\/wp\/v2\/comments?post=35999"}],"version-history":[{"count":4,"href":"https:\/\/pix.house\/en\/wp-json\/wp\/v2\/posts\/35999\/revisions"}],"predecessor-version":[{"id":36007,"href":"https:\/\/pix.house\/en\/wp-json\/wp\/v2\/posts\/35999\/revisions\/36007"}],"wp:featuredmedia":[{"embeddable":true,"href":"https:\/\/pix.house\/en\/wp-json\/wp\/v2\/media\/36003"}],"wp:attachment":[{"href":"https:\/\/pix.house\/en\/wp-json\/wp\/v2\/media?parent=35999"}],"wp:term":[{"taxonomy":"category","embeddable":true,"href":"https:\/\/pix.house\/en\/wp-json\/wp\/v2\/categories?post=35999"},{"taxonomy":"post_tag","embeddable":true,"href":"https:\/\/pix.house\/en\/wp-json\/wp\/v2\/tags?post=35999"}],"curies":[{"name":"wp","href":"https:\/\/api.w.org\/{rel}","templated":true}]}}