{"id":36037,"date":"2023-03-05T17:20:25","date_gmt":"2023-03-05T16:20:25","guid":{"rendered":"https:\/\/pix.house\/?p=36037"},"modified":"2023-03-05T17:40:31","modified_gmt":"2023-03-05T16:40:31","slug":"miedzy_nami_dobrze_jest_foto-gen","status":"publish","type":"post","link":"https:\/\/pix.house\/en\/miedzy_nami_dobrze_jest_foto-gen\/","title":{"rendered":"Mi\u0119dzy nami dobrze jest | Galeria FOTO-GEN"},"content":{"rendered":"<div class=\"wpb-content-wrapper\"><div     class=\"vc_row wpb_row section vc_row-fluid\" style=' text-align:left;'><div class=\"full_section_inner clearfix\"><div class=\"wpb_column vc_column_container vc_col-sm-12\"><div class=\"vc_column-inner\"><div class=\"wpb_wrapper\">\n\t<div class=\"wpb_text_column wpb_content_element\">\n\t\t<div class=\"wpb_wrapper\">\n\t\t\t<h4>Fotografie: Micha\u0142 Adamski, Mariusz Forecki, Mariusz Stachowiak, Adrian Wykrota<\/h4>\n<h4>Ksi\u0105\u017cki: Andrzej Dobosz, Krzysiek Or\u0142owski, B\u0119karty<\/h4>\n<p><b><span data-contrast=\"auto\">kuratorka: <\/span><\/b><span data-contrast=\"auto\">Monika Szewczyk \u2013 Wittek<\/span><b><span data-contrast=\"auto\">\u00a0<\/span><\/b><span data-ccp-props=\"{&quot;201341983&quot;:0,&quot;335559740&quot;:276}\">\u00a0<\/span><\/p>\n<p><b><span data-contrast=\"auto\">miejsce: <\/span><\/b><span data-contrast=\"auto\">Galeria FOTO-GEN \/ Wroc\u0142aw \/ pl. bpa Nankiera 8\u00a0<\/span><\/p>\n<p><b><span data-contrast=\"auto\">3.03.2023 \u2013 21.05.2023 <\/span><\/b><span data-ccp-props=\"{&quot;201341983&quot;:0,&quot;335559740&quot;:276}\">\u00a0<\/span><\/p>\n<p>&nbsp;<\/p>\n<p><img loading=\"lazy\" decoding=\"async\" class=\"alignleft wp-image-36033\" src=\"https:\/\/pix.house\/wp-content\/uploads\/2023\/03\/MIEDZY-NAMI-DOBRZE-JEST_PLAKAT-724x1024-1-212x300.jpg\" alt=\"\" width=\"400\" height=\"566\" srcset=\"https:\/\/pix.house\/wp-content\/uploads\/2023\/03\/MIEDZY-NAMI-DOBRZE-JEST_PLAKAT-724x1024-1-212x300.jpg 212w, https:\/\/pix.house\/wp-content\/uploads\/2023\/03\/MIEDZY-NAMI-DOBRZE-JEST_PLAKAT-724x1024-1-700x990.jpg 700w, https:\/\/pix.house\/wp-content\/uploads\/2023\/03\/MIEDZY-NAMI-DOBRZE-JEST_PLAKAT-724x1024-1.jpg 724w\" sizes=\"auto, (max-width: 400px) 100vw, 400px\" \/>Tytu\u0142 wystawy nawi\u0105zuje do dramatu Doroty Mas\u0142owskiej \u2013 jednego z najwi\u0119kszych przeboj\u00f3w TR Warszawa, w re\u017cyserii Grzegorza Jarzyny. Spolaryzowane spo\u0142ecze\u0144stwo, przyt\u0142oczone ci\u0119\u017carem historii, zagubione jednostki, wiara, duma i uprzedzenia. To wszystko okraszone ci\u0119tym j\u0119zykiem autorki sztuki sk\u0142ada si\u0119 na portret polskiego spo\u0142ecze\u0144stwa.<\/p>\n<p>To odniesienie zach\u0119ca do uwa\u017cnego, ale te\u017c momentami ironicznego spojrzenia na fotografie zaprezentowane na wystawie \u201eMi\u0119dzy nami dobrze jest\u201d. Gesty, symbole, wi\u0119zi, zale\u017cno\u015bci \u2013 to wok\u00f3\u0142 nich toczy si\u0119 narracja. Na uwag\u0119 zas\u0142uguje spos\u00f3b patrzenia fotograf\u00f3w, a tak\u017ce jakie sytuacje z udzia\u0142em jednostek i grup zosta\u0142y zatrzymane w kadrach. \u201eMi\u0119dzy nami dobrze jest\u201d to wystawa o scenach z \u017cycia polskiego spo\u0142ecze\u0144stwa od pocz\u0105tku lat 80. przez czas transformacji i zmian a\u017c do czas\u00f3w wsp\u00f3\u0142czesnych.<\/p>\n<p>Na wystaw\u0119 sk\u0142adaj\u0105 si\u0119 pojedyncze prace i fragmenty cykli. Skonfrontowane zosta\u0142y zdj\u0119cia, teksty, ale tak\u017ce ich forma ekspozycji. Istotne s\u0105 tak\u017ce ksi\u0105\u017cki, kt\u00f3rych zamkni\u0119ta forma jest dope\u0142nieniem wypowiedzi fotograf\u00f3w. Publikacje zaprojektowane przez Andrzeja Dobosza koncentruj\u0105 si\u0119 wok\u00f3\u0142 temat\u00f3w istotnych z punktu widzenia polskiego spo\u0142ecze\u0144stwa. S\u0105 te\u017c z\u0142o\u017con\u0105 analiz\u0105 zachowa\u0144 i tendencji, kt\u00f3re fotografowie bacznie obserwuj\u0105 i dokumentuj\u0105.<\/p>\n<p>W\u015br\u00f3d prezentowanych prac mo\u017cna zobaczy\u0107 fragment cyklu \u201eBlisko ziemi, daleko do nieba\u201d, fotografie zrealizowane podczas protest\u00f3w kobiet Micha\u0142a Adamskiego, a tak\u017ce zdj\u0119cia z projekt\u00f3w \u201eNie\u201d, \u201eNic ciekawego\u201d, \u201eWesele\u201d Adriana Wykroty oraz \u201eMechanizm\u201d, \u201eBlue Box\u201d Mariusza Foreckiego i \u201eBo \u017cyj\u0119\u201d Mariusza Stachowiaka (wyd. PIX.HOUSE).<\/p>\n<p>Monika Szewczyk-Wittek, kuratorka<\/p>\n<p>&nbsp;<\/p>\n<p>&nbsp;<\/p>\n<p>&nbsp;<\/p>\n<p>&nbsp;<\/p>\n<p><strong>O autorach:<\/strong><\/p>\n<p><strong>Micha\u0142 Adamski\u00a0<\/strong>\u2013 ur. w 1976 r. w Poznaniu. Wsp\u00f3\u0142tworzy\u0142 Fundacj\u0119 i Galeri\u0119 PIX.HOUSE. Jest cz\u0142onkiem Zwi\u0105zku Polskich Artyst\u00f3w Fotografik\u00f3w oraz studentem Instytutu Tw\u00f3rczej Fotografii w Opawie (Czechy). Stypendysta Ministra Kultury i Dziedzictwa Narodowego w 2017 r. oraz Marsza\u0142ka Wojew\u00f3dztwa Wielkopolskiego w 2015 r. Jego prace wystawiane by\u0142y USA, Portugalii, Niemczech, Litwie oraz w Polsce. G\u0142\u00f3wnie zajmuje si\u0119 realizacj\u0105 d\u0142ugoterminowych projekt\u00f3w dokumentalnych. Skupia si\u0119 na tworzeniu szczerych historii, ale naznaczonych autorsk\u0105 interpretacj\u0105 rzeczywisto\u015bci. W swojej fotografii porusza tematy spo\u0142eczne, w kt\u00f3rych wa\u017cny jest cz\u0142owiek i jego \u017cycie we wsp\u00f3\u0142czesnym \u015bwiecie. Fotografuje dla Archiwum Protest\u00f3w Publicznych.<\/p>\n<p><strong>Andrzej Dobosz<\/strong>\u00a0\u2013 ur. w 1977 r. w Koszalinie, mieszka pod Poznaniem. Jest niezale\u017cnym polskim grafikiem i fotografem. Za\u0142o\u017cyciel Dobosz.Studio. Wsp\u00f3\u0142pracuje z galeri\u0105 fotografii PIX.HOUSE. Zaprojektowa\u0142 kilkana\u015bcie publikacji PIX.HOUSE nagradzanych m.in. na: Picture of the Year International, Paris Photo, Mi\u0119dzynarodowych Targach Ksi\u0105\u017cki w Krakowie, Festiwalu w Bratys\u0142awie, Atenach, Madrycie, Grand Press Photo, Nagrodzie im. J\u00f3zefa \u0141ukaszewicza i Fotograficznej Publikacji Roku. W polu jego zainteresowania znajduje si\u0119 fotografia dokumentalna i spo\u0142eczna. W 2011 wyda\u0142 album \u201eDobosz New Photography Book\u201d nagrodzony m.in. na European Design Awards w Helsinkach.<\/p>\n<p><strong>Mariusz Forecki\u00a0<\/strong>\u2013 ur. w 1962 w Poznaniu. Fotograf, dokumentalista. Absolwent Instytutu Tw\u00f3rczej Fotografii Uniwersytetu \u015al\u0105skiego w Opawie (Czechy), autor wielu projekt\u00f3w rejestruj\u0105cych zmiany zachodz\u0105ce w Polsce po 1989 roku. Intensywnie fotografuje te\u017c na terenach by\u0142ego ZSRR (Armenia, Bia\u0142oru\u015b, Czeczenia, Litwa, Rosja, Ukraina). Jest zdobywc\u0105 wielu nagr\u00f3d w konkursach fotografii prasowej oraz laureatem Medalu M\u0142odej Sztuki (1993) i Nagrody Artystycznej Miasta Poznania (2010). W 2004 roku zosta\u0142 wyr\u00f3\u017cniony przez Zwi\u0105zek Polskich Artyst\u00f3w Fotografik\u00f3w za osi\u0105gni\u0119cia w fotografii dokumentalnej. W 2010 roku zosta\u0142 stypendyst\u0105 Ministerstwa Kultury i Dziedzictwa Narodowego. W 2016 roku za ksi\u0105\u017ck\u0119 \u201cCz\u0142owiek w ciemnych okularach\u201d, zaprojektowan\u0105 przez Andrzeja Dobosza, otrzyma\u0142 nagrod\u0119 w kategorii: fotografia wsp\u00f3\u0142czesna podczas Miesi\u0105ca Fotografii w Bratys\u0142awie, ksi\u0105\u017cka \u201cMechanizm\u201d zdoby\u0142a tytu\u0142 ksi\u0105\u017cki roku Grand Press Photo (2020). Mariusz Forecki jest wsp\u00f3\u0142za\u0142o\u017cycielem Fundacji PIX.HOUSE oraz wyk\u0142adowc\u0105 we Wroc\u0142awskiej Szkole Fotografii. Do roku 1991 pracowa\u0142 w tygodniku Wprost, p\u00f3\u017aniej w tygodniku Poznaniak, Polskiej Agencji Prasowej, Redakcji Fotograficznej i Gazecie Wyborczej. Jest cz\u0142onkiem Zwi\u0105zku Polskich Artyst\u00f3w Fotografik\u00f3w.<\/p>\n<p><strong>Mariusz Stachowiak<\/strong>\u00a0\u2013 ur. w 1956 r. w Gnie\u017anie, zm. 2006 r. W latach 1982-1990 pracowa\u0142 jako fotoreporter \u201eWprost\u201d, tworz\u0105c w powa\u017cnym stopniu mark\u0119 fotografii tego tygodnika. P\u00f3\u017aniej przeszed\u0142 do Dziennika Pozna\u0144skiego (1991-1993). Od 1993 r. funkcjonowa\u0142 jako fotograf niezale\u017cny i zwi\u0105za\u0142 si\u0119 z teatrem. Fotografuj\u0105c w teatrze imponowa\u0142 re\u017cyserom rozwi\u0105zaniami formalnymi, wykazuj\u0105cymi wyczucie specyfiki, klimatu i j\u0119zyka poszczeg\u00f3lnych przedstawie\u0144. Zostawi\u0142 po sobie olbrzymie, w wi\u0119kszo\u015bci nieprzebadane archiwum.<\/p>\n<p><strong>Adrian Wykrota<\/strong>\u00a0\u2013 ur. w 1988 r. w Ostrowcu \u015awi\u0119tokrzyskim, mieszkaj\u0105cy w Poznaniu. Fotograf, dokumentalista, pomys\u0142odawca i wsp\u00f3\u0142za\u0142o\u017cyciel Fundacji PIX.HOUSE. Uko\u0144czy\u0142 z wyr\u00f3\u017cnieniem Instytut Tw\u00f3rczej Fotografii Uniwersytetu \u015al\u0105skiego w czeskiej Opawie oraz kulturoznawstwo \u2013 medioznawstwo i filologi\u0119 angielsk\u0105. Student studi\u00f3w doktorskich ITF SU. Stypendysta Ministerstwa Kultury, ZAIKS, Marsza\u0142ka Wojew\u00f3dztwa Wielkopolskiego i miasta Pozna\u0144. Uczestnik warsztat\u00f3w agencji Magnum Photos w Birmingham i Belfa\u015bcie. W 2014 roku wybrany jednym z 30 najlepszych na \u015bwiecie fotograf\u00f3w przed 30 przez Magnum Photos. Zwyci\u0119zca i finalista konkurs\u00f3w m.in. IPA, Grand Press Photo, BzWBK Press Photo, Lumix Festival, Leica Street Photo, Fotoreporter Roku. Prezentowa\u0142 swoje prace na wystawach w Polsce i na \u015bwiecie. Jego ksi\u0105\u017cka \u201cNie\u201d znalaz\u0142a si\u0119 w kolekcji londy\u0144skiej Tate Modern kuratorowanej przez Martina Parra.<\/p>\n\n\t\t<\/div> \n\t<\/div> <\/div><\/div><\/div><div class=\"wpb_column vc_column_container vc_col-sm-12\"><div class=\"vc_column-inner\"><div class=\"wpb_wrapper\"><div class=\"separator  normal\" style=\"border-color: #ffffff;border-width:1px\"><\/div>\n<div class='qode_image_gallery_no_space light highlight_active'><div class='qode_image_gallery_holder' style='height: 500px;'><ul><li><div style=\"height: 500px; width:750px;\"><img decoding=\"async\" src=\"https:\/\/pix.house\/wp-content\/uploads\/2023\/03\/DSC8693-25.jpg\" alt=\"\" \/><\/div><\/li><li><div style=\"height: 500px; width:750px;\"><img decoding=\"async\" src=\"https:\/\/pix.house\/wp-content\/uploads\/2023\/03\/DSC8645-23.jpg\" alt=\"\" \/><\/div><\/li><li><div style=\"height: 500px; width:750px;\"><img decoding=\"async\" src=\"https:\/\/pix.house\/wp-content\/uploads\/2023\/03\/DSC8673-24.jpg\" alt=\"\" \/><\/div><\/li><\/ul><\/div><div class=\"controls\"><a class=\"prev-slide\" href=\"#\"><span class=\"arrow_carrot-left\"><\/span><\/a><a class=\"next-slide\" href=\"#\"><span class=\"arrow_carrot-right\"><\/span><\/a><\/div><\/div><\/div><\/div><\/div><\/div><\/div>\n<\/div>","protected":false},"excerpt":{"rendered":"Fotografie: Micha\u0142 Adamski, Mariusz Forecki, Mariusz Stachowiak, Adrian Wykrota Ksi\u0105\u017cki: Andrzej Dobosz, Krzysiek Or\u0142owski, B\u0119karty kuratorka: Monika Szewczyk \u2013 Wittek\u00a0\u00a0 miejsce: Galeria FOTO-GEN \/ Wroc\u0142aw \/ pl. bpa Nankiera 8\u00a0 3.03.2023 \u2013 21.05.2023 \u00a0 &nbsp; Tytu\u0142 wystawy nawi\u0105zuje do dramatu Doroty Mas\u0142owskiej \u2013 jednego z...","protected":false},"author":11,"featured_media":36032,"comment_status":"open","ping_status":"open","sticky":false,"template":"","format":"standard","meta":{"_monsterinsights_skip_tracking":false,"_monsterinsights_sitenote_active":false,"_monsterinsights_sitenote_note":"","_monsterinsights_sitenote_category":0,"footnotes":""},"categories":[47],"tags":[],"class_list":["post-36037","post","type-post","status-publish","format-standard","has-post-thumbnail","hentry","category-wystawy"],"_links":{"self":[{"href":"https:\/\/pix.house\/en\/wp-json\/wp\/v2\/posts\/36037","targetHints":{"allow":["GET"]}}],"collection":[{"href":"https:\/\/pix.house\/en\/wp-json\/wp\/v2\/posts"}],"about":[{"href":"https:\/\/pix.house\/en\/wp-json\/wp\/v2\/types\/post"}],"author":[{"embeddable":true,"href":"https:\/\/pix.house\/en\/wp-json\/wp\/v2\/users\/11"}],"replies":[{"embeddable":true,"href":"https:\/\/pix.house\/en\/wp-json\/wp\/v2\/comments?post=36037"}],"version-history":[{"count":12,"href":"https:\/\/pix.house\/en\/wp-json\/wp\/v2\/posts\/36037\/revisions"}],"predecessor-version":[{"id":36051,"href":"https:\/\/pix.house\/en\/wp-json\/wp\/v2\/posts\/36037\/revisions\/36051"}],"wp:featuredmedia":[{"embeddable":true,"href":"https:\/\/pix.house\/en\/wp-json\/wp\/v2\/media\/36032"}],"wp:attachment":[{"href":"https:\/\/pix.house\/en\/wp-json\/wp\/v2\/media?parent=36037"}],"wp:term":[{"taxonomy":"category","embeddable":true,"href":"https:\/\/pix.house\/en\/wp-json\/wp\/v2\/categories?post=36037"},{"taxonomy":"post_tag","embeddable":true,"href":"https:\/\/pix.house\/en\/wp-json\/wp\/v2\/tags?post=36037"}],"curies":[{"name":"wp","href":"https:\/\/api.w.org\/{rel}","templated":true}]}}