{"id":36178,"date":"2023-04-24T14:34:41","date_gmt":"2023-04-24T12:34:41","guid":{"rendered":"https:\/\/pix.house\/?p=36178"},"modified":"2023-04-24T14:34:41","modified_gmt":"2023-04-24T12:34:41","slug":"mojfyrtel23_wyniki","status":"publish","type":"post","link":"https:\/\/pix.house\/en\/mojfyrtel23_wyniki\/","title":{"rendered":"M\u00f3j Fyrtel 2023 | wyniki naboru"},"content":{"rendered":"<div class=\"wpb-content-wrapper\"><div     class=\"vc_row wpb_row section vc_row-fluid\" style=' padding-top:2px; text-align:left;'><div class=\"full_section_inner clearfix\"><div class=\"wpb_column vc_column_container vc_col-sm-12\"><div class=\"vc_column-inner\"><div class=\"wpb_wrapper\">\n\t<div class=\"wpb_text_column wpb_content_element\">\n\t\t<div class=\"wpb_wrapper\">\n\t\t\t<p> Znamy wyniki naboru na \u00f3sm\u0105 edycj\u0119 <strong>warsztat\u00f3w fotografii dokumentalnej M\u00f3j Fyrtel 2023<\/strong>. Otrzymali\u015bmy prawie <strong>100\u00a0zg\u0142osze\u0144<\/strong> . Poziom nades\u0142anych prac by\u0142 bardzo wysoki. Gratulujemy wszystkim zaanga\u017cowania, wra\u017cliwego spojrzenia i ch\u0119ci zapisu oraz analizy otaczaj\u0105cego nas \u015bwiata za pomoc\u0105 fotografii!<\/p>\n<p>&nbsp;<\/p>\n<h5><img loading=\"lazy\" decoding=\"async\" class=\"aligncenter wp-image-36181 size-full\" src=\"https:\/\/pix.house\/wp-content\/uploads\/2023\/04\/1680469813-sara-majcher-wojciechowska-moj-fyrtel-2023-2023-5.jpg\" alt=\"\" width=\"2000\" height=\"1500\" srcset=\"https:\/\/pix.house\/wp-content\/uploads\/2023\/04\/1680469813-sara-majcher-wojciechowska-moj-fyrtel-2023-2023-5.jpg 2000w, https:\/\/pix.house\/wp-content\/uploads\/2023\/04\/1680469813-sara-majcher-wojciechowska-moj-fyrtel-2023-2023-5-300x225.jpg 300w, https:\/\/pix.house\/wp-content\/uploads\/2023\/04\/1680469813-sara-majcher-wojciechowska-moj-fyrtel-2023-2023-5-800x600.jpg 800w, https:\/\/pix.house\/wp-content\/uploads\/2023\/04\/1680469813-sara-majcher-wojciechowska-moj-fyrtel-2023-2023-5-1280x960.jpg 1280w, https:\/\/pix.house\/wp-content\/uploads\/2023\/04\/1680469813-sara-majcher-wojciechowska-moj-fyrtel-2023-2023-5-768x576.jpg 768w, https:\/\/pix.house\/wp-content\/uploads\/2023\/04\/1680469813-sara-majcher-wojciechowska-moj-fyrtel-2023-2023-5-1536x1152.jpg 1536w, https:\/\/pix.house\/wp-content\/uploads\/2023\/04\/1680469813-sara-majcher-wojciechowska-moj-fyrtel-2023-2023-5-700x525.jpg 700w, https:\/\/pix.house\/wp-content\/uploads\/2023\/04\/1680469813-sara-majcher-wojciechowska-moj-fyrtel-2023-2023-5-1100x825.jpg 1100w, https:\/\/pix.house\/wp-content\/uploads\/2023\/04\/1680469813-sara-majcher-wojciechowska-moj-fyrtel-2023-2023-5-1320x990.jpg 1320w\" sizes=\"auto, (max-width: 2000px) 100vw, 2000px\" \/><\/h5>\n<p style=\"text-align: right;\"><em>fot. Sara Majcher-Wojciechowska<\/em><\/p>\n<h5><strong>Lista os\u00f3b zakwalifikowana na warsztaty:\u00a0<\/strong><\/h5>\n<p>Konrad Bryczek, Wojciech Chrubasik, Marta Ejsmont, Olek Knitter, Aleksandra Kossowska, Dominik Ksi\u0119\u017cyk, Sara Majcher-Wojciechowska, Aleksandra Mr\u00f3wczy\u0144ska, Dagmara Nikiel, Agnieszka Nowacka-Witczak, Kalina Szajbe, Amadeusz \u015awierk, Andrzej Trawi\u0144ski, Agnieszka Wanat, \u0141ukasz Zgrzebski<\/p>\n<p>Gratulujemy!<\/p>\n<p>&nbsp;<\/p>\n\n<p>&nbsp;<\/p>\n<p>Warsztaty s\u0105 bezp\u0142atne \u2013 odbywaj\u0105 si\u0119 w Poznaniu. We w\u0142asnym zakresie nale\u017cy pokry\u0107 ewentualny dojazd i nocleg.<\/p>\n<p>&nbsp;<\/p>\n<p><strong>Orientacyjne terminy dwudniowych spotka\u0144:<\/strong> 27-28.05 ; 01-02.07 ; 09-10.09 2023<\/p>\n<p>&nbsp;<\/p>\n<p>Ka\u017cda grupa b\u0119dzie mia\u0142a mo\u017cliwo\u015b\u0107 wzi\u0119cia udzia\u0142u w 40h warsztatowych<br \/>\n(w tym konsultacje indywidualne i przygotowanie materia\u0142\u00f3w do zina).<\/p>\n<p>&nbsp;<\/p>\n<p>Do zobaczenia w Poznaniu!<\/p>\n<p>&nbsp;<\/p>\n<p style=\"text-align: justify;\"><b>Organizatorzy:\u00a0<\/b><\/p>\n<p style=\"text-align: justify;\"><span style=\"font-weight: 400;\">Fundacja <strong>Pix.house\u00a0<\/strong><\/span><\/p>\n<p style=\"text-align: justify;\"><span style=\"font-weight: 400;\">koordynacja dzia\u0142a\u0144: Anna Molter, Adrian Wykrota<\/span><\/p>\n<p>prowadzenie warsztat\u00f3w: Micha\u0142 Adamski, Mariusz Forecki, Adrian Wykrota<\/p>\n<p style=\"text-align: justify;\"><img loading=\"lazy\" decoding=\"async\" class=\"wp-image-23802 alignleft\" src=\"https:\/\/pix.house\/wp-content\/uploads\/2016\/10\/pix_logo_bez_tla-copy-e1589265930442.png\" alt=\"\" width=\"127\" height=\"154\" srcset=\"https:\/\/pix.house\/wp-content\/uploads\/2016\/10\/pix_logo_bez_tla-copy-e1589265930442.png 330w, https:\/\/pix.house\/wp-content\/uploads\/2016\/10\/pix_logo_bez_tla-copy-e1589265930442-248x300.png 248w, https:\/\/pix.house\/wp-content\/uploads\/2016\/10\/pix_logo_bez_tla-copy-e1589265930442-300x364.png 300w\" sizes=\"auto, (max-width: 127px) 100vw, 127px\" \/><\/p>\n<p>&nbsp;<\/p>\n<p>&nbsp;<\/p>\n<p>&nbsp;<\/p>\n<p>&nbsp;<\/p>\n<p>&nbsp;<\/p>\n<p>&nbsp;<\/p>\n<p style=\"text-align: justify;\"><strong>Zinteka\u00a0<\/strong><\/p>\n<p style=\"text-align: justify;\"><span style=\"font-weight: 400;\">Krzysiek Or\u0142owski\u00a0<\/span><\/p>\n<p style=\"text-align: justify;\"><img loading=\"lazy\" decoding=\"async\" class=\"wp-image-29748 alignleft\" src=\"https:\/\/pix.house\/wp-content\/uploads\/2019\/07\/Zinteka-png-logo-e1589219199676-1023x1280.png\" alt=\"\" width=\"150\" height=\"187\" \/><\/p>\n<p>&nbsp;<\/p>\n<p>&nbsp;<\/p>\n<p>&nbsp;<\/p>\n<p>&nbsp;<\/p>\n<p>&nbsp;<\/p>\n<p>&nbsp;<\/p>\n<p>&nbsp;<\/p>\n<p style=\"text-align: left;\"><b>Projekt realizowany dzi\u0119ki wsparciu:\u00a0<\/b><\/p>\n<p style=\"text-align: justify;\"><img loading=\"lazy\" decoding=\"async\" class=\"wp-image-26656 alignleft\" src=\"https:\/\/pix.house\/wp-content\/uploads\/2017\/09\/LOGO_POZnan_RGB_JPEG-e1589266011785.jpg\" alt=\"\" width=\"234\" height=\"118\" srcset=\"https:\/\/pix.house\/wp-content\/uploads\/2017\/09\/LOGO_POZnan_RGB_JPEG-e1589266011785.jpg 751w, https:\/\/pix.house\/wp-content\/uploads\/2017\/09\/LOGO_POZnan_RGB_JPEG-e1589266011785-300x151.jpg 300w, https:\/\/pix.house\/wp-content\/uploads\/2017\/09\/LOGO_POZnan_RGB_JPEG-e1589266011785-600x302.jpg 600w, https:\/\/pix.house\/wp-content\/uploads\/2017\/09\/LOGO_POZnan_RGB_JPEG-e1589266011785-700x352.jpg 700w\" sizes=\"auto, (max-width: 234px) 100vw, 234px\" \/><\/p>\n<p>&nbsp;<\/p>\n<p>&nbsp;<\/p>\n<p>&nbsp;<\/p>\n<p>&nbsp;<\/p>\n<p><img loading=\"lazy\" decoding=\"async\" class=\"wp-image-31635 alignleft\" src=\"https:\/\/pix.house\/wp-content\/uploads\/2020\/05\/pobrane-e1589219260528.jpeg\" alt=\"\" width=\"237\" height=\"94\" srcset=\"https:\/\/pix.house\/wp-content\/uploads\/2020\/05\/pobrane-e1589219260528.jpeg 348w, https:\/\/pix.house\/wp-content\/uploads\/2020\/05\/pobrane-e1589219260528-300x119.jpeg 300w, https:\/\/pix.house\/wp-content\/uploads\/2020\/05\/pobrane-e1589219260528-345x138.jpeg 345w\" sizes=\"auto, (max-width: 237px) 100vw, 237px\" \/><\/p>\n<p>&nbsp;<\/p>\n<p>&nbsp;<\/p>\n<p>&nbsp;<\/p>\n<p>&nbsp;<\/p>\n<p>&nbsp;<\/p>\n<p style=\"text-align: left;\">PIX.HOUSE &#8211; razem tworzymy miejsce dla fotografii!<\/p>\n\n\t\t<\/div> \n\t<\/div> <\/div><\/div><\/div><\/div><\/div>\n<\/div>","protected":false},"excerpt":{"rendered":"Znamy wyniki naboru na \u00f3sm\u0105 edycj\u0119 warsztat\u00f3w fotografii dokumentalnej M\u00f3j Fyrtel 2023. Otrzymali\u015bmy prawie 100\u00a0zg\u0142osze\u0144 . Poziom nades\u0142anych prac by\u0142 bardzo wysoki. Gratulujemy wszystkim zaanga\u017cowania, wra\u017cliwego spojrzenia i ch\u0119ci zapisu oraz analizy otaczaj\u0105cego nas \u015bwiata za pomoc\u0105 fotografii! &nbsp; fot. Sara Majcher-Wojciechowska Lista os\u00f3b zakwalifikowana...","protected":false},"author":11,"featured_media":36181,"comment_status":"open","ping_status":"open","sticky":false,"template":"","format":"standard","meta":{"_monsterinsights_skip_tracking":false,"_monsterinsights_sitenote_active":false,"_monsterinsights_sitenote_note":"","_monsterinsights_sitenote_category":0,"footnotes":""},"categories":[59],"tags":[],"class_list":["post-36178","post","type-post","status-publish","format-standard","has-post-thumbnail","hentry","category-co-z-ta-fotografia"],"_links":{"self":[{"href":"https:\/\/pix.house\/en\/wp-json\/wp\/v2\/posts\/36178","targetHints":{"allow":["GET"]}}],"collection":[{"href":"https:\/\/pix.house\/en\/wp-json\/wp\/v2\/posts"}],"about":[{"href":"https:\/\/pix.house\/en\/wp-json\/wp\/v2\/types\/post"}],"author":[{"embeddable":true,"href":"https:\/\/pix.house\/en\/wp-json\/wp\/v2\/users\/11"}],"replies":[{"embeddable":true,"href":"https:\/\/pix.house\/en\/wp-json\/wp\/v2\/comments?post=36178"}],"version-history":[{"count":5,"href":"https:\/\/pix.house\/en\/wp-json\/wp\/v2\/posts\/36178\/revisions"}],"predecessor-version":[{"id":36199,"href":"https:\/\/pix.house\/en\/wp-json\/wp\/v2\/posts\/36178\/revisions\/36199"}],"wp:featuredmedia":[{"embeddable":true,"href":"https:\/\/pix.house\/en\/wp-json\/wp\/v2\/media\/36181"}],"wp:attachment":[{"href":"https:\/\/pix.house\/en\/wp-json\/wp\/v2\/media?parent=36178"}],"wp:term":[{"taxonomy":"category","embeddable":true,"href":"https:\/\/pix.house\/en\/wp-json\/wp\/v2\/categories?post=36178"},{"taxonomy":"post_tag","embeddable":true,"href":"https:\/\/pix.house\/en\/wp-json\/wp\/v2\/tags?post=36178"}],"curies":[{"name":"wp","href":"https:\/\/api.w.org\/{rel}","templated":true}]}}