{"id":36234,"date":"2023-05-08T06:30:54","date_gmt":"2023-05-08T04:30:54","guid":{"rendered":"https:\/\/pix.house\/?p=36234"},"modified":"2023-05-11T13:42:33","modified_gmt":"2023-05-11T11:42:33","slug":"porzucone-corki-tygrysa","status":"publish","type":"post","link":"https:\/\/pix.house\/en\/porzucone-corki-tygrysa\/","title":{"rendered":"PORZUCONE C\u00d3RKI TYGRYSA | Patryk Bu\u0142chak"},"content":{"rendered":"<p><b><span data-contrast=\"auto\">miejsce: <\/span><\/b>Galeria Pix.house, ul. G\u0142ogowska 35a Pozna\u0144<\/p>\n<p><b><span data-contrast=\"auto\">otwarcie wystawy bez udzia\u0142u autora: <\/span><\/b>11.05.23 | 18.00 | czwartek<\/p>\n<p><strong>spotkanie z autorem<\/strong>: 25.05.2023 | 18:00 | czwartek<\/p>\n<p><strong>wystawa czynna w poniedzia\u0142ki, wtorki i czwartki<\/strong> od godz. <strong>17:00<\/strong> do <strong>20:00<\/strong>. Wej\u015bcie przez ksi\u0119garni\u0119 Pix.house.<\/p>\n<p><img loading=\"lazy\" decoding=\"async\" class=\"aligncenter wp-image-36237\" src=\"https:\/\/pix.house\/wp-content\/uploads\/2023\/05\/wpis_001_Patryk_Bulhak-1280x853.jpg\" alt=\"\" width=\"1200\" height=\"800\" srcset=\"https:\/\/pix.house\/wp-content\/uploads\/2023\/05\/wpis_001_Patryk_Bulhak-1280x853.jpg 1280w, https:\/\/pix.house\/wp-content\/uploads\/2023\/05\/wpis_001_Patryk_Bulhak-800x533.jpg 800w, https:\/\/pix.house\/wp-content\/uploads\/2023\/05\/wpis_001_Patryk_Bulhak-300x200.jpg 300w, https:\/\/pix.house\/wp-content\/uploads\/2023\/05\/wpis_001_Patryk_Bulhak-768x512.jpg 768w, https:\/\/pix.house\/wp-content\/uploads\/2023\/05\/wpis_001_Patryk_Bulhak-1536x1024.jpg 1536w, https:\/\/pix.house\/wp-content\/uploads\/2023\/05\/wpis_001_Patryk_Bulhak-700x467.jpg 700w, https:\/\/pix.house\/wp-content\/uploads\/2023\/05\/wpis_001_Patryk_Bulhak-1100x733.jpg 1100w, https:\/\/pix.house\/wp-content\/uploads\/2023\/05\/wpis_001_Patryk_Bulhak-1320x880.jpg 1320w, https:\/\/pix.house\/wp-content\/uploads\/2023\/05\/wpis_001_Patryk_Bulhak.jpg 1800w\" sizes=\"auto, (max-width: 1200px) 100vw, 1200px\" \/><\/p>\n<p class=\"p1\">Sri Lanka to raj dla turyst\u00f3w, w kt\u00f3rego tle od ponad dw\u00f3ch dekad tli si\u0119 brutalny konflikt mi\u0119dzy Syngalezami a Tamilami. Bratob\u00f3jcza wojna uczyni\u0142a ze Sri Lanki kraj naznaczony krwi\u0105 i cierpieniem, kt\u00f3rego histori\u0119 w\u0142adze nadal staraj\u0105 si\u0119 ukry\u0107. Wojna nierozliczona, ma\u0142o medialna, o kt\u00f3rej si\u0119 nie m\u00f3wi, pomini\u0119ta przez \u015brodowisko mi\u0119dzynarodowe i mocarstwa, kt\u00f3re nie widz\u0105c tam swojego interesu, nie zareagowa\u0142y na ludob\u00f3jstwo.*<\/p>\n<p class=\"p1\">Wojna, kt\u00f3ra zostawi\u0142a poraniony nar\u00f3d, podzielone rodziny, okaleczonych ludzi.<\/p>\n<p class=\"p1\">W latach 90. zesz\u0142ego wieku cz\u0142onkowie nale\u017c\u0105cy do rebelianckiego ugrupowania Tamilskich Tygrys\u00f3w (LTTE), uznanego obecnie za terrorystyczne, \u017c\u0105dali utworzenia w p\u00f3\u0142nocnej cz\u0119\u015bci Sri Lanki niepodleg\u0142ego pa\u0144stwa tamilskiego, Ilamu, co rozpocz\u0119\u0142o trwaj\u0105c\u0105 wiele lat wojn\u0119 domow\u0105. Kiedy m\u0119\u017cczy\u017ani masowo gin\u0119li na polach bitew, m\u0142ode odwa\u017cne, pe\u0142ne idea\u0142\u00f3w kobiety wst\u0119powa\u0142y w szeregi tej armii. Walczy\u0142y wtedy o swoj\u0105 wolno\u015b\u0107, godno\u015b\u0107 i prawa, teraz mierz\u0105 si\u0119 z przesz\u0142o\u015bci\u0105, staraj\u0105c si\u0119 sprosta\u0107 trudnej codzienno\u015bci. W 2009 roku rebelia zosta\u0142a zd\u0142awiona, a w\u0142adze Sri Lanki przej\u0119\u0142y kontrol\u0119 nad terenami uznawanymi przez Tamil\u00f3w za ich odr\u0119bne pa\u0144stwo. Kobiety, kt\u00f3re przetrwa\u0142y piek\u0142o wojny, znalaz\u0142y si\u0119 w nowej, r\u00f3wnie skomplikowanej rzeczywisto\u015bci. \u017byj\u0105 napi\u0119tnowane i wykluczone spo\u0142ecznie we w\u0142asnym kraju. Melancholijnie spogl\u0105daj\u0105 wstecz, patrz\u0105c na otaczaj\u0105cy je krajobraz, kt\u00f3rego ka\u017cdy element nosi w sobie blizny ich historii i wspomnienie m\u0142odo\u015bci. Ruiny dom\u00f3w, przero\u015bni\u0119te korzenie drzew, wysokie trawy, zm\u0105cona powierzchnia wody staj\u0105 si\u0119\u00a0zwierciad\u0142em minionego czasu.<\/p>\n<p class=\"p1\">\u201ePorzucone c\u00f3rki Tygrysa\u201d to opowie\u015b\u0107 o Tamilkach, wojowniczkach, zar\u00f3wno tych walcz\u0105cych na froncie, jak r\u00f3wnie\u017c poza nim &#8211; odrzuconych, zepchni\u0119tych na margines przez pa\u0144stwo i system. To kobiety, kt\u00f3rym nie dane by\u0142o do\u015bwiadczy\u0107 m\u0142odo\u015bci, naznaczonych pi\u0119tnem konfliktu, pomijanych, niechcianych, niewygodnych, wci\u0105\u017c \u017cyj\u0105cych w strachu i mimo traumy pozostawionych samym sobie. Kobiety, kt\u00f3re dalej walcz\u0105 \u2013 o swoje prawo do godnego istnienia, zrozumienia i o lepsze \u017cycie dla swoich dzieci. To historia Tygrysic \u2013 kobiet wojny, po kt\u00f3rej kurz nie opada&#8230;<\/p>\n<p><em>*(Raport ONZ z dnia 31.03.2011r w sprawie sytuacji w Sri Lance, przygotowany przez zesp\u00f3\u0142 ekspert\u00f3w do spraw odpowiedzialno\u015bci w Sri Lance przy sekretarzu Generalnym ONZ &#8211; wed\u0142ug szacunk\u00f3w w ostatnich miesi\u0105cach konfliktu w wyniku intensywnych walk na obszarach cywilnych tysi\u0105ce os\u00f3b cywilnych ponios\u0142o \u015bmier\u0107 lub odnios\u0142o obra\u017cenia).<\/em><\/p>\n<p><strong>Premiera wystawy mia\u0142a miejsce w Sopocie podczas festiwalu fotografii \u201eW Ramach Sopotu\u201d w 2022 roku.<\/strong><\/p>\n<hr \/>\n<p>&nbsp;<\/p>\n<p><strong>Relacje \u015bwiadka wojny:<\/strong><\/p>\n<p><a href=\"https:\/\/pix.house\/wp-content\/uploads\/2023\/05\/QR-P.Bulhak_corr_05_23.pdf\"><img loading=\"lazy\" decoding=\"async\" class=\"wp-image-36260 alignnone\" src=\"https:\/\/pix.house\/wp-content\/uploads\/2023\/05\/obrazek1_QR-P.Bulhak_corr_05_23-1-204x300.jpg\" alt=\"\" width=\"400\" height=\"587\" srcset=\"https:\/\/pix.house\/wp-content\/uploads\/2023\/05\/obrazek1_QR-P.Bulhak_corr_05_23-1-204x300.jpg 204w, https:\/\/pix.house\/wp-content\/uploads\/2023\/05\/obrazek1_QR-P.Bulhak_corr_05_23-1-800x1174.jpg 800w, https:\/\/pix.house\/wp-content\/uploads\/2023\/05\/obrazek1_QR-P.Bulhak_corr_05_23-1-768x1127.jpg 768w, https:\/\/pix.house\/wp-content\/uploads\/2023\/05\/obrazek1_QR-P.Bulhak_corr_05_23-1-700x1027.jpg 700w, https:\/\/pix.house\/wp-content\/uploads\/2023\/05\/obrazek1_QR-P.Bulhak_corr_05_23-1.jpg 804w\" sizes=\"auto, (max-width: 400px) 100vw, 400px\" \/><\/a><\/p>\n<p>&nbsp;<\/p>\n<hr \/>\n<p class=\"p1\"><span class=\"s1\"><b><img loading=\"lazy\" decoding=\"async\" class=\"size-medium wp-image-36247 alignright\" src=\"https:\/\/pix.house\/wp-content\/uploads\/2023\/05\/Patryk_Bulhakfot.M_Mazurkiewicz-200x300.jpg\" alt=\"\" width=\"200\" height=\"300\" srcset=\"https:\/\/pix.house\/wp-content\/uploads\/2023\/05\/Patryk_Bulhakfot.M_Mazurkiewicz-200x300.jpg 200w, https:\/\/pix.house\/wp-content\/uploads\/2023\/05\/Patryk_Bulhakfot.M_Mazurkiewicz-800x1200.jpg 800w, https:\/\/pix.house\/wp-content\/uploads\/2023\/05\/Patryk_Bulhakfot.M_Mazurkiewicz-853x1280.jpg 853w, https:\/\/pix.house\/wp-content\/uploads\/2023\/05\/Patryk_Bulhakfot.M_Mazurkiewicz-768x1152.jpg 768w, https:\/\/pix.house\/wp-content\/uploads\/2023\/05\/Patryk_Bulhakfot.M_Mazurkiewicz-700x1050.jpg 700w, https:\/\/pix.house\/wp-content\/uploads\/2023\/05\/Patryk_Bulhakfot.M_Mazurkiewicz.jpg 1000w\" sizes=\"auto, (max-width: 200px) 100vw, 200px\" \/><\/b><\/span><\/p>\n<p class=\"p1\"><span class=\"s1\"><b>Patryk Bu\u0142hak<\/b>\u00a0(ur. 1977 r.) &#8211; fotograf i\u00a0podr\u00f3\u017cnik, na sta\u0142e mieszka w\u00a0Warszawie. Uko\u0144czy\u0142 warszawsk\u0105 Akademi\u0119 Fotografii, przez lata pracowa\u0142 jako DJ i promotor &#8211; w Polsce oraz za granic\u0105. W\u00a0swoich projektach fotograficznych g\u0142\u00f3wnie skupia si\u0119 na postawie cz\u0142owieka wobec skomplikowanych przemian spo\u0142eczno \u2013 kulturowych, w r\u00f3\u017cnych cz\u0119\u015bciach \u015bwiata, jak r\u00f3wnie\u017c na historii region\u00f3w i jej wp\u0142ywie na kszta\u0142towanie wsp\u00f3\u0142czesnych relacji mi\u0119dzyludzkich. Bardzo cz\u0119sto szczeg\u00f3ln\u0105 uwag\u0119 po\u015bwi\u0119ca sytuacji kobiet zw\u0142. w kontek\u015bcie praw cz\u0142owieka. W\u00a02016 roku zosta\u0142 laureatem konkursu DEBUTS organizowanego przez doc! photomagazine. Fotografie z\u00a0nagrodzonej serii \u201cZamkni\u0119te\u201d zosta\u0142y pokazane na wielu wystawach zbiorowych m.in. w\u00a0Luisa Catucci Gallery w\u00a0Berlinie oraz\u00a0na wystawach indywidualnych w\u00a06&#215;7 Leica Gallery Warszawa, galerii Pop-Up Ogrodowa 8\u00a0w \u0141odzi, galerii Ratusz w\u00a0Zamo\u015bciu, Centrum Kultury w\u00a0Lublinie,\u00a0\u00a0w galerii Farbiarnia w Bydgoszczy, oraz na festiwalach fotografii w Opolu i Bielsku Bia\u0142ej.\u00a0\u00a0Nowy projekt \u201cPorzucone c\u00f3rki tygrysa\u201d pokazywany by\u0142 premierowo w Sopocie w 2022 podczas festiwalu fotografii \u201cW ramach Sopotu\u201d, a nast\u0119pnie w galerii KIT w Berlinie. <\/span><\/p>","protected":false},"excerpt":{"rendered":"<p>miejsce: Galeria Pix.house, ul. G\u0142ogowska 35a Pozna\u0144 otwarcie wystawy bez udzia\u0142u autora: 11.05.23 | 18.00 | czwartek spotkanie z autorem: 25.05.2023 | 18:00 | czwartek wystawa czynna w poniedzia\u0142ki, wtorki i czwartki od godz. 17:00 do 20:00. Wej\u015bcie przez ksi\u0119garni\u0119 Pix.house. Sri Lanka to raj&#8230;<\/p>","protected":false},"author":11,"featured_media":36251,"comment_status":"open","ping_status":"open","sticky":false,"template":"","format":"standard","meta":{"_monsterinsights_skip_tracking":false,"_monsterinsights_sitenote_active":false,"_monsterinsights_sitenote_note":"","_monsterinsights_sitenote_category":0,"footnotes":""},"categories":[47],"tags":[],"class_list":["post-36234","post","type-post","status-publish","format-standard","has-post-thumbnail","hentry","category-wystawy"],"_links":{"self":[{"href":"https:\/\/pix.house\/en\/wp-json\/wp\/v2\/posts\/36234","targetHints":{"allow":["GET"]}}],"collection":[{"href":"https:\/\/pix.house\/en\/wp-json\/wp\/v2\/posts"}],"about":[{"href":"https:\/\/pix.house\/en\/wp-json\/wp\/v2\/types\/post"}],"author":[{"embeddable":true,"href":"https:\/\/pix.house\/en\/wp-json\/wp\/v2\/users\/11"}],"replies":[{"embeddable":true,"href":"https:\/\/pix.house\/en\/wp-json\/wp\/v2\/comments?post=36234"}],"version-history":[{"count":27,"href":"https:\/\/pix.house\/en\/wp-json\/wp\/v2\/posts\/36234\/revisions"}],"predecessor-version":[{"id":36269,"href":"https:\/\/pix.house\/en\/wp-json\/wp\/v2\/posts\/36234\/revisions\/36269"}],"wp:featuredmedia":[{"embeddable":true,"href":"https:\/\/pix.house\/en\/wp-json\/wp\/v2\/media\/36251"}],"wp:attachment":[{"href":"https:\/\/pix.house\/en\/wp-json\/wp\/v2\/media?parent=36234"}],"wp:term":[{"taxonomy":"category","embeddable":true,"href":"https:\/\/pix.house\/en\/wp-json\/wp\/v2\/categories?post=36234"},{"taxonomy":"post_tag","embeddable":true,"href":"https:\/\/pix.house\/en\/wp-json\/wp\/v2\/tags?post=36234"}],"curies":[{"name":"wp","href":"https:\/\/api.w.org\/{rel}","templated":true}]}}